{"id":1312,"date":"2009-03-31T00:00:00","date_gmt":"2009-03-31T00:00:00","guid":{"rendered":"http:\/\/psol50.org.br\/arquivo\/2009\/03\/31\/o-primeiro-ato-nacional-para-enfrentar-a-crise\/"},"modified":"2009-03-31T00:00:00","modified_gmt":"2009-03-31T00:00:00","slug":"o-primeiro-ato-nacional-para-enfrentar-a-crise","status":"publish","type":"post","link":"https:\/\/psol50.org.br\/o-primeiro-ato-nacional-para-enfrentar-a-crise\/","title":{"rendered":"O primeiro ato nacional para enfrentar a crise"},"content":{"rendered":"<p><img loading=\"lazy\" decoding=\"async\" src=\"http:\/\/farm4.static.flickr.com\/3561\/3418796023_24ab327281_s.jpg\" vspace=\"0\" width=\"75\" align=\"left\" border=\"0\" height=\"75\" hspace=\"5\">Milhares de trabalhadores sa\u00edram \u00e0s ruas de S\u00e3o Paulo para protestar contra as demiss\u00f5es, pela manuten\u00e7\u00e3o e amplia\u00e7\u00e3o de direitos, pela redu\u00e7\u00e3o dos juros, redu\u00e7\u00e3o da jornada de trabalho, sem redu\u00e7\u00e3o de sal\u00e1rios, em defesa do emprego e pela reforma agr\u00e1ria.<\/p>\n<p><!--more--><\/p>\n<p>O ato foi organizado por todas as centrais sindicais (Intersindical, Conlutas, CTB, CUT, CGTB, CGT, UGT, NCST e For\u00e7a Sindical), entidades estudantis (UNE, DCE\u00b4s e CA\u00b4s), MST, MTST, MTL, Pastorais Sociais, movimentos populares e partidos pol\u00edticos, como o PSOL, PSTU e PCdoB.<\/p>\n<p>Em v\u00e1rias cidades do pa\u00eds aconteceram paralisa\u00e7\u00f5es de empresas, passeatas, bloqueios de rodovias, no primeiro ato nacional em resposta \u00e0 crise.<\/p>\n<p>Logo pela manh\u00e3, come\u00e7aram as atividades de paralisa\u00e7\u00e3o e protesto. Rodovias foram paradas pelo Movimento dos Trabalhadores Sem-Teto, metal\u00fargicos do Vale do Para\u00edba entraram com atraso no trabalho, em Campinas houve a paralisa\u00e7\u00e3o da principal rodovia que d\u00e1 acesso \u00e0 cidade, na Baixada Santista a milit\u00e2ncia somou apoio \u00e0 greve dos petroleiros.<\/p>\n<p>Mas, foi em frente ao pr\u00e9dio da FIESP que saiu a principal manifesta\u00e7\u00e3o do dia. 10 mil manifestantes com bandeiras, camisetas, faixas se concentraram na FIESP, seguiram na Avenida Paulista em dire\u00e7\u00e3o ao Banco Central e desceram a Consola\u00e7\u00e3o, terminando o trajeto na Pra\u00e7a Ramos.<\/p>\n<p>Em frente ao Banco Central, Ivan Valente representando o PSOL apresentou pontos de uma plataforma para unificar os trabalhadores no enfrentamento aos efeitos da crise: n\u00e3o \u00e0s demiss\u00f5es, defesa dos empregos e dos sal\u00e1rios, redu\u00e7\u00e3o radical dos juros, controle de capitais, fim do super\u00e1vit prim\u00e1rio. Tamb\u00e9m defendeu a instala\u00e7\u00e3o imediata da CPI da D\u00edvida P\u00fablica.<\/p>\n<p><b>A crise chegou com for\u00e7a ao Brasil<\/b><\/p>\n<p>Dois fatos demonstraram uma altera\u00e7\u00e3o na conjuntura imediata neste in\u00edcio de ano. O primeiro foi a chegada da crise com toda for\u00e7a ao Brasil. Os dados apontam que de novembro para c\u00e1 ocorreram mais de 800 mil demiss\u00f5es, a queda no consumo das fam\u00edlias e a retra\u00e7\u00e3o dos investimentos das empresas. Todos os setores da economia foram atingidos pela crise, comprovado recentemente pela queda do PIB em 3,6%.<\/p>\n<p>O segundo fato foi a constru\u00e7\u00e3o de um dia nacional de lutas e mobiliza\u00e7\u00e3o unificado com todas as centrais sindicais, entidades estudantis, MST e partidos de esquerda sob a consigna \u201cOs trabalhadores n\u00e3o pagar\u00e3o pela crise\u201d.<\/p>\n<p>Quem conhece a diversidade das entidades e as posi\u00e7\u00f5es conflitantes que convocaram o ato sabe que a unidade n\u00e3o foi f\u00e1cil. E que o risco era do ato se transformar em algo gelatinoso, ficando apenas numa pauta gen\u00e9rica que n\u00e3o explicitasse os principais encadeamentos da crise, suas responsabilidades e uma pauta capaz de dar consist\u00eancia \u00e0 mobiliza\u00e7\u00e3o dos trabalhadores.<\/p>\n<p>Apesar de n\u00e3o ser um ato de oposi\u00e7\u00e3o, o governo n\u00e3o foi poupado de cr\u00edticas e estas se expressaram na contradi\u00e7\u00e3o da palavra de ordem chave do ato. Se os trabalhadores n\u00e3o devem pagar pela crise, Lula n\u00e3o pode dizer que em tempos de crise \u00e9 necess\u00e1rio que todos devam perder e que \u201ccom desemprego, ningu\u00e9m pode exigir aumento de sal\u00e1rios\u201d.<\/p>\n<p>Talvez essa contradi\u00e7\u00e3o expl\u00edcita na consigna do ato fez com que o governismo expresso pelo PT ficasse apagado, com baixa participa\u00e7\u00e3o, disperso e sem visual. A pr\u00f3pria CUT mobilizou menos que a For\u00e7a Sindical.<\/p>\n<p>Isso mostra que pode haver um espa\u00e7o \u00e0 esquerda que deve ser ocupado com respostas \u00e0 crise do ponto de vista dos setores populares. A crise tamb\u00e9m exp\u00f5e as entidades alinhadas ao governismo a maiores contradi\u00e7\u00f5es junto aos trabalhadores.<\/p>\n<p>A iniciativa do ato nasceu num semin\u00e1rio promovido no F\u00f3rum Social Mundial por Intersindical, Conlutas, MTST, MTL, Pastorais Sociais e diversos lutadores sociais. E se somou a outra iniciativa proposta pela Assembl\u00e9ia dos Movimentos Sociais, encabe\u00e7ada pelo MST. O estopim come\u00e7ou apenas com essas entidades e provocou um deslocamento que unificou as principais organiza\u00e7\u00f5es de trabalhadores do pa\u00eds no dia nacional.<\/p>\n<p><b>PSOL participou do ato com destaque<\/b><\/p>\n<p>O PSOL participou do ato com destaque. O partido concentrou esfor\u00e7os em S\u00e3o Paulo, al\u00e9m de se somar \u00e0 a\u00e7\u00e3o de seus militantes sindicais e dos movimentos populares, o que fez com que em v\u00e1rias regi\u00f5es, como em Campinas e na Baixada Santista, houvesse paralisa\u00e7\u00f5es em categorias e atos em rodovias, antes da vinda para a capital paulista.<\/p>\n<p>O PSOL entrou com uma enorme faixa com os dizeres \u201cOs trabalhadores n\u00e3o pagar\u00e3o pela crise\u201d, al\u00e9m das bandeiras e da defesa da instala\u00e7\u00e3o imediata da CPI da d\u00edvida p\u00fablica.<\/p>\n<p><b>Unidade para colocar a classe em movimento<\/b><\/p>\n<p>O dia 30 foi o primeiro ato nacional ap\u00f3s o in\u00edcio da crise. Ainda foi uma a\u00e7\u00e3o que moveu a estrutura das organiza\u00e7\u00f5es sindicais e populares e algumas categorias chave. E foi uma primeira rea\u00e7\u00e3o a onda de demiss\u00f5es promovidas pelas empresas para jogar o custo da crise nas costas dos trabalhadores.<\/p>\n<p>Mas, foi uma a\u00e7\u00e3o de grande import\u00e2ncia que n\u00e3o deve ser desprezada. Primeiro por colocar setores da classe em movimento para dar uma resposta pol\u00edtica \u00e0 crise, n\u00e3o apenas localizada e de car\u00e1ter nacional. Segundo, porque num cen\u00e1rio de fragmenta\u00e7\u00e3o dos trabalhadores em v\u00e1rias organiza\u00e7\u00f5es, o ato conseguiu unificar setores conflitantes numa pauta avan\u00e7ada. Terceiro, porque mostra que mesmo na base das centrais governistas h\u00e1 tens\u00f5es decorrentes da perda de empregos, diminui\u00e7\u00e3o de sal\u00e1rios e perda de direitos que j\u00e1 atinge em cheio uma parcela da classe trabalhadora e que provocam a\u00e7\u00f5es de mobiliza\u00e7\u00e3o em resposta a esse quadro novo.<\/p>\n<p>Ainda \u00e9 cedo para dizer a real disposi\u00e7\u00e3o dos trabalhadores em se mobilizar para enfrentar os efeitos da crise. Demiss\u00f5es e desemprego s\u00e3o elementos que desorganizam os trabalhadores e t\u00eam o efeito de criar medo, desconfian\u00e7a e receio de lutar. \u00c9 nisso que apostam os empres\u00e1rios que ganharam na alta e procuram cortar custos na baixa, a partir das demiss\u00f5es e amea\u00e7as aos direitos. E tamb\u00e9m \u00e9 o que aposta o governo. O dia 30 foi uma primeira rea\u00e7\u00e3o na dire\u00e7\u00e3o contr\u00e1ria.<\/p>\n<p>Tamb\u00e9m h\u00e1 diferentes vis\u00f5es nas organiza\u00e7\u00f5es sindicais e populares que v\u00e3o desde um pacto com os patr\u00f5es para enfrentar a crise, chegando a propor redu\u00e7\u00e3o de direitos em troca de manuten\u00e7\u00e3o dos empregos ou uma defesa incondicional do governo Lula, desconsiderando que a pol\u00edtica econ\u00f4mica executada \u00e9 respons\u00e1vel por tornar o pa\u00eds mais vulner\u00e1vel diante da crise econ\u00f4mica mundial.<\/p>\n<p>Os pr\u00f3ximos passos dar\u00e3o as respostas e um bom teste futuro ser\u00e1 no primeiro de maio.<\/p>\n<p>Em toda luta \u00e9 necess\u00e1rio um estopim. Quem sabe o dia 30 de mar\u00e7o n\u00e3o teve esse significado?<\/p>\n<p><b>Uma plataforma para enfrentar a crise<\/b><\/p>\n<p>Al\u00e9m da unidade para colocar a classe em movimento ser\u00e1 necess\u00e1rio avan\u00e7ar numa plataforma dos trabalhadores para enfrentar a crise. O PSOL vem buscando construir essa plataforma comum com outros setores em luta, cuja ess\u00eancia est\u00e1 na resolu\u00e7\u00e3o da Executiva Nacional do Partido de dezembro passado.<\/p>\n<p>No Rio de Janeiro no pr\u00f3ximo dia 2 ser\u00e1 feito um ato do PSOL para apontar sa\u00eddas para a crise e de solidariedade ao delegado Prot\u00f3genes Queiroz, perseguido por sua a\u00e7\u00e3o contra o banqueiro Daniel Dantas.<\/p>\n<p>Uma plataforma, para ter conseq\u00fc\u00eancias concretas, tamb\u00e9m precisa de uma candidatura que expresse esses anseios. E pelas alternativas apresentadas at\u00e9 agora, tanto Dilma quanto Serra, s\u00e3o duas faces de um mesmo projeto para enfrentar a crise.<\/p>\n<p>H\u00e1 um espa\u00e7o potencial a ser ocupado por uma candidatura alternativa que encarne uma sa\u00edda de esquerda, do ponto de vista dos trabalhadores. E o principal nome que desponta, conforme todas as proje\u00e7\u00f5es d<br \/>\ne opini\u00e3o, \u00e9 o da presidente nacional do PSOL, a companheira Helo\u00edsa Helena.<\/p>\n<p><i><b>Edson Miagusko<\/b> \u00e9 da Executiva Nacional do PSOL<\/i><\/p>\n<p align=\"center\">[flickr set=72157616349468645] <\/p>\n","protected":false},"excerpt":{"rendered":"<p>Milhares de trabalhadores sa\u00edram \u00e0s ruas de S\u00e3o Paulo para protestar contra as demiss\u00f5es, pela manuten\u00e7\u00e3o e amplia\u00e7\u00e3o de direitos, pela redu\u00e7\u00e3o dos juros, redu\u00e7\u00e3o da jornada de trabalho, sem redu\u00e7\u00e3o de sal\u00e1rios, em defesa do emprego e pela reforma agr\u00e1ria.<\/p>\n","protected":false},"author":2,"featured_media":0,"comment_status":"open","ping_status":"open","sticky":false,"template":"","format":"standard","meta":{"_acf_changed":false,"footnotes":""},"categories":[4766,1104],"tags":[],"class_list":{"0":"post-1312","1":"post","2":"type-post","3":"status-publish","4":"format-standard","6":"category-arquivo","7":"category-movimento"},"acf":[],"yoast_head":"<!-- This site is optimized with the Yoast SEO plugin v26.5 - https:\/\/yoast.com\/wordpress\/plugins\/seo\/ -->\n<title>O primeiro ato nacional para enfrentar a crise - PSOL 50<\/title>\n<meta name=\"robots\" content=\"index, follow, max-snippet:-1, max-image-preview:large, max-video-preview:-1\" \/>\n<link rel=\"canonical\" href=\"https:\/\/psol50.org.br\/o-primeiro-ato-nacional-para-enfrentar-a-crise\/\" \/>\n<meta property=\"og:locale\" content=\"pt_BR\" \/>\n<meta property=\"og:type\" content=\"article\" \/>\n<meta property=\"og:title\" content=\"O primeiro ato nacional para enfrentar a crise - PSOL 50\" \/>\n<meta property=\"og:description\" content=\"Milhares de trabalhadores sa\u00edram \u00e0s ruas de S\u00e3o Paulo para protestar contra as demiss\u00f5es, pela manuten\u00e7\u00e3o e amplia\u00e7\u00e3o de direitos, pela redu\u00e7\u00e3o dos juros, redu\u00e7\u00e3o da jornada de trabalho, sem redu\u00e7\u00e3o de sal\u00e1rios, em defesa do emprego e pela reforma agr\u00e1ria.\" \/>\n<meta property=\"og:url\" content=\"https:\/\/psol50.org.br\/o-primeiro-ato-nacional-para-enfrentar-a-crise\/\" \/>\n<meta property=\"og:site_name\" content=\"PSOL 50\" \/>\n<meta property=\"article:publisher\" content=\"https:\/\/www.facebook.com\/psol50\" \/>\n<meta property=\"article:published_time\" content=\"2009-03-31T00:00:00+00:00\" \/>\n<meta property=\"og:image\" content=\"http:\/\/farm4.static.flickr.com\/3561\/3418796023_24ab327281_s.jpg\" \/>\n<meta name=\"author\" content=\"Comunica\u00e7\u00e3o PSOL\" \/>\n<meta name=\"twitter:card\" content=\"summary_large_image\" \/>\n<meta name=\"twitter:creator\" content=\"@psol50\" \/>\n<meta name=\"twitter:site\" content=\"@psol50\" \/>\n<meta name=\"twitter:label1\" content=\"Escrito por\" \/>\n\t<meta name=\"twitter:data1\" content=\"Comunica\u00e7\u00e3o PSOL\" \/>\n\t<meta name=\"twitter:label2\" content=\"Est. tempo de leitura\" \/>\n\t<meta name=\"twitter:data2\" content=\"7 minutos\" \/>\n<script type=\"application\/ld+json\" class=\"yoast-schema-graph\">{\"@context\":\"https:\/\/schema.org\",\"@graph\":[{\"@type\":\"Article\",\"@id\":\"https:\/\/psol50.org.br\/o-primeiro-ato-nacional-para-enfrentar-a-crise\/#article\",\"isPartOf\":{\"@id\":\"https:\/\/psol50.org.br\/o-primeiro-ato-nacional-para-enfrentar-a-crise\/\"},\"author\":{\"name\":\"Comunica\u00e7\u00e3o PSOL\",\"@id\":\"https:\/\/psol50.org.br\/#\/schema\/person\/475dfa57d0b815993c714c2e96491fcd\"},\"headline\":\"O primeiro ato nacional para enfrentar a crise\",\"datePublished\":\"2009-03-31T00:00:00+00:00\",\"mainEntityOfPage\":{\"@id\":\"https:\/\/psol50.org.br\/o-primeiro-ato-nacional-para-enfrentar-a-crise\/\"},\"wordCount\":1379,\"commentCount\":0,\"publisher\":{\"@id\":\"https:\/\/psol50.org.br\/#organization\"},\"image\":{\"@id\":\"https:\/\/psol50.org.br\/o-primeiro-ato-nacional-para-enfrentar-a-crise\/#primaryimage\"},\"thumbnailUrl\":\"http:\/\/farm4.static.flickr.com\/3561\/3418796023_24ab327281_s.jpg\",\"articleSection\":[\"Arquivo\",\"Movimento\"],\"inLanguage\":\"pt-BR\",\"potentialAction\":[{\"@type\":\"CommentAction\",\"name\":\"Comment\",\"target\":[\"https:\/\/psol50.org.br\/o-primeiro-ato-nacional-para-enfrentar-a-crise\/#respond\"]}]},{\"@type\":\"WebPage\",\"@id\":\"https:\/\/psol50.org.br\/o-primeiro-ato-nacional-para-enfrentar-a-crise\/\",\"url\":\"https:\/\/psol50.org.br\/o-primeiro-ato-nacional-para-enfrentar-a-crise\/\",\"name\":\"O primeiro ato nacional para enfrentar a crise - PSOL 50\",\"isPartOf\":{\"@id\":\"https:\/\/psol50.org.br\/#website\"},\"primaryImageOfPage\":{\"@id\":\"https:\/\/psol50.org.br\/o-primeiro-ato-nacional-para-enfrentar-a-crise\/#primaryimage\"},\"image\":{\"@id\":\"https:\/\/psol50.org.br\/o-primeiro-ato-nacional-para-enfrentar-a-crise\/#primaryimage\"},\"thumbnailUrl\":\"http:\/\/farm4.static.flickr.com\/3561\/3418796023_24ab327281_s.jpg\",\"datePublished\":\"2009-03-31T00:00:00+00:00\",\"breadcrumb\":{\"@id\":\"https:\/\/psol50.org.br\/o-primeiro-ato-nacional-para-enfrentar-a-crise\/#breadcrumb\"},\"inLanguage\":\"pt-BR\",\"potentialAction\":[{\"@type\":\"ReadAction\",\"target\":[\"https:\/\/psol50.org.br\/o-primeiro-ato-nacional-para-enfrentar-a-crise\/\"]}]},{\"@type\":\"ImageObject\",\"inLanguage\":\"pt-BR\",\"@id\":\"https:\/\/psol50.org.br\/o-primeiro-ato-nacional-para-enfrentar-a-crise\/#primaryimage\",\"url\":\"http:\/\/farm4.static.flickr.com\/3561\/3418796023_24ab327281_s.jpg\",\"contentUrl\":\"http:\/\/farm4.static.flickr.com\/3561\/3418796023_24ab327281_s.jpg\"},{\"@type\":\"BreadcrumbList\",\"@id\":\"https:\/\/psol50.org.br\/o-primeiro-ato-nacional-para-enfrentar-a-crise\/#breadcrumb\",\"itemListElement\":[{\"@type\":\"ListItem\",\"position\":1,\"name\":\"In\u00edcio\",\"item\":\"https:\/\/psol50.org.br\/\"},{\"@type\":\"ListItem\",\"position\":2,\"name\":\"O primeiro ato nacional para enfrentar a crise\"}]},{\"@type\":\"WebSite\",\"@id\":\"https:\/\/psol50.org.br\/#website\",\"url\":\"https:\/\/psol50.org.br\/\",\"name\":\"PSOL 50\",\"description\":\"Site oficial do Partido Socialismo e Liberdade\",\"publisher\":{\"@id\":\"https:\/\/psol50.org.br\/#organization\"},\"alternateName\":\"PSOL50\",\"potentialAction\":[{\"@type\":\"SearchAction\",\"target\":{\"@type\":\"EntryPoint\",\"urlTemplate\":\"https:\/\/psol50.org.br\/?s={search_term_string}\"},\"query-input\":{\"@type\":\"PropertyValueSpecification\",\"valueRequired\":true,\"valueName\":\"search_term_string\"}}],\"inLanguage\":\"pt-BR\"},{\"@type\":\"Organization\",\"@id\":\"https:\/\/psol50.org.br\/#organization\",\"name\":\"PSOL 50\",\"alternateName\":\"PSOL 50\",\"url\":\"https:\/\/psol50.org.br\/\",\"logo\":{\"@type\":\"ImageObject\",\"inLanguage\":\"pt-BR\",\"@id\":\"https:\/\/psol50.org.br\/#\/schema\/logo\/image\/\",\"url\":\"https:\/\/psol50.org.br\/inc\/uploads\/2018\/07\/capa.png\",\"contentUrl\":\"https:\/\/psol50.org.br\/inc\/uploads\/2018\/07\/capa.png\",\"width\":1350,\"height\":900,\"caption\":\"PSOL 50\"},\"image\":{\"@id\":\"https:\/\/psol50.org.br\/#\/schema\/logo\/image\/\"},\"sameAs\":[\"https:\/\/www.facebook.com\/psol50\",\"https:\/\/x.com\/psol50\",\"https:\/\/www.instagram.com\/psol50\/\",\"https:\/\/www.youtube.com\/channel\/UC7SnJS5o1os7a6CaiNabzcg\"]},{\"@type\":\"Person\",\"@id\":\"https:\/\/psol50.org.br\/#\/schema\/person\/475dfa57d0b815993c714c2e96491fcd\",\"name\":\"Comunica\u00e7\u00e3o PSOL\",\"image\":{\"@type\":\"ImageObject\",\"inLanguage\":\"pt-BR\",\"@id\":\"https:\/\/psol50.org.br\/#\/schema\/person\/image\/\",\"url\":\"https:\/\/secure.gravatar.com\/avatar\/b34fc4f4e468a4e51785917065a3db57b841f5c95dba6ad8c73aaf8f66f8f9bf?s=96&d=mm&r=g\",\"contentUrl\":\"https:\/\/secure.gravatar.com\/avatar\/b34fc4f4e468a4e51785917065a3db57b841f5c95dba6ad8c73aaf8f66f8f9bf?s=96&d=mm&r=g\",\"caption\":\"Comunica\u00e7\u00e3o PSOL\"}}]}<\/script>\n<!-- \/ Yoast SEO plugin. -->","yoast_head_json":{"title":"O primeiro ato nacional para enfrentar a crise - PSOL 50","robots":{"index":"index","follow":"follow","max-snippet":"max-snippet:-1","max-image-preview":"max-image-preview:large","max-video-preview":"max-video-preview:-1"},"canonical":"https:\/\/psol50.org.br\/o-primeiro-ato-nacional-para-enfrentar-a-crise\/","og_locale":"pt_BR","og_type":"article","og_title":"O primeiro ato nacional para enfrentar a crise - PSOL 50","og_description":"Milhares de trabalhadores sa\u00edram \u00e0s ruas de S\u00e3o Paulo para protestar contra as demiss\u00f5es, pela manuten\u00e7\u00e3o e amplia\u00e7\u00e3o de direitos, pela redu\u00e7\u00e3o dos juros, redu\u00e7\u00e3o da jornada de trabalho, sem redu\u00e7\u00e3o de sal\u00e1rios, em defesa do emprego e pela reforma agr\u00e1ria.","og_url":"https:\/\/psol50.org.br\/o-primeiro-ato-nacional-para-enfrentar-a-crise\/","og_site_name":"PSOL 50","article_publisher":"https:\/\/www.facebook.com\/psol50","article_published_time":"2009-03-31T00:00:00+00:00","og_image":[{"url":"http:\/\/farm4.static.flickr.com\/3561\/3418796023_24ab327281_s.jpg","type":"","width":"","height":""}],"author":"Comunica\u00e7\u00e3o PSOL","twitter_card":"summary_large_image","twitter_creator":"@psol50","twitter_site":"@psol50","twitter_misc":{"Escrito por":"Comunica\u00e7\u00e3o PSOL","Est. tempo de leitura":"7 minutos"},"schema":{"@context":"https:\/\/schema.org","@graph":[{"@type":"Article","@id":"https:\/\/psol50.org.br\/o-primeiro-ato-nacional-para-enfrentar-a-crise\/#article","isPartOf":{"@id":"https:\/\/psol50.org.br\/o-primeiro-ato-nacional-para-enfrentar-a-crise\/"},"author":{"name":"Comunica\u00e7\u00e3o PSOL","@id":"https:\/\/psol50.org.br\/#\/schema\/person\/475dfa57d0b815993c714c2e96491fcd"},"headline":"O primeiro ato nacional para enfrentar a crise","datePublished":"2009-03-31T00:00:00+00:00","mainEntityOfPage":{"@id":"https:\/\/psol50.org.br\/o-primeiro-ato-nacional-para-enfrentar-a-crise\/"},"wordCount":1379,"commentCount":0,"publisher":{"@id":"https:\/\/psol50.org.br\/#organization"},"image":{"@id":"https:\/\/psol50.org.br\/o-primeiro-ato-nacional-para-enfrentar-a-crise\/#primaryimage"},"thumbnailUrl":"http:\/\/farm4.static.flickr.com\/3561\/3418796023_24ab327281_s.jpg","articleSection":["Arquivo","Movimento"],"inLanguage":"pt-BR","potentialAction":[{"@type":"CommentAction","name":"Comment","target":["https:\/\/psol50.org.br\/o-primeiro-ato-nacional-para-enfrentar-a-crise\/#respond"]}]},{"@type":"WebPage","@id":"https:\/\/psol50.org.br\/o-primeiro-ato-nacional-para-enfrentar-a-crise\/","url":"https:\/\/psol50.org.br\/o-primeiro-ato-nacional-para-enfrentar-a-crise\/","name":"O primeiro ato nacional para enfrentar a crise - PSOL 50","isPartOf":{"@id":"https:\/\/psol50.org.br\/#website"},"primaryImageOfPage":{"@id":"https:\/\/psol50.org.br\/o-primeiro-ato-nacional-para-enfrentar-a-crise\/#primaryimage"},"image":{"@id":"https:\/\/psol50.org.br\/o-primeiro-ato-nacional-para-enfrentar-a-crise\/#primaryimage"},"thumbnailUrl":"http:\/\/farm4.static.flickr.com\/3561\/3418796023_24ab327281_s.jpg","datePublished":"2009-03-31T00:00:00+00:00","breadcrumb":{"@id":"https:\/\/psol50.org.br\/o-primeiro-ato-nacional-para-enfrentar-a-crise\/#breadcrumb"},"inLanguage":"pt-BR","potentialAction":[{"@type":"ReadAction","target":["https:\/\/psol50.org.br\/o-primeiro-ato-nacional-para-enfrentar-a-crise\/"]}]},{"@type":"ImageObject","inLanguage":"pt-BR","@id":"https:\/\/psol50.org.br\/o-primeiro-ato-nacional-para-enfrentar-a-crise\/#primaryimage","url":"http:\/\/farm4.static.flickr.com\/3561\/3418796023_24ab327281_s.jpg","contentUrl":"http:\/\/farm4.static.flickr.com\/3561\/3418796023_24ab327281_s.jpg"},{"@type":"BreadcrumbList","@id":"https:\/\/psol50.org.br\/o-primeiro-ato-nacional-para-enfrentar-a-crise\/#breadcrumb","itemListElement":[{"@type":"ListItem","position":1,"name":"In\u00edcio","item":"https:\/\/psol50.org.br\/"},{"@type":"ListItem","position":2,"name":"O primeiro ato nacional para enfrentar a crise"}]},{"@type":"WebSite","@id":"https:\/\/psol50.org.br\/#website","url":"https:\/\/psol50.org.br\/","name":"PSOL 50","description":"Site oficial do Partido Socialismo e Liberdade","publisher":{"@id":"https:\/\/psol50.org.br\/#organization"},"alternateName":"PSOL50","potentialAction":[{"@type":"SearchAction","target":{"@type":"EntryPoint","urlTemplate":"https:\/\/psol50.org.br\/?s={search_term_string}"},"query-input":{"@type":"PropertyValueSpecification","valueRequired":true,"valueName":"search_term_string"}}],"inLanguage":"pt-BR"},{"@type":"Organization","@id":"https:\/\/psol50.org.br\/#organization","name":"PSOL 50","alternateName":"PSOL 50","url":"https:\/\/psol50.org.br\/","logo":{"@type":"ImageObject","inLanguage":"pt-BR","@id":"https:\/\/psol50.org.br\/#\/schema\/logo\/image\/","url":"https:\/\/psol50.org.br\/inc\/uploads\/2018\/07\/capa.png","contentUrl":"https:\/\/psol50.org.br\/inc\/uploads\/2018\/07\/capa.png","width":1350,"height":900,"caption":"PSOL 50"},"image":{"@id":"https:\/\/psol50.org.br\/#\/schema\/logo\/image\/"},"sameAs":["https:\/\/www.facebook.com\/psol50","https:\/\/x.com\/psol50","https:\/\/www.instagram.com\/psol50\/","https:\/\/www.youtube.com\/channel\/UC7SnJS5o1os7a6CaiNabzcg"]},{"@type":"Person","@id":"https:\/\/psol50.org.br\/#\/schema\/person\/475dfa57d0b815993c714c2e96491fcd","name":"Comunica\u00e7\u00e3o PSOL","image":{"@type":"ImageObject","inLanguage":"pt-BR","@id":"https:\/\/psol50.org.br\/#\/schema\/person\/image\/","url":"https:\/\/secure.gravatar.com\/avatar\/b34fc4f4e468a4e51785917065a3db57b841f5c95dba6ad8c73aaf8f66f8f9bf?s=96&d=mm&r=g","contentUrl":"https:\/\/secure.gravatar.com\/avatar\/b34fc4f4e468a4e51785917065a3db57b841f5c95dba6ad8c73aaf8f66f8f9bf?s=96&d=mm&r=g","caption":"Comunica\u00e7\u00e3o PSOL"}}]}},"_links":{"self":[{"href":"https:\/\/psol50.org.br\/rest\/wp\/v2\/posts\/1312","targetHints":{"allow":["GET"]}}],"collection":[{"href":"https:\/\/psol50.org.br\/rest\/wp\/v2\/posts"}],"about":[{"href":"https:\/\/psol50.org.br\/rest\/wp\/v2\/types\/post"}],"author":[{"embeddable":true,"href":"https:\/\/psol50.org.br\/rest\/wp\/v2\/users\/2"}],"replies":[{"embeddable":true,"href":"https:\/\/psol50.org.br\/rest\/wp\/v2\/comments?post=1312"}],"version-history":[{"count":0,"href":"https:\/\/psol50.org.br\/rest\/wp\/v2\/posts\/1312\/revisions"}],"wp:attachment":[{"href":"https:\/\/psol50.org.br\/rest\/wp\/v2\/media?parent=1312"}],"wp:term":[{"taxonomy":"category","embeddable":true,"href":"https:\/\/psol50.org.br\/rest\/wp\/v2\/categories?post=1312"},{"taxonomy":"post_tag","embeddable":true,"href":"https:\/\/psol50.org.br\/rest\/wp\/v2\/tags?post=1312"}],"curies":[{"name":"wp","href":"https:\/\/api.w.org\/{rel}","templated":true}]}}