{"id":13142,"date":"2016-07-15T13:38:41","date_gmt":"2016-07-15T13:38:41","guid":{"rendered":"http:\/\/www.psol50.org.br\/?p=13142"},"modified":"2016-07-15T13:38:41","modified_gmt":"2016-07-15T13:38:41","slug":"luiz-araujo-a-vez-do-psol","status":"publish","type":"post","link":"https:\/\/psol50.org.br\/luiz-araujo-a-vez-do-psol\/","title":{"rendered":"LUIZ ARA\u00daJO: A vez do PSOL"},"content":{"rendered":"<p>Depois de quase tr\u00eas meses sem que os institutos de pesquisa divulgassem pesquisas de opini\u00e3o sobre as elei\u00e7\u00f5es municipais, finalmente come\u00e7aram a sair as primeiras sondagens, faltando menos de tr\u00eas meses para o pleito.<\/p>\n<p>\u00c9 gratificante verificar que as pr\u00e9-candidaturas do PSOL despontam com \u00f3timos resultados. Cito dois exemplos recentes. Em S\u00e3o Paulo, na pesquisa Datafolha, nossa pr\u00e9-candidata Erundina aparece em terceiro lugar, com 10% das inten\u00e7\u00f5es de voto. E em Porto Alegre, pesquisa publicada pelo jornal Correio do Povo, a nossa pr\u00e9-candidata Luciana Genro lidera as inten\u00e7\u00f5es com 20% dos votos.<\/p>\n<p>\u00c0s duas pesquisas se somam as informa\u00e7\u00f5es de que Marcelo Freixo desponta como o nome da esquerda para disputar o segundo turno no Rio de Janeiro, potencial que certamente estar\u00e1 presente quando os institutos tiverem coragem de divulgar as pesquisas internas que est\u00e3o fazendo at\u00e9 o momento. E, l\u00e1 no extremo norte, o deputado Edmilson Rodrigues, que foi para o segundo turno em 2012, lidera as pesquisas locais, aparecendo na faixa de 30% das inten\u00e7\u00f5es.<\/p>\n<p>Temos not\u00edcias animadoras de nossas pr\u00e9-candidaturas em Natal (Rob\u00e9rio), Recife (Edilson), Jo\u00e3o Alfredo (Fortaleza), Florian\u00f3polis (Elson) e Cuiab\u00e1 (Procurador Mauro), todos despontando em pesquisas locais. E este crescimento n\u00e3o est\u00e1 acontecendo apenas nas capitais, exemplo disso \u00e9 a for\u00e7a eleitoral j\u00e1 demonstrada pela pr\u00e9-candidatura de Glauber Braga na cidade de Nova Friburgo, aparecendo na frente das pesquisas.<\/p>\n<p><strong>E o que isso quer dizer?<br \/>\n<\/strong>Em primeiro lugar, que existe uma parcela do eleitorado que continua preferindo uma alternativa eleitoral de esquerda e que o PSOL, cada vez mais, ocupa este espa\u00e7o. \u00c9 l\u00f3gico que isso est\u00e1 diretamente vinculado \u00e0 crise do PT e do governo. Este partido deixou de ser o centro gravitacional do voto de esquerda e, pelo que tudo indica, ter\u00e1 muitas dificuldades eleitorais em 2016.<\/p>\n<p>Em segundo lugar, o desempenho mostra que o PSOL conseguiu firmar uma imagem de coer\u00eancia pol\u00edtica. Durante o per\u00edodo petista se constituiu na oposi\u00e7\u00e3o de esquerda e program\u00e1tica, n\u00e3o se misturando com a oposi\u00e7\u00e3o conservadora. Nossas lideran\u00e7as, no parlamento e no movimento social, mantiveram (e mant\u00eam) estreita rela\u00e7\u00e3o com todos os que lutam por direitos em nosso pa\u00eds.<\/p>\n<p>Em terceiro lugar, mas n\u00e3o menos importante, o partido mostrou grandeza e responsabilidade durante o processo de debate do impeachment, n\u00e3o cedendo ao caminho mais f\u00e1cil e defendeu as regras democr\u00e1ticas, denunciando o golpe institucional e enfrentando a ofensiva da direita. Estivemos nas ruas contra o golpe, mas deixando claro que isso n\u00e3o era uma postura de concord\u00e2ncia com o que o governo Dilma fazia.<\/p>\n<p>\u00c9 l\u00f3gico que \u00e9 um bom come\u00e7o, mas s\u00e3o muitas as dificuldades que um partido de esquerda enfrenta para se apresentar no modelo eleitoral brasileiro. Um exemplo \u00e9 a distribui\u00e7\u00e3o do tempo de TV, que \u00e9 proporcional ao tamanho das bancadas na C\u00e2mara dos Deputados e isso privilegia os grandes partidos tradicionais e o toma-l\u00e1-d\u00e1-c\u00e1 de cargos e benesses, terreno que n\u00e3o queremos trilhar.<\/p>\n<p>A mudan\u00e7a na legisla\u00e7\u00e3o, feita por encomenda para impedir o surgimento da novidade nas elei\u00e7\u00f5es, tenta retirar nossas candidaturas do debate nas TVs, espa\u00e7o de debate fundamental para a forma\u00e7\u00e3o da opini\u00e3o dos eleitores. Ser\u00e1 um verdadeiro esc\u00e2ndalo tentar impedir que candidaturas que aparecem entre os quatro primeiros colocados de participar do debate. Uma clara tentativa de eternizar os partidos tradicionais no poder.<\/p>\n<p>As primeiras pesquisas s\u00e3o um alento para esses tempos de golpe e crescimento do conservadorismo no pa\u00eds. \u00c9 uma demonstra\u00e7\u00e3o que existe resist\u00eancia, luta por direitos e vontade de mudar. Fico feliz que parte dos que lutam enxerguem no PSOL um porto seguro. N\u00e3o nos colocamos como farol da humanidade ou como \u00fanico espa\u00e7o de esquerda. Somos um partido pequeno, mas somos coerentes no que acreditamos, aguerridos na defesa de nossas propostas e possu\u00edmos uma milit\u00e2ncia jovem e atuante.<\/p>\n<p>Em tempos de reconstru\u00e7\u00e3o de um imagin\u00e1rio de esquerda no Brasil, ter candidatos socialistas t\u00e3o bem colocados \u00e9 animador.<\/p>\n<p>&nbsp;<\/p>\n","protected":false},"excerpt":{"rendered":"<p>Depois de quase tr\u00eas meses sem que os institutos de pesquisa divulgassem pesquisas de opini\u00e3o sobre as elei\u00e7\u00f5es municipais, finalmente come\u00e7aram a sair as primeiras sondagens, faltando menos de tr\u00eas meses para o pleito. \u00c9 gratificante verificar que as pr\u00e9-candidaturas do PSOL despontam com \u00f3timos resultados. Cito dois exemplos recentes. Em S\u00e3o Paulo, na pesquisa [&hellip;]<\/p>\n","protected":false},"author":2,"featured_media":11860,"comment_status":"open","ping_status":"open","sticky":false,"template":"","format":"standard","meta":{"_acf_changed":false,"footnotes":""},"categories":[3,1882,2833,654,14],"tags":[343,4397,2174,1801,553,2001,748,1321,22,117],"class_list":{"0":"post-13142","1":"post","2":"type-post","3":"status-publish","4":"format-standard","5":"has-post-thumbnail","7":"category-artigos-e-entrevistas","8":"category-brasil","9":"category-eleicoes-2016","10":"category-estados","11":"category-partido","12":"tag-eleicoes","13":"tag-intencoes-de-voto","14":"tag-luciana-genro","15":"tag-luiz-araujo","16":"tag-luiza-erundina","17":"tag-pesquisas","18":"tag-porto-alegre","19":"tag-prefeituras","20":"tag-psol","21":"tag-sao-paulo"},"acf":[],"yoast_head":"<!-- This site is optimized with the Yoast SEO plugin v26.5 - https:\/\/yoast.com\/wordpress\/plugins\/seo\/ -->\n<title>LUIZ ARA\u00daJO: A vez do PSOL - PSOL 50<\/title>\n<meta name=\"robots\" content=\"index, follow, max-snippet:-1, max-image-preview:large, max-video-preview:-1\" \/>\n<link rel=\"canonical\" href=\"https:\/\/psol50.org.br\/luiz-araujo-a-vez-do-psol\/\" \/>\n<meta property=\"og:locale\" content=\"pt_BR\" \/>\n<meta property=\"og:type\" content=\"article\" \/>\n<meta property=\"og:title\" content=\"LUIZ ARA\u00daJO: A vez do PSOL - PSOL 50\" \/>\n<meta property=\"og:description\" content=\"Depois de quase tr\u00eas meses sem que os institutos de pesquisa divulgassem pesquisas de opini\u00e3o sobre as elei\u00e7\u00f5es municipais, finalmente come\u00e7aram a sair as primeiras sondagens, faltando menos de tr\u00eas meses para o pleito. \u00c9 gratificante verificar que as pr\u00e9-candidaturas do PSOL despontam com \u00f3timos resultados. Cito dois exemplos recentes. Em S\u00e3o Paulo, na pesquisa [&hellip;]\" \/>\n<meta property=\"og:url\" content=\"https:\/\/psol50.org.br\/luiz-araujo-a-vez-do-psol\/\" \/>\n<meta property=\"og:site_name\" content=\"PSOL 50\" \/>\n<meta property=\"article:publisher\" content=\"https:\/\/www.facebook.com\/psol50\" \/>\n<meta property=\"article:published_time\" content=\"2016-07-15T13:38:41+00:00\" \/>\n<meta property=\"og:image\" content=\"https:\/\/psol50.org.br\/inc\/uploads\/2018\/07\/capa.png\" \/>\n\t<meta property=\"og:image:width\" content=\"1350\" \/>\n\t<meta property=\"og:image:height\" content=\"900\" \/>\n\t<meta property=\"og:image:type\" content=\"image\/png\" \/>\n<meta name=\"author\" content=\"Comunica\u00e7\u00e3o PSOL\" \/>\n<meta name=\"twitter:card\" content=\"summary_large_image\" \/>\n<meta name=\"twitter:creator\" content=\"@psol50\" \/>\n<meta name=\"twitter:site\" content=\"@psol50\" \/>\n<meta name=\"twitter:label1\" content=\"Escrito por\" \/>\n\t<meta name=\"twitter:data1\" content=\"Comunica\u00e7\u00e3o PSOL\" \/>\n\t<meta name=\"twitter:label2\" content=\"Est. tempo de leitura\" \/>\n\t<meta name=\"twitter:data2\" content=\"3 minutos\" \/>\n<script type=\"application\/ld+json\" class=\"yoast-schema-graph\">{\"@context\":\"https:\/\/schema.org\",\"@graph\":[{\"@type\":\"Article\",\"@id\":\"https:\/\/psol50.org.br\/luiz-araujo-a-vez-do-psol\/#article\",\"isPartOf\":{\"@id\":\"https:\/\/psol50.org.br\/luiz-araujo-a-vez-do-psol\/\"},\"author\":{\"name\":\"Comunica\u00e7\u00e3o PSOL\",\"@id\":\"https:\/\/psol50.org.br\/#\/schema\/person\/475dfa57d0b815993c714c2e96491fcd\"},\"headline\":\"LUIZ ARA\u00daJO: A vez do PSOL\",\"datePublished\":\"2016-07-15T13:38:41+00:00\",\"mainEntityOfPage\":{\"@id\":\"https:\/\/psol50.org.br\/luiz-araujo-a-vez-do-psol\/\"},\"wordCount\":702,\"commentCount\":0,\"publisher\":{\"@id\":\"https:\/\/psol50.org.br\/#organization\"},\"image\":{\"@id\":\"https:\/\/psol50.org.br\/luiz-araujo-a-vez-do-psol\/#primaryimage\"},\"thumbnailUrl\":\"\",\"keywords\":[\"elei\u00e7\u00f5es\",\"inten\u00e7\u00f5es de voto\",\"Luciana Genro\",\"Luiz Ara\u00fajo\",\"Luiza Erundina\",\"pesquisas\",\"Porto Alegre\",\"prefeituras\",\"PSOL\",\"S\u00e3o Paulo\"],\"articleSection\":[\"Artigos\",\"Brasil\",\"ELEI\u00c7\u00d5ES 2016\",\"Estados\",\"Partido\"],\"inLanguage\":\"pt-BR\",\"potentialAction\":[{\"@type\":\"CommentAction\",\"name\":\"Comment\",\"target\":[\"https:\/\/psol50.org.br\/luiz-araujo-a-vez-do-psol\/#respond\"]}]},{\"@type\":\"WebPage\",\"@id\":\"https:\/\/psol50.org.br\/luiz-araujo-a-vez-do-psol\/\",\"url\":\"https:\/\/psol50.org.br\/luiz-araujo-a-vez-do-psol\/\",\"name\":\"LUIZ ARA\u00daJO: A vez do PSOL - PSOL 50\",\"isPartOf\":{\"@id\":\"https:\/\/psol50.org.br\/#website\"},\"primaryImageOfPage\":{\"@id\":\"https:\/\/psol50.org.br\/luiz-araujo-a-vez-do-psol\/#primaryimage\"},\"image\":{\"@id\":\"https:\/\/psol50.org.br\/luiz-araujo-a-vez-do-psol\/#primaryimage\"},\"thumbnailUrl\":\"\",\"datePublished\":\"2016-07-15T13:38:41+00:00\",\"breadcrumb\":{\"@id\":\"https:\/\/psol50.org.br\/luiz-araujo-a-vez-do-psol\/#breadcrumb\"},\"inLanguage\":\"pt-BR\",\"potentialAction\":[{\"@type\":\"ReadAction\",\"target\":[\"https:\/\/psol50.org.br\/luiz-araujo-a-vez-do-psol\/\"]}]},{\"@type\":\"ImageObject\",\"inLanguage\":\"pt-BR\",\"@id\":\"https:\/\/psol50.org.br\/luiz-araujo-a-vez-do-psol\/#primaryimage\",\"url\":\"\",\"contentUrl\":\"\"},{\"@type\":\"BreadcrumbList\",\"@id\":\"https:\/\/psol50.org.br\/luiz-araujo-a-vez-do-psol\/#breadcrumb\",\"itemListElement\":[{\"@type\":\"ListItem\",\"position\":1,\"name\":\"In\u00edcio\",\"item\":\"https:\/\/psol50.org.br\/\"},{\"@type\":\"ListItem\",\"position\":2,\"name\":\"LUIZ ARA\u00daJO: A vez do PSOL\"}]},{\"@type\":\"WebSite\",\"@id\":\"https:\/\/psol50.org.br\/#website\",\"url\":\"https:\/\/psol50.org.br\/\",\"name\":\"PSOL 50\",\"description\":\"Site oficial do Partido Socialismo e Liberdade\",\"publisher\":{\"@id\":\"https:\/\/psol50.org.br\/#organization\"},\"alternateName\":\"PSOL50\",\"potentialAction\":[{\"@type\":\"SearchAction\",\"target\":{\"@type\":\"EntryPoint\",\"urlTemplate\":\"https:\/\/psol50.org.br\/?s={search_term_string}\"},\"query-input\":{\"@type\":\"PropertyValueSpecification\",\"valueRequired\":true,\"valueName\":\"search_term_string\"}}],\"inLanguage\":\"pt-BR\"},{\"@type\":\"Organization\",\"@id\":\"https:\/\/psol50.org.br\/#organization\",\"name\":\"PSOL 50\",\"alternateName\":\"PSOL 50\",\"url\":\"https:\/\/psol50.org.br\/\",\"logo\":{\"@type\":\"ImageObject\",\"inLanguage\":\"pt-BR\",\"@id\":\"https:\/\/psol50.org.br\/#\/schema\/logo\/image\/\",\"url\":\"https:\/\/psol50.org.br\/inc\/uploads\/2018\/07\/capa.png\",\"contentUrl\":\"https:\/\/psol50.org.br\/inc\/uploads\/2018\/07\/capa.png\",\"width\":1350,\"height\":900,\"caption\":\"PSOL 50\"},\"image\":{\"@id\":\"https:\/\/psol50.org.br\/#\/schema\/logo\/image\/\"},\"sameAs\":[\"https:\/\/www.facebook.com\/psol50\",\"https:\/\/x.com\/psol50\",\"https:\/\/www.instagram.com\/psol50\/\",\"https:\/\/www.youtube.com\/channel\/UC7SnJS5o1os7a6CaiNabzcg\"]},{\"@type\":\"Person\",\"@id\":\"https:\/\/psol50.org.br\/#\/schema\/person\/475dfa57d0b815993c714c2e96491fcd\",\"name\":\"Comunica\u00e7\u00e3o PSOL\",\"image\":{\"@type\":\"ImageObject\",\"inLanguage\":\"pt-BR\",\"@id\":\"https:\/\/psol50.org.br\/#\/schema\/person\/image\/\",\"url\":\"https:\/\/secure.gravatar.com\/avatar\/b34fc4f4e468a4e51785917065a3db57b841f5c95dba6ad8c73aaf8f66f8f9bf?s=96&d=mm&r=g\",\"contentUrl\":\"https:\/\/secure.gravatar.com\/avatar\/b34fc4f4e468a4e51785917065a3db57b841f5c95dba6ad8c73aaf8f66f8f9bf?s=96&d=mm&r=g\",\"caption\":\"Comunica\u00e7\u00e3o PSOL\"}}]}<\/script>\n<!-- \/ Yoast SEO plugin. -->","yoast_head_json":{"title":"LUIZ ARA\u00daJO: A vez do PSOL - PSOL 50","robots":{"index":"index","follow":"follow","max-snippet":"max-snippet:-1","max-image-preview":"max-image-preview:large","max-video-preview":"max-video-preview:-1"},"canonical":"https:\/\/psol50.org.br\/luiz-araujo-a-vez-do-psol\/","og_locale":"pt_BR","og_type":"article","og_title":"LUIZ ARA\u00daJO: A vez do PSOL - PSOL 50","og_description":"Depois de quase tr\u00eas meses sem que os institutos de pesquisa divulgassem pesquisas de opini\u00e3o sobre as elei\u00e7\u00f5es municipais, finalmente come\u00e7aram a sair as primeiras sondagens, faltando menos de tr\u00eas meses para o pleito. \u00c9 gratificante verificar que as pr\u00e9-candidaturas do PSOL despontam com \u00f3timos resultados. Cito dois exemplos recentes. Em S\u00e3o Paulo, na pesquisa [&hellip;]","og_url":"https:\/\/psol50.org.br\/luiz-araujo-a-vez-do-psol\/","og_site_name":"PSOL 50","article_publisher":"https:\/\/www.facebook.com\/psol50","article_published_time":"2016-07-15T13:38:41+00:00","og_image":[{"width":1350,"height":900,"url":"https:\/\/psol50.org.br\/inc\/uploads\/2018\/07\/capa.png","type":"image\/png"}],"author":"Comunica\u00e7\u00e3o PSOL","twitter_card":"summary_large_image","twitter_creator":"@psol50","twitter_site":"@psol50","twitter_misc":{"Escrito por":"Comunica\u00e7\u00e3o PSOL","Est. tempo de leitura":"3 minutos"},"schema":{"@context":"https:\/\/schema.org","@graph":[{"@type":"Article","@id":"https:\/\/psol50.org.br\/luiz-araujo-a-vez-do-psol\/#article","isPartOf":{"@id":"https:\/\/psol50.org.br\/luiz-araujo-a-vez-do-psol\/"},"author":{"name":"Comunica\u00e7\u00e3o PSOL","@id":"https:\/\/psol50.org.br\/#\/schema\/person\/475dfa57d0b815993c714c2e96491fcd"},"headline":"LUIZ ARA\u00daJO: A vez do PSOL","datePublished":"2016-07-15T13:38:41+00:00","mainEntityOfPage":{"@id":"https:\/\/psol50.org.br\/luiz-araujo-a-vez-do-psol\/"},"wordCount":702,"commentCount":0,"publisher":{"@id":"https:\/\/psol50.org.br\/#organization"},"image":{"@id":"https:\/\/psol50.org.br\/luiz-araujo-a-vez-do-psol\/#primaryimage"},"thumbnailUrl":"","keywords":["elei\u00e7\u00f5es","inten\u00e7\u00f5es de voto","Luciana Genro","Luiz Ara\u00fajo","Luiza Erundina","pesquisas","Porto Alegre","prefeituras","PSOL","S\u00e3o Paulo"],"articleSection":["Artigos","Brasil","ELEI\u00c7\u00d5ES 2016","Estados","Partido"],"inLanguage":"pt-BR","potentialAction":[{"@type":"CommentAction","name":"Comment","target":["https:\/\/psol50.org.br\/luiz-araujo-a-vez-do-psol\/#respond"]}]},{"@type":"WebPage","@id":"https:\/\/psol50.org.br\/luiz-araujo-a-vez-do-psol\/","url":"https:\/\/psol50.org.br\/luiz-araujo-a-vez-do-psol\/","name":"LUIZ ARA\u00daJO: A vez do PSOL - PSOL 50","isPartOf":{"@id":"https:\/\/psol50.org.br\/#website"},"primaryImageOfPage":{"@id":"https:\/\/psol50.org.br\/luiz-araujo-a-vez-do-psol\/#primaryimage"},"image":{"@id":"https:\/\/psol50.org.br\/luiz-araujo-a-vez-do-psol\/#primaryimage"},"thumbnailUrl":"","datePublished":"2016-07-15T13:38:41+00:00","breadcrumb":{"@id":"https:\/\/psol50.org.br\/luiz-araujo-a-vez-do-psol\/#breadcrumb"},"inLanguage":"pt-BR","potentialAction":[{"@type":"ReadAction","target":["https:\/\/psol50.org.br\/luiz-araujo-a-vez-do-psol\/"]}]},{"@type":"ImageObject","inLanguage":"pt-BR","@id":"https:\/\/psol50.org.br\/luiz-araujo-a-vez-do-psol\/#primaryimage","url":"","contentUrl":""},{"@type":"BreadcrumbList","@id":"https:\/\/psol50.org.br\/luiz-araujo-a-vez-do-psol\/#breadcrumb","itemListElement":[{"@type":"ListItem","position":1,"name":"In\u00edcio","item":"https:\/\/psol50.org.br\/"},{"@type":"ListItem","position":2,"name":"LUIZ ARA\u00daJO: A vez do PSOL"}]},{"@type":"WebSite","@id":"https:\/\/psol50.org.br\/#website","url":"https:\/\/psol50.org.br\/","name":"PSOL 50","description":"Site oficial do Partido Socialismo e Liberdade","publisher":{"@id":"https:\/\/psol50.org.br\/#organization"},"alternateName":"PSOL50","potentialAction":[{"@type":"SearchAction","target":{"@type":"EntryPoint","urlTemplate":"https:\/\/psol50.org.br\/?s={search_term_string}"},"query-input":{"@type":"PropertyValueSpecification","valueRequired":true,"valueName":"search_term_string"}}],"inLanguage":"pt-BR"},{"@type":"Organization","@id":"https:\/\/psol50.org.br\/#organization","name":"PSOL 50","alternateName":"PSOL 50","url":"https:\/\/psol50.org.br\/","logo":{"@type":"ImageObject","inLanguage":"pt-BR","@id":"https:\/\/psol50.org.br\/#\/schema\/logo\/image\/","url":"https:\/\/psol50.org.br\/inc\/uploads\/2018\/07\/capa.png","contentUrl":"https:\/\/psol50.org.br\/inc\/uploads\/2018\/07\/capa.png","width":1350,"height":900,"caption":"PSOL 50"},"image":{"@id":"https:\/\/psol50.org.br\/#\/schema\/logo\/image\/"},"sameAs":["https:\/\/www.facebook.com\/psol50","https:\/\/x.com\/psol50","https:\/\/www.instagram.com\/psol50\/","https:\/\/www.youtube.com\/channel\/UC7SnJS5o1os7a6CaiNabzcg"]},{"@type":"Person","@id":"https:\/\/psol50.org.br\/#\/schema\/person\/475dfa57d0b815993c714c2e96491fcd","name":"Comunica\u00e7\u00e3o PSOL","image":{"@type":"ImageObject","inLanguage":"pt-BR","@id":"https:\/\/psol50.org.br\/#\/schema\/person\/image\/","url":"https:\/\/secure.gravatar.com\/avatar\/b34fc4f4e468a4e51785917065a3db57b841f5c95dba6ad8c73aaf8f66f8f9bf?s=96&d=mm&r=g","contentUrl":"https:\/\/secure.gravatar.com\/avatar\/b34fc4f4e468a4e51785917065a3db57b841f5c95dba6ad8c73aaf8f66f8f9bf?s=96&d=mm&r=g","caption":"Comunica\u00e7\u00e3o PSOL"}}]}},"_links":{"self":[{"href":"https:\/\/psol50.org.br\/rest\/wp\/v2\/posts\/13142","targetHints":{"allow":["GET"]}}],"collection":[{"href":"https:\/\/psol50.org.br\/rest\/wp\/v2\/posts"}],"about":[{"href":"https:\/\/psol50.org.br\/rest\/wp\/v2\/types\/post"}],"author":[{"embeddable":true,"href":"https:\/\/psol50.org.br\/rest\/wp\/v2\/users\/2"}],"replies":[{"embeddable":true,"href":"https:\/\/psol50.org.br\/rest\/wp\/v2\/comments?post=13142"}],"version-history":[{"count":0,"href":"https:\/\/psol50.org.br\/rest\/wp\/v2\/posts\/13142\/revisions"}],"wp:featuredmedia":[{"embeddable":true,"href":"https:\/\/psol50.org.br\/rest\/"}],"wp:attachment":[{"href":"https:\/\/psol50.org.br\/rest\/wp\/v2\/media?parent=13142"}],"wp:term":[{"taxonomy":"category","embeddable":true,"href":"https:\/\/psol50.org.br\/rest\/wp\/v2\/categories?post=13142"},{"taxonomy":"post_tag","embeddable":true,"href":"https:\/\/psol50.org.br\/rest\/wp\/v2\/tags?post=13142"}],"curies":[{"name":"wp","href":"https:\/\/api.w.org\/{rel}","templated":true}]}}