{"id":13164,"date":"2016-07-19T16:05:48","date_gmt":"2016-07-19T16:05:48","guid":{"rendered":"http:\/\/www.psol50.org.br\/?p=13164"},"modified":"2016-07-19T16:05:48","modified_gmt":"2016-07-19T16:05:48","slug":"marcrelo-freixo-reforma-de-cunha-atenta-contra-a-democracia-nos-debates-eleitorais","status":"publish","type":"post","link":"https:\/\/psol50.org.br\/marcrelo-freixo-reforma-de-cunha-atenta-contra-a-democracia-nos-debates-eleitorais\/","title":{"rendered":"MARCRELO FREIXO: Reforma de Cunha atenta contra a democracia nos debates eleitorais"},"content":{"rendered":"<p><em><span style=\"font-size: 13px\">Artigo publicado originalmente no jornal <a href=\"http:\/\/www1.folha.uol.com.br\/colunas\/marcelo-freixo\/2016\/07\/1793039-reforma-de-cunha-atenta-contra-a-democracia-nos-debates-eleitorais.shtml\">Folha de S\u00e3o Paulo<\/a><\/span><\/em><\/p>\n<p>O direito de os eleitores conhecerem e saberem o que pensam todos os candidatos a prefeito nas pr\u00f3ximas elei\u00e7\u00f5es est\u00e1 amea\u00e7ado.<\/p>\n<p>No fim do ano passado, o ent\u00e3o presidente da C\u00e2mara dos Deputados, Eduardo Cunha, capitaneou a aprova\u00e7\u00e3o de uma minirreforma eleitoral antidemocr\u00e1tica, que eu prefiro chamar de contrarreforma, que censura a participa\u00e7\u00e3o nos debates de r\u00e1dio e televis\u00e3o.<\/p>\n<p>Segundo a nova legisla\u00e7\u00e3o, as emissoras s\u00f3 t\u00eam obriga\u00e7\u00e3o de convidar para os debates candidatos com mais de nove parlamentares na C\u00e2mara. Se, por acaso, as empresas de comunica\u00e7\u00e3o optarem por chamar quem n\u00e3o se enquadra na regra, o convite ter\u00e1 que ser aprovado por dois ter\u00e7os dos demais candidatos cujas legendas atendam \u00e0 determina\u00e7\u00e3o criada por Cunha.<\/p>\n<p>O PMDB quer dar mais um golpe na democracia, prejudicando diretamente os eleitores: os debates s\u00e3o momentos essenciais para as pessoas conhecerem as propostas dos candidatos e decidirem de forma consciente em quem votar. Quanto maior a diversidade e o embate de ideias, melhor.<\/p>\n<p>A contrarreforma de Cunha desconsidera a representatividade das candidaturas e seu desempenho nas pesquisas eleitorais. Se um candidato, por exemplo, estiver em segundo lugar nos levantamentos sobre inten\u00e7\u00e3o de voto, mas seu partido n\u00e3o atender \u00e0s novas regras, sua presen\u00e7a nos debates n\u00e3o est\u00e1 garantida.<\/p>\n<p>Na edi\u00e7\u00e3o de 2015 do Pr\u00eamio Congresso em Foco, que avalia o desempenho parlamentar atrav\u00e9s do voto de jornalistas e internautas, dos cinco melhores deputados, quatro eram do PSOL: Jean Wyllys, Chico Alencar, Ivan Valente e Edmilson Rodrigues. A nova lei desconsidera isso: o partido tem atualmente seis parlamentares.<\/p>\n<p>Entre eles Luiza Erundina, que deixou o PSB. A ex-prefeita de S\u00e3o Paulo, que concorrer\u00e1 novamente \u00e0 prefeitura e aparece em terceiro lugar nas pesquisas, al\u00e9m de ser uma refer\u00eancia para a democracia brasileira, pode ficar fora dos debates. \u00c9 empobrecedor.<\/p>\n<p>O mesmo vale para a Rede, partido da ex-candidata \u00e0 Presid\u00eancia da Rep\u00fablica Marina Silva, caso n\u00e3o negocie alian\u00e7as. A legenda tem quatro deputados.<\/p>\n<p>A contrarreforma de Cunha alimenta o que h\u00e1 de pior no nosso sistema pol\u00edtico e aprofunda a crise de representatividade. Ela faz com que tempo de TV continue sendo tratado como moeda de troca no toma l\u00e1 d\u00e1 c\u00e1 de partidos fisiol\u00f3gicos.<\/p>\n<p>Eleitores de todo o pa\u00eds, independentemente de suas prefer\u00eancias partid\u00e1rias, est\u00e3o se mobilizando para exigir democracia nos debates. Milhares j\u00e1 assinaram a peti\u00e7\u00e3o online democracianosdebates.com. Eles entenderam que a sa\u00edda para a crise n\u00e3o \u00e9 a censura. \u00c9 mais debate, pluralidade e democracia.<\/p>\n<p>&nbsp;<\/p>\n","protected":false},"excerpt":{"rendered":"<p>Artigo publicado originalmente no jornal Folha de S\u00e3o Paulo O direito de os eleitores conhecerem e saberem o que pensam todos os candidatos a prefeito nas pr\u00f3ximas elei\u00e7\u00f5es est\u00e1 amea\u00e7ado. No fim do ano passado, o ent\u00e3o presidente da C\u00e2mara dos Deputados, Eduardo Cunha, capitaneou a aprova\u00e7\u00e3o de uma minirreforma eleitoral antidemocr\u00e1tica, que eu prefiro [&hellip;]<\/p>\n","protected":false},"author":2,"featured_media":13167,"comment_status":"open","ping_status":"open","sticky":false,"template":"","format":"standard","meta":{"_acf_changed":false,"footnotes":""},"categories":[3,1882],"tags":[4403,4404,2890,4091,161,4405,2152,4094,22],"class_list":{"0":"post-13164","1":"post","2":"type-post","3":"status-publish","4":"format-standard","5":"has-post-thumbnail","7":"category-artigos-e-entrevistas","8":"category-brasil","9":"tag-contrareforma","10":"tag-debates-na-tv","11":"tag-eduardo-cunha","12":"tag-lei-da-mordaca","13":"tag-marcelo-freixo","14":"tag-minirreforma-eleitoral","15":"tag-pmdb","16":"tag-propaganda-eleitoral","17":"tag-psol"},"acf":[],"yoast_head":"<!-- This site is optimized with the Yoast SEO plugin v26.5 - https:\/\/yoast.com\/wordpress\/plugins\/seo\/ -->\n<title>MARCRELO FREIXO: Reforma de Cunha atenta contra a democracia nos debates eleitorais - PSOL 50<\/title>\n<meta name=\"robots\" content=\"index, follow, max-snippet:-1, max-image-preview:large, max-video-preview:-1\" \/>\n<link rel=\"canonical\" href=\"https:\/\/psol50.org.br\/marcrelo-freixo-reforma-de-cunha-atenta-contra-a-democracia-nos-debates-eleitorais\/\" \/>\n<meta property=\"og:locale\" content=\"pt_BR\" \/>\n<meta property=\"og:type\" content=\"article\" \/>\n<meta property=\"og:title\" content=\"MARCRELO FREIXO: Reforma de Cunha atenta contra a democracia nos debates eleitorais - PSOL 50\" \/>\n<meta property=\"og:description\" content=\"Artigo publicado originalmente no jornal Folha de S\u00e3o Paulo O direito de os eleitores conhecerem e saberem o que pensam todos os candidatos a prefeito nas pr\u00f3ximas elei\u00e7\u00f5es est\u00e1 amea\u00e7ado. No fim do ano passado, o ent\u00e3o presidente da C\u00e2mara dos Deputados, Eduardo Cunha, capitaneou a aprova\u00e7\u00e3o de uma minirreforma eleitoral antidemocr\u00e1tica, que eu prefiro [&hellip;]\" \/>\n<meta property=\"og:url\" content=\"https:\/\/psol50.org.br\/marcrelo-freixo-reforma-de-cunha-atenta-contra-a-democracia-nos-debates-eleitorais\/\" \/>\n<meta property=\"og:site_name\" content=\"PSOL 50\" \/>\n<meta property=\"article:publisher\" content=\"https:\/\/www.facebook.com\/psol50\" \/>\n<meta property=\"article:published_time\" content=\"2016-07-19T16:05:48+00:00\" \/>\n<meta property=\"og:image\" content=\"https:\/\/psol50.org.br\/inc\/uploads\/2018\/07\/capa.png\" \/>\n\t<meta property=\"og:image:width\" content=\"1350\" \/>\n\t<meta property=\"og:image:height\" content=\"900\" \/>\n\t<meta property=\"og:image:type\" content=\"image\/png\" \/>\n<meta name=\"author\" content=\"Comunica\u00e7\u00e3o PSOL\" \/>\n<meta name=\"twitter:card\" content=\"summary_large_image\" \/>\n<meta name=\"twitter:creator\" content=\"@psol50\" \/>\n<meta name=\"twitter:site\" content=\"@psol50\" \/>\n<meta name=\"twitter:label1\" content=\"Escrito por\" \/>\n\t<meta name=\"twitter:data1\" content=\"Comunica\u00e7\u00e3o PSOL\" \/>\n\t<meta name=\"twitter:label2\" content=\"Est. tempo de leitura\" \/>\n\t<meta name=\"twitter:data2\" content=\"2 minutos\" \/>\n<script type=\"application\/ld+json\" class=\"yoast-schema-graph\">{\"@context\":\"https:\/\/schema.org\",\"@graph\":[{\"@type\":\"Article\",\"@id\":\"https:\/\/psol50.org.br\/marcrelo-freixo-reforma-de-cunha-atenta-contra-a-democracia-nos-debates-eleitorais\/#article\",\"isPartOf\":{\"@id\":\"https:\/\/psol50.org.br\/marcrelo-freixo-reforma-de-cunha-atenta-contra-a-democracia-nos-debates-eleitorais\/\"},\"author\":{\"name\":\"Comunica\u00e7\u00e3o PSOL\",\"@id\":\"https:\/\/psol50.org.br\/#\/schema\/person\/475dfa57d0b815993c714c2e96491fcd\"},\"headline\":\"MARCRELO FREIXO: Reforma de Cunha atenta contra a democracia nos debates eleitorais\",\"datePublished\":\"2016-07-19T16:05:48+00:00\",\"mainEntityOfPage\":{\"@id\":\"https:\/\/psol50.org.br\/marcrelo-freixo-reforma-de-cunha-atenta-contra-a-democracia-nos-debates-eleitorais\/\"},\"wordCount\":464,\"commentCount\":0,\"publisher\":{\"@id\":\"https:\/\/psol50.org.br\/#organization\"},\"image\":{\"@id\":\"https:\/\/psol50.org.br\/marcrelo-freixo-reforma-de-cunha-atenta-contra-a-democracia-nos-debates-eleitorais\/#primaryimage\"},\"thumbnailUrl\":\"\",\"keywords\":[\"contrareforma\",\"debates na TV\",\"Eduardo Cunha\",\"Lei da Morda\u00e7a\",\"Marcelo Freixo\",\"minirreforma eleitoral\",\"PMDB\",\"propaganda eleitoral\",\"PSOL\"],\"articleSection\":[\"Artigos\",\"Brasil\"],\"inLanguage\":\"pt-BR\",\"potentialAction\":[{\"@type\":\"CommentAction\",\"name\":\"Comment\",\"target\":[\"https:\/\/psol50.org.br\/marcrelo-freixo-reforma-de-cunha-atenta-contra-a-democracia-nos-debates-eleitorais\/#respond\"]}]},{\"@type\":\"WebPage\",\"@id\":\"https:\/\/psol50.org.br\/marcrelo-freixo-reforma-de-cunha-atenta-contra-a-democracia-nos-debates-eleitorais\/\",\"url\":\"https:\/\/psol50.org.br\/marcrelo-freixo-reforma-de-cunha-atenta-contra-a-democracia-nos-debates-eleitorais\/\",\"name\":\"MARCRELO FREIXO: Reforma de Cunha atenta contra a democracia nos debates eleitorais - PSOL 50\",\"isPartOf\":{\"@id\":\"https:\/\/psol50.org.br\/#website\"},\"primaryImageOfPage\":{\"@id\":\"https:\/\/psol50.org.br\/marcrelo-freixo-reforma-de-cunha-atenta-contra-a-democracia-nos-debates-eleitorais\/#primaryimage\"},\"image\":{\"@id\":\"https:\/\/psol50.org.br\/marcrelo-freixo-reforma-de-cunha-atenta-contra-a-democracia-nos-debates-eleitorais\/#primaryimage\"},\"thumbnailUrl\":\"\",\"datePublished\":\"2016-07-19T16:05:48+00:00\",\"breadcrumb\":{\"@id\":\"https:\/\/psol50.org.br\/marcrelo-freixo-reforma-de-cunha-atenta-contra-a-democracia-nos-debates-eleitorais\/#breadcrumb\"},\"inLanguage\":\"pt-BR\",\"potentialAction\":[{\"@type\":\"ReadAction\",\"target\":[\"https:\/\/psol50.org.br\/marcrelo-freixo-reforma-de-cunha-atenta-contra-a-democracia-nos-debates-eleitorais\/\"]}]},{\"@type\":\"ImageObject\",\"inLanguage\":\"pt-BR\",\"@id\":\"https:\/\/psol50.org.br\/marcrelo-freixo-reforma-de-cunha-atenta-contra-a-democracia-nos-debates-eleitorais\/#primaryimage\",\"url\":\"\",\"contentUrl\":\"\"},{\"@type\":\"BreadcrumbList\",\"@id\":\"https:\/\/psol50.org.br\/marcrelo-freixo-reforma-de-cunha-atenta-contra-a-democracia-nos-debates-eleitorais\/#breadcrumb\",\"itemListElement\":[{\"@type\":\"ListItem\",\"position\":1,\"name\":\"In\u00edcio\",\"item\":\"https:\/\/psol50.org.br\/\"},{\"@type\":\"ListItem\",\"position\":2,\"name\":\"MARCRELO FREIXO: Reforma de Cunha atenta contra a democracia nos debates eleitorais\"}]},{\"@type\":\"WebSite\",\"@id\":\"https:\/\/psol50.org.br\/#website\",\"url\":\"https:\/\/psol50.org.br\/\",\"name\":\"PSOL 50\",\"description\":\"Site oficial do Partido Socialismo e Liberdade\",\"publisher\":{\"@id\":\"https:\/\/psol50.org.br\/#organization\"},\"alternateName\":\"PSOL50\",\"potentialAction\":[{\"@type\":\"SearchAction\",\"target\":{\"@type\":\"EntryPoint\",\"urlTemplate\":\"https:\/\/psol50.org.br\/?s={search_term_string}\"},\"query-input\":{\"@type\":\"PropertyValueSpecification\",\"valueRequired\":true,\"valueName\":\"search_term_string\"}}],\"inLanguage\":\"pt-BR\"},{\"@type\":\"Organization\",\"@id\":\"https:\/\/psol50.org.br\/#organization\",\"name\":\"PSOL 50\",\"alternateName\":\"PSOL 50\",\"url\":\"https:\/\/psol50.org.br\/\",\"logo\":{\"@type\":\"ImageObject\",\"inLanguage\":\"pt-BR\",\"@id\":\"https:\/\/psol50.org.br\/#\/schema\/logo\/image\/\",\"url\":\"https:\/\/psol50.org.br\/inc\/uploads\/2018\/07\/capa.png\",\"contentUrl\":\"https:\/\/psol50.org.br\/inc\/uploads\/2018\/07\/capa.png\",\"width\":1350,\"height\":900,\"caption\":\"PSOL 50\"},\"image\":{\"@id\":\"https:\/\/psol50.org.br\/#\/schema\/logo\/image\/\"},\"sameAs\":[\"https:\/\/www.facebook.com\/psol50\",\"https:\/\/x.com\/psol50\",\"https:\/\/www.instagram.com\/psol50\/\",\"https:\/\/www.youtube.com\/channel\/UC7SnJS5o1os7a6CaiNabzcg\"]},{\"@type\":\"Person\",\"@id\":\"https:\/\/psol50.org.br\/#\/schema\/person\/475dfa57d0b815993c714c2e96491fcd\",\"name\":\"Comunica\u00e7\u00e3o PSOL\",\"image\":{\"@type\":\"ImageObject\",\"inLanguage\":\"pt-BR\",\"@id\":\"https:\/\/psol50.org.br\/#\/schema\/person\/image\/\",\"url\":\"https:\/\/secure.gravatar.com\/avatar\/b34fc4f4e468a4e51785917065a3db57b841f5c95dba6ad8c73aaf8f66f8f9bf?s=96&d=mm&r=g\",\"contentUrl\":\"https:\/\/secure.gravatar.com\/avatar\/b34fc4f4e468a4e51785917065a3db57b841f5c95dba6ad8c73aaf8f66f8f9bf?s=96&d=mm&r=g\",\"caption\":\"Comunica\u00e7\u00e3o PSOL\"}}]}<\/script>\n<!-- \/ Yoast SEO plugin. -->","yoast_head_json":{"title":"MARCRELO FREIXO: Reforma de Cunha atenta contra a democracia nos debates eleitorais - PSOL 50","robots":{"index":"index","follow":"follow","max-snippet":"max-snippet:-1","max-image-preview":"max-image-preview:large","max-video-preview":"max-video-preview:-1"},"canonical":"https:\/\/psol50.org.br\/marcrelo-freixo-reforma-de-cunha-atenta-contra-a-democracia-nos-debates-eleitorais\/","og_locale":"pt_BR","og_type":"article","og_title":"MARCRELO FREIXO: Reforma de Cunha atenta contra a democracia nos debates eleitorais - PSOL 50","og_description":"Artigo publicado originalmente no jornal Folha de S\u00e3o Paulo O direito de os eleitores conhecerem e saberem o que pensam todos os candidatos a prefeito nas pr\u00f3ximas elei\u00e7\u00f5es est\u00e1 amea\u00e7ado. No fim do ano passado, o ent\u00e3o presidente da C\u00e2mara dos Deputados, Eduardo Cunha, capitaneou a aprova\u00e7\u00e3o de uma minirreforma eleitoral antidemocr\u00e1tica, que eu prefiro [&hellip;]","og_url":"https:\/\/psol50.org.br\/marcrelo-freixo-reforma-de-cunha-atenta-contra-a-democracia-nos-debates-eleitorais\/","og_site_name":"PSOL 50","article_publisher":"https:\/\/www.facebook.com\/psol50","article_published_time":"2016-07-19T16:05:48+00:00","og_image":[{"width":1350,"height":900,"url":"https:\/\/psol50.org.br\/inc\/uploads\/2018\/07\/capa.png","type":"image\/png"}],"author":"Comunica\u00e7\u00e3o PSOL","twitter_card":"summary_large_image","twitter_creator":"@psol50","twitter_site":"@psol50","twitter_misc":{"Escrito por":"Comunica\u00e7\u00e3o PSOL","Est. tempo de leitura":"2 minutos"},"schema":{"@context":"https:\/\/schema.org","@graph":[{"@type":"Article","@id":"https:\/\/psol50.org.br\/marcrelo-freixo-reforma-de-cunha-atenta-contra-a-democracia-nos-debates-eleitorais\/#article","isPartOf":{"@id":"https:\/\/psol50.org.br\/marcrelo-freixo-reforma-de-cunha-atenta-contra-a-democracia-nos-debates-eleitorais\/"},"author":{"name":"Comunica\u00e7\u00e3o PSOL","@id":"https:\/\/psol50.org.br\/#\/schema\/person\/475dfa57d0b815993c714c2e96491fcd"},"headline":"MARCRELO FREIXO: Reforma de Cunha atenta contra a democracia nos debates eleitorais","datePublished":"2016-07-19T16:05:48+00:00","mainEntityOfPage":{"@id":"https:\/\/psol50.org.br\/marcrelo-freixo-reforma-de-cunha-atenta-contra-a-democracia-nos-debates-eleitorais\/"},"wordCount":464,"commentCount":0,"publisher":{"@id":"https:\/\/psol50.org.br\/#organization"},"image":{"@id":"https:\/\/psol50.org.br\/marcrelo-freixo-reforma-de-cunha-atenta-contra-a-democracia-nos-debates-eleitorais\/#primaryimage"},"thumbnailUrl":"","keywords":["contrareforma","debates na TV","Eduardo Cunha","Lei da Morda\u00e7a","Marcelo Freixo","minirreforma eleitoral","PMDB","propaganda eleitoral","PSOL"],"articleSection":["Artigos","Brasil"],"inLanguage":"pt-BR","potentialAction":[{"@type":"CommentAction","name":"Comment","target":["https:\/\/psol50.org.br\/marcrelo-freixo-reforma-de-cunha-atenta-contra-a-democracia-nos-debates-eleitorais\/#respond"]}]},{"@type":"WebPage","@id":"https:\/\/psol50.org.br\/marcrelo-freixo-reforma-de-cunha-atenta-contra-a-democracia-nos-debates-eleitorais\/","url":"https:\/\/psol50.org.br\/marcrelo-freixo-reforma-de-cunha-atenta-contra-a-democracia-nos-debates-eleitorais\/","name":"MARCRELO FREIXO: Reforma de Cunha atenta contra a democracia nos debates eleitorais - PSOL 50","isPartOf":{"@id":"https:\/\/psol50.org.br\/#website"},"primaryImageOfPage":{"@id":"https:\/\/psol50.org.br\/marcrelo-freixo-reforma-de-cunha-atenta-contra-a-democracia-nos-debates-eleitorais\/#primaryimage"},"image":{"@id":"https:\/\/psol50.org.br\/marcrelo-freixo-reforma-de-cunha-atenta-contra-a-democracia-nos-debates-eleitorais\/#primaryimage"},"thumbnailUrl":"","datePublished":"2016-07-19T16:05:48+00:00","breadcrumb":{"@id":"https:\/\/psol50.org.br\/marcrelo-freixo-reforma-de-cunha-atenta-contra-a-democracia-nos-debates-eleitorais\/#breadcrumb"},"inLanguage":"pt-BR","potentialAction":[{"@type":"ReadAction","target":["https:\/\/psol50.org.br\/marcrelo-freixo-reforma-de-cunha-atenta-contra-a-democracia-nos-debates-eleitorais\/"]}]},{"@type":"ImageObject","inLanguage":"pt-BR","@id":"https:\/\/psol50.org.br\/marcrelo-freixo-reforma-de-cunha-atenta-contra-a-democracia-nos-debates-eleitorais\/#primaryimage","url":"","contentUrl":""},{"@type":"BreadcrumbList","@id":"https:\/\/psol50.org.br\/marcrelo-freixo-reforma-de-cunha-atenta-contra-a-democracia-nos-debates-eleitorais\/#breadcrumb","itemListElement":[{"@type":"ListItem","position":1,"name":"In\u00edcio","item":"https:\/\/psol50.org.br\/"},{"@type":"ListItem","position":2,"name":"MARCRELO FREIXO: Reforma de Cunha atenta contra a democracia nos debates eleitorais"}]},{"@type":"WebSite","@id":"https:\/\/psol50.org.br\/#website","url":"https:\/\/psol50.org.br\/","name":"PSOL 50","description":"Site oficial do Partido Socialismo e Liberdade","publisher":{"@id":"https:\/\/psol50.org.br\/#organization"},"alternateName":"PSOL50","potentialAction":[{"@type":"SearchAction","target":{"@type":"EntryPoint","urlTemplate":"https:\/\/psol50.org.br\/?s={search_term_string}"},"query-input":{"@type":"PropertyValueSpecification","valueRequired":true,"valueName":"search_term_string"}}],"inLanguage":"pt-BR"},{"@type":"Organization","@id":"https:\/\/psol50.org.br\/#organization","name":"PSOL 50","alternateName":"PSOL 50","url":"https:\/\/psol50.org.br\/","logo":{"@type":"ImageObject","inLanguage":"pt-BR","@id":"https:\/\/psol50.org.br\/#\/schema\/logo\/image\/","url":"https:\/\/psol50.org.br\/inc\/uploads\/2018\/07\/capa.png","contentUrl":"https:\/\/psol50.org.br\/inc\/uploads\/2018\/07\/capa.png","width":1350,"height":900,"caption":"PSOL 50"},"image":{"@id":"https:\/\/psol50.org.br\/#\/schema\/logo\/image\/"},"sameAs":["https:\/\/www.facebook.com\/psol50","https:\/\/x.com\/psol50","https:\/\/www.instagram.com\/psol50\/","https:\/\/www.youtube.com\/channel\/UC7SnJS5o1os7a6CaiNabzcg"]},{"@type":"Person","@id":"https:\/\/psol50.org.br\/#\/schema\/person\/475dfa57d0b815993c714c2e96491fcd","name":"Comunica\u00e7\u00e3o PSOL","image":{"@type":"ImageObject","inLanguage":"pt-BR","@id":"https:\/\/psol50.org.br\/#\/schema\/person\/image\/","url":"https:\/\/secure.gravatar.com\/avatar\/b34fc4f4e468a4e51785917065a3db57b841f5c95dba6ad8c73aaf8f66f8f9bf?s=96&d=mm&r=g","contentUrl":"https:\/\/secure.gravatar.com\/avatar\/b34fc4f4e468a4e51785917065a3db57b841f5c95dba6ad8c73aaf8f66f8f9bf?s=96&d=mm&r=g","caption":"Comunica\u00e7\u00e3o PSOL"}}]}},"_links":{"self":[{"href":"https:\/\/psol50.org.br\/rest\/wp\/v2\/posts\/13164","targetHints":{"allow":["GET"]}}],"collection":[{"href":"https:\/\/psol50.org.br\/rest\/wp\/v2\/posts"}],"about":[{"href":"https:\/\/psol50.org.br\/rest\/wp\/v2\/types\/post"}],"author":[{"embeddable":true,"href":"https:\/\/psol50.org.br\/rest\/wp\/v2\/users\/2"}],"replies":[{"embeddable":true,"href":"https:\/\/psol50.org.br\/rest\/wp\/v2\/comments?post=13164"}],"version-history":[{"count":0,"href":"https:\/\/psol50.org.br\/rest\/wp\/v2\/posts\/13164\/revisions"}],"wp:featuredmedia":[{"embeddable":true,"href":"https:\/\/psol50.org.br\/rest\/"}],"wp:attachment":[{"href":"https:\/\/psol50.org.br\/rest\/wp\/v2\/media?parent=13164"}],"wp:term":[{"taxonomy":"category","embeddable":true,"href":"https:\/\/psol50.org.br\/rest\/wp\/v2\/categories?post=13164"},{"taxonomy":"post_tag","embeddable":true,"href":"https:\/\/psol50.org.br\/rest\/wp\/v2\/tags?post=13164"}],"curies":[{"name":"wp","href":"https:\/\/api.w.org\/{rel}","templated":true}]}}