{"id":13172,"date":"2016-07-21T14:06:27","date_gmt":"2016-07-21T14:06:27","guid":{"rendered":"http:\/\/www.psol50.org.br\/?p=13172"},"modified":"2016-07-21T14:06:27","modified_gmt":"2016-07-21T14:06:27","slug":"questionado-por-site-de-noticias-datafolha-admite-imprecisao-em-pesquisa-sobre-temer","status":"publish","type":"post","link":"https:\/\/psol50.org.br\/questionado-por-site-de-noticias-datafolha-admite-imprecisao-em-pesquisa-sobre-temer\/","title":{"rendered":"Questionado por site de not\u00edcias, Datafolha admite imprecis\u00e3o em pesquisa sobre Temer"},"content":{"rendered":"<p>O Instituto Datafolha admitiu, nesta quarta-feira (20), que houve imprecis\u00e3o na an\u00e1lise dos dados sobre pesquisa que mostrou a prefer\u00eancia do brasileiro em rela\u00e7\u00e3o \u00e0 perman\u00eancia de Michel Temer na presid\u00eancia da Rep\u00fablica. A pesquisa foi divulgada no s\u00e1bado (16) na <em>Folha Online<\/em> e no domingo (17) no jornal <em>Folha de S\u00e3o Paulo<\/em>, cuja mat\u00e9ria trazia um t\u00edtulo que inicialmente dizia \u201cDatafolha aponta que metade dos brasileiros prefere Temer a Dilma\u201d, depois foi editado para \u201c<a href=\"http:\/\/www1.folha.uol.com.br\/poder\/2016\/07\/1792483-datafolha-aponta-que-metade-dos-brasileiros-prefere-temer-a-dilma.shtml\" target=\"_blank\" rel=\"noopener\"><strong>Para 50% dos brasileiros, Temer deve ficar; 32% pedem a volta de Dilma<\/strong><\/a>\u201d.<\/p>\n<p>O reconhecimento do instituto de pesquisa foi depois que o site de not\u00edcias\u00a0<strong><a href=\"https:\/\/theintercept.com\/2016\/07\/20\/folha-comete-fraude-jornalistica-com-pesquisa-manipulada-visando-alavancar-temer\/\" target=\"_blank\" rel=\"noopener\">Intercept<\/a><\/strong>, do jornalista Glenn Greenwald, questionou a forma como os dados foram divulgados e disse que o jornal havia cometido uma \u201cfraude jornal\u00edstica\u201d.<\/p>\n<p>\u201cOntem [19], os dados completos e as perguntas complementares [da pequisa] foram divulgados. Tornou-se evidente que, seja por desonestidade ou incompet\u00eancia extrema, a Folha cometeu uma fraude jornal\u00edstica. Apenas 3% dos entrevistados disseram que desejavam a realiza\u00e7\u00e3o de novas elei\u00e7\u00f5es, e apenas 4% disseram que n\u00e3o queriam nem Temer nem Dilma como presidentes, porque nenhuma dessas op\u00e7\u00f5es de resposta encontrava-se dispon\u00edvel na pesquisa\u201d, diz o <em>site<\/em>\u00a0de not\u00edcias.<\/p>\n<p>No texto em que faz os questionamentos, o Intercept divulgou trechos de uma entrevista feita com Luciana Schong, do Datafolha, que disse que &#8220;qualquer an\u00e1lise desses dados que alegue que 50% dos brasileiros querem Temer como presidente seriam imprecisos, sem a informa\u00e7\u00e3o de que as op\u00e7\u00f5es de resposta estavam limitadas a apenas duas&#8221;. Luciana afirmou \u00e0 ag\u00eancia de not\u00edcias que foi a Folha, e n\u00e3o o instituto de pesquisa, que estabeleceu as perguntas a serem feitas aos entrevistados e reconheceu &#8220;o aspecto enganoso na afirma\u00e7\u00e3o de que 3% dos brasileiros querem novas elei\u00e7\u00f5es&#8221;, \u201cj\u00e1 que essa pergunta n\u00e3o foi feita aos entrevistados\u201d, quando a pergunta foi sobre a perman\u00eancia de Temer ou a volta de Dilma.<\/p>\n<p>A Intercept observa que a<em>\u00a0<\/em><em>Folha de S.Paulo<\/em>\u00a0n\u00e3o divulgou as perguntas realizadas, nem os dados de suporte, impossibilitando, assim, segundo o site, a verifica\u00e7\u00e3o dos fatos que sustentam as afirma\u00e7\u00f5es. A mat\u00e9ria da Folha afirma que 3% dos entrevistados disseram que desejavam novas elei\u00e7\u00f5es, e 4% que n\u00e3o queriam nem Temer nem Dilma como presidentes, porque nenhuma dessas op\u00e7\u00f5es de resposta encontrava-se dispon\u00edvel na pesquisa. O site considerou incorreta a afirma\u00e7\u00e3o de que 3% dos brasileiros acreditam que \u201cnovas elei\u00e7\u00f5es s\u00e3o o melhor para o pa\u00eds\u201d, pois a pesquisa n\u00e3o colocou essa pergunta aos entrevistados.<\/p>\n<p>Ao perguntar se Temer fica, quando a \u00fanica op\u00e7\u00e3o restante \u00e9 Dilma ficar, para o site de not\u00edcias \u00e9 \u201cincorreto dizer que 50% dos brasileiros acreditam que a perman\u00eancia de Temer seja melhor para o pa\u00eds\u201d at\u00e9 o fim do mandato de Dilma. S\u00f3 \u00e9 poss\u00edvel afirmar que &#8220;50% da popula\u00e7\u00e3o desejam a perman\u00eancia de Temer se a \u00fanica outra op\u00e7\u00e3o for o retorno de Dilma\u201d, disse o Intercept. O site entrevistou a professora de ci\u00eancia pol\u00edtica da Unicamp Andr\u00e9a Freitas, para quem: \u201ccomo as novas elei\u00e7\u00f5es s\u00e3o uma op\u00e7\u00e3o vi\u00e1vel, deveriam ter sido inclu\u00eddas como uma das op\u00e7\u00f5es\u201d.<\/p>\n<p><strong>33% n\u00e3o conhece Temer<br \/>\n<\/strong>O l\u00edder do PSOL, deputado Ivan Valente (SP), comentou a divulga\u00e7\u00e3o feita pela Folha. Segundo ele, a grande imprensa interpreta e apresenta os fatos de acordo com as suas prefer\u00eancias pol\u00edticas. \u201cIsso seria menos grave, em primeiro lugar, se a posi\u00e7\u00e3o ideol\u00f3gica fosse mais assumida e, segundo, se outras opini\u00f5es tamb\u00e9m circulassem como contraponto. De modo geral, n\u00e3o \u00e9 o caso, vista a concentra\u00e7\u00e3o de informa\u00e7\u00e3o nos monop\u00f3lios dos meios de comunica\u00e7\u00e3o\u201d, avalia.<\/p>\n<p>O deputado destacou a omiss\u00e3o quanto ao dado de que 33% dos entrevistados n\u00e3o conhece o presidente interino. \u201cAlgo que valeria maior destaque: 33% dos entrevistados simplesmente n\u00e3o sabem quem \u00e9 o atual presidente da Rep\u00fablica. Visto os esc\u00e2ndalos de corrup\u00e7\u00e3o que assolam o governo, as medidas impopulares que est\u00e3o sendo prometidas e a incr\u00edvel falta de carisma de Temer, se conhecessem de fato o presidente interino, podemos supor que seus \u00edndices de popularidade seriam ainda piores\u201d.<\/p>\n<p>Em rela\u00e7\u00e3o \u00e0 informa\u00e7\u00e3o de que 50% dos entrevistados defende a perman\u00eancia de Temer, Valente tamb\u00e9m argumenta que a informa\u00e7\u00e3o \u00e9 insuficiente quando se analisa as outras perguntas e os demais dados. \u201cTamb\u00e9m seria pior, muito provavelmente, \u2018a cereja do bolo\u2019 da pesquisa: o gr\u00e1fico na capa, que apresenta 50% defendendo que Temer deve continuar na presid\u00eancia. Esse n\u00famero supostamente legitimaria o afastamento de Dilma. Considerando que 33% n\u00e3o sabem que Temer \u00e9 presidente, seria mais honesto destacar esse recorte, onde os 50% representam os entrevistados que ao menos conhecem o nome do interino. E infelizmente n\u00e3o h\u00e1 como medir qual seria a opini\u00e3o dos brasileiros, caso a maioria soubesse realmente tudo o que est\u00e1 em jogo\u201d.<\/p>\n<p><strong>Leia mais: <em><a href=\"http:\/\/www.psol50.org.br\/blog\/2016\/07\/19\/ivan-valente-de-como-manipular-estatistica-para-favorecer-um-dado-cenario\/\" target=\"_blank\" rel=\"noopener\">De como manipular estat\u00edstica para favorecer um dado cen\u00e1rio<\/a><\/em><\/strong><\/p>\n<p>&nbsp;<\/p>\n","protected":false},"excerpt":{"rendered":"<p>O Instituto Datafolha admitiu, nesta quarta-feira (20), que houve imprecis\u00e3o na an\u00e1lise dos dados sobre pesquisa que mostrou a prefer\u00eancia do brasileiro em rela\u00e7\u00e3o \u00e0 perman\u00eancia de Michel Temer na presid\u00eancia da Rep\u00fablica. A pesquisa foi divulgada no s\u00e1bado (16) na Folha Online e no domingo (17) no jornal Folha de S\u00e3o Paulo, cuja mat\u00e9ria [&hellip;]<\/p>\n","protected":false},"author":2,"featured_media":13173,"comment_status":"open","ping_status":"open","sticky":false,"template":"","format":"standard","meta":{"_acf_changed":false,"footnotes":""},"categories":[1882,6],"tags":[2416,4408,81,4409,1869,552,1748,403],"class_list":{"0":"post-13172","1":"post","2":"type-post","3":"status-publish","4":"format-standard","5":"has-post-thumbnail","7":"category-brasil","8":"category-noticias","9":"tag-folha-de-sao-paulo","10":"tag-fraude-jornalistica","11":"tag-glenn-greenwald","12":"tag-instituto-datafolha","13":"tag-intercept","14":"tag-ivan-valente","15":"tag-michel-temer","16":"tag-pesquisa"},"acf":[],"yoast_head":"<!-- This site is optimized with the Yoast SEO plugin v26.5 - https:\/\/yoast.com\/wordpress\/plugins\/seo\/ -->\n<title>Questionado por site de not\u00edcias, Datafolha admite imprecis\u00e3o em pesquisa sobre Temer - PSOL 50<\/title>\n<meta name=\"robots\" content=\"index, follow, max-snippet:-1, max-image-preview:large, max-video-preview:-1\" \/>\n<link rel=\"canonical\" href=\"https:\/\/psol50.org.br\/questionado-por-site-de-noticias-datafolha-admite-imprecisao-em-pesquisa-sobre-temer\/\" \/>\n<meta property=\"og:locale\" content=\"pt_BR\" \/>\n<meta property=\"og:type\" content=\"article\" \/>\n<meta property=\"og:title\" content=\"Questionado por site de not\u00edcias, Datafolha admite imprecis\u00e3o em pesquisa sobre Temer - PSOL 50\" \/>\n<meta property=\"og:description\" content=\"O Instituto Datafolha admitiu, nesta quarta-feira (20), que houve imprecis\u00e3o na an\u00e1lise dos dados sobre pesquisa que mostrou a prefer\u00eancia do brasileiro em rela\u00e7\u00e3o \u00e0 perman\u00eancia de Michel Temer na presid\u00eancia da Rep\u00fablica. A pesquisa foi divulgada no s\u00e1bado (16) na Folha Online e no domingo (17) no jornal Folha de S\u00e3o Paulo, cuja mat\u00e9ria [&hellip;]\" \/>\n<meta property=\"og:url\" content=\"https:\/\/psol50.org.br\/questionado-por-site-de-noticias-datafolha-admite-imprecisao-em-pesquisa-sobre-temer\/\" \/>\n<meta property=\"og:site_name\" content=\"PSOL 50\" \/>\n<meta property=\"article:publisher\" content=\"https:\/\/www.facebook.com\/psol50\" \/>\n<meta property=\"article:published_time\" content=\"2016-07-21T14:06:27+00:00\" \/>\n<meta property=\"og:image\" content=\"https:\/\/psol50.org.br\/inc\/uploads\/2018\/07\/capa.png\" \/>\n\t<meta property=\"og:image:width\" content=\"1350\" \/>\n\t<meta property=\"og:image:height\" content=\"900\" \/>\n\t<meta property=\"og:image:type\" content=\"image\/png\" \/>\n<meta name=\"author\" content=\"Comunica\u00e7\u00e3o PSOL\" \/>\n<meta name=\"twitter:card\" content=\"summary_large_image\" \/>\n<meta name=\"twitter:creator\" content=\"@psol50\" \/>\n<meta name=\"twitter:site\" content=\"@psol50\" \/>\n<meta name=\"twitter:label1\" content=\"Escrito por\" \/>\n\t<meta name=\"twitter:data1\" content=\"Comunica\u00e7\u00e3o PSOL\" \/>\n\t<meta name=\"twitter:label2\" content=\"Est. tempo de leitura\" \/>\n\t<meta name=\"twitter:data2\" content=\"4 minutos\" \/>\n<script type=\"application\/ld+json\" class=\"yoast-schema-graph\">{\"@context\":\"https:\/\/schema.org\",\"@graph\":[{\"@type\":\"Article\",\"@id\":\"https:\/\/psol50.org.br\/questionado-por-site-de-noticias-datafolha-admite-imprecisao-em-pesquisa-sobre-temer\/#article\",\"isPartOf\":{\"@id\":\"https:\/\/psol50.org.br\/questionado-por-site-de-noticias-datafolha-admite-imprecisao-em-pesquisa-sobre-temer\/\"},\"author\":{\"name\":\"Comunica\u00e7\u00e3o PSOL\",\"@id\":\"https:\/\/psol50.org.br\/#\/schema\/person\/475dfa57d0b815993c714c2e96491fcd\"},\"headline\":\"Questionado por site de not\u00edcias, Datafolha admite imprecis\u00e3o em pesquisa sobre Temer\",\"datePublished\":\"2016-07-21T14:06:27+00:00\",\"mainEntityOfPage\":{\"@id\":\"https:\/\/psol50.org.br\/questionado-por-site-de-noticias-datafolha-admite-imprecisao-em-pesquisa-sobre-temer\/\"},\"wordCount\":866,\"commentCount\":0,\"publisher\":{\"@id\":\"https:\/\/psol50.org.br\/#organization\"},\"image\":{\"@id\":\"https:\/\/psol50.org.br\/questionado-por-site-de-noticias-datafolha-admite-imprecisao-em-pesquisa-sobre-temer\/#primaryimage\"},\"thumbnailUrl\":\"\",\"keywords\":[\"Folha de S\u00e3o Paulo\",\"fraude jornal\u00edstica\",\"Glenn Greenwald\",\"Instituto Datafolha\",\"Intercept\",\"Ivan Valente\",\"Michel Temer\",\"pesquisa\"],\"articleSection\":[\"Brasil\",\"Not\u00edcias\"],\"inLanguage\":\"pt-BR\",\"potentialAction\":[{\"@type\":\"CommentAction\",\"name\":\"Comment\",\"target\":[\"https:\/\/psol50.org.br\/questionado-por-site-de-noticias-datafolha-admite-imprecisao-em-pesquisa-sobre-temer\/#respond\"]}]},{\"@type\":\"WebPage\",\"@id\":\"https:\/\/psol50.org.br\/questionado-por-site-de-noticias-datafolha-admite-imprecisao-em-pesquisa-sobre-temer\/\",\"url\":\"https:\/\/psol50.org.br\/questionado-por-site-de-noticias-datafolha-admite-imprecisao-em-pesquisa-sobre-temer\/\",\"name\":\"Questionado por site de not\u00edcias, Datafolha admite imprecis\u00e3o em pesquisa sobre Temer - PSOL 50\",\"isPartOf\":{\"@id\":\"https:\/\/psol50.org.br\/#website\"},\"primaryImageOfPage\":{\"@id\":\"https:\/\/psol50.org.br\/questionado-por-site-de-noticias-datafolha-admite-imprecisao-em-pesquisa-sobre-temer\/#primaryimage\"},\"image\":{\"@id\":\"https:\/\/psol50.org.br\/questionado-por-site-de-noticias-datafolha-admite-imprecisao-em-pesquisa-sobre-temer\/#primaryimage\"},\"thumbnailUrl\":\"\",\"datePublished\":\"2016-07-21T14:06:27+00:00\",\"breadcrumb\":{\"@id\":\"https:\/\/psol50.org.br\/questionado-por-site-de-noticias-datafolha-admite-imprecisao-em-pesquisa-sobre-temer\/#breadcrumb\"},\"inLanguage\":\"pt-BR\",\"potentialAction\":[{\"@type\":\"ReadAction\",\"target\":[\"https:\/\/psol50.org.br\/questionado-por-site-de-noticias-datafolha-admite-imprecisao-em-pesquisa-sobre-temer\/\"]}]},{\"@type\":\"ImageObject\",\"inLanguage\":\"pt-BR\",\"@id\":\"https:\/\/psol50.org.br\/questionado-por-site-de-noticias-datafolha-admite-imprecisao-em-pesquisa-sobre-temer\/#primaryimage\",\"url\":\"\",\"contentUrl\":\"\"},{\"@type\":\"BreadcrumbList\",\"@id\":\"https:\/\/psol50.org.br\/questionado-por-site-de-noticias-datafolha-admite-imprecisao-em-pesquisa-sobre-temer\/#breadcrumb\",\"itemListElement\":[{\"@type\":\"ListItem\",\"position\":1,\"name\":\"In\u00edcio\",\"item\":\"https:\/\/psol50.org.br\/\"},{\"@type\":\"ListItem\",\"position\":2,\"name\":\"Questionado por site de not\u00edcias, Datafolha admite imprecis\u00e3o em pesquisa sobre Temer\"}]},{\"@type\":\"WebSite\",\"@id\":\"https:\/\/psol50.org.br\/#website\",\"url\":\"https:\/\/psol50.org.br\/\",\"name\":\"PSOL 50\",\"description\":\"Site oficial do Partido Socialismo e Liberdade\",\"publisher\":{\"@id\":\"https:\/\/psol50.org.br\/#organization\"},\"alternateName\":\"PSOL50\",\"potentialAction\":[{\"@type\":\"SearchAction\",\"target\":{\"@type\":\"EntryPoint\",\"urlTemplate\":\"https:\/\/psol50.org.br\/?s={search_term_string}\"},\"query-input\":{\"@type\":\"PropertyValueSpecification\",\"valueRequired\":true,\"valueName\":\"search_term_string\"}}],\"inLanguage\":\"pt-BR\"},{\"@type\":\"Organization\",\"@id\":\"https:\/\/psol50.org.br\/#organization\",\"name\":\"PSOL 50\",\"alternateName\":\"PSOL 50\",\"url\":\"https:\/\/psol50.org.br\/\",\"logo\":{\"@type\":\"ImageObject\",\"inLanguage\":\"pt-BR\",\"@id\":\"https:\/\/psol50.org.br\/#\/schema\/logo\/image\/\",\"url\":\"https:\/\/psol50.org.br\/inc\/uploads\/2018\/07\/capa.png\",\"contentUrl\":\"https:\/\/psol50.org.br\/inc\/uploads\/2018\/07\/capa.png\",\"width\":1350,\"height\":900,\"caption\":\"PSOL 50\"},\"image\":{\"@id\":\"https:\/\/psol50.org.br\/#\/schema\/logo\/image\/\"},\"sameAs\":[\"https:\/\/www.facebook.com\/psol50\",\"https:\/\/x.com\/psol50\",\"https:\/\/www.instagram.com\/psol50\/\",\"https:\/\/www.youtube.com\/channel\/UC7SnJS5o1os7a6CaiNabzcg\"]},{\"@type\":\"Person\",\"@id\":\"https:\/\/psol50.org.br\/#\/schema\/person\/475dfa57d0b815993c714c2e96491fcd\",\"name\":\"Comunica\u00e7\u00e3o PSOL\",\"image\":{\"@type\":\"ImageObject\",\"inLanguage\":\"pt-BR\",\"@id\":\"https:\/\/psol50.org.br\/#\/schema\/person\/image\/\",\"url\":\"https:\/\/secure.gravatar.com\/avatar\/b34fc4f4e468a4e51785917065a3db57b841f5c95dba6ad8c73aaf8f66f8f9bf?s=96&d=mm&r=g\",\"contentUrl\":\"https:\/\/secure.gravatar.com\/avatar\/b34fc4f4e468a4e51785917065a3db57b841f5c95dba6ad8c73aaf8f66f8f9bf?s=96&d=mm&r=g\",\"caption\":\"Comunica\u00e7\u00e3o PSOL\"}}]}<\/script>\n<!-- \/ Yoast SEO plugin. -->","yoast_head_json":{"title":"Questionado por site de not\u00edcias, Datafolha admite imprecis\u00e3o em pesquisa sobre Temer - PSOL 50","robots":{"index":"index","follow":"follow","max-snippet":"max-snippet:-1","max-image-preview":"max-image-preview:large","max-video-preview":"max-video-preview:-1"},"canonical":"https:\/\/psol50.org.br\/questionado-por-site-de-noticias-datafolha-admite-imprecisao-em-pesquisa-sobre-temer\/","og_locale":"pt_BR","og_type":"article","og_title":"Questionado por site de not\u00edcias, Datafolha admite imprecis\u00e3o em pesquisa sobre Temer - PSOL 50","og_description":"O Instituto Datafolha admitiu, nesta quarta-feira (20), que houve imprecis\u00e3o na an\u00e1lise dos dados sobre pesquisa que mostrou a prefer\u00eancia do brasileiro em rela\u00e7\u00e3o \u00e0 perman\u00eancia de Michel Temer na presid\u00eancia da Rep\u00fablica. A pesquisa foi divulgada no s\u00e1bado (16) na Folha Online e no domingo (17) no jornal Folha de S\u00e3o Paulo, cuja mat\u00e9ria [&hellip;]","og_url":"https:\/\/psol50.org.br\/questionado-por-site-de-noticias-datafolha-admite-imprecisao-em-pesquisa-sobre-temer\/","og_site_name":"PSOL 50","article_publisher":"https:\/\/www.facebook.com\/psol50","article_published_time":"2016-07-21T14:06:27+00:00","og_image":[{"width":1350,"height":900,"url":"https:\/\/psol50.org.br\/inc\/uploads\/2018\/07\/capa.png","type":"image\/png"}],"author":"Comunica\u00e7\u00e3o PSOL","twitter_card":"summary_large_image","twitter_creator":"@psol50","twitter_site":"@psol50","twitter_misc":{"Escrito por":"Comunica\u00e7\u00e3o PSOL","Est. tempo de leitura":"4 minutos"},"schema":{"@context":"https:\/\/schema.org","@graph":[{"@type":"Article","@id":"https:\/\/psol50.org.br\/questionado-por-site-de-noticias-datafolha-admite-imprecisao-em-pesquisa-sobre-temer\/#article","isPartOf":{"@id":"https:\/\/psol50.org.br\/questionado-por-site-de-noticias-datafolha-admite-imprecisao-em-pesquisa-sobre-temer\/"},"author":{"name":"Comunica\u00e7\u00e3o PSOL","@id":"https:\/\/psol50.org.br\/#\/schema\/person\/475dfa57d0b815993c714c2e96491fcd"},"headline":"Questionado por site de not\u00edcias, Datafolha admite imprecis\u00e3o em pesquisa sobre Temer","datePublished":"2016-07-21T14:06:27+00:00","mainEntityOfPage":{"@id":"https:\/\/psol50.org.br\/questionado-por-site-de-noticias-datafolha-admite-imprecisao-em-pesquisa-sobre-temer\/"},"wordCount":866,"commentCount":0,"publisher":{"@id":"https:\/\/psol50.org.br\/#organization"},"image":{"@id":"https:\/\/psol50.org.br\/questionado-por-site-de-noticias-datafolha-admite-imprecisao-em-pesquisa-sobre-temer\/#primaryimage"},"thumbnailUrl":"","keywords":["Folha de S\u00e3o Paulo","fraude jornal\u00edstica","Glenn Greenwald","Instituto Datafolha","Intercept","Ivan Valente","Michel Temer","pesquisa"],"articleSection":["Brasil","Not\u00edcias"],"inLanguage":"pt-BR","potentialAction":[{"@type":"CommentAction","name":"Comment","target":["https:\/\/psol50.org.br\/questionado-por-site-de-noticias-datafolha-admite-imprecisao-em-pesquisa-sobre-temer\/#respond"]}]},{"@type":"WebPage","@id":"https:\/\/psol50.org.br\/questionado-por-site-de-noticias-datafolha-admite-imprecisao-em-pesquisa-sobre-temer\/","url":"https:\/\/psol50.org.br\/questionado-por-site-de-noticias-datafolha-admite-imprecisao-em-pesquisa-sobre-temer\/","name":"Questionado por site de not\u00edcias, Datafolha admite imprecis\u00e3o em pesquisa sobre Temer - PSOL 50","isPartOf":{"@id":"https:\/\/psol50.org.br\/#website"},"primaryImageOfPage":{"@id":"https:\/\/psol50.org.br\/questionado-por-site-de-noticias-datafolha-admite-imprecisao-em-pesquisa-sobre-temer\/#primaryimage"},"image":{"@id":"https:\/\/psol50.org.br\/questionado-por-site-de-noticias-datafolha-admite-imprecisao-em-pesquisa-sobre-temer\/#primaryimage"},"thumbnailUrl":"","datePublished":"2016-07-21T14:06:27+00:00","breadcrumb":{"@id":"https:\/\/psol50.org.br\/questionado-por-site-de-noticias-datafolha-admite-imprecisao-em-pesquisa-sobre-temer\/#breadcrumb"},"inLanguage":"pt-BR","potentialAction":[{"@type":"ReadAction","target":["https:\/\/psol50.org.br\/questionado-por-site-de-noticias-datafolha-admite-imprecisao-em-pesquisa-sobre-temer\/"]}]},{"@type":"ImageObject","inLanguage":"pt-BR","@id":"https:\/\/psol50.org.br\/questionado-por-site-de-noticias-datafolha-admite-imprecisao-em-pesquisa-sobre-temer\/#primaryimage","url":"","contentUrl":""},{"@type":"BreadcrumbList","@id":"https:\/\/psol50.org.br\/questionado-por-site-de-noticias-datafolha-admite-imprecisao-em-pesquisa-sobre-temer\/#breadcrumb","itemListElement":[{"@type":"ListItem","position":1,"name":"In\u00edcio","item":"https:\/\/psol50.org.br\/"},{"@type":"ListItem","position":2,"name":"Questionado por site de not\u00edcias, Datafolha admite imprecis\u00e3o em pesquisa sobre Temer"}]},{"@type":"WebSite","@id":"https:\/\/psol50.org.br\/#website","url":"https:\/\/psol50.org.br\/","name":"PSOL 50","description":"Site oficial do Partido Socialismo e Liberdade","publisher":{"@id":"https:\/\/psol50.org.br\/#organization"},"alternateName":"PSOL50","potentialAction":[{"@type":"SearchAction","target":{"@type":"EntryPoint","urlTemplate":"https:\/\/psol50.org.br\/?s={search_term_string}"},"query-input":{"@type":"PropertyValueSpecification","valueRequired":true,"valueName":"search_term_string"}}],"inLanguage":"pt-BR"},{"@type":"Organization","@id":"https:\/\/psol50.org.br\/#organization","name":"PSOL 50","alternateName":"PSOL 50","url":"https:\/\/psol50.org.br\/","logo":{"@type":"ImageObject","inLanguage":"pt-BR","@id":"https:\/\/psol50.org.br\/#\/schema\/logo\/image\/","url":"https:\/\/psol50.org.br\/inc\/uploads\/2018\/07\/capa.png","contentUrl":"https:\/\/psol50.org.br\/inc\/uploads\/2018\/07\/capa.png","width":1350,"height":900,"caption":"PSOL 50"},"image":{"@id":"https:\/\/psol50.org.br\/#\/schema\/logo\/image\/"},"sameAs":["https:\/\/www.facebook.com\/psol50","https:\/\/x.com\/psol50","https:\/\/www.instagram.com\/psol50\/","https:\/\/www.youtube.com\/channel\/UC7SnJS5o1os7a6CaiNabzcg"]},{"@type":"Person","@id":"https:\/\/psol50.org.br\/#\/schema\/person\/475dfa57d0b815993c714c2e96491fcd","name":"Comunica\u00e7\u00e3o PSOL","image":{"@type":"ImageObject","inLanguage":"pt-BR","@id":"https:\/\/psol50.org.br\/#\/schema\/person\/image\/","url":"https:\/\/secure.gravatar.com\/avatar\/b34fc4f4e468a4e51785917065a3db57b841f5c95dba6ad8c73aaf8f66f8f9bf?s=96&d=mm&r=g","contentUrl":"https:\/\/secure.gravatar.com\/avatar\/b34fc4f4e468a4e51785917065a3db57b841f5c95dba6ad8c73aaf8f66f8f9bf?s=96&d=mm&r=g","caption":"Comunica\u00e7\u00e3o PSOL"}}]}},"_links":{"self":[{"href":"https:\/\/psol50.org.br\/rest\/wp\/v2\/posts\/13172","targetHints":{"allow":["GET"]}}],"collection":[{"href":"https:\/\/psol50.org.br\/rest\/wp\/v2\/posts"}],"about":[{"href":"https:\/\/psol50.org.br\/rest\/wp\/v2\/types\/post"}],"author":[{"embeddable":true,"href":"https:\/\/psol50.org.br\/rest\/wp\/v2\/users\/2"}],"replies":[{"embeddable":true,"href":"https:\/\/psol50.org.br\/rest\/wp\/v2\/comments?post=13172"}],"version-history":[{"count":0,"href":"https:\/\/psol50.org.br\/rest\/wp\/v2\/posts\/13172\/revisions"}],"wp:featuredmedia":[{"embeddable":true,"href":"https:\/\/psol50.org.br\/rest\/"}],"wp:attachment":[{"href":"https:\/\/psol50.org.br\/rest\/wp\/v2\/media?parent=13172"}],"wp:term":[{"taxonomy":"category","embeddable":true,"href":"https:\/\/psol50.org.br\/rest\/wp\/v2\/categories?post=13172"},{"taxonomy":"post_tag","embeddable":true,"href":"https:\/\/psol50.org.br\/rest\/wp\/v2\/tags?post=13172"}],"curies":[{"name":"wp","href":"https:\/\/api.w.org\/{rel}","templated":true}]}}