{"id":13176,"date":"2016-07-21T16:24:52","date_gmt":"2016-07-21T16:24:52","guid":{"rendered":"http:\/\/www.psol50.org.br\/?p=13176"},"modified":"2016-07-21T16:24:52","modified_gmt":"2016-07-21T16:24:52","slug":"novo-presidente-da-camara-quer-votar-este-ano-proposta-que-flexibiliza-direitos-dos-trabalhadores","status":"publish","type":"post","link":"https:\/\/psol50.org.br\/novo-presidente-da-camara-quer-votar-este-ano-proposta-que-flexibiliza-direitos-dos-trabalhadores\/","title":{"rendered":"Presidente da C\u00e2mara quer votar este ano proposta que flexibiliza direitos"},"content":{"rendered":"<p>O novo presidente da C\u00e2mara dos Deputados, Rodrigo Maia (DEM-RJ), eleito no \u00faltimo dia 14 de julho, j\u00e1 disse a que veio. Aliado fiel do presidente interino Michel Temer, o deputado eleito no segundo turno das elei\u00e7\u00f5es na C\u00e2mara com o apoio de v\u00e1rias bancadas, inclusive do PCdoB e de parte do PT, informou, <a href=\"http:\/\/g1.globo.com\/politica\/noticia\/2016\/07\/maia-quer-votar-neste-ano-proposta-que-faz-acordo-prevalecer-sobre-clt.html?utm_source=facebook&amp;utm_medium=social&amp;utm_campaign=g1\" target=\"_blank\" rel=\"noopener\"><strong>em entrevista ao portal G1<\/strong><\/a>, que pretende votar, ainda este ano, uma proposta que permita que negocia\u00e7\u00f5es entre empregados e empregadores se sobreponham \u00e0 CLT (Consolida\u00e7\u00e3o das Leis do Trabalho).<\/p>\n<p>Na pr\u00e1tica, caso seja aprovado, os acordos coletivos firmados entre trabalhadores e patr\u00f5es ter\u00e1 mais for\u00e7a que a legisla\u00e7\u00e3o que rege as leis trabalhistas. Tal medida \u00e9 uma amea\u00e7a cruel aos direitos, considerando que em negocia\u00e7\u00f5es salariais as conven\u00e7\u00f5es ou acordos assinados podem conter retrocessos em rela\u00e7\u00e3o \u00e0 CLT.<\/p>\n<p>Na mesma linha de mexer nos direitos dos trabalhadores, na ter\u00e7a-feira (19), o ministro do Trabalho, Ronaldo Fonseca, disse que o governo pretende encaminhar ao Congresso at\u00e9 o fim do ano propostas de reforma trabalhista e de regulamenta\u00e7\u00e3o do processo de terceiriza\u00e7\u00e3o no pa\u00eds. Segundo o ministro, o projeto de reforma privilegiar\u00e1 a negocia\u00e7\u00e3o coletiva para tratar de temas como sal\u00e1rio e tamanho da jornada dos trabalhadores \u2013 indicando que a CLT poder\u00e1 ser flexibilizada nesse sentido.<\/p>\n<p>Na entrevista ao G1, Maia considerou que a medida representar\u00e1 um \u201cgrande avan\u00e7o\u201d para o Brasil na gera\u00e7\u00e3o de emprego, assim como a aprova\u00e7\u00e3o pelo Senado de um projeto que libera a terceiriza\u00e7\u00e3o para todos os setores. \u201cSe a gente avan\u00e7ar na terceiriza\u00e7\u00e3o no Senado e tratar o negociado sobre o legislado, voc\u00ea j\u00e1 fez muito num tema muito pol\u00eamico. Acho que, nesse curto prazo, isso j\u00e1 seria um grande avan\u00e7o para que o Brasil, para que as empresas pudessem voltar a gerar emprego no Brasil, seria uma boa colabora\u00e7\u00e3o do Legislativo brasileiro\u201d, afirmou Rodrigo Maia.<\/p>\n<p>O projeto de lei 4193, de 2012, em tramita\u00e7\u00e3o na Comiss\u00e3o de Trabalho da C\u00e2mara cont\u00e9m o seguinte artigo: &#8220;As normas de natureza trabalhista, ajustadas mediante conven\u00e7\u00e3o ou acordo coletivo, prevalecem sobre o disposto em lei, desde que n\u00e3o contrariem as normas de ordem constitucional e as normas de higiene, sa\u00fade e seguran\u00e7a do trabalho\u201d.<\/p>\n<p>O PSOL, que, no ano passado, encaminhou voto contr\u00e1rio ao PL 4330 (da terceiriza\u00e7\u00e3o), agora no Senado como PLC 30\/2015, n\u00e3o aceitar\u00e1 que essa proposta avance na C\u00e2mara dos Deputados e atuar\u00e1 para barrar esse e qualquer outro projeto que represente ataque aos direitos dos trabalhadores.<\/p>\n<p>&nbsp;<\/p>\n","protected":false},"excerpt":{"rendered":"<p>O novo presidente da C\u00e2mara dos Deputados, Rodrigo Maia (DEM-RJ), eleito no \u00faltimo dia 14 de julho, j\u00e1 disse a que veio. Aliado fiel do presidente interino Michel Temer, o deputado eleito no segundo turno das elei\u00e7\u00f5es na C\u00e2mara com o apoio de v\u00e1rias bancadas, inclusive do PCdoB e de parte do PT, informou, em [&hellip;]<\/p>\n","protected":false},"author":2,"featured_media":13177,"comment_status":"open","ping_status":"open","sticky":false,"template":"","format":"standard","meta":{"_acf_changed":false,"footnotes":""},"categories":[10,1882,6],"tags":[1709,4410,4411,406,4412,3123,4413,4414,64,2949],"class_list":{"0":"post-13176","1":"post","2":"type-post","3":"status-publish","4":"format-standard","5":"has-post-thumbnail","7":"category-acao-parlamentares","8":"category-brasil","9":"category-noticias","10":"tag-clt","11":"tag-convencao-coletivaa","12":"tag-cordo-coletivo","13":"tag-direitos","14":"tag-flexibilizacao","15":"tag-legislacao-trabalhista","16":"tag-legislado","17":"tag-negociado","18":"tag-rodrigo-maia","19":"tag-terceirizacao"},"acf":[],"yoast_head":"<!-- This site is optimized with the Yoast SEO plugin v26.5 - https:\/\/yoast.com\/wordpress\/plugins\/seo\/ -->\n<title>Presidente da C\u00e2mara quer votar este ano proposta que flexibiliza direitos - PSOL 50<\/title>\n<meta name=\"robots\" content=\"index, follow, max-snippet:-1, max-image-preview:large, max-video-preview:-1\" \/>\n<link rel=\"canonical\" href=\"https:\/\/psol50.org.br\/novo-presidente-da-camara-quer-votar-este-ano-proposta-que-flexibiliza-direitos-dos-trabalhadores\/\" \/>\n<meta property=\"og:locale\" content=\"pt_BR\" \/>\n<meta property=\"og:type\" content=\"article\" \/>\n<meta property=\"og:title\" content=\"Presidente da C\u00e2mara quer votar este ano proposta que flexibiliza direitos - PSOL 50\" \/>\n<meta property=\"og:description\" content=\"O novo presidente da C\u00e2mara dos Deputados, Rodrigo Maia (DEM-RJ), eleito no \u00faltimo dia 14 de julho, j\u00e1 disse a que veio. Aliado fiel do presidente interino Michel Temer, o deputado eleito no segundo turno das elei\u00e7\u00f5es na C\u00e2mara com o apoio de v\u00e1rias bancadas, inclusive do PCdoB e de parte do PT, informou, em [&hellip;]\" \/>\n<meta property=\"og:url\" content=\"https:\/\/psol50.org.br\/novo-presidente-da-camara-quer-votar-este-ano-proposta-que-flexibiliza-direitos-dos-trabalhadores\/\" \/>\n<meta property=\"og:site_name\" content=\"PSOL 50\" \/>\n<meta property=\"article:publisher\" content=\"https:\/\/www.facebook.com\/psol50\" \/>\n<meta property=\"article:published_time\" content=\"2016-07-21T16:24:52+00:00\" \/>\n<meta property=\"og:image\" content=\"https:\/\/psol50.org.br\/inc\/uploads\/2018\/07\/capa.png\" \/>\n\t<meta property=\"og:image:width\" content=\"1350\" \/>\n\t<meta property=\"og:image:height\" content=\"900\" \/>\n\t<meta property=\"og:image:type\" content=\"image\/png\" \/>\n<meta name=\"author\" content=\"Comunica\u00e7\u00e3o PSOL\" \/>\n<meta name=\"twitter:card\" content=\"summary_large_image\" \/>\n<meta name=\"twitter:creator\" content=\"@psol50\" \/>\n<meta name=\"twitter:site\" content=\"@psol50\" \/>\n<meta name=\"twitter:label1\" content=\"Escrito por\" \/>\n\t<meta name=\"twitter:data1\" content=\"Comunica\u00e7\u00e3o PSOL\" \/>\n\t<meta name=\"twitter:label2\" content=\"Est. tempo de leitura\" \/>\n\t<meta name=\"twitter:data2\" content=\"2 minutos\" \/>\n<script type=\"application\/ld+json\" class=\"yoast-schema-graph\">{\"@context\":\"https:\/\/schema.org\",\"@graph\":[{\"@type\":\"Article\",\"@id\":\"https:\/\/psol50.org.br\/novo-presidente-da-camara-quer-votar-este-ano-proposta-que-flexibiliza-direitos-dos-trabalhadores\/#article\",\"isPartOf\":{\"@id\":\"https:\/\/psol50.org.br\/novo-presidente-da-camara-quer-votar-este-ano-proposta-que-flexibiliza-direitos-dos-trabalhadores\/\"},\"author\":{\"name\":\"Comunica\u00e7\u00e3o PSOL\",\"@id\":\"https:\/\/psol50.org.br\/#\/schema\/person\/475dfa57d0b815993c714c2e96491fcd\"},\"headline\":\"Presidente da C\u00e2mara quer votar este ano proposta que flexibiliza direitos\",\"datePublished\":\"2016-07-21T16:24:52+00:00\",\"mainEntityOfPage\":{\"@id\":\"https:\/\/psol50.org.br\/novo-presidente-da-camara-quer-votar-este-ano-proposta-que-flexibiliza-direitos-dos-trabalhadores\/\"},\"wordCount\":451,\"commentCount\":0,\"publisher\":{\"@id\":\"https:\/\/psol50.org.br\/#organization\"},\"image\":{\"@id\":\"https:\/\/psol50.org.br\/novo-presidente-da-camara-quer-votar-este-ano-proposta-que-flexibiliza-direitos-dos-trabalhadores\/#primaryimage\"},\"thumbnailUrl\":\"\",\"keywords\":[\"CLT\",\"conven\u00e7\u00e3o coletivaa\",\"cordo coletivo\",\"direitos\",\"flexibiliza\u00e7\u00e3o\",\"legisla\u00e7\u00e3o trabalhista\",\"legislado\",\"negociado\",\"Rodrigo Maia\",\"terceiriza\u00e7\u00e3o\"],\"articleSection\":[\"A\u00e7\u00e3o Parlamentar\",\"Brasil\",\"Not\u00edcias\"],\"inLanguage\":\"pt-BR\",\"potentialAction\":[{\"@type\":\"CommentAction\",\"name\":\"Comment\",\"target\":[\"https:\/\/psol50.org.br\/novo-presidente-da-camara-quer-votar-este-ano-proposta-que-flexibiliza-direitos-dos-trabalhadores\/#respond\"]}]},{\"@type\":\"WebPage\",\"@id\":\"https:\/\/psol50.org.br\/novo-presidente-da-camara-quer-votar-este-ano-proposta-que-flexibiliza-direitos-dos-trabalhadores\/\",\"url\":\"https:\/\/psol50.org.br\/novo-presidente-da-camara-quer-votar-este-ano-proposta-que-flexibiliza-direitos-dos-trabalhadores\/\",\"name\":\"Presidente da C\u00e2mara quer votar este ano proposta que flexibiliza direitos - PSOL 50\",\"isPartOf\":{\"@id\":\"https:\/\/psol50.org.br\/#website\"},\"primaryImageOfPage\":{\"@id\":\"https:\/\/psol50.org.br\/novo-presidente-da-camara-quer-votar-este-ano-proposta-que-flexibiliza-direitos-dos-trabalhadores\/#primaryimage\"},\"image\":{\"@id\":\"https:\/\/psol50.org.br\/novo-presidente-da-camara-quer-votar-este-ano-proposta-que-flexibiliza-direitos-dos-trabalhadores\/#primaryimage\"},\"thumbnailUrl\":\"\",\"datePublished\":\"2016-07-21T16:24:52+00:00\",\"breadcrumb\":{\"@id\":\"https:\/\/psol50.org.br\/novo-presidente-da-camara-quer-votar-este-ano-proposta-que-flexibiliza-direitos-dos-trabalhadores\/#breadcrumb\"},\"inLanguage\":\"pt-BR\",\"potentialAction\":[{\"@type\":\"ReadAction\",\"target\":[\"https:\/\/psol50.org.br\/novo-presidente-da-camara-quer-votar-este-ano-proposta-que-flexibiliza-direitos-dos-trabalhadores\/\"]}]},{\"@type\":\"ImageObject\",\"inLanguage\":\"pt-BR\",\"@id\":\"https:\/\/psol50.org.br\/novo-presidente-da-camara-quer-votar-este-ano-proposta-que-flexibiliza-direitos-dos-trabalhadores\/#primaryimage\",\"url\":\"\",\"contentUrl\":\"\"},{\"@type\":\"BreadcrumbList\",\"@id\":\"https:\/\/psol50.org.br\/novo-presidente-da-camara-quer-votar-este-ano-proposta-que-flexibiliza-direitos-dos-trabalhadores\/#breadcrumb\",\"itemListElement\":[{\"@type\":\"ListItem\",\"position\":1,\"name\":\"In\u00edcio\",\"item\":\"https:\/\/psol50.org.br\/\"},{\"@type\":\"ListItem\",\"position\":2,\"name\":\"Presidente da C\u00e2mara quer votar este ano proposta que flexibiliza direitos\"}]},{\"@type\":\"WebSite\",\"@id\":\"https:\/\/psol50.org.br\/#website\",\"url\":\"https:\/\/psol50.org.br\/\",\"name\":\"PSOL 50\",\"description\":\"Site oficial do Partido Socialismo e Liberdade\",\"publisher\":{\"@id\":\"https:\/\/psol50.org.br\/#organization\"},\"alternateName\":\"PSOL50\",\"potentialAction\":[{\"@type\":\"SearchAction\",\"target\":{\"@type\":\"EntryPoint\",\"urlTemplate\":\"https:\/\/psol50.org.br\/?s={search_term_string}\"},\"query-input\":{\"@type\":\"PropertyValueSpecification\",\"valueRequired\":true,\"valueName\":\"search_term_string\"}}],\"inLanguage\":\"pt-BR\"},{\"@type\":\"Organization\",\"@id\":\"https:\/\/psol50.org.br\/#organization\",\"name\":\"PSOL 50\",\"alternateName\":\"PSOL 50\",\"url\":\"https:\/\/psol50.org.br\/\",\"logo\":{\"@type\":\"ImageObject\",\"inLanguage\":\"pt-BR\",\"@id\":\"https:\/\/psol50.org.br\/#\/schema\/logo\/image\/\",\"url\":\"https:\/\/psol50.org.br\/inc\/uploads\/2018\/07\/capa.png\",\"contentUrl\":\"https:\/\/psol50.org.br\/inc\/uploads\/2018\/07\/capa.png\",\"width\":1350,\"height\":900,\"caption\":\"PSOL 50\"},\"image\":{\"@id\":\"https:\/\/psol50.org.br\/#\/schema\/logo\/image\/\"},\"sameAs\":[\"https:\/\/www.facebook.com\/psol50\",\"https:\/\/x.com\/psol50\",\"https:\/\/www.instagram.com\/psol50\/\",\"https:\/\/www.youtube.com\/channel\/UC7SnJS5o1os7a6CaiNabzcg\"]},{\"@type\":\"Person\",\"@id\":\"https:\/\/psol50.org.br\/#\/schema\/person\/475dfa57d0b815993c714c2e96491fcd\",\"name\":\"Comunica\u00e7\u00e3o PSOL\",\"image\":{\"@type\":\"ImageObject\",\"inLanguage\":\"pt-BR\",\"@id\":\"https:\/\/psol50.org.br\/#\/schema\/person\/image\/\",\"url\":\"https:\/\/secure.gravatar.com\/avatar\/b34fc4f4e468a4e51785917065a3db57b841f5c95dba6ad8c73aaf8f66f8f9bf?s=96&d=mm&r=g\",\"contentUrl\":\"https:\/\/secure.gravatar.com\/avatar\/b34fc4f4e468a4e51785917065a3db57b841f5c95dba6ad8c73aaf8f66f8f9bf?s=96&d=mm&r=g\",\"caption\":\"Comunica\u00e7\u00e3o PSOL\"}}]}<\/script>\n<!-- \/ Yoast SEO plugin. -->","yoast_head_json":{"title":"Presidente da C\u00e2mara quer votar este ano proposta que flexibiliza direitos - PSOL 50","robots":{"index":"index","follow":"follow","max-snippet":"max-snippet:-1","max-image-preview":"max-image-preview:large","max-video-preview":"max-video-preview:-1"},"canonical":"https:\/\/psol50.org.br\/novo-presidente-da-camara-quer-votar-este-ano-proposta-que-flexibiliza-direitos-dos-trabalhadores\/","og_locale":"pt_BR","og_type":"article","og_title":"Presidente da C\u00e2mara quer votar este ano proposta que flexibiliza direitos - PSOL 50","og_description":"O novo presidente da C\u00e2mara dos Deputados, Rodrigo Maia (DEM-RJ), eleito no \u00faltimo dia 14 de julho, j\u00e1 disse a que veio. Aliado fiel do presidente interino Michel Temer, o deputado eleito no segundo turno das elei\u00e7\u00f5es na C\u00e2mara com o apoio de v\u00e1rias bancadas, inclusive do PCdoB e de parte do PT, informou, em [&hellip;]","og_url":"https:\/\/psol50.org.br\/novo-presidente-da-camara-quer-votar-este-ano-proposta-que-flexibiliza-direitos-dos-trabalhadores\/","og_site_name":"PSOL 50","article_publisher":"https:\/\/www.facebook.com\/psol50","article_published_time":"2016-07-21T16:24:52+00:00","og_image":[{"width":1350,"height":900,"url":"https:\/\/psol50.org.br\/inc\/uploads\/2018\/07\/capa.png","type":"image\/png"}],"author":"Comunica\u00e7\u00e3o PSOL","twitter_card":"summary_large_image","twitter_creator":"@psol50","twitter_site":"@psol50","twitter_misc":{"Escrito por":"Comunica\u00e7\u00e3o PSOL","Est. tempo de leitura":"2 minutos"},"schema":{"@context":"https:\/\/schema.org","@graph":[{"@type":"Article","@id":"https:\/\/psol50.org.br\/novo-presidente-da-camara-quer-votar-este-ano-proposta-que-flexibiliza-direitos-dos-trabalhadores\/#article","isPartOf":{"@id":"https:\/\/psol50.org.br\/novo-presidente-da-camara-quer-votar-este-ano-proposta-que-flexibiliza-direitos-dos-trabalhadores\/"},"author":{"name":"Comunica\u00e7\u00e3o PSOL","@id":"https:\/\/psol50.org.br\/#\/schema\/person\/475dfa57d0b815993c714c2e96491fcd"},"headline":"Presidente da C\u00e2mara quer votar este ano proposta que flexibiliza direitos","datePublished":"2016-07-21T16:24:52+00:00","mainEntityOfPage":{"@id":"https:\/\/psol50.org.br\/novo-presidente-da-camara-quer-votar-este-ano-proposta-que-flexibiliza-direitos-dos-trabalhadores\/"},"wordCount":451,"commentCount":0,"publisher":{"@id":"https:\/\/psol50.org.br\/#organization"},"image":{"@id":"https:\/\/psol50.org.br\/novo-presidente-da-camara-quer-votar-este-ano-proposta-que-flexibiliza-direitos-dos-trabalhadores\/#primaryimage"},"thumbnailUrl":"","keywords":["CLT","conven\u00e7\u00e3o coletivaa","cordo coletivo","direitos","flexibiliza\u00e7\u00e3o","legisla\u00e7\u00e3o trabalhista","legislado","negociado","Rodrigo Maia","terceiriza\u00e7\u00e3o"],"articleSection":["A\u00e7\u00e3o Parlamentar","Brasil","Not\u00edcias"],"inLanguage":"pt-BR","potentialAction":[{"@type":"CommentAction","name":"Comment","target":["https:\/\/psol50.org.br\/novo-presidente-da-camara-quer-votar-este-ano-proposta-que-flexibiliza-direitos-dos-trabalhadores\/#respond"]}]},{"@type":"WebPage","@id":"https:\/\/psol50.org.br\/novo-presidente-da-camara-quer-votar-este-ano-proposta-que-flexibiliza-direitos-dos-trabalhadores\/","url":"https:\/\/psol50.org.br\/novo-presidente-da-camara-quer-votar-este-ano-proposta-que-flexibiliza-direitos-dos-trabalhadores\/","name":"Presidente da C\u00e2mara quer votar este ano proposta que flexibiliza direitos - PSOL 50","isPartOf":{"@id":"https:\/\/psol50.org.br\/#website"},"primaryImageOfPage":{"@id":"https:\/\/psol50.org.br\/novo-presidente-da-camara-quer-votar-este-ano-proposta-que-flexibiliza-direitos-dos-trabalhadores\/#primaryimage"},"image":{"@id":"https:\/\/psol50.org.br\/novo-presidente-da-camara-quer-votar-este-ano-proposta-que-flexibiliza-direitos-dos-trabalhadores\/#primaryimage"},"thumbnailUrl":"","datePublished":"2016-07-21T16:24:52+00:00","breadcrumb":{"@id":"https:\/\/psol50.org.br\/novo-presidente-da-camara-quer-votar-este-ano-proposta-que-flexibiliza-direitos-dos-trabalhadores\/#breadcrumb"},"inLanguage":"pt-BR","potentialAction":[{"@type":"ReadAction","target":["https:\/\/psol50.org.br\/novo-presidente-da-camara-quer-votar-este-ano-proposta-que-flexibiliza-direitos-dos-trabalhadores\/"]}]},{"@type":"ImageObject","inLanguage":"pt-BR","@id":"https:\/\/psol50.org.br\/novo-presidente-da-camara-quer-votar-este-ano-proposta-que-flexibiliza-direitos-dos-trabalhadores\/#primaryimage","url":"","contentUrl":""},{"@type":"BreadcrumbList","@id":"https:\/\/psol50.org.br\/novo-presidente-da-camara-quer-votar-este-ano-proposta-que-flexibiliza-direitos-dos-trabalhadores\/#breadcrumb","itemListElement":[{"@type":"ListItem","position":1,"name":"In\u00edcio","item":"https:\/\/psol50.org.br\/"},{"@type":"ListItem","position":2,"name":"Presidente da C\u00e2mara quer votar este ano proposta que flexibiliza direitos"}]},{"@type":"WebSite","@id":"https:\/\/psol50.org.br\/#website","url":"https:\/\/psol50.org.br\/","name":"PSOL 50","description":"Site oficial do Partido Socialismo e Liberdade","publisher":{"@id":"https:\/\/psol50.org.br\/#organization"},"alternateName":"PSOL50","potentialAction":[{"@type":"SearchAction","target":{"@type":"EntryPoint","urlTemplate":"https:\/\/psol50.org.br\/?s={search_term_string}"},"query-input":{"@type":"PropertyValueSpecification","valueRequired":true,"valueName":"search_term_string"}}],"inLanguage":"pt-BR"},{"@type":"Organization","@id":"https:\/\/psol50.org.br\/#organization","name":"PSOL 50","alternateName":"PSOL 50","url":"https:\/\/psol50.org.br\/","logo":{"@type":"ImageObject","inLanguage":"pt-BR","@id":"https:\/\/psol50.org.br\/#\/schema\/logo\/image\/","url":"https:\/\/psol50.org.br\/inc\/uploads\/2018\/07\/capa.png","contentUrl":"https:\/\/psol50.org.br\/inc\/uploads\/2018\/07\/capa.png","width":1350,"height":900,"caption":"PSOL 50"},"image":{"@id":"https:\/\/psol50.org.br\/#\/schema\/logo\/image\/"},"sameAs":["https:\/\/www.facebook.com\/psol50","https:\/\/x.com\/psol50","https:\/\/www.instagram.com\/psol50\/","https:\/\/www.youtube.com\/channel\/UC7SnJS5o1os7a6CaiNabzcg"]},{"@type":"Person","@id":"https:\/\/psol50.org.br\/#\/schema\/person\/475dfa57d0b815993c714c2e96491fcd","name":"Comunica\u00e7\u00e3o PSOL","image":{"@type":"ImageObject","inLanguage":"pt-BR","@id":"https:\/\/psol50.org.br\/#\/schema\/person\/image\/","url":"https:\/\/secure.gravatar.com\/avatar\/b34fc4f4e468a4e51785917065a3db57b841f5c95dba6ad8c73aaf8f66f8f9bf?s=96&d=mm&r=g","contentUrl":"https:\/\/secure.gravatar.com\/avatar\/b34fc4f4e468a4e51785917065a3db57b841f5c95dba6ad8c73aaf8f66f8f9bf?s=96&d=mm&r=g","caption":"Comunica\u00e7\u00e3o PSOL"}}]}},"_links":{"self":[{"href":"https:\/\/psol50.org.br\/rest\/wp\/v2\/posts\/13176","targetHints":{"allow":["GET"]}}],"collection":[{"href":"https:\/\/psol50.org.br\/rest\/wp\/v2\/posts"}],"about":[{"href":"https:\/\/psol50.org.br\/rest\/wp\/v2\/types\/post"}],"author":[{"embeddable":true,"href":"https:\/\/psol50.org.br\/rest\/wp\/v2\/users\/2"}],"replies":[{"embeddable":true,"href":"https:\/\/psol50.org.br\/rest\/wp\/v2\/comments?post=13176"}],"version-history":[{"count":0,"href":"https:\/\/psol50.org.br\/rest\/wp\/v2\/posts\/13176\/revisions"}],"wp:featuredmedia":[{"embeddable":true,"href":"https:\/\/psol50.org.br\/rest\/"}],"wp:attachment":[{"href":"https:\/\/psol50.org.br\/rest\/wp\/v2\/media?parent=13176"}],"wp:term":[{"taxonomy":"category","embeddable":true,"href":"https:\/\/psol50.org.br\/rest\/wp\/v2\/categories?post=13176"},{"taxonomy":"post_tag","embeddable":true,"href":"https:\/\/psol50.org.br\/rest\/wp\/v2\/tags?post=13176"}],"curies":[{"name":"wp","href":"https:\/\/api.w.org\/{rel}","templated":true}]}}