{"id":13201,"date":"2016-07-26T14:42:12","date_gmt":"2016-07-26T14:42:12","guid":{"rendered":"http:\/\/www.psol50.org.br\/?p=13201"},"modified":"2016-07-26T14:42:12","modified_gmt":"2016-07-26T14:42:12","slug":"convencao-do-psol-oficializa-nome-de-luciana-genro-para-disputar-prefeitura-de-porto-alegre","status":"publish","type":"post","link":"https:\/\/psol50.org.br\/convencao-do-psol-oficializa-nome-de-luciana-genro-para-disputar-prefeitura-de-porto-alegre\/","title":{"rendered":"Conven\u00e7\u00e3o do PSOL confirma Luciana Genro para disputar prefeitura de Porto Alegre"},"content":{"rendered":"<p>O PSOL de Porto Alegre realizou no domingo (24\/07) sua conven\u00e7\u00e3o partid\u00e1ria, que oficializou o nome de Luciana Genro como pr\u00e9-candidata \u00e0 prefeitura da cidade. O evento ocorreu no audit\u00f3rio Dante Barone, na Assembleia Legislativa, e contou com a presen\u00e7a do dirigente Roberto Robaina, do deputado Pedro Ruas, do presidente nacional do partido, Luiz Ara\u00fajo, do jornalista Glenn Greenwald, do fil\u00f3sofo Vladimir Safatle, do porta-voz municipal da Rede Sustentabilidade, Daniel Pereira, do dirigente nacional do PPL, M\u00e1rcio Cabreira, do representante do PSTU, J\u00falio Flores, da jornalista K\u00e1tia Suman, do militante LGBT David Miranda e da militante do movimento negro, Kassiele Nascimento.<\/p>\n<p>O audit\u00f3rio Dante Barone ficou lotado de militantes, apoiadores e simpatizantes da pr\u00e9-candidatura de Luciana Genro. Ao todo, mais de mil pessoas passaram pelo local, que foi coberto de faixas e cartazes em refer\u00eancia a pautas importantes para a esquerda, como os direitos das mulheres, dos negros e dos LGBTs, al\u00e9m da luta por moradia digna e por democracia real.<\/p>\n<p>Todos os integrantes da mesa tiveram a possibilidade de discursar no evento, que foi comandado por Roberto Robaina. O jornalista Glenn Greenwald contou como conheceu Luciana, durante as elei\u00e7\u00f5es presidenciais de 2014. \u201cN\u00e3o estou acostumado a falar bem de pol\u00edticos, mas a Luciana \u00e9 uma grande exce\u00e7\u00e3o\u201d, disse. Ele ainda comentou que, caso o PSOL ven\u00e7a em Porto Alegre, vai considerar se mudar para a cidade junto com seu marido, David Miranda. \u201cQualquer cidade que tenha uma prefeita como a Luciana ser\u00e1 uma cidade \u00f3tima\u201d, elogiou.<\/p>\n<p>Com uma fala que empolgou o audit\u00f3rio, o presidente do PSOL ga\u00facho, Israel Dutra, disse que a elei\u00e7\u00e3o em Porto Alegre, com Luciana Genro \u00e0 frente nas pesquisas, \u201c\u00e9 a chance de inaugurar um novo ciclo na hist\u00f3ria de lutas do Brasil e de romper com o desencanto\u201d. J\u00e1 o presidente nacional do partido, Luiz Ara\u00fajo, frisou que \u201ccada candidatura do PSOL \u00e9 um instrumento de luta do povo para impedir a retirada de direitos implementada por este governo ileg\u00edtimo\u201d, referindo-se ao presidente interino Michel Temer (PMDB). Ele ressaltou ainda que Porto Alegre \u00e9 uma das prioridades do partido em n\u00edvel nacional. \u201cA energia que estou sentindo aqui mostra que estamos no caminho certo. Essa \u00e9 a vez do PSOL, de Luciana e do povo come\u00e7ar a mudar o Brasil pelas cidades\u201d, concluiu.<\/p>\n<p>O deputado estadual Pedro Ruas teve a miss\u00e3o de encaminhar a fala de Luciana Genro, a \u00faltima a ser feita durante a conven\u00e7\u00e3o do PSOL de Porto Alegre. O parlamentar comentou que \u201cnos 11 anos de PSOL, nunca tivemos um momento t\u00e3o importante e n\u00e3o sei se voltaremos a ter\u201d, em refer\u00eancia \u00e0 possibilidade concreta de vit\u00f3ria na disputa pela prefeitura.<\/p>\n<p>Antes de iniciar seu pronunciamento, Luciana foi aclamada por unanimidade pela conven\u00e7\u00e3o como a candidata do PSOL \u00e0 prefeitura de Porto Alegre. Emocionada, ela fez uma retrospectiva de sua trajet\u00f3ria pol\u00edtica, recordando sua expuls\u00e3o do PT, em dezembro de 2003, seguida pela cria\u00e7\u00e3o do PSOL, em 2004, \u201cmostrando que a esquerda n\u00e3o iria afundar junto com o PT\u201d.<\/p>\n<p>\u201cSomos movidos pela ideia de que os nossos sonhos podem governar\u201d, disse, ao falar sobre a constru\u00e7\u00e3o do programa de governo, com propostas inovadoras para a sa\u00fade e a seguran\u00e7a, elaborado ap\u00f3s muitas reuni\u00f5es com trabalhadores das mais diversas \u00e1reas do munic\u00edpio. \u201cNos reunimos com os rodovi\u00e1rios, com os fiscais da EPTC, com os guardas municipais, com os estudantes, com ativistas pelo direito \u00e0 cidade, com mulheres e LGBTs\u201d, comentou Luciana.<\/p>\n<p><a href=\"https:\/\/compartilheamudanca.com.br\/1003-convencao-do-psol-oficializa-nome-de-luciana-genro-para-prefeitura-de-porto-alegre\/\" target=\"_blank\" rel=\"noopener\"><strong>Leia aqui o texto completo sobre a conven\u00e7\u00e3o municipal do PSOL de Porto Alegre<\/strong><\/a>.<\/p>\n","protected":false},"excerpt":{"rendered":"<p>O PSOL de Porto Alegre realizou no domingo (24\/07) sua conven\u00e7\u00e3o partid\u00e1ria, que oficializou o nome de Luciana Genro como pr\u00e9-candidata \u00e0 prefeitura da cidade. O evento ocorreu no audit\u00f3rio Dante Barone, na Assembleia Legislativa, e contou com a presen\u00e7a do dirigente Roberto Robaina, do deputado Pedro Ruas, do presidente nacional do partido, Luiz Ara\u00fajo, [&hellip;]<\/p>\n","protected":false},"author":2,"featured_media":13202,"comment_status":"open","ping_status":"open","sticky":false,"template":"","format":"standard","meta":{"_acf_changed":false,"footnotes":""},"categories":[2833,654,6,14],"tags":[4418,81,1454,2174,1801,3327,748,2524,345,22,4419,2451],"class_list":{"0":"post-13201","1":"post","2":"type-post","3":"status-publish","4":"format-standard","5":"has-post-thumbnail","7":"category-eleicoes-2016","8":"category-estados","9":"category-noticias","10":"category-partido","11":"tag-convencao-municipal","12":"tag-glenn-greenwald","13":"tag-israel-dutra","14":"tag-luciana-genro","15":"tag-luiz-araujo","16":"tag-pedro-ruas","17":"tag-porto-alegre","18":"tag-pre-candidatura","19":"tag-prefeitura","20":"tag-psol","21":"tag-psol-porto-alegre","22":"tag-roberto-robaina"},"acf":[],"yoast_head":"<!-- This site is optimized with the Yoast SEO plugin v26.5 - https:\/\/yoast.com\/wordpress\/plugins\/seo\/ -->\n<title>Conven\u00e7\u00e3o do PSOL confirma Luciana Genro para disputar prefeitura de Porto Alegre - PSOL 50<\/title>\n<meta name=\"robots\" content=\"index, follow, max-snippet:-1, max-image-preview:large, max-video-preview:-1\" \/>\n<link rel=\"canonical\" href=\"https:\/\/psol50.org.br\/convencao-do-psol-oficializa-nome-de-luciana-genro-para-disputar-prefeitura-de-porto-alegre\/\" \/>\n<meta property=\"og:locale\" content=\"pt_BR\" \/>\n<meta property=\"og:type\" content=\"article\" \/>\n<meta property=\"og:title\" content=\"Conven\u00e7\u00e3o do PSOL confirma Luciana Genro para disputar prefeitura de Porto Alegre - PSOL 50\" \/>\n<meta property=\"og:description\" content=\"O PSOL de Porto Alegre realizou no domingo (24\/07) sua conven\u00e7\u00e3o partid\u00e1ria, que oficializou o nome de Luciana Genro como pr\u00e9-candidata \u00e0 prefeitura da cidade. O evento ocorreu no audit\u00f3rio Dante Barone, na Assembleia Legislativa, e contou com a presen\u00e7a do dirigente Roberto Robaina, do deputado Pedro Ruas, do presidente nacional do partido, Luiz Ara\u00fajo, [&hellip;]\" \/>\n<meta property=\"og:url\" content=\"https:\/\/psol50.org.br\/convencao-do-psol-oficializa-nome-de-luciana-genro-para-disputar-prefeitura-de-porto-alegre\/\" \/>\n<meta property=\"og:site_name\" content=\"PSOL 50\" \/>\n<meta property=\"article:publisher\" content=\"https:\/\/www.facebook.com\/psol50\" \/>\n<meta property=\"article:published_time\" content=\"2016-07-26T14:42:12+00:00\" \/>\n<meta property=\"og:image\" content=\"https:\/\/psol50.org.br\/inc\/uploads\/2016\/07\/Convencao-PSOL-POA-Fernanda-Piccolo.jpg\" \/>\n\t<meta property=\"og:image:width\" content=\"1350\" \/>\n\t<meta property=\"og:image:height\" content=\"900\" \/>\n\t<meta property=\"og:image:type\" content=\"image\/jpeg\" \/>\n<meta name=\"author\" content=\"Comunica\u00e7\u00e3o PSOL\" \/>\n<meta name=\"twitter:card\" content=\"summary_large_image\" \/>\n<meta name=\"twitter:creator\" content=\"@psol50\" \/>\n<meta name=\"twitter:site\" content=\"@psol50\" \/>\n<meta name=\"twitter:label1\" content=\"Escrito por\" \/>\n\t<meta name=\"twitter:data1\" content=\"Comunica\u00e7\u00e3o PSOL\" \/>\n\t<meta name=\"twitter:label2\" content=\"Est. tempo de leitura\" \/>\n\t<meta name=\"twitter:data2\" content=\"3 minutos\" \/>\n<script type=\"application\/ld+json\" class=\"yoast-schema-graph\">{\"@context\":\"https:\/\/schema.org\",\"@graph\":[{\"@type\":\"Article\",\"@id\":\"https:\/\/psol50.org.br\/convencao-do-psol-oficializa-nome-de-luciana-genro-para-disputar-prefeitura-de-porto-alegre\/#article\",\"isPartOf\":{\"@id\":\"https:\/\/psol50.org.br\/convencao-do-psol-oficializa-nome-de-luciana-genro-para-disputar-prefeitura-de-porto-alegre\/\"},\"author\":{\"name\":\"Comunica\u00e7\u00e3o PSOL\",\"@id\":\"https:\/\/psol50.org.br\/#\/schema\/person\/475dfa57d0b815993c714c2e96491fcd\"},\"headline\":\"Conven\u00e7\u00e3o do PSOL confirma Luciana Genro para disputar prefeitura de Porto Alegre\",\"datePublished\":\"2016-07-26T14:42:12+00:00\",\"mainEntityOfPage\":{\"@id\":\"https:\/\/psol50.org.br\/convencao-do-psol-oficializa-nome-de-luciana-genro-para-disputar-prefeitura-de-porto-alegre\/\"},\"wordCount\":629,\"commentCount\":0,\"publisher\":{\"@id\":\"https:\/\/psol50.org.br\/#organization\"},\"image\":{\"@id\":\"https:\/\/psol50.org.br\/convencao-do-psol-oficializa-nome-de-luciana-genro-para-disputar-prefeitura-de-porto-alegre\/#primaryimage\"},\"thumbnailUrl\":\"https:\/\/psol50.org.br\/inc\/uploads\/2016\/07\/Convencao-PSOL-POA-Fernanda-Piccolo.jpg\",\"keywords\":[\"Conven\u00e7\u00e3o Municipal\",\"Glenn Greenwald\",\"Israel Dutra\",\"Luciana Genro\",\"Luiz Ara\u00fajo\",\"Pedro Ruas\",\"Porto Alegre\",\"pr\u00e9-candidatura\",\"prefeitura\",\"PSOL\",\"PSOL Porto Alegre\",\"Roberto Robaina\"],\"articleSection\":[\"ELEI\u00c7\u00d5ES 2016\",\"Estados\",\"Not\u00edcias\",\"Partido\"],\"inLanguage\":\"pt-BR\",\"potentialAction\":[{\"@type\":\"CommentAction\",\"name\":\"Comment\",\"target\":[\"https:\/\/psol50.org.br\/convencao-do-psol-oficializa-nome-de-luciana-genro-para-disputar-prefeitura-de-porto-alegre\/#respond\"]}]},{\"@type\":\"WebPage\",\"@id\":\"https:\/\/psol50.org.br\/convencao-do-psol-oficializa-nome-de-luciana-genro-para-disputar-prefeitura-de-porto-alegre\/\",\"url\":\"https:\/\/psol50.org.br\/convencao-do-psol-oficializa-nome-de-luciana-genro-para-disputar-prefeitura-de-porto-alegre\/\",\"name\":\"Conven\u00e7\u00e3o do PSOL confirma Luciana Genro para disputar prefeitura de Porto Alegre - PSOL 50\",\"isPartOf\":{\"@id\":\"https:\/\/psol50.org.br\/#website\"},\"primaryImageOfPage\":{\"@id\":\"https:\/\/psol50.org.br\/convencao-do-psol-oficializa-nome-de-luciana-genro-para-disputar-prefeitura-de-porto-alegre\/#primaryimage\"},\"image\":{\"@id\":\"https:\/\/psol50.org.br\/convencao-do-psol-oficializa-nome-de-luciana-genro-para-disputar-prefeitura-de-porto-alegre\/#primaryimage\"},\"thumbnailUrl\":\"https:\/\/psol50.org.br\/inc\/uploads\/2016\/07\/Convencao-PSOL-POA-Fernanda-Piccolo.jpg\",\"datePublished\":\"2016-07-26T14:42:12+00:00\",\"breadcrumb\":{\"@id\":\"https:\/\/psol50.org.br\/convencao-do-psol-oficializa-nome-de-luciana-genro-para-disputar-prefeitura-de-porto-alegre\/#breadcrumb\"},\"inLanguage\":\"pt-BR\",\"potentialAction\":[{\"@type\":\"ReadAction\",\"target\":[\"https:\/\/psol50.org.br\/convencao-do-psol-oficializa-nome-de-luciana-genro-para-disputar-prefeitura-de-porto-alegre\/\"]}]},{\"@type\":\"ImageObject\",\"inLanguage\":\"pt-BR\",\"@id\":\"https:\/\/psol50.org.br\/convencao-do-psol-oficializa-nome-de-luciana-genro-para-disputar-prefeitura-de-porto-alegre\/#primaryimage\",\"url\":\"https:\/\/psol50.org.br\/inc\/uploads\/2016\/07\/Convencao-PSOL-POA-Fernanda-Piccolo.jpg\",\"contentUrl\":\"https:\/\/psol50.org.br\/inc\/uploads\/2016\/07\/Convencao-PSOL-POA-Fernanda-Piccolo.jpg\",\"width\":1350,\"height\":900},{\"@type\":\"BreadcrumbList\",\"@id\":\"https:\/\/psol50.org.br\/convencao-do-psol-oficializa-nome-de-luciana-genro-para-disputar-prefeitura-de-porto-alegre\/#breadcrumb\",\"itemListElement\":[{\"@type\":\"ListItem\",\"position\":1,\"name\":\"In\u00edcio\",\"item\":\"https:\/\/psol50.org.br\/\"},{\"@type\":\"ListItem\",\"position\":2,\"name\":\"Conven\u00e7\u00e3o do PSOL confirma Luciana Genro para disputar prefeitura de Porto Alegre\"}]},{\"@type\":\"WebSite\",\"@id\":\"https:\/\/psol50.org.br\/#website\",\"url\":\"https:\/\/psol50.org.br\/\",\"name\":\"PSOL 50\",\"description\":\"Site oficial do Partido Socialismo e Liberdade\",\"publisher\":{\"@id\":\"https:\/\/psol50.org.br\/#organization\"},\"alternateName\":\"PSOL50\",\"potentialAction\":[{\"@type\":\"SearchAction\",\"target\":{\"@type\":\"EntryPoint\",\"urlTemplate\":\"https:\/\/psol50.org.br\/?s={search_term_string}\"},\"query-input\":{\"@type\":\"PropertyValueSpecification\",\"valueRequired\":true,\"valueName\":\"search_term_string\"}}],\"inLanguage\":\"pt-BR\"},{\"@type\":\"Organization\",\"@id\":\"https:\/\/psol50.org.br\/#organization\",\"name\":\"PSOL 50\",\"alternateName\":\"PSOL 50\",\"url\":\"https:\/\/psol50.org.br\/\",\"logo\":{\"@type\":\"ImageObject\",\"inLanguage\":\"pt-BR\",\"@id\":\"https:\/\/psol50.org.br\/#\/schema\/logo\/image\/\",\"url\":\"https:\/\/psol50.org.br\/inc\/uploads\/2018\/07\/capa.png\",\"contentUrl\":\"https:\/\/psol50.org.br\/inc\/uploads\/2018\/07\/capa.png\",\"width\":1350,\"height\":900,\"caption\":\"PSOL 50\"},\"image\":{\"@id\":\"https:\/\/psol50.org.br\/#\/schema\/logo\/image\/\"},\"sameAs\":[\"https:\/\/www.facebook.com\/psol50\",\"https:\/\/x.com\/psol50\",\"https:\/\/www.instagram.com\/psol50\/\",\"https:\/\/www.youtube.com\/channel\/UC7SnJS5o1os7a6CaiNabzcg\"]},{\"@type\":\"Person\",\"@id\":\"https:\/\/psol50.org.br\/#\/schema\/person\/475dfa57d0b815993c714c2e96491fcd\",\"name\":\"Comunica\u00e7\u00e3o PSOL\",\"image\":{\"@type\":\"ImageObject\",\"inLanguage\":\"pt-BR\",\"@id\":\"https:\/\/psol50.org.br\/#\/schema\/person\/image\/\",\"url\":\"https:\/\/secure.gravatar.com\/avatar\/b34fc4f4e468a4e51785917065a3db57b841f5c95dba6ad8c73aaf8f66f8f9bf?s=96&d=mm&r=g\",\"contentUrl\":\"https:\/\/secure.gravatar.com\/avatar\/b34fc4f4e468a4e51785917065a3db57b841f5c95dba6ad8c73aaf8f66f8f9bf?s=96&d=mm&r=g\",\"caption\":\"Comunica\u00e7\u00e3o PSOL\"}}]}<\/script>\n<!-- \/ Yoast SEO plugin. -->","yoast_head_json":{"title":"Conven\u00e7\u00e3o do PSOL confirma Luciana Genro para disputar prefeitura de Porto Alegre - PSOL 50","robots":{"index":"index","follow":"follow","max-snippet":"max-snippet:-1","max-image-preview":"max-image-preview:large","max-video-preview":"max-video-preview:-1"},"canonical":"https:\/\/psol50.org.br\/convencao-do-psol-oficializa-nome-de-luciana-genro-para-disputar-prefeitura-de-porto-alegre\/","og_locale":"pt_BR","og_type":"article","og_title":"Conven\u00e7\u00e3o do PSOL confirma Luciana Genro para disputar prefeitura de Porto Alegre - PSOL 50","og_description":"O PSOL de Porto Alegre realizou no domingo (24\/07) sua conven\u00e7\u00e3o partid\u00e1ria, que oficializou o nome de Luciana Genro como pr\u00e9-candidata \u00e0 prefeitura da cidade. O evento ocorreu no audit\u00f3rio Dante Barone, na Assembleia Legislativa, e contou com a presen\u00e7a do dirigente Roberto Robaina, do deputado Pedro Ruas, do presidente nacional do partido, Luiz Ara\u00fajo, [&hellip;]","og_url":"https:\/\/psol50.org.br\/convencao-do-psol-oficializa-nome-de-luciana-genro-para-disputar-prefeitura-de-porto-alegre\/","og_site_name":"PSOL 50","article_publisher":"https:\/\/www.facebook.com\/psol50","article_published_time":"2016-07-26T14:42:12+00:00","og_image":[{"width":1350,"height":900,"url":"https:\/\/psol50.org.br\/inc\/uploads\/2016\/07\/Convencao-PSOL-POA-Fernanda-Piccolo.jpg","type":"image\/jpeg"}],"author":"Comunica\u00e7\u00e3o PSOL","twitter_card":"summary_large_image","twitter_creator":"@psol50","twitter_site":"@psol50","twitter_misc":{"Escrito por":"Comunica\u00e7\u00e3o PSOL","Est. tempo de leitura":"3 minutos"},"schema":{"@context":"https:\/\/schema.org","@graph":[{"@type":"Article","@id":"https:\/\/psol50.org.br\/convencao-do-psol-oficializa-nome-de-luciana-genro-para-disputar-prefeitura-de-porto-alegre\/#article","isPartOf":{"@id":"https:\/\/psol50.org.br\/convencao-do-psol-oficializa-nome-de-luciana-genro-para-disputar-prefeitura-de-porto-alegre\/"},"author":{"name":"Comunica\u00e7\u00e3o PSOL","@id":"https:\/\/psol50.org.br\/#\/schema\/person\/475dfa57d0b815993c714c2e96491fcd"},"headline":"Conven\u00e7\u00e3o do PSOL confirma Luciana Genro para disputar prefeitura de Porto Alegre","datePublished":"2016-07-26T14:42:12+00:00","mainEntityOfPage":{"@id":"https:\/\/psol50.org.br\/convencao-do-psol-oficializa-nome-de-luciana-genro-para-disputar-prefeitura-de-porto-alegre\/"},"wordCount":629,"commentCount":0,"publisher":{"@id":"https:\/\/psol50.org.br\/#organization"},"image":{"@id":"https:\/\/psol50.org.br\/convencao-do-psol-oficializa-nome-de-luciana-genro-para-disputar-prefeitura-de-porto-alegre\/#primaryimage"},"thumbnailUrl":"https:\/\/psol50.org.br\/inc\/uploads\/2016\/07\/Convencao-PSOL-POA-Fernanda-Piccolo.jpg","keywords":["Conven\u00e7\u00e3o Municipal","Glenn Greenwald","Israel Dutra","Luciana Genro","Luiz Ara\u00fajo","Pedro Ruas","Porto Alegre","pr\u00e9-candidatura","prefeitura","PSOL","PSOL Porto Alegre","Roberto Robaina"],"articleSection":["ELEI\u00c7\u00d5ES 2016","Estados","Not\u00edcias","Partido"],"inLanguage":"pt-BR","potentialAction":[{"@type":"CommentAction","name":"Comment","target":["https:\/\/psol50.org.br\/convencao-do-psol-oficializa-nome-de-luciana-genro-para-disputar-prefeitura-de-porto-alegre\/#respond"]}]},{"@type":"WebPage","@id":"https:\/\/psol50.org.br\/convencao-do-psol-oficializa-nome-de-luciana-genro-para-disputar-prefeitura-de-porto-alegre\/","url":"https:\/\/psol50.org.br\/convencao-do-psol-oficializa-nome-de-luciana-genro-para-disputar-prefeitura-de-porto-alegre\/","name":"Conven\u00e7\u00e3o do PSOL confirma Luciana Genro para disputar prefeitura de Porto Alegre - PSOL 50","isPartOf":{"@id":"https:\/\/psol50.org.br\/#website"},"primaryImageOfPage":{"@id":"https:\/\/psol50.org.br\/convencao-do-psol-oficializa-nome-de-luciana-genro-para-disputar-prefeitura-de-porto-alegre\/#primaryimage"},"image":{"@id":"https:\/\/psol50.org.br\/convencao-do-psol-oficializa-nome-de-luciana-genro-para-disputar-prefeitura-de-porto-alegre\/#primaryimage"},"thumbnailUrl":"https:\/\/psol50.org.br\/inc\/uploads\/2016\/07\/Convencao-PSOL-POA-Fernanda-Piccolo.jpg","datePublished":"2016-07-26T14:42:12+00:00","breadcrumb":{"@id":"https:\/\/psol50.org.br\/convencao-do-psol-oficializa-nome-de-luciana-genro-para-disputar-prefeitura-de-porto-alegre\/#breadcrumb"},"inLanguage":"pt-BR","potentialAction":[{"@type":"ReadAction","target":["https:\/\/psol50.org.br\/convencao-do-psol-oficializa-nome-de-luciana-genro-para-disputar-prefeitura-de-porto-alegre\/"]}]},{"@type":"ImageObject","inLanguage":"pt-BR","@id":"https:\/\/psol50.org.br\/convencao-do-psol-oficializa-nome-de-luciana-genro-para-disputar-prefeitura-de-porto-alegre\/#primaryimage","url":"https:\/\/psol50.org.br\/inc\/uploads\/2016\/07\/Convencao-PSOL-POA-Fernanda-Piccolo.jpg","contentUrl":"https:\/\/psol50.org.br\/inc\/uploads\/2016\/07\/Convencao-PSOL-POA-Fernanda-Piccolo.jpg","width":1350,"height":900},{"@type":"BreadcrumbList","@id":"https:\/\/psol50.org.br\/convencao-do-psol-oficializa-nome-de-luciana-genro-para-disputar-prefeitura-de-porto-alegre\/#breadcrumb","itemListElement":[{"@type":"ListItem","position":1,"name":"In\u00edcio","item":"https:\/\/psol50.org.br\/"},{"@type":"ListItem","position":2,"name":"Conven\u00e7\u00e3o do PSOL confirma Luciana Genro para disputar prefeitura de Porto Alegre"}]},{"@type":"WebSite","@id":"https:\/\/psol50.org.br\/#website","url":"https:\/\/psol50.org.br\/","name":"PSOL 50","description":"Site oficial do Partido Socialismo e Liberdade","publisher":{"@id":"https:\/\/psol50.org.br\/#organization"},"alternateName":"PSOL50","potentialAction":[{"@type":"SearchAction","target":{"@type":"EntryPoint","urlTemplate":"https:\/\/psol50.org.br\/?s={search_term_string}"},"query-input":{"@type":"PropertyValueSpecification","valueRequired":true,"valueName":"search_term_string"}}],"inLanguage":"pt-BR"},{"@type":"Organization","@id":"https:\/\/psol50.org.br\/#organization","name":"PSOL 50","alternateName":"PSOL 50","url":"https:\/\/psol50.org.br\/","logo":{"@type":"ImageObject","inLanguage":"pt-BR","@id":"https:\/\/psol50.org.br\/#\/schema\/logo\/image\/","url":"https:\/\/psol50.org.br\/inc\/uploads\/2018\/07\/capa.png","contentUrl":"https:\/\/psol50.org.br\/inc\/uploads\/2018\/07\/capa.png","width":1350,"height":900,"caption":"PSOL 50"},"image":{"@id":"https:\/\/psol50.org.br\/#\/schema\/logo\/image\/"},"sameAs":["https:\/\/www.facebook.com\/psol50","https:\/\/x.com\/psol50","https:\/\/www.instagram.com\/psol50\/","https:\/\/www.youtube.com\/channel\/UC7SnJS5o1os7a6CaiNabzcg"]},{"@type":"Person","@id":"https:\/\/psol50.org.br\/#\/schema\/person\/475dfa57d0b815993c714c2e96491fcd","name":"Comunica\u00e7\u00e3o PSOL","image":{"@type":"ImageObject","inLanguage":"pt-BR","@id":"https:\/\/psol50.org.br\/#\/schema\/person\/image\/","url":"https:\/\/secure.gravatar.com\/avatar\/b34fc4f4e468a4e51785917065a3db57b841f5c95dba6ad8c73aaf8f66f8f9bf?s=96&d=mm&r=g","contentUrl":"https:\/\/secure.gravatar.com\/avatar\/b34fc4f4e468a4e51785917065a3db57b841f5c95dba6ad8c73aaf8f66f8f9bf?s=96&d=mm&r=g","caption":"Comunica\u00e7\u00e3o PSOL"}}]}},"_links":{"self":[{"href":"https:\/\/psol50.org.br\/rest\/wp\/v2\/posts\/13201","targetHints":{"allow":["GET"]}}],"collection":[{"href":"https:\/\/psol50.org.br\/rest\/wp\/v2\/posts"}],"about":[{"href":"https:\/\/psol50.org.br\/rest\/wp\/v2\/types\/post"}],"author":[{"embeddable":true,"href":"https:\/\/psol50.org.br\/rest\/wp\/v2\/users\/2"}],"replies":[{"embeddable":true,"href":"https:\/\/psol50.org.br\/rest\/wp\/v2\/comments?post=13201"}],"version-history":[{"count":0,"href":"https:\/\/psol50.org.br\/rest\/wp\/v2\/posts\/13201\/revisions"}],"wp:featuredmedia":[{"embeddable":true,"href":"https:\/\/psol50.org.br\/rest\/wp\/v2\/media\/13202"}],"wp:attachment":[{"href":"https:\/\/psol50.org.br\/rest\/wp\/v2\/media?parent=13201"}],"wp:term":[{"taxonomy":"category","embeddable":true,"href":"https:\/\/psol50.org.br\/rest\/wp\/v2\/categories?post=13201"},{"taxonomy":"post_tag","embeddable":true,"href":"https:\/\/psol50.org.br\/rest\/wp\/v2\/tags?post=13201"}],"curies":[{"name":"wp","href":"https:\/\/api.w.org\/{rel}","templated":true}]}}