{"id":13207,"date":"2016-07-27T15:18:11","date_gmt":"2016-07-27T15:18:11","guid":{"rendered":"http:\/\/www.psol50.org.br\/?p=13207"},"modified":"2016-07-27T15:18:11","modified_gmt":"2016-07-27T15:18:11","slug":"ivan-valente-antiterrorismo-temerario","status":"publish","type":"post","link":"https:\/\/psol50.org.br\/ivan-valente-antiterrorismo-temerario\/","title":{"rendered":"IVAN VALENTE: Antiterrorismo temer\u00e1rio"},"content":{"rendered":"<p>O ministro da Justi\u00e7a Alexandre de Moraes, que j\u00e1 foi advogado de Eduardo Cunha, deveria ser mais correto com as garantias legais de quem n\u00e3o \u00e9 seu cliente. At\u00e9 mesmo os piores criminosos devem ter seu direito \u00e0 defesa assegurado e considerados inocentes at\u00e9 prova contr\u00e1ria. Devido a uma manobra jur\u00eddica, os doze homens detidos por suspeita de terrorismo n\u00e3o tiveram acesso imediato \u00e0 representa\u00e7\u00e3o por advogado.<\/p>\n<p>Os jovens n\u00e3o chegaram a cometer qualquer ato, mas alega-se que estariam preparando ataques, atrav\u00e9s de mensagens de Whatsapp. Como o pr\u00f3prio ministro disse, o n\u00edvel de organiza\u00e7\u00e3o da \u201cc\u00e9lula terrorista\u201d seria p\u00edfio, pois o monitoramento n\u00e3o revelou mais do que meras inten\u00e7\u00f5es sem muito planejamento, ou uma suposta simpatia por grupos extremistas isl\u00e2micos. O amadorismo desses jovens, que at\u00e9 onde se sabe s\u00f3 t\u00eam treinamento em campos de paintball, contrasta com o poder dos que o encarceram.<\/p>\n<p>Em entrevista coletiva, o ministro evitou responder como foi esse monitoramento, considerando que as mensagens de Whatsapp s\u00e3o criptografadas. Pouco se falou sobre isso, mas parece que o Estado policialesco vem invadindo cada vez mais a privacidade de cada cidad\u00e3o, vigiando-nos constantemente, perigosos ou n\u00e3o. Se simples trocas de mensagens forem suficientes para criminalizar algu\u00e9m, dependendo da interpreta\u00e7\u00e3o, pode-se condenar multid\u00f5es de pessoas inofensivas.<\/p>\n<p>Dif\u00edcil saber a real periculosidade dos suspeitos, que mais parecem \u201cbobos solit\u00e1rios\u201d do que verdadeiros criminosos. \u00c9 poss\u00edvel que representassem perigo real? Sabemos pouco, mas o fato de eles ficarem sem comunica\u00e7\u00e3o com advogados \u00e9 aterrador. O retardamento na assist\u00eancia jur\u00eddica, algo que foge ao protocolo habitual, permite que policiais v\u00e3o constrangendo os acusados a depor sem a devida orienta\u00e7\u00e3o. Em um pa\u00eds que n\u00e3o vem respeitando os princ\u00edpios democr\u00e1ticos da melhor maneira, isso \u00e9 muito preocupante.<\/p>\n<p>Existe uma chance de esta amea\u00e7a terrorista ser menos um problema real do que uma cortina de fuma\u00e7a, algo para desviar a aten\u00e7\u00e3o de outros problemas que amea\u00e7am mais a integridade do pa\u00eds. Falta transpar\u00eancia nas informa\u00e7\u00f5es para ponderarmos melhor sobre este caso, seja quanto \u00e0 culpa ou quanto \u00e0 inoc\u00eancia dos jovens detidos na opera\u00e7\u00e3o. Seja como for, n\u00e3o \u00e9 Alexandre de Moraes, com um curr\u00edculo de trucul\u00eancia e parcialidade, que pode nos fazer sentir seguros.<\/p>\n<p>&nbsp;<\/p>\n","protected":false},"excerpt":{"rendered":"<p>O ministro da Justi\u00e7a Alexandre de Moraes, que j\u00e1 foi advogado de Eduardo Cunha, deveria ser mais correto com as garantias legais de quem n\u00e3o \u00e9 seu cliente. At\u00e9 mesmo os piores criminosos devem ter seu direito \u00e0 defesa assegurado e considerados inocentes at\u00e9 prova contr\u00e1ria. Devido a uma manobra jur\u00eddica, os doze homens detidos [&hellip;]<\/p>\n","protected":false},"author":2,"featured_media":13208,"comment_status":"open","ping_status":"open","sticky":false,"template":"","format":"standard","meta":{"_acf_changed":false,"footnotes":""},"categories":[3,1882],"tags":[615,2075,4421,597,4422],"class_list":{"0":"post-13207","1":"post","2":"type-post","3":"status-publish","4":"format-standard","5":"has-post-thumbnail","7":"category-artigos-e-entrevistas","8":"category-brasil","9":"tag-alexandre-de-moraes","10":"tag-ataques","11":"tag-criminosos","12":"tag-ministro-da-justica","13":"tag-terroristas"},"acf":[],"yoast_head":"<!-- This site is optimized with the Yoast SEO plugin v26.5 - https:\/\/yoast.com\/wordpress\/plugins\/seo\/ -->\n<title>IVAN VALENTE: Antiterrorismo temer\u00e1rio - PSOL 50<\/title>\n<meta name=\"robots\" content=\"index, follow, max-snippet:-1, max-image-preview:large, max-video-preview:-1\" \/>\n<link rel=\"canonical\" href=\"https:\/\/psol50.org.br\/ivan-valente-antiterrorismo-temerario\/\" \/>\n<meta property=\"og:locale\" content=\"pt_BR\" \/>\n<meta property=\"og:type\" content=\"article\" \/>\n<meta property=\"og:title\" content=\"IVAN VALENTE: Antiterrorismo temer\u00e1rio - PSOL 50\" \/>\n<meta property=\"og:description\" content=\"O ministro da Justi\u00e7a Alexandre de Moraes, que j\u00e1 foi advogado de Eduardo Cunha, deveria ser mais correto com as garantias legais de quem n\u00e3o \u00e9 seu cliente. At\u00e9 mesmo os piores criminosos devem ter seu direito \u00e0 defesa assegurado e considerados inocentes at\u00e9 prova contr\u00e1ria. Devido a uma manobra jur\u00eddica, os doze homens detidos [&hellip;]\" \/>\n<meta property=\"og:url\" content=\"https:\/\/psol50.org.br\/ivan-valente-antiterrorismo-temerario\/\" \/>\n<meta property=\"og:site_name\" content=\"PSOL 50\" \/>\n<meta property=\"article:publisher\" content=\"https:\/\/www.facebook.com\/psol50\" \/>\n<meta property=\"article:published_time\" content=\"2016-07-27T15:18:11+00:00\" \/>\n<meta property=\"og:image\" content=\"https:\/\/psol50.org.br\/inc\/uploads\/2016\/07\/Ministro-da-Justica-Wilson-Dias-ABr.jpg\" \/>\n\t<meta property=\"og:image:width\" content=\"1704\" \/>\n\t<meta property=\"og:image:height\" content=\"1200\" \/>\n\t<meta property=\"og:image:type\" content=\"image\/jpeg\" \/>\n<meta name=\"author\" content=\"Comunica\u00e7\u00e3o PSOL\" \/>\n<meta name=\"twitter:card\" content=\"summary_large_image\" \/>\n<meta name=\"twitter:creator\" content=\"@psol50\" \/>\n<meta name=\"twitter:site\" content=\"@psol50\" \/>\n<meta name=\"twitter:label1\" content=\"Escrito por\" \/>\n\t<meta name=\"twitter:data1\" content=\"Comunica\u00e7\u00e3o PSOL\" \/>\n\t<meta name=\"twitter:label2\" content=\"Est. tempo de leitura\" \/>\n\t<meta name=\"twitter:data2\" content=\"2 minutos\" \/>\n<script type=\"application\/ld+json\" class=\"yoast-schema-graph\">{\"@context\":\"https:\/\/schema.org\",\"@graph\":[{\"@type\":\"Article\",\"@id\":\"https:\/\/psol50.org.br\/ivan-valente-antiterrorismo-temerario\/#article\",\"isPartOf\":{\"@id\":\"https:\/\/psol50.org.br\/ivan-valente-antiterrorismo-temerario\/\"},\"author\":{\"name\":\"Comunica\u00e7\u00e3o PSOL\",\"@id\":\"https:\/\/psol50.org.br\/#\/schema\/person\/475dfa57d0b815993c714c2e96491fcd\"},\"headline\":\"IVAN VALENTE: Antiterrorismo temer\u00e1rio\",\"datePublished\":\"2016-07-27T15:18:11+00:00\",\"mainEntityOfPage\":{\"@id\":\"https:\/\/psol50.org.br\/ivan-valente-antiterrorismo-temerario\/\"},\"wordCount\":407,\"commentCount\":0,\"publisher\":{\"@id\":\"https:\/\/psol50.org.br\/#organization\"},\"image\":{\"@id\":\"https:\/\/psol50.org.br\/ivan-valente-antiterrorismo-temerario\/#primaryimage\"},\"thumbnailUrl\":\"https:\/\/psol50.org.br\/inc\/uploads\/2016\/07\/Ministro-da-Justica-Wilson-Dias-ABr.jpg\",\"keywords\":[\"Alexandre de Moraes\",\"ataques\",\"criminosos\",\"ministro da Justi\u00e7a\",\"terroristas\"],\"articleSection\":[\"Artigos\",\"Brasil\"],\"inLanguage\":\"pt-BR\",\"potentialAction\":[{\"@type\":\"CommentAction\",\"name\":\"Comment\",\"target\":[\"https:\/\/psol50.org.br\/ivan-valente-antiterrorismo-temerario\/#respond\"]}]},{\"@type\":\"WebPage\",\"@id\":\"https:\/\/psol50.org.br\/ivan-valente-antiterrorismo-temerario\/\",\"url\":\"https:\/\/psol50.org.br\/ivan-valente-antiterrorismo-temerario\/\",\"name\":\"IVAN VALENTE: Antiterrorismo temer\u00e1rio - PSOL 50\",\"isPartOf\":{\"@id\":\"https:\/\/psol50.org.br\/#website\"},\"primaryImageOfPage\":{\"@id\":\"https:\/\/psol50.org.br\/ivan-valente-antiterrorismo-temerario\/#primaryimage\"},\"image\":{\"@id\":\"https:\/\/psol50.org.br\/ivan-valente-antiterrorismo-temerario\/#primaryimage\"},\"thumbnailUrl\":\"https:\/\/psol50.org.br\/inc\/uploads\/2016\/07\/Ministro-da-Justica-Wilson-Dias-ABr.jpg\",\"datePublished\":\"2016-07-27T15:18:11+00:00\",\"breadcrumb\":{\"@id\":\"https:\/\/psol50.org.br\/ivan-valente-antiterrorismo-temerario\/#breadcrumb\"},\"inLanguage\":\"pt-BR\",\"potentialAction\":[{\"@type\":\"ReadAction\",\"target\":[\"https:\/\/psol50.org.br\/ivan-valente-antiterrorismo-temerario\/\"]}]},{\"@type\":\"ImageObject\",\"inLanguage\":\"pt-BR\",\"@id\":\"https:\/\/psol50.org.br\/ivan-valente-antiterrorismo-temerario\/#primaryimage\",\"url\":\"https:\/\/psol50.org.br\/inc\/uploads\/2016\/07\/Ministro-da-Justica-Wilson-Dias-ABr.jpg\",\"contentUrl\":\"https:\/\/psol50.org.br\/inc\/uploads\/2016\/07\/Ministro-da-Justica-Wilson-Dias-ABr.jpg\",\"width\":1704,\"height\":1200},{\"@type\":\"BreadcrumbList\",\"@id\":\"https:\/\/psol50.org.br\/ivan-valente-antiterrorismo-temerario\/#breadcrumb\",\"itemListElement\":[{\"@type\":\"ListItem\",\"position\":1,\"name\":\"In\u00edcio\",\"item\":\"https:\/\/psol50.org.br\/\"},{\"@type\":\"ListItem\",\"position\":2,\"name\":\"IVAN VALENTE: Antiterrorismo temer\u00e1rio\"}]},{\"@type\":\"WebSite\",\"@id\":\"https:\/\/psol50.org.br\/#website\",\"url\":\"https:\/\/psol50.org.br\/\",\"name\":\"PSOL 50\",\"description\":\"Site oficial do Partido Socialismo e Liberdade\",\"publisher\":{\"@id\":\"https:\/\/psol50.org.br\/#organization\"},\"alternateName\":\"PSOL50\",\"potentialAction\":[{\"@type\":\"SearchAction\",\"target\":{\"@type\":\"EntryPoint\",\"urlTemplate\":\"https:\/\/psol50.org.br\/?s={search_term_string}\"},\"query-input\":{\"@type\":\"PropertyValueSpecification\",\"valueRequired\":true,\"valueName\":\"search_term_string\"}}],\"inLanguage\":\"pt-BR\"},{\"@type\":\"Organization\",\"@id\":\"https:\/\/psol50.org.br\/#organization\",\"name\":\"PSOL 50\",\"alternateName\":\"PSOL 50\",\"url\":\"https:\/\/psol50.org.br\/\",\"logo\":{\"@type\":\"ImageObject\",\"inLanguage\":\"pt-BR\",\"@id\":\"https:\/\/psol50.org.br\/#\/schema\/logo\/image\/\",\"url\":\"https:\/\/psol50.org.br\/inc\/uploads\/2018\/07\/capa.png\",\"contentUrl\":\"https:\/\/psol50.org.br\/inc\/uploads\/2018\/07\/capa.png\",\"width\":1350,\"height\":900,\"caption\":\"PSOL 50\"},\"image\":{\"@id\":\"https:\/\/psol50.org.br\/#\/schema\/logo\/image\/\"},\"sameAs\":[\"https:\/\/www.facebook.com\/psol50\",\"https:\/\/x.com\/psol50\",\"https:\/\/www.instagram.com\/psol50\/\",\"https:\/\/www.youtube.com\/channel\/UC7SnJS5o1os7a6CaiNabzcg\"]},{\"@type\":\"Person\",\"@id\":\"https:\/\/psol50.org.br\/#\/schema\/person\/475dfa57d0b815993c714c2e96491fcd\",\"name\":\"Comunica\u00e7\u00e3o PSOL\",\"image\":{\"@type\":\"ImageObject\",\"inLanguage\":\"pt-BR\",\"@id\":\"https:\/\/psol50.org.br\/#\/schema\/person\/image\/\",\"url\":\"https:\/\/secure.gravatar.com\/avatar\/b34fc4f4e468a4e51785917065a3db57b841f5c95dba6ad8c73aaf8f66f8f9bf?s=96&d=mm&r=g\",\"contentUrl\":\"https:\/\/secure.gravatar.com\/avatar\/b34fc4f4e468a4e51785917065a3db57b841f5c95dba6ad8c73aaf8f66f8f9bf?s=96&d=mm&r=g\",\"caption\":\"Comunica\u00e7\u00e3o PSOL\"}}]}<\/script>\n<!-- \/ Yoast SEO plugin. -->","yoast_head_json":{"title":"IVAN VALENTE: Antiterrorismo temer\u00e1rio - PSOL 50","robots":{"index":"index","follow":"follow","max-snippet":"max-snippet:-1","max-image-preview":"max-image-preview:large","max-video-preview":"max-video-preview:-1"},"canonical":"https:\/\/psol50.org.br\/ivan-valente-antiterrorismo-temerario\/","og_locale":"pt_BR","og_type":"article","og_title":"IVAN VALENTE: Antiterrorismo temer\u00e1rio - PSOL 50","og_description":"O ministro da Justi\u00e7a Alexandre de Moraes, que j\u00e1 foi advogado de Eduardo Cunha, deveria ser mais correto com as garantias legais de quem n\u00e3o \u00e9 seu cliente. At\u00e9 mesmo os piores criminosos devem ter seu direito \u00e0 defesa assegurado e considerados inocentes at\u00e9 prova contr\u00e1ria. Devido a uma manobra jur\u00eddica, os doze homens detidos [&hellip;]","og_url":"https:\/\/psol50.org.br\/ivan-valente-antiterrorismo-temerario\/","og_site_name":"PSOL 50","article_publisher":"https:\/\/www.facebook.com\/psol50","article_published_time":"2016-07-27T15:18:11+00:00","og_image":[{"width":1704,"height":1200,"url":"https:\/\/psol50.org.br\/inc\/uploads\/2016\/07\/Ministro-da-Justica-Wilson-Dias-ABr.jpg","type":"image\/jpeg"}],"author":"Comunica\u00e7\u00e3o PSOL","twitter_card":"summary_large_image","twitter_creator":"@psol50","twitter_site":"@psol50","twitter_misc":{"Escrito por":"Comunica\u00e7\u00e3o PSOL","Est. tempo de leitura":"2 minutos"},"schema":{"@context":"https:\/\/schema.org","@graph":[{"@type":"Article","@id":"https:\/\/psol50.org.br\/ivan-valente-antiterrorismo-temerario\/#article","isPartOf":{"@id":"https:\/\/psol50.org.br\/ivan-valente-antiterrorismo-temerario\/"},"author":{"name":"Comunica\u00e7\u00e3o PSOL","@id":"https:\/\/psol50.org.br\/#\/schema\/person\/475dfa57d0b815993c714c2e96491fcd"},"headline":"IVAN VALENTE: Antiterrorismo temer\u00e1rio","datePublished":"2016-07-27T15:18:11+00:00","mainEntityOfPage":{"@id":"https:\/\/psol50.org.br\/ivan-valente-antiterrorismo-temerario\/"},"wordCount":407,"commentCount":0,"publisher":{"@id":"https:\/\/psol50.org.br\/#organization"},"image":{"@id":"https:\/\/psol50.org.br\/ivan-valente-antiterrorismo-temerario\/#primaryimage"},"thumbnailUrl":"https:\/\/psol50.org.br\/inc\/uploads\/2016\/07\/Ministro-da-Justica-Wilson-Dias-ABr.jpg","keywords":["Alexandre de Moraes","ataques","criminosos","ministro da Justi\u00e7a","terroristas"],"articleSection":["Artigos","Brasil"],"inLanguage":"pt-BR","potentialAction":[{"@type":"CommentAction","name":"Comment","target":["https:\/\/psol50.org.br\/ivan-valente-antiterrorismo-temerario\/#respond"]}]},{"@type":"WebPage","@id":"https:\/\/psol50.org.br\/ivan-valente-antiterrorismo-temerario\/","url":"https:\/\/psol50.org.br\/ivan-valente-antiterrorismo-temerario\/","name":"IVAN VALENTE: Antiterrorismo temer\u00e1rio - PSOL 50","isPartOf":{"@id":"https:\/\/psol50.org.br\/#website"},"primaryImageOfPage":{"@id":"https:\/\/psol50.org.br\/ivan-valente-antiterrorismo-temerario\/#primaryimage"},"image":{"@id":"https:\/\/psol50.org.br\/ivan-valente-antiterrorismo-temerario\/#primaryimage"},"thumbnailUrl":"https:\/\/psol50.org.br\/inc\/uploads\/2016\/07\/Ministro-da-Justica-Wilson-Dias-ABr.jpg","datePublished":"2016-07-27T15:18:11+00:00","breadcrumb":{"@id":"https:\/\/psol50.org.br\/ivan-valente-antiterrorismo-temerario\/#breadcrumb"},"inLanguage":"pt-BR","potentialAction":[{"@type":"ReadAction","target":["https:\/\/psol50.org.br\/ivan-valente-antiterrorismo-temerario\/"]}]},{"@type":"ImageObject","inLanguage":"pt-BR","@id":"https:\/\/psol50.org.br\/ivan-valente-antiterrorismo-temerario\/#primaryimage","url":"https:\/\/psol50.org.br\/inc\/uploads\/2016\/07\/Ministro-da-Justica-Wilson-Dias-ABr.jpg","contentUrl":"https:\/\/psol50.org.br\/inc\/uploads\/2016\/07\/Ministro-da-Justica-Wilson-Dias-ABr.jpg","width":1704,"height":1200},{"@type":"BreadcrumbList","@id":"https:\/\/psol50.org.br\/ivan-valente-antiterrorismo-temerario\/#breadcrumb","itemListElement":[{"@type":"ListItem","position":1,"name":"In\u00edcio","item":"https:\/\/psol50.org.br\/"},{"@type":"ListItem","position":2,"name":"IVAN VALENTE: Antiterrorismo temer\u00e1rio"}]},{"@type":"WebSite","@id":"https:\/\/psol50.org.br\/#website","url":"https:\/\/psol50.org.br\/","name":"PSOL 50","description":"Site oficial do Partido Socialismo e Liberdade","publisher":{"@id":"https:\/\/psol50.org.br\/#organization"},"alternateName":"PSOL50","potentialAction":[{"@type":"SearchAction","target":{"@type":"EntryPoint","urlTemplate":"https:\/\/psol50.org.br\/?s={search_term_string}"},"query-input":{"@type":"PropertyValueSpecification","valueRequired":true,"valueName":"search_term_string"}}],"inLanguage":"pt-BR"},{"@type":"Organization","@id":"https:\/\/psol50.org.br\/#organization","name":"PSOL 50","alternateName":"PSOL 50","url":"https:\/\/psol50.org.br\/","logo":{"@type":"ImageObject","inLanguage":"pt-BR","@id":"https:\/\/psol50.org.br\/#\/schema\/logo\/image\/","url":"https:\/\/psol50.org.br\/inc\/uploads\/2018\/07\/capa.png","contentUrl":"https:\/\/psol50.org.br\/inc\/uploads\/2018\/07\/capa.png","width":1350,"height":900,"caption":"PSOL 50"},"image":{"@id":"https:\/\/psol50.org.br\/#\/schema\/logo\/image\/"},"sameAs":["https:\/\/www.facebook.com\/psol50","https:\/\/x.com\/psol50","https:\/\/www.instagram.com\/psol50\/","https:\/\/www.youtube.com\/channel\/UC7SnJS5o1os7a6CaiNabzcg"]},{"@type":"Person","@id":"https:\/\/psol50.org.br\/#\/schema\/person\/475dfa57d0b815993c714c2e96491fcd","name":"Comunica\u00e7\u00e3o PSOL","image":{"@type":"ImageObject","inLanguage":"pt-BR","@id":"https:\/\/psol50.org.br\/#\/schema\/person\/image\/","url":"https:\/\/secure.gravatar.com\/avatar\/b34fc4f4e468a4e51785917065a3db57b841f5c95dba6ad8c73aaf8f66f8f9bf?s=96&d=mm&r=g","contentUrl":"https:\/\/secure.gravatar.com\/avatar\/b34fc4f4e468a4e51785917065a3db57b841f5c95dba6ad8c73aaf8f66f8f9bf?s=96&d=mm&r=g","caption":"Comunica\u00e7\u00e3o PSOL"}}]}},"_links":{"self":[{"href":"https:\/\/psol50.org.br\/rest\/wp\/v2\/posts\/13207","targetHints":{"allow":["GET"]}}],"collection":[{"href":"https:\/\/psol50.org.br\/rest\/wp\/v2\/posts"}],"about":[{"href":"https:\/\/psol50.org.br\/rest\/wp\/v2\/types\/post"}],"author":[{"embeddable":true,"href":"https:\/\/psol50.org.br\/rest\/wp\/v2\/users\/2"}],"replies":[{"embeddable":true,"href":"https:\/\/psol50.org.br\/rest\/wp\/v2\/comments?post=13207"}],"version-history":[{"count":0,"href":"https:\/\/psol50.org.br\/rest\/wp\/v2\/posts\/13207\/revisions"}],"wp:featuredmedia":[{"embeddable":true,"href":"https:\/\/psol50.org.br\/rest\/wp\/v2\/media\/13208"}],"wp:attachment":[{"href":"https:\/\/psol50.org.br\/rest\/wp\/v2\/media?parent=13207"}],"wp:term":[{"taxonomy":"category","embeddable":true,"href":"https:\/\/psol50.org.br\/rest\/wp\/v2\/categories?post=13207"},{"taxonomy":"post_tag","embeddable":true,"href":"https:\/\/psol50.org.br\/rest\/wp\/v2\/tags?post=13207"}],"curies":[{"name":"wp","href":"https:\/\/api.w.org\/{rel}","templated":true}]}}