{"id":13210,"date":"2016-07-27T15:44:41","date_gmt":"2016-07-27T15:44:41","guid":{"rendered":"http:\/\/www.psol50.org.br\/?p=13210"},"modified":"2016-07-27T15:44:41","modified_gmt":"2016-07-27T15:44:41","slug":"temer-anuncia-fim-do-ciencia-sem-fronteira-para-estudantes-de-graduacao","status":"publish","type":"post","link":"https:\/\/psol50.org.br\/temer-anuncia-fim-do-ciencia-sem-fronteira-para-estudantes-de-graduacao\/","title":{"rendered":"Temer anuncia fim do Ci\u00eancia Sem Fronteira para estudantes de gradua\u00e7\u00e3o"},"content":{"rendered":"<p><em><span style=\"font-size: 13px\">Fonte: Mandato deputado Edmilson Rodrigues<\/span><\/em><\/p>\n<p>Mais uma vez, o governo interino de Michel Temer promoveu um novo corte na educa\u00e7\u00e3o sob a justifica de poupar gastos. Na \u00faltima segunda-feira (25\/07), o Minist\u00e9rio da Educa\u00e7\u00e3o anunciou o fim da concess\u00e3o de novas bolsas de interc\u00e2mbio a alunos do programa Ci\u00eancia sem Fronteiras, o que, para o deputado federal Edmilson Rodrigues (PSOL\/PA) marca o retrocesso na promo\u00e7\u00e3o da consolida\u00e7\u00e3o, expans\u00e3o e internacionaliza\u00e7\u00e3o da ci\u00eancia e tecnologia, da inova\u00e7\u00e3o e da competitividade brasileira por meio do interc\u00e2mbio internacional.<\/p>\n<p>&#8220;Para esse governo, a solu\u00e7\u00e3o \u00e9 menos sa\u00fade, mais analfabetismo, menos investimento em ci\u00eancia e tecnologia, menos futuro \u00e0 nossa juventude e ao nosso pa\u00eds. Tudo isso para garantir mais lucro aos banqueiros transnacionais. Eu que sou cr\u00edtico do governo Dilma Rousseff, pelas concess\u00f5es feitas \u00e0s empresas privadas da \u00e1rea de educa\u00e7\u00e3o, particularmente, em rela\u00e7\u00e3o ao ensino superior, advogo, no entanto, que um dos mais importantes programas de todos de tempos na \u00e1rea da educa\u00e7\u00e3o foi exatamente o Ci\u00eancia sem Fronteiras&#8221;, destaca Edmilson.<\/p>\n<p>&#8220;O Brasil ocupa espa\u00e7os vergonhosos entre os v\u00e1rios sistemas de educa\u00e7\u00e3o do mundo. Consegue ter uma qualidade do ensino p\u00fablico inferior a pa\u00edses paup\u00e9rrimos, como o Paraguai e o Uruguai. Enquanto ainda temos 13 milh\u00f5es de analfabetos, Cuba, Venezuela e Bol\u00edvia j\u00e1 erradicaram essa doen\u00e7a social. Para aumentar a vergonha internacional, o governo Temer prop\u00f5e como solu\u00e7\u00e3o para a crise reduzir investimentos nas \u00e1reas sociais, mormente a educa\u00e7\u00e3o. Em nome do ajuste fiscal, aponta o congelamento dos gastos a fim de garantir aumento o super\u00e1vit prim\u00e1rio com o objetivo de pagamento da d\u00edvida p\u00fablica&#8221;, observa.<\/p>\n<p>O deputado paraense lembra que, em 2015, a d\u00edvida p\u00fablica gerou despesa equivalente a 42% do or\u00e7amento federal, com mais de R$ 900 bilh\u00f5es pagos somente de juros e parte da amortiza\u00e7\u00e3o da rolagem da d\u00edvida, o correspondente a cerca de R$ 3 bilh\u00f5es por dia. A d\u00edvida externa j\u00e1 extrapola R$ 3 trilh\u00f5es, hoje. &#8220;Os valores que o ministro da Educa\u00e7\u00e3o (Mendon\u00e7a Filho) julga ser elevados, expressam apenas a mesquinhez de quem tem compromisso com os interesses estrangeiros e dos especuladores financeiros e nenhuma responsabilidade com o futuro do Brasil\u201d.<\/p>\n<p>&nbsp;<\/p>\n<p>&nbsp;<\/p>\n","protected":false},"excerpt":{"rendered":"<p>Fonte: Mandato deputado Edmilson Rodrigues Mais uma vez, o governo interino de Michel Temer promoveu um novo corte na educa\u00e7\u00e3o sob a justifica de poupar gastos. Na \u00faltima segunda-feira (25\/07), o Minist\u00e9rio da Educa\u00e7\u00e3o anunciou o fim da concess\u00e3o de novas bolsas de interc\u00e2mbio a alunos do programa Ci\u00eancia sem Fronteiras, o que, para o [&hellip;]<\/p>\n","protected":false},"author":2,"featured_media":13211,"comment_status":"open","ping_status":"open","sticky":false,"template":"","format":"standard","meta":{"_acf_changed":false,"footnotes":""},"categories":[1882,2208,6],"tags":[4423,973,2675,4424,3062,1748,1732],"class_list":{"0":"post-13210","1":"post","2":"type-post","3":"status-publish","4":"format-standard","5":"has-post-thumbnail","7":"category-brasil","8":"category-educacao","9":"category-noticias","10":"tag-ciencia-sem-fronteiras","11":"tag-edmilson-rodrigues","12":"tag-ensino-superior","13":"tag-graduacao","14":"tag-mendonca-filho","15":"tag-michel-temer","16":"tag-ministro-da-educacao"},"acf":[],"yoast_head":"<!-- This site is optimized with the Yoast SEO plugin v26.5 - https:\/\/yoast.com\/wordpress\/plugins\/seo\/ -->\n<title>Temer anuncia fim do Ci\u00eancia Sem Fronteira para estudantes de gradua\u00e7\u00e3o - PSOL 50<\/title>\n<meta name=\"robots\" content=\"index, follow, max-snippet:-1, max-image-preview:large, max-video-preview:-1\" \/>\n<link rel=\"canonical\" href=\"https:\/\/psol50.org.br\/temer-anuncia-fim-do-ciencia-sem-fronteira-para-estudantes-de-graduacao\/\" \/>\n<meta property=\"og:locale\" content=\"pt_BR\" \/>\n<meta property=\"og:type\" content=\"article\" \/>\n<meta property=\"og:title\" content=\"Temer anuncia fim do Ci\u00eancia Sem Fronteira para estudantes de gradua\u00e7\u00e3o - PSOL 50\" \/>\n<meta property=\"og:description\" content=\"Fonte: Mandato deputado Edmilson Rodrigues Mais uma vez, o governo interino de Michel Temer promoveu um novo corte na educa\u00e7\u00e3o sob a justifica de poupar gastos. Na \u00faltima segunda-feira (25\/07), o Minist\u00e9rio da Educa\u00e7\u00e3o anunciou o fim da concess\u00e3o de novas bolsas de interc\u00e2mbio a alunos do programa Ci\u00eancia sem Fronteiras, o que, para o [&hellip;]\" \/>\n<meta property=\"og:url\" content=\"https:\/\/psol50.org.br\/temer-anuncia-fim-do-ciencia-sem-fronteira-para-estudantes-de-graduacao\/\" \/>\n<meta property=\"og:site_name\" content=\"PSOL 50\" \/>\n<meta property=\"article:publisher\" content=\"https:\/\/www.facebook.com\/psol50\" \/>\n<meta property=\"article:published_time\" content=\"2016-07-27T15:44:41+00:00\" \/>\n<meta property=\"og:image\" content=\"https:\/\/psol50.org.br\/inc\/uploads\/2016\/07\/Temer-e-Mendonca-Filho-Jose-Cruz-Abr.jpg\" \/>\n\t<meta property=\"og:image:width\" content=\"1350\" \/>\n\t<meta property=\"og:image:height\" content=\"900\" \/>\n\t<meta property=\"og:image:type\" content=\"image\/jpeg\" \/>\n<meta name=\"author\" content=\"Comunica\u00e7\u00e3o PSOL\" \/>\n<meta name=\"twitter:card\" content=\"summary_large_image\" \/>\n<meta name=\"twitter:creator\" content=\"@psol50\" \/>\n<meta name=\"twitter:site\" content=\"@psol50\" \/>\n<meta name=\"twitter:label1\" content=\"Escrito por\" \/>\n\t<meta name=\"twitter:data1\" content=\"Comunica\u00e7\u00e3o PSOL\" \/>\n\t<meta name=\"twitter:label2\" content=\"Est. tempo de leitura\" \/>\n\t<meta name=\"twitter:data2\" content=\"2 minutos\" \/>\n<script type=\"application\/ld+json\" class=\"yoast-schema-graph\">{\"@context\":\"https:\/\/schema.org\",\"@graph\":[{\"@type\":\"Article\",\"@id\":\"https:\/\/psol50.org.br\/temer-anuncia-fim-do-ciencia-sem-fronteira-para-estudantes-de-graduacao\/#article\",\"isPartOf\":{\"@id\":\"https:\/\/psol50.org.br\/temer-anuncia-fim-do-ciencia-sem-fronteira-para-estudantes-de-graduacao\/\"},\"author\":{\"name\":\"Comunica\u00e7\u00e3o PSOL\",\"@id\":\"https:\/\/psol50.org.br\/#\/schema\/person\/475dfa57d0b815993c714c2e96491fcd\"},\"headline\":\"Temer anuncia fim do Ci\u00eancia Sem Fronteira para estudantes de gradua\u00e7\u00e3o\",\"datePublished\":\"2016-07-27T15:44:41+00:00\",\"mainEntityOfPage\":{\"@id\":\"https:\/\/psol50.org.br\/temer-anuncia-fim-do-ciencia-sem-fronteira-para-estudantes-de-graduacao\/\"},\"wordCount\":411,\"commentCount\":0,\"publisher\":{\"@id\":\"https:\/\/psol50.org.br\/#organization\"},\"image\":{\"@id\":\"https:\/\/psol50.org.br\/temer-anuncia-fim-do-ciencia-sem-fronteira-para-estudantes-de-graduacao\/#primaryimage\"},\"thumbnailUrl\":\"https:\/\/psol50.org.br\/inc\/uploads\/2016\/07\/Temer-e-Mendonca-Filho-Jose-Cruz-Abr.jpg\",\"keywords\":[\"Ci\u00eancia Sem Fronteiras\",\"Edmilson Rodrigues\",\"ensino superior\",\"gradua\u00e7\u00e3o\",\"Mendon\u00e7a Filho\",\"Michel Temer\",\"Ministro da Educa\u00e7\u00e3o\"],\"articleSection\":[\"Brasil\",\"Educa\u00e7\u00e3o\",\"Not\u00edcias\"],\"inLanguage\":\"pt-BR\",\"potentialAction\":[{\"@type\":\"CommentAction\",\"name\":\"Comment\",\"target\":[\"https:\/\/psol50.org.br\/temer-anuncia-fim-do-ciencia-sem-fronteira-para-estudantes-de-graduacao\/#respond\"]}]},{\"@type\":\"WebPage\",\"@id\":\"https:\/\/psol50.org.br\/temer-anuncia-fim-do-ciencia-sem-fronteira-para-estudantes-de-graduacao\/\",\"url\":\"https:\/\/psol50.org.br\/temer-anuncia-fim-do-ciencia-sem-fronteira-para-estudantes-de-graduacao\/\",\"name\":\"Temer anuncia fim do Ci\u00eancia Sem Fronteira para estudantes de gradua\u00e7\u00e3o - PSOL 50\",\"isPartOf\":{\"@id\":\"https:\/\/psol50.org.br\/#website\"},\"primaryImageOfPage\":{\"@id\":\"https:\/\/psol50.org.br\/temer-anuncia-fim-do-ciencia-sem-fronteira-para-estudantes-de-graduacao\/#primaryimage\"},\"image\":{\"@id\":\"https:\/\/psol50.org.br\/temer-anuncia-fim-do-ciencia-sem-fronteira-para-estudantes-de-graduacao\/#primaryimage\"},\"thumbnailUrl\":\"https:\/\/psol50.org.br\/inc\/uploads\/2016\/07\/Temer-e-Mendonca-Filho-Jose-Cruz-Abr.jpg\",\"datePublished\":\"2016-07-27T15:44:41+00:00\",\"breadcrumb\":{\"@id\":\"https:\/\/psol50.org.br\/temer-anuncia-fim-do-ciencia-sem-fronteira-para-estudantes-de-graduacao\/#breadcrumb\"},\"inLanguage\":\"pt-BR\",\"potentialAction\":[{\"@type\":\"ReadAction\",\"target\":[\"https:\/\/psol50.org.br\/temer-anuncia-fim-do-ciencia-sem-fronteira-para-estudantes-de-graduacao\/\"]}]},{\"@type\":\"ImageObject\",\"inLanguage\":\"pt-BR\",\"@id\":\"https:\/\/psol50.org.br\/temer-anuncia-fim-do-ciencia-sem-fronteira-para-estudantes-de-graduacao\/#primaryimage\",\"url\":\"https:\/\/psol50.org.br\/inc\/uploads\/2016\/07\/Temer-e-Mendonca-Filho-Jose-Cruz-Abr.jpg\",\"contentUrl\":\"https:\/\/psol50.org.br\/inc\/uploads\/2016\/07\/Temer-e-Mendonca-Filho-Jose-Cruz-Abr.jpg\",\"width\":1350,\"height\":900},{\"@type\":\"BreadcrumbList\",\"@id\":\"https:\/\/psol50.org.br\/temer-anuncia-fim-do-ciencia-sem-fronteira-para-estudantes-de-graduacao\/#breadcrumb\",\"itemListElement\":[{\"@type\":\"ListItem\",\"position\":1,\"name\":\"In\u00edcio\",\"item\":\"https:\/\/psol50.org.br\/\"},{\"@type\":\"ListItem\",\"position\":2,\"name\":\"Temer anuncia fim do Ci\u00eancia Sem Fronteira para estudantes de gradua\u00e7\u00e3o\"}]},{\"@type\":\"WebSite\",\"@id\":\"https:\/\/psol50.org.br\/#website\",\"url\":\"https:\/\/psol50.org.br\/\",\"name\":\"PSOL 50\",\"description\":\"Site oficial do Partido Socialismo e Liberdade\",\"publisher\":{\"@id\":\"https:\/\/psol50.org.br\/#organization\"},\"alternateName\":\"PSOL50\",\"potentialAction\":[{\"@type\":\"SearchAction\",\"target\":{\"@type\":\"EntryPoint\",\"urlTemplate\":\"https:\/\/psol50.org.br\/?s={search_term_string}\"},\"query-input\":{\"@type\":\"PropertyValueSpecification\",\"valueRequired\":true,\"valueName\":\"search_term_string\"}}],\"inLanguage\":\"pt-BR\"},{\"@type\":\"Organization\",\"@id\":\"https:\/\/psol50.org.br\/#organization\",\"name\":\"PSOL 50\",\"alternateName\":\"PSOL 50\",\"url\":\"https:\/\/psol50.org.br\/\",\"logo\":{\"@type\":\"ImageObject\",\"inLanguage\":\"pt-BR\",\"@id\":\"https:\/\/psol50.org.br\/#\/schema\/logo\/image\/\",\"url\":\"https:\/\/psol50.org.br\/inc\/uploads\/2018\/07\/capa.png\",\"contentUrl\":\"https:\/\/psol50.org.br\/inc\/uploads\/2018\/07\/capa.png\",\"width\":1350,\"height\":900,\"caption\":\"PSOL 50\"},\"image\":{\"@id\":\"https:\/\/psol50.org.br\/#\/schema\/logo\/image\/\"},\"sameAs\":[\"https:\/\/www.facebook.com\/psol50\",\"https:\/\/x.com\/psol50\",\"https:\/\/www.instagram.com\/psol50\/\",\"https:\/\/www.youtube.com\/channel\/UC7SnJS5o1os7a6CaiNabzcg\"]},{\"@type\":\"Person\",\"@id\":\"https:\/\/psol50.org.br\/#\/schema\/person\/475dfa57d0b815993c714c2e96491fcd\",\"name\":\"Comunica\u00e7\u00e3o PSOL\",\"image\":{\"@type\":\"ImageObject\",\"inLanguage\":\"pt-BR\",\"@id\":\"https:\/\/psol50.org.br\/#\/schema\/person\/image\/\",\"url\":\"https:\/\/secure.gravatar.com\/avatar\/b34fc4f4e468a4e51785917065a3db57b841f5c95dba6ad8c73aaf8f66f8f9bf?s=96&d=mm&r=g\",\"contentUrl\":\"https:\/\/secure.gravatar.com\/avatar\/b34fc4f4e468a4e51785917065a3db57b841f5c95dba6ad8c73aaf8f66f8f9bf?s=96&d=mm&r=g\",\"caption\":\"Comunica\u00e7\u00e3o PSOL\"}}]}<\/script>\n<!-- \/ Yoast SEO plugin. -->","yoast_head_json":{"title":"Temer anuncia fim do Ci\u00eancia Sem Fronteira para estudantes de gradua\u00e7\u00e3o - PSOL 50","robots":{"index":"index","follow":"follow","max-snippet":"max-snippet:-1","max-image-preview":"max-image-preview:large","max-video-preview":"max-video-preview:-1"},"canonical":"https:\/\/psol50.org.br\/temer-anuncia-fim-do-ciencia-sem-fronteira-para-estudantes-de-graduacao\/","og_locale":"pt_BR","og_type":"article","og_title":"Temer anuncia fim do Ci\u00eancia Sem Fronteira para estudantes de gradua\u00e7\u00e3o - PSOL 50","og_description":"Fonte: Mandato deputado Edmilson Rodrigues Mais uma vez, o governo interino de Michel Temer promoveu um novo corte na educa\u00e7\u00e3o sob a justifica de poupar gastos. Na \u00faltima segunda-feira (25\/07), o Minist\u00e9rio da Educa\u00e7\u00e3o anunciou o fim da concess\u00e3o de novas bolsas de interc\u00e2mbio a alunos do programa Ci\u00eancia sem Fronteiras, o que, para o [&hellip;]","og_url":"https:\/\/psol50.org.br\/temer-anuncia-fim-do-ciencia-sem-fronteira-para-estudantes-de-graduacao\/","og_site_name":"PSOL 50","article_publisher":"https:\/\/www.facebook.com\/psol50","article_published_time":"2016-07-27T15:44:41+00:00","og_image":[{"width":1350,"height":900,"url":"https:\/\/psol50.org.br\/inc\/uploads\/2016\/07\/Temer-e-Mendonca-Filho-Jose-Cruz-Abr.jpg","type":"image\/jpeg"}],"author":"Comunica\u00e7\u00e3o PSOL","twitter_card":"summary_large_image","twitter_creator":"@psol50","twitter_site":"@psol50","twitter_misc":{"Escrito por":"Comunica\u00e7\u00e3o PSOL","Est. tempo de leitura":"2 minutos"},"schema":{"@context":"https:\/\/schema.org","@graph":[{"@type":"Article","@id":"https:\/\/psol50.org.br\/temer-anuncia-fim-do-ciencia-sem-fronteira-para-estudantes-de-graduacao\/#article","isPartOf":{"@id":"https:\/\/psol50.org.br\/temer-anuncia-fim-do-ciencia-sem-fronteira-para-estudantes-de-graduacao\/"},"author":{"name":"Comunica\u00e7\u00e3o PSOL","@id":"https:\/\/psol50.org.br\/#\/schema\/person\/475dfa57d0b815993c714c2e96491fcd"},"headline":"Temer anuncia fim do Ci\u00eancia Sem Fronteira para estudantes de gradua\u00e7\u00e3o","datePublished":"2016-07-27T15:44:41+00:00","mainEntityOfPage":{"@id":"https:\/\/psol50.org.br\/temer-anuncia-fim-do-ciencia-sem-fronteira-para-estudantes-de-graduacao\/"},"wordCount":411,"commentCount":0,"publisher":{"@id":"https:\/\/psol50.org.br\/#organization"},"image":{"@id":"https:\/\/psol50.org.br\/temer-anuncia-fim-do-ciencia-sem-fronteira-para-estudantes-de-graduacao\/#primaryimage"},"thumbnailUrl":"https:\/\/psol50.org.br\/inc\/uploads\/2016\/07\/Temer-e-Mendonca-Filho-Jose-Cruz-Abr.jpg","keywords":["Ci\u00eancia Sem Fronteiras","Edmilson Rodrigues","ensino superior","gradua\u00e7\u00e3o","Mendon\u00e7a Filho","Michel Temer","Ministro da Educa\u00e7\u00e3o"],"articleSection":["Brasil","Educa\u00e7\u00e3o","Not\u00edcias"],"inLanguage":"pt-BR","potentialAction":[{"@type":"CommentAction","name":"Comment","target":["https:\/\/psol50.org.br\/temer-anuncia-fim-do-ciencia-sem-fronteira-para-estudantes-de-graduacao\/#respond"]}]},{"@type":"WebPage","@id":"https:\/\/psol50.org.br\/temer-anuncia-fim-do-ciencia-sem-fronteira-para-estudantes-de-graduacao\/","url":"https:\/\/psol50.org.br\/temer-anuncia-fim-do-ciencia-sem-fronteira-para-estudantes-de-graduacao\/","name":"Temer anuncia fim do Ci\u00eancia Sem Fronteira para estudantes de gradua\u00e7\u00e3o - PSOL 50","isPartOf":{"@id":"https:\/\/psol50.org.br\/#website"},"primaryImageOfPage":{"@id":"https:\/\/psol50.org.br\/temer-anuncia-fim-do-ciencia-sem-fronteira-para-estudantes-de-graduacao\/#primaryimage"},"image":{"@id":"https:\/\/psol50.org.br\/temer-anuncia-fim-do-ciencia-sem-fronteira-para-estudantes-de-graduacao\/#primaryimage"},"thumbnailUrl":"https:\/\/psol50.org.br\/inc\/uploads\/2016\/07\/Temer-e-Mendonca-Filho-Jose-Cruz-Abr.jpg","datePublished":"2016-07-27T15:44:41+00:00","breadcrumb":{"@id":"https:\/\/psol50.org.br\/temer-anuncia-fim-do-ciencia-sem-fronteira-para-estudantes-de-graduacao\/#breadcrumb"},"inLanguage":"pt-BR","potentialAction":[{"@type":"ReadAction","target":["https:\/\/psol50.org.br\/temer-anuncia-fim-do-ciencia-sem-fronteira-para-estudantes-de-graduacao\/"]}]},{"@type":"ImageObject","inLanguage":"pt-BR","@id":"https:\/\/psol50.org.br\/temer-anuncia-fim-do-ciencia-sem-fronteira-para-estudantes-de-graduacao\/#primaryimage","url":"https:\/\/psol50.org.br\/inc\/uploads\/2016\/07\/Temer-e-Mendonca-Filho-Jose-Cruz-Abr.jpg","contentUrl":"https:\/\/psol50.org.br\/inc\/uploads\/2016\/07\/Temer-e-Mendonca-Filho-Jose-Cruz-Abr.jpg","width":1350,"height":900},{"@type":"BreadcrumbList","@id":"https:\/\/psol50.org.br\/temer-anuncia-fim-do-ciencia-sem-fronteira-para-estudantes-de-graduacao\/#breadcrumb","itemListElement":[{"@type":"ListItem","position":1,"name":"In\u00edcio","item":"https:\/\/psol50.org.br\/"},{"@type":"ListItem","position":2,"name":"Temer anuncia fim do Ci\u00eancia Sem Fronteira para estudantes de gradua\u00e7\u00e3o"}]},{"@type":"WebSite","@id":"https:\/\/psol50.org.br\/#website","url":"https:\/\/psol50.org.br\/","name":"PSOL 50","description":"Site oficial do Partido Socialismo e Liberdade","publisher":{"@id":"https:\/\/psol50.org.br\/#organization"},"alternateName":"PSOL50","potentialAction":[{"@type":"SearchAction","target":{"@type":"EntryPoint","urlTemplate":"https:\/\/psol50.org.br\/?s={search_term_string}"},"query-input":{"@type":"PropertyValueSpecification","valueRequired":true,"valueName":"search_term_string"}}],"inLanguage":"pt-BR"},{"@type":"Organization","@id":"https:\/\/psol50.org.br\/#organization","name":"PSOL 50","alternateName":"PSOL 50","url":"https:\/\/psol50.org.br\/","logo":{"@type":"ImageObject","inLanguage":"pt-BR","@id":"https:\/\/psol50.org.br\/#\/schema\/logo\/image\/","url":"https:\/\/psol50.org.br\/inc\/uploads\/2018\/07\/capa.png","contentUrl":"https:\/\/psol50.org.br\/inc\/uploads\/2018\/07\/capa.png","width":1350,"height":900,"caption":"PSOL 50"},"image":{"@id":"https:\/\/psol50.org.br\/#\/schema\/logo\/image\/"},"sameAs":["https:\/\/www.facebook.com\/psol50","https:\/\/x.com\/psol50","https:\/\/www.instagram.com\/psol50\/","https:\/\/www.youtube.com\/channel\/UC7SnJS5o1os7a6CaiNabzcg"]},{"@type":"Person","@id":"https:\/\/psol50.org.br\/#\/schema\/person\/475dfa57d0b815993c714c2e96491fcd","name":"Comunica\u00e7\u00e3o PSOL","image":{"@type":"ImageObject","inLanguage":"pt-BR","@id":"https:\/\/psol50.org.br\/#\/schema\/person\/image\/","url":"https:\/\/secure.gravatar.com\/avatar\/b34fc4f4e468a4e51785917065a3db57b841f5c95dba6ad8c73aaf8f66f8f9bf?s=96&d=mm&r=g","contentUrl":"https:\/\/secure.gravatar.com\/avatar\/b34fc4f4e468a4e51785917065a3db57b841f5c95dba6ad8c73aaf8f66f8f9bf?s=96&d=mm&r=g","caption":"Comunica\u00e7\u00e3o PSOL"}}]}},"_links":{"self":[{"href":"https:\/\/psol50.org.br\/rest\/wp\/v2\/posts\/13210","targetHints":{"allow":["GET"]}}],"collection":[{"href":"https:\/\/psol50.org.br\/rest\/wp\/v2\/posts"}],"about":[{"href":"https:\/\/psol50.org.br\/rest\/wp\/v2\/types\/post"}],"author":[{"embeddable":true,"href":"https:\/\/psol50.org.br\/rest\/wp\/v2\/users\/2"}],"replies":[{"embeddable":true,"href":"https:\/\/psol50.org.br\/rest\/wp\/v2\/comments?post=13210"}],"version-history":[{"count":0,"href":"https:\/\/psol50.org.br\/rest\/wp\/v2\/posts\/13210\/revisions"}],"wp:featuredmedia":[{"embeddable":true,"href":"https:\/\/psol50.org.br\/rest\/wp\/v2\/media\/13211"}],"wp:attachment":[{"href":"https:\/\/psol50.org.br\/rest\/wp\/v2\/media?parent=13210"}],"wp:term":[{"taxonomy":"category","embeddable":true,"href":"https:\/\/psol50.org.br\/rest\/wp\/v2\/categories?post=13210"},{"taxonomy":"post_tag","embeddable":true,"href":"https:\/\/psol50.org.br\/rest\/wp\/v2\/tags?post=13210"}],"curies":[{"name":"wp","href":"https:\/\/api.w.org\/{rel}","templated":true}]}}