{"id":13240,"date":"2016-08-01T18:57:59","date_gmt":"2016-08-01T18:57:59","guid":{"rendered":"http:\/\/www.psol50.org.br\/?p=13240"},"modified":"2016-08-01T18:57:59","modified_gmt":"2016-08-01T18:57:59","slug":"joao-alfredo-e-oficializado-candidato-a-prefeitura-de-fortaleza","status":"publish","type":"post","link":"https:\/\/psol50.org.br\/joao-alfredo-e-oficializado-candidato-a-prefeitura-de-fortaleza\/","title":{"rendered":"Jo\u00e3o Alfredo \u00e9 oficializado candidato \u00e0 prefeitura de Fortaleza"},"content":{"rendered":"<p>Atual vereador de Fortaleza, Jo\u00e3o Alfredo foi homologado, neste domingo, como candidato da Frente de Esquerda Socialista (PSOL e PCB) \u00e0 Prefeitura de Fortaleza. Em um contexto de ataques a direitos, mas tamb\u00e9m de mobiliza\u00e7\u00f5es populares, Jo\u00e3o disse que representar\u00e1 \u201ca Fortaleza que resiste\u201d \u2013 frase que ser\u00e1 o mote da campanha. \u201cN\u00f3s n\u00e3o temos nenhum compromisso com o capital. Nem o capital imobili\u00e1rio, nem o capital das empresas de \u00f4nibus ou das empresas de lixo. N\u00f3s vamos fazer uma cidade para as pessoas e vamos apresentar o programa dos movimentos sociais\u201d, afirmou.<\/p>\n<p>O candidato explicou que o programa de governo est\u00e1 sendo constru\u00eddo de forma participativa, por meio de encontros que t\u00eam reunido estudiosos e ativistas. Em sua fala, destacou algumas das propostas que ser\u00e3o apresentadas, como a radicaliza\u00e7\u00e3o da participa\u00e7\u00e3o popular, com a defini\u00e7\u00e3o e o acompanhamento da execu\u00e7\u00e3o do or\u00e7amento de forma participativa, e a prote\u00e7\u00e3o ambiental. Como vereador, Jo\u00e3o criou tr\u00eas \u00e1reas de prote\u00e7\u00e3o ambiental, n\u00famero superior ao registrado nas gest\u00f5es de Luizianne Lins e Roberto Cl\u00e1udio.<\/p>\n<p>A pol\u00edtica habitacional tamb\u00e9m ser\u00e1 um dos focos da campanha do PSOL e do PCB. A vice da chapa, Raquel Lima, \u00e9 ex-moradora e lideran\u00e7a da Comunidade do Alto da Paz, no bairro Vicente Pizon, em que 340 fam\u00edlias foram removidas pela a\u00e7\u00e3o truculenta da Guarda Municipal da gest\u00e3o de Roberto Cl\u00e1udio, em 2014. Indo de encontro \u00e0 l\u00f3gica da especula\u00e7\u00e3o imobili\u00e1ria que faz de Fortaleza uma das cidades com maior d\u00e9ficit habitacional do pa\u00eds, ela defendeu moradia e melhores condi\u00e7\u00f5es de vida para toda a popula\u00e7\u00e3o. Uma das \u00fanicas mulheres na disputa eleitoral deste ano, afirmou que \u201cuma nova Fortaleza vai nascer, com as mulheres ocupando o seu lugar\u201d.<\/p>\n<p><img loading=\"lazy\" decoding=\"async\" class=\"alignnone size-full wp-image-13243\" src=\"http:\/\/www.psol50.org.br\/inc\/uploads\/2016\/08\/photo_2016-08-01_15-54-50.jpg\" alt=\"photo_2016-08-01_15-54-50\" width=\"1280\" height=\"960\" \/><\/p>\n<p>O deputado federal pelo PSOL do Rio de Janeiro, Chico Alencar, participou da conven\u00e7\u00e3o e elogiou a chapa formada pelo PSOL e pelo PCB. Chico disse que \u201ca pol\u00edtica est\u00e1 sequestrada pelo poder econ\u00f4mico, pela demagogia, pelo capital\u201d e que o papel da esquerda \u00e9 o de resgatar a pol\u00edtica e fazer com que ela seja voltada aos interesses das maiorias sociais. Tamb\u00e9m no encontro em Fortaleza, o presidente do PSOL, Luiz Ara\u00fajo, listou os objetivos do partido nas elei\u00e7\u00f5es: ser um polo contra o conservadorismo; aglutinar todos que foram \u00e0s ruas contra o contra o golpe e contra a retirada de direitos; evidenciar as pautas que a pol\u00edtica tradicional oculta; representar as lutas populares e conquistar gest\u00f5es que modifiquem a vida das pessoas. \u201cN\u00f3s queremos governar para radicalizar a democracia no Brasil, para empoderar as pessoas e construir, com elas, outra sociedade\u201d, destacou.<\/p>\n<p>Ara\u00fajo destacou que a Dire\u00e7\u00e3o Nacional do PSOL est\u00e1, em todo o pa\u00eds, esfor\u00e7ando-se para que \u201cesta seja uma campanha da renova\u00e7\u00e3o pol\u00edtica\u201d. Nesse sentido, ressaltou a import\u00e2ncia da elei\u00e7\u00e3o de bancada de vereadores e vereadoras do PSOL. Em Fortaleza, trinta e cinco candidaturas \u00e0 C\u00e2mara Municipal foram lan\u00e7adas. S\u00e3o ambientalistas, professores, ativistas de movimentos de bairros, do setor sindical e das lutas relacionadas \u00e0 defesa dos direitos humanos e ao combate \u00e0s opress\u00f5es que expressar\u00e3o essas diversas lutas tanto na campanha quanto no parlamento municipal.<\/p>\n<p>Com a mesma alegria, o deputado estadual Renato Roseno tamb\u00e9m manifestou apoio \u00e0s candidaturas oficializadas no encontro. A chapa, disse, afirmar\u00e1 que \u201cessa cidade n\u00e3o ser\u00e1 do capital\u201d. Na sua avalia\u00e7\u00e3o, as demais candidaturas \u00e0 prefeitura \u201cquerem fazer da campanha um enfadonho roteiro de quem fez mais asfalto, se foi a prefeitura anterior ou o atual. Eles querem disputar quem foi o melhor gestor que agradou o capital e reprimiu a periferia. Mas n\u00f3s n\u00e3o deixaremos\u201d, afirmou, ressaltando que o partido lutar\u00e1 para garantir a presen\u00e7a de Jo\u00e3o nos debates televisivos. \u201cComo voc\u00ea retira do debate algu\u00e9m que tem mais de quarenta anos de milit\u00e2ncia, de ecologia, de defesa dos direitos humanos?\u201d, questionou.<\/p>\n<p>Al\u00e9m do Partido Comunista Brasileiro (PCB), outras organiza\u00e7\u00f5es pol\u00edticas marcaram presen\u00e7a e manifestaram apoio \u00e0s candidaturas de Jo\u00e3o Alfredo e Raquel Lima, entre as quais o Movimento dos Trabalhadores Rurais Sem Terra (MST), o Movimento dos Trabalhadores Sem Teto (MTST), a Nova Organiza\u00e7\u00e3o Socialista (NOS), a Unidade Popular pelo Socialismo, Movimento por uma Alternativa Independente e Socialista (MAIS). Todas refor\u00e7aram a necessidade de unificar a esquerda para fortalecer a luta contra o governo Temer e frear o processo de ataques aos direitos que est\u00e1 sendo efetivada no pa\u00eds.<\/p>\n","protected":false},"excerpt":{"rendered":"<p>Atual vereador de Fortaleza, Jo\u00e3o Alfredo foi homologado, neste domingo, como candidato da Frente de Esquerda Socialista (PSOL e PCB) \u00e0 Prefeitura de Fortaleza. Em um contexto de ataques a direitos, mas tamb\u00e9m de mobiliza\u00e7\u00f5es populares, Jo\u00e3o disse que representar\u00e1 \u201ca Fortaleza que resiste\u201d \u2013 frase que ser\u00e1 o mote da campanha. \u201cN\u00f3s n\u00e3o temos [&hellip;]<\/p>\n","protected":false},"author":2,"featured_media":13241,"comment_status":"open","ping_status":"open","sticky":false,"template":"","format":"standard","meta":{"_acf_changed":false,"footnotes":""},"categories":[2833,654,6],"tags":[984,4433,711,22],"class_list":{"0":"post-13240","1":"post","2":"type-post","3":"status-publish","4":"format-standard","5":"has-post-thumbnail","7":"category-eleicoes-2016","8":"category-estados","9":"category-noticias","10":"tag-fortaleza","11":"tag-joao-alfredo","12":"tag-pcb","13":"tag-psol"},"acf":[],"yoast_head":"<!-- This site is optimized with the Yoast SEO plugin v26.5 - https:\/\/yoast.com\/wordpress\/plugins\/seo\/ -->\n<title>Jo\u00e3o Alfredo \u00e9 oficializado candidato \u00e0 prefeitura de Fortaleza - PSOL 50<\/title>\n<meta name=\"robots\" content=\"index, follow, max-snippet:-1, max-image-preview:large, max-video-preview:-1\" \/>\n<link rel=\"canonical\" href=\"https:\/\/psol50.org.br\/joao-alfredo-e-oficializado-candidato-a-prefeitura-de-fortaleza\/\" \/>\n<meta property=\"og:locale\" content=\"pt_BR\" \/>\n<meta property=\"og:type\" content=\"article\" \/>\n<meta property=\"og:title\" content=\"Jo\u00e3o Alfredo \u00e9 oficializado candidato \u00e0 prefeitura de Fortaleza - PSOL 50\" \/>\n<meta property=\"og:description\" content=\"Atual vereador de Fortaleza, Jo\u00e3o Alfredo foi homologado, neste domingo, como candidato da Frente de Esquerda Socialista (PSOL e PCB) \u00e0 Prefeitura de Fortaleza. Em um contexto de ataques a direitos, mas tamb\u00e9m de mobiliza\u00e7\u00f5es populares, Jo\u00e3o disse que representar\u00e1 \u201ca Fortaleza que resiste\u201d \u2013 frase que ser\u00e1 o mote da campanha. \u201cN\u00f3s n\u00e3o temos [&hellip;]\" \/>\n<meta property=\"og:url\" content=\"https:\/\/psol50.org.br\/joao-alfredo-e-oficializado-candidato-a-prefeitura-de-fortaleza\/\" \/>\n<meta property=\"og:site_name\" content=\"PSOL 50\" \/>\n<meta property=\"article:publisher\" content=\"https:\/\/www.facebook.com\/psol50\" \/>\n<meta property=\"article:published_time\" content=\"2016-08-01T18:57:59+00:00\" \/>\n<meta property=\"og:image\" content=\"https:\/\/psol50.org.br\/inc\/uploads\/2016\/08\/joaoalfredo.jpg\" \/>\n\t<meta property=\"og:image:width\" content=\"960\" \/>\n\t<meta property=\"og:image:height\" content=\"640\" \/>\n\t<meta property=\"og:image:type\" content=\"image\/jpeg\" \/>\n<meta name=\"author\" content=\"Comunica\u00e7\u00e3o PSOL\" \/>\n<meta name=\"twitter:card\" content=\"summary_large_image\" \/>\n<meta name=\"twitter:creator\" content=\"@psol50\" \/>\n<meta name=\"twitter:site\" content=\"@psol50\" \/>\n<meta name=\"twitter:label1\" content=\"Escrito por\" \/>\n\t<meta name=\"twitter:data1\" content=\"Comunica\u00e7\u00e3o PSOL\" \/>\n\t<meta name=\"twitter:label2\" content=\"Est. tempo de leitura\" \/>\n\t<meta name=\"twitter:data2\" content=\"4 minutos\" \/>\n<script type=\"application\/ld+json\" class=\"yoast-schema-graph\">{\"@context\":\"https:\/\/schema.org\",\"@graph\":[{\"@type\":\"Article\",\"@id\":\"https:\/\/psol50.org.br\/joao-alfredo-e-oficializado-candidato-a-prefeitura-de-fortaleza\/#article\",\"isPartOf\":{\"@id\":\"https:\/\/psol50.org.br\/joao-alfredo-e-oficializado-candidato-a-prefeitura-de-fortaleza\/\"},\"author\":{\"name\":\"Comunica\u00e7\u00e3o PSOL\",\"@id\":\"https:\/\/psol50.org.br\/#\/schema\/person\/475dfa57d0b815993c714c2e96491fcd\"},\"headline\":\"Jo\u00e3o Alfredo \u00e9 oficializado candidato \u00e0 prefeitura de Fortaleza\",\"datePublished\":\"2016-08-01T18:57:59+00:00\",\"mainEntityOfPage\":{\"@id\":\"https:\/\/psol50.org.br\/joao-alfredo-e-oficializado-candidato-a-prefeitura-de-fortaleza\/\"},\"wordCount\":787,\"commentCount\":0,\"publisher\":{\"@id\":\"https:\/\/psol50.org.br\/#organization\"},\"image\":{\"@id\":\"https:\/\/psol50.org.br\/joao-alfredo-e-oficializado-candidato-a-prefeitura-de-fortaleza\/#primaryimage\"},\"thumbnailUrl\":\"https:\/\/psol50.org.br\/inc\/uploads\/2016\/08\/joaoalfredo.jpg\",\"keywords\":[\"Fortaleza\",\"Jo\u00e3o Alfredo\",\"PCB\",\"PSOL\"],\"articleSection\":[\"ELEI\u00c7\u00d5ES 2016\",\"Estados\",\"Not\u00edcias\"],\"inLanguage\":\"pt-BR\",\"potentialAction\":[{\"@type\":\"CommentAction\",\"name\":\"Comment\",\"target\":[\"https:\/\/psol50.org.br\/joao-alfredo-e-oficializado-candidato-a-prefeitura-de-fortaleza\/#respond\"]}]},{\"@type\":\"WebPage\",\"@id\":\"https:\/\/psol50.org.br\/joao-alfredo-e-oficializado-candidato-a-prefeitura-de-fortaleza\/\",\"url\":\"https:\/\/psol50.org.br\/joao-alfredo-e-oficializado-candidato-a-prefeitura-de-fortaleza\/\",\"name\":\"Jo\u00e3o Alfredo \u00e9 oficializado candidato \u00e0 prefeitura de Fortaleza - PSOL 50\",\"isPartOf\":{\"@id\":\"https:\/\/psol50.org.br\/#website\"},\"primaryImageOfPage\":{\"@id\":\"https:\/\/psol50.org.br\/joao-alfredo-e-oficializado-candidato-a-prefeitura-de-fortaleza\/#primaryimage\"},\"image\":{\"@id\":\"https:\/\/psol50.org.br\/joao-alfredo-e-oficializado-candidato-a-prefeitura-de-fortaleza\/#primaryimage\"},\"thumbnailUrl\":\"https:\/\/psol50.org.br\/inc\/uploads\/2016\/08\/joaoalfredo.jpg\",\"datePublished\":\"2016-08-01T18:57:59+00:00\",\"breadcrumb\":{\"@id\":\"https:\/\/psol50.org.br\/joao-alfredo-e-oficializado-candidato-a-prefeitura-de-fortaleza\/#breadcrumb\"},\"inLanguage\":\"pt-BR\",\"potentialAction\":[{\"@type\":\"ReadAction\",\"target\":[\"https:\/\/psol50.org.br\/joao-alfredo-e-oficializado-candidato-a-prefeitura-de-fortaleza\/\"]}]},{\"@type\":\"ImageObject\",\"inLanguage\":\"pt-BR\",\"@id\":\"https:\/\/psol50.org.br\/joao-alfredo-e-oficializado-candidato-a-prefeitura-de-fortaleza\/#primaryimage\",\"url\":\"https:\/\/psol50.org.br\/inc\/uploads\/2016\/08\/joaoalfredo.jpg\",\"contentUrl\":\"https:\/\/psol50.org.br\/inc\/uploads\/2016\/08\/joaoalfredo.jpg\",\"width\":960,\"height\":640},{\"@type\":\"BreadcrumbList\",\"@id\":\"https:\/\/psol50.org.br\/joao-alfredo-e-oficializado-candidato-a-prefeitura-de-fortaleza\/#breadcrumb\",\"itemListElement\":[{\"@type\":\"ListItem\",\"position\":1,\"name\":\"In\u00edcio\",\"item\":\"https:\/\/psol50.org.br\/\"},{\"@type\":\"ListItem\",\"position\":2,\"name\":\"Jo\u00e3o Alfredo \u00e9 oficializado candidato \u00e0 prefeitura de Fortaleza\"}]},{\"@type\":\"WebSite\",\"@id\":\"https:\/\/psol50.org.br\/#website\",\"url\":\"https:\/\/psol50.org.br\/\",\"name\":\"PSOL 50\",\"description\":\"Site oficial do Partido Socialismo e Liberdade\",\"publisher\":{\"@id\":\"https:\/\/psol50.org.br\/#organization\"},\"alternateName\":\"PSOL50\",\"potentialAction\":[{\"@type\":\"SearchAction\",\"target\":{\"@type\":\"EntryPoint\",\"urlTemplate\":\"https:\/\/psol50.org.br\/?s={search_term_string}\"},\"query-input\":{\"@type\":\"PropertyValueSpecification\",\"valueRequired\":true,\"valueName\":\"search_term_string\"}}],\"inLanguage\":\"pt-BR\"},{\"@type\":\"Organization\",\"@id\":\"https:\/\/psol50.org.br\/#organization\",\"name\":\"PSOL 50\",\"alternateName\":\"PSOL 50\",\"url\":\"https:\/\/psol50.org.br\/\",\"logo\":{\"@type\":\"ImageObject\",\"inLanguage\":\"pt-BR\",\"@id\":\"https:\/\/psol50.org.br\/#\/schema\/logo\/image\/\",\"url\":\"https:\/\/psol50.org.br\/inc\/uploads\/2018\/07\/capa.png\",\"contentUrl\":\"https:\/\/psol50.org.br\/inc\/uploads\/2018\/07\/capa.png\",\"width\":1350,\"height\":900,\"caption\":\"PSOL 50\"},\"image\":{\"@id\":\"https:\/\/psol50.org.br\/#\/schema\/logo\/image\/\"},\"sameAs\":[\"https:\/\/www.facebook.com\/psol50\",\"https:\/\/x.com\/psol50\",\"https:\/\/www.instagram.com\/psol50\/\",\"https:\/\/www.youtube.com\/channel\/UC7SnJS5o1os7a6CaiNabzcg\"]},{\"@type\":\"Person\",\"@id\":\"https:\/\/psol50.org.br\/#\/schema\/person\/475dfa57d0b815993c714c2e96491fcd\",\"name\":\"Comunica\u00e7\u00e3o PSOL\",\"image\":{\"@type\":\"ImageObject\",\"inLanguage\":\"pt-BR\",\"@id\":\"https:\/\/psol50.org.br\/#\/schema\/person\/image\/\",\"url\":\"https:\/\/secure.gravatar.com\/avatar\/b34fc4f4e468a4e51785917065a3db57b841f5c95dba6ad8c73aaf8f66f8f9bf?s=96&d=mm&r=g\",\"contentUrl\":\"https:\/\/secure.gravatar.com\/avatar\/b34fc4f4e468a4e51785917065a3db57b841f5c95dba6ad8c73aaf8f66f8f9bf?s=96&d=mm&r=g\",\"caption\":\"Comunica\u00e7\u00e3o PSOL\"}}]}<\/script>\n<!-- \/ Yoast SEO plugin. -->","yoast_head_json":{"title":"Jo\u00e3o Alfredo \u00e9 oficializado candidato \u00e0 prefeitura de Fortaleza - PSOL 50","robots":{"index":"index","follow":"follow","max-snippet":"max-snippet:-1","max-image-preview":"max-image-preview:large","max-video-preview":"max-video-preview:-1"},"canonical":"https:\/\/psol50.org.br\/joao-alfredo-e-oficializado-candidato-a-prefeitura-de-fortaleza\/","og_locale":"pt_BR","og_type":"article","og_title":"Jo\u00e3o Alfredo \u00e9 oficializado candidato \u00e0 prefeitura de Fortaleza - PSOL 50","og_description":"Atual vereador de Fortaleza, Jo\u00e3o Alfredo foi homologado, neste domingo, como candidato da Frente de Esquerda Socialista (PSOL e PCB) \u00e0 Prefeitura de Fortaleza. Em um contexto de ataques a direitos, mas tamb\u00e9m de mobiliza\u00e7\u00f5es populares, Jo\u00e3o disse que representar\u00e1 \u201ca Fortaleza que resiste\u201d \u2013 frase que ser\u00e1 o mote da campanha. \u201cN\u00f3s n\u00e3o temos [&hellip;]","og_url":"https:\/\/psol50.org.br\/joao-alfredo-e-oficializado-candidato-a-prefeitura-de-fortaleza\/","og_site_name":"PSOL 50","article_publisher":"https:\/\/www.facebook.com\/psol50","article_published_time":"2016-08-01T18:57:59+00:00","og_image":[{"width":960,"height":640,"url":"https:\/\/psol50.org.br\/inc\/uploads\/2016\/08\/joaoalfredo.jpg","type":"image\/jpeg"}],"author":"Comunica\u00e7\u00e3o PSOL","twitter_card":"summary_large_image","twitter_creator":"@psol50","twitter_site":"@psol50","twitter_misc":{"Escrito por":"Comunica\u00e7\u00e3o PSOL","Est. tempo de leitura":"4 minutos"},"schema":{"@context":"https:\/\/schema.org","@graph":[{"@type":"Article","@id":"https:\/\/psol50.org.br\/joao-alfredo-e-oficializado-candidato-a-prefeitura-de-fortaleza\/#article","isPartOf":{"@id":"https:\/\/psol50.org.br\/joao-alfredo-e-oficializado-candidato-a-prefeitura-de-fortaleza\/"},"author":{"name":"Comunica\u00e7\u00e3o PSOL","@id":"https:\/\/psol50.org.br\/#\/schema\/person\/475dfa57d0b815993c714c2e96491fcd"},"headline":"Jo\u00e3o Alfredo \u00e9 oficializado candidato \u00e0 prefeitura de Fortaleza","datePublished":"2016-08-01T18:57:59+00:00","mainEntityOfPage":{"@id":"https:\/\/psol50.org.br\/joao-alfredo-e-oficializado-candidato-a-prefeitura-de-fortaleza\/"},"wordCount":787,"commentCount":0,"publisher":{"@id":"https:\/\/psol50.org.br\/#organization"},"image":{"@id":"https:\/\/psol50.org.br\/joao-alfredo-e-oficializado-candidato-a-prefeitura-de-fortaleza\/#primaryimage"},"thumbnailUrl":"https:\/\/psol50.org.br\/inc\/uploads\/2016\/08\/joaoalfredo.jpg","keywords":["Fortaleza","Jo\u00e3o Alfredo","PCB","PSOL"],"articleSection":["ELEI\u00c7\u00d5ES 2016","Estados","Not\u00edcias"],"inLanguage":"pt-BR","potentialAction":[{"@type":"CommentAction","name":"Comment","target":["https:\/\/psol50.org.br\/joao-alfredo-e-oficializado-candidato-a-prefeitura-de-fortaleza\/#respond"]}]},{"@type":"WebPage","@id":"https:\/\/psol50.org.br\/joao-alfredo-e-oficializado-candidato-a-prefeitura-de-fortaleza\/","url":"https:\/\/psol50.org.br\/joao-alfredo-e-oficializado-candidato-a-prefeitura-de-fortaleza\/","name":"Jo\u00e3o Alfredo \u00e9 oficializado candidato \u00e0 prefeitura de Fortaleza - PSOL 50","isPartOf":{"@id":"https:\/\/psol50.org.br\/#website"},"primaryImageOfPage":{"@id":"https:\/\/psol50.org.br\/joao-alfredo-e-oficializado-candidato-a-prefeitura-de-fortaleza\/#primaryimage"},"image":{"@id":"https:\/\/psol50.org.br\/joao-alfredo-e-oficializado-candidato-a-prefeitura-de-fortaleza\/#primaryimage"},"thumbnailUrl":"https:\/\/psol50.org.br\/inc\/uploads\/2016\/08\/joaoalfredo.jpg","datePublished":"2016-08-01T18:57:59+00:00","breadcrumb":{"@id":"https:\/\/psol50.org.br\/joao-alfredo-e-oficializado-candidato-a-prefeitura-de-fortaleza\/#breadcrumb"},"inLanguage":"pt-BR","potentialAction":[{"@type":"ReadAction","target":["https:\/\/psol50.org.br\/joao-alfredo-e-oficializado-candidato-a-prefeitura-de-fortaleza\/"]}]},{"@type":"ImageObject","inLanguage":"pt-BR","@id":"https:\/\/psol50.org.br\/joao-alfredo-e-oficializado-candidato-a-prefeitura-de-fortaleza\/#primaryimage","url":"https:\/\/psol50.org.br\/inc\/uploads\/2016\/08\/joaoalfredo.jpg","contentUrl":"https:\/\/psol50.org.br\/inc\/uploads\/2016\/08\/joaoalfredo.jpg","width":960,"height":640},{"@type":"BreadcrumbList","@id":"https:\/\/psol50.org.br\/joao-alfredo-e-oficializado-candidato-a-prefeitura-de-fortaleza\/#breadcrumb","itemListElement":[{"@type":"ListItem","position":1,"name":"In\u00edcio","item":"https:\/\/psol50.org.br\/"},{"@type":"ListItem","position":2,"name":"Jo\u00e3o Alfredo \u00e9 oficializado candidato \u00e0 prefeitura de Fortaleza"}]},{"@type":"WebSite","@id":"https:\/\/psol50.org.br\/#website","url":"https:\/\/psol50.org.br\/","name":"PSOL 50","description":"Site oficial do Partido Socialismo e Liberdade","publisher":{"@id":"https:\/\/psol50.org.br\/#organization"},"alternateName":"PSOL50","potentialAction":[{"@type":"SearchAction","target":{"@type":"EntryPoint","urlTemplate":"https:\/\/psol50.org.br\/?s={search_term_string}"},"query-input":{"@type":"PropertyValueSpecification","valueRequired":true,"valueName":"search_term_string"}}],"inLanguage":"pt-BR"},{"@type":"Organization","@id":"https:\/\/psol50.org.br\/#organization","name":"PSOL 50","alternateName":"PSOL 50","url":"https:\/\/psol50.org.br\/","logo":{"@type":"ImageObject","inLanguage":"pt-BR","@id":"https:\/\/psol50.org.br\/#\/schema\/logo\/image\/","url":"https:\/\/psol50.org.br\/inc\/uploads\/2018\/07\/capa.png","contentUrl":"https:\/\/psol50.org.br\/inc\/uploads\/2018\/07\/capa.png","width":1350,"height":900,"caption":"PSOL 50"},"image":{"@id":"https:\/\/psol50.org.br\/#\/schema\/logo\/image\/"},"sameAs":["https:\/\/www.facebook.com\/psol50","https:\/\/x.com\/psol50","https:\/\/www.instagram.com\/psol50\/","https:\/\/www.youtube.com\/channel\/UC7SnJS5o1os7a6CaiNabzcg"]},{"@type":"Person","@id":"https:\/\/psol50.org.br\/#\/schema\/person\/475dfa57d0b815993c714c2e96491fcd","name":"Comunica\u00e7\u00e3o PSOL","image":{"@type":"ImageObject","inLanguage":"pt-BR","@id":"https:\/\/psol50.org.br\/#\/schema\/person\/image\/","url":"https:\/\/secure.gravatar.com\/avatar\/b34fc4f4e468a4e51785917065a3db57b841f5c95dba6ad8c73aaf8f66f8f9bf?s=96&d=mm&r=g","contentUrl":"https:\/\/secure.gravatar.com\/avatar\/b34fc4f4e468a4e51785917065a3db57b841f5c95dba6ad8c73aaf8f66f8f9bf?s=96&d=mm&r=g","caption":"Comunica\u00e7\u00e3o PSOL"}}]}},"_links":{"self":[{"href":"https:\/\/psol50.org.br\/rest\/wp\/v2\/posts\/13240","targetHints":{"allow":["GET"]}}],"collection":[{"href":"https:\/\/psol50.org.br\/rest\/wp\/v2\/posts"}],"about":[{"href":"https:\/\/psol50.org.br\/rest\/wp\/v2\/types\/post"}],"author":[{"embeddable":true,"href":"https:\/\/psol50.org.br\/rest\/wp\/v2\/users\/2"}],"replies":[{"embeddable":true,"href":"https:\/\/psol50.org.br\/rest\/wp\/v2\/comments?post=13240"}],"version-history":[{"count":0,"href":"https:\/\/psol50.org.br\/rest\/wp\/v2\/posts\/13240\/revisions"}],"wp:featuredmedia":[{"embeddable":true,"href":"https:\/\/psol50.org.br\/rest\/wp\/v2\/media\/13241"}],"wp:attachment":[{"href":"https:\/\/psol50.org.br\/rest\/wp\/v2\/media?parent=13240"}],"wp:term":[{"taxonomy":"category","embeddable":true,"href":"https:\/\/psol50.org.br\/rest\/wp\/v2\/categories?post=13240"},{"taxonomy":"post_tag","embeddable":true,"href":"https:\/\/psol50.org.br\/rest\/wp\/v2\/tags?post=13240"}],"curies":[{"name":"wp","href":"https:\/\/api.w.org\/{rel}","templated":true}]}}