{"id":13289,"date":"2016-08-05T14:20:05","date_gmt":"2016-08-05T14:20:05","guid":{"rendered":"http:\/\/www.psol50.org.br\/?p=13289"},"modified":"2016-08-05T14:20:05","modified_gmt":"2016-08-05T14:20:05","slug":"chico-alencar-ao-podio","status":"publish","type":"post","link":"https:\/\/psol50.org.br\/chico-alencar-ao-podio\/","title":{"rendered":"CHICO ALENCAR: Ao p\u00f3dio"},"content":{"rendered":"<p><em><span style=\"font-size: 13px\">Artigo publicado originalmente no <a href=\"http:\/\/noblat.oglobo.globo.com\/artigos\/noticia\/2016\/08\/ao-podio.html\" target=\"_blank\" rel=\"noopener\">Blog do Noblat<\/a><\/span><\/em><\/p>\n<p>Em uma das primeiras Paralimp\u00edadas, uma cena comoveu o mundo: atletas disputavam uma corrida quando um concorrente caiu. Os demais se voltaram para ele, o ergueram e combinaram chegar juntos \u00e0 linha final. Todos venceram.<\/p>\n<p>Isso vai contra o esp\u00edrito do nosso tempo. E talvez mesmo contra o tal esp\u00edrito ol\u00edmpico surgido nos Jogos de Londres de 1908, popularizado pelo franc\u00eas Bar\u00e3o de Coubertin: \u201co importante \u00e9 competir\u201d.<\/p>\n<p>Arist\u00f3teles, que viveu terra natal dos Jogos Ol\u00edmpicos, disse que \u201csem amigo ningu\u00e9m pode viver bem, ainda que possua todos os bens\u201d (<em>em \u00c9tica a Nic\u00f4mano<\/em>). Por isso se fala dos Jogos como sinal de amizade entre os povos, ainda que emulados pela acirrada disputa para ver quem consegue subir ao p\u00f3dio do melhor desempenho, ganhando ouro, prata ou bronze. Ao menos as medalhas n\u00e3o s\u00e3o de feitos de guerra.<\/p>\n<p>Para simbolizar essa expectativa de sadia competi\u00e7\u00e3o, sem destrui\u00e7\u00e3o do oponente, a tocha ol\u00edmpica percorreu, em 82 dias, 277 cidades brasileiras. \u00c9 certo que foi apagada em protesto aqui e ali, pelos que desejam a chama da prioridade social e da transpar\u00eancia, e n\u00e3o o af\u00e3 de lucro das empresas patrocinadoras&#8230;<\/p>\n<p>Durante 17 dias, desde 5 de agosto, mais de 12 mil atletas de 206 pa\u00edses disputam 42 modalidades esportivas diferentes. A delega\u00e7\u00e3o brasileira, por estar em casa, ser\u00e1 a maior da nossa hist\u00f3ria: 465 esportistas. Gigantesco tamb\u00e9m ser\u00e1 o aparato militar: nada menos que 85 mil agentes das For\u00e7as Armadas, Pol\u00edcias e Guarda Municipal!<\/p>\n<p>Mas, assim como devemos aspirar a globaliza\u00e7\u00e3o da solidariedade, contra todas as opress\u00f5es, o p\u00f3dio duradouro em que devemos subir \u00e9 bem outro: o da\u00a0<strong>Educa\u00e7\u00e3o<\/strong>, nesse pa\u00eds em que seus profissionais n\u00e3o s\u00e3o valorizados e apenas 20% das escolas t\u00eam quadras poliesportivas (n\u00e3o massificamos nem diversificamos os esportes); o da\u00a0<strong>Sa\u00fade<\/strong>, que est\u00e1 pela hora da morte e n\u00e3o atende as urg\u00eancias b\u00e1sicas da popula\u00e7\u00e3o; o da\u00a0<strong>Seguran\u00e7a<\/strong>, cuja fal\u00eancia, no Rio de Janeiro, produziu, ano passado, quatro mil assassinatos, quase todas pessoas pobres; o da\u00a0<strong>Mobilidade Urbana<\/strong>, que faz com que 60% dos moradores das nove regi\u00f5es metropolitanas do pa\u00eds gastem mais de duas horas para ir e voltar do trabalho todo dia; o do\u00a0<strong>Ambiente<\/strong>, cujo s\u00edmbolo da falta de cuidado \u00e9 a Ba\u00eda de Guanabara, que ainda recebe os dejetos de 2\/3 da popula\u00e7\u00e3o do seu entorno; o da\u00a0<strong>\u00c9tica Pol\u00edtica<\/strong>, que tem no conluio empresas-grandes partidos (inclusive nas obras dos Jogos 2016!) os dutos da mais criminosa corrup\u00e7\u00e3o, que subtrai\u00a0 para bolsos privados cerca de 30% de recursos p\u00fablicos.<\/p>\n<p>A prepara\u00e7\u00e3o para ganharmos medalhas nesses quesitos essenciais \u00e0 vida pede consci\u00eancia cidad\u00e3, organiza\u00e7\u00e3o e luta, desde j\u00e1!\u00a0 S\u00f3 assim eternizaremos a chama ol\u00edmpica de uma Na\u00e7\u00e3o justa e fraterna.<\/p>\n<p>&nbsp;<\/p>\n","protected":false},"excerpt":{"rendered":"<p>Artigo publicado originalmente no Blog do Noblat Em uma das primeiras Paralimp\u00edadas, uma cena comoveu o mundo: atletas disputavam uma corrida quando um concorrente caiu. Os demais se voltaram para ele, o ergueram e combinaram chegar juntos \u00e0 linha final. Todos venceram. Isso vai contra o esp\u00edrito do nosso tempo. E talvez mesmo contra o [&hellip;]<\/p>\n","protected":false},"author":2,"featured_media":13290,"comment_status":"open","ping_status":"open","sticky":false,"template":"","format":"standard","meta":{"_acf_changed":false,"footnotes":""},"categories":[3,1882],"tags":[1680,164,4448,4449,1341,4450,4451,4452,162,173,557],"class_list":{"0":"post-13289","1":"post","2":"type-post","3":"status-publish","4":"format-standard","5":"has-post-thumbnail","7":"category-artigos-e-entrevistas","8":"category-brasil","9":"tag-chico-alencar","10":"tag-educacao","11":"tag-etica-politica","12":"tag-jogos-olimpicos","13":"tag-mobilidade-urbana","14":"tag-olimpiadas","15":"tag-paralimpiadas","16":"tag-podio","17":"tag-rio-de-janeiro","18":"tag-saude","19":"tag-seguranca"},"acf":[],"yoast_head":"<!-- This site is optimized with the Yoast SEO plugin v26.5 - https:\/\/yoast.com\/wordpress\/plugins\/seo\/ -->\n<title>CHICO ALENCAR: Ao p\u00f3dio - PSOL 50<\/title>\n<meta name=\"robots\" content=\"index, follow, max-snippet:-1, max-image-preview:large, max-video-preview:-1\" \/>\n<link rel=\"canonical\" href=\"https:\/\/psol50.org.br\/chico-alencar-ao-podio\/\" \/>\n<meta property=\"og:locale\" content=\"pt_BR\" \/>\n<meta property=\"og:type\" content=\"article\" \/>\n<meta property=\"og:title\" content=\"CHICO ALENCAR: Ao p\u00f3dio - PSOL 50\" \/>\n<meta property=\"og:description\" content=\"Artigo publicado originalmente no Blog do Noblat Em uma das primeiras Paralimp\u00edadas, uma cena comoveu o mundo: atletas disputavam uma corrida quando um concorrente caiu. Os demais se voltaram para ele, o ergueram e combinaram chegar juntos \u00e0 linha final. Todos venceram. Isso vai contra o esp\u00edrito do nosso tempo. E talvez mesmo contra o [&hellip;]\" \/>\n<meta property=\"og:url\" content=\"https:\/\/psol50.org.br\/chico-alencar-ao-podio\/\" \/>\n<meta property=\"og:site_name\" content=\"PSOL 50\" \/>\n<meta property=\"article:publisher\" content=\"https:\/\/www.facebook.com\/psol50\" \/>\n<meta property=\"article:published_time\" content=\"2016-08-05T14:20:05+00:00\" \/>\n<meta property=\"og:image\" content=\"https:\/\/psol50.org.br\/inc\/uploads\/2018\/07\/capa.png\" \/>\n\t<meta property=\"og:image:width\" content=\"1350\" \/>\n\t<meta property=\"og:image:height\" content=\"900\" \/>\n\t<meta property=\"og:image:type\" content=\"image\/png\" \/>\n<meta name=\"author\" content=\"Comunica\u00e7\u00e3o PSOL\" \/>\n<meta name=\"twitter:card\" content=\"summary_large_image\" \/>\n<meta name=\"twitter:creator\" content=\"@psol50\" \/>\n<meta name=\"twitter:site\" content=\"@psol50\" \/>\n<meta name=\"twitter:label1\" content=\"Escrito por\" \/>\n\t<meta name=\"twitter:data1\" content=\"Comunica\u00e7\u00e3o PSOL\" \/>\n\t<meta name=\"twitter:label2\" content=\"Est. tempo de leitura\" \/>\n\t<meta name=\"twitter:data2\" content=\"2 minutos\" \/>\n<script type=\"application\/ld+json\" class=\"yoast-schema-graph\">{\"@context\":\"https:\/\/schema.org\",\"@graph\":[{\"@type\":\"Article\",\"@id\":\"https:\/\/psol50.org.br\/chico-alencar-ao-podio\/#article\",\"isPartOf\":{\"@id\":\"https:\/\/psol50.org.br\/chico-alencar-ao-podio\/\"},\"author\":{\"name\":\"Comunica\u00e7\u00e3o PSOL\",\"@id\":\"https:\/\/psol50.org.br\/#\/schema\/person\/475dfa57d0b815993c714c2e96491fcd\"},\"headline\":\"CHICO ALENCAR: Ao p\u00f3dio\",\"datePublished\":\"2016-08-05T14:20:05+00:00\",\"mainEntityOfPage\":{\"@id\":\"https:\/\/psol50.org.br\/chico-alencar-ao-podio\/\"},\"wordCount\":492,\"commentCount\":0,\"publisher\":{\"@id\":\"https:\/\/psol50.org.br\/#organization\"},\"image\":{\"@id\":\"https:\/\/psol50.org.br\/chico-alencar-ao-podio\/#primaryimage\"},\"thumbnailUrl\":\"\",\"keywords\":[\"Chico Alencar\",\"Educa\u00e7\u00e3o\",\"\u00e9tica pol\u00edtica\",\"jogos ol\u00edmpicos\",\"mobilidade urbana\",\"Olimp\u00edadas\",\"Paralimp\u00edadas\",\"p\u00f3dio\",\"Rio de Janeiro\",\"sa\u00fade\",\"seguran\u00e7a\"],\"articleSection\":[\"Artigos\",\"Brasil\"],\"inLanguage\":\"pt-BR\",\"potentialAction\":[{\"@type\":\"CommentAction\",\"name\":\"Comment\",\"target\":[\"https:\/\/psol50.org.br\/chico-alencar-ao-podio\/#respond\"]}]},{\"@type\":\"WebPage\",\"@id\":\"https:\/\/psol50.org.br\/chico-alencar-ao-podio\/\",\"url\":\"https:\/\/psol50.org.br\/chico-alencar-ao-podio\/\",\"name\":\"CHICO ALENCAR: Ao p\u00f3dio - PSOL 50\",\"isPartOf\":{\"@id\":\"https:\/\/psol50.org.br\/#website\"},\"primaryImageOfPage\":{\"@id\":\"https:\/\/psol50.org.br\/chico-alencar-ao-podio\/#primaryimage\"},\"image\":{\"@id\":\"https:\/\/psol50.org.br\/chico-alencar-ao-podio\/#primaryimage\"},\"thumbnailUrl\":\"\",\"datePublished\":\"2016-08-05T14:20:05+00:00\",\"breadcrumb\":{\"@id\":\"https:\/\/psol50.org.br\/chico-alencar-ao-podio\/#breadcrumb\"},\"inLanguage\":\"pt-BR\",\"potentialAction\":[{\"@type\":\"ReadAction\",\"target\":[\"https:\/\/psol50.org.br\/chico-alencar-ao-podio\/\"]}]},{\"@type\":\"ImageObject\",\"inLanguage\":\"pt-BR\",\"@id\":\"https:\/\/psol50.org.br\/chico-alencar-ao-podio\/#primaryimage\",\"url\":\"\",\"contentUrl\":\"\"},{\"@type\":\"BreadcrumbList\",\"@id\":\"https:\/\/psol50.org.br\/chico-alencar-ao-podio\/#breadcrumb\",\"itemListElement\":[{\"@type\":\"ListItem\",\"position\":1,\"name\":\"In\u00edcio\",\"item\":\"https:\/\/psol50.org.br\/\"},{\"@type\":\"ListItem\",\"position\":2,\"name\":\"CHICO ALENCAR: Ao p\u00f3dio\"}]},{\"@type\":\"WebSite\",\"@id\":\"https:\/\/psol50.org.br\/#website\",\"url\":\"https:\/\/psol50.org.br\/\",\"name\":\"PSOL 50\",\"description\":\"Site oficial do Partido Socialismo e Liberdade\",\"publisher\":{\"@id\":\"https:\/\/psol50.org.br\/#organization\"},\"alternateName\":\"PSOL50\",\"potentialAction\":[{\"@type\":\"SearchAction\",\"target\":{\"@type\":\"EntryPoint\",\"urlTemplate\":\"https:\/\/psol50.org.br\/?s={search_term_string}\"},\"query-input\":{\"@type\":\"PropertyValueSpecification\",\"valueRequired\":true,\"valueName\":\"search_term_string\"}}],\"inLanguage\":\"pt-BR\"},{\"@type\":\"Organization\",\"@id\":\"https:\/\/psol50.org.br\/#organization\",\"name\":\"PSOL 50\",\"alternateName\":\"PSOL 50\",\"url\":\"https:\/\/psol50.org.br\/\",\"logo\":{\"@type\":\"ImageObject\",\"inLanguage\":\"pt-BR\",\"@id\":\"https:\/\/psol50.org.br\/#\/schema\/logo\/image\/\",\"url\":\"https:\/\/psol50.org.br\/inc\/uploads\/2018\/07\/capa.png\",\"contentUrl\":\"https:\/\/psol50.org.br\/inc\/uploads\/2018\/07\/capa.png\",\"width\":1350,\"height\":900,\"caption\":\"PSOL 50\"},\"image\":{\"@id\":\"https:\/\/psol50.org.br\/#\/schema\/logo\/image\/\"},\"sameAs\":[\"https:\/\/www.facebook.com\/psol50\",\"https:\/\/x.com\/psol50\",\"https:\/\/www.instagram.com\/psol50\/\",\"https:\/\/www.youtube.com\/channel\/UC7SnJS5o1os7a6CaiNabzcg\"]},{\"@type\":\"Person\",\"@id\":\"https:\/\/psol50.org.br\/#\/schema\/person\/475dfa57d0b815993c714c2e96491fcd\",\"name\":\"Comunica\u00e7\u00e3o PSOL\",\"image\":{\"@type\":\"ImageObject\",\"inLanguage\":\"pt-BR\",\"@id\":\"https:\/\/psol50.org.br\/#\/schema\/person\/image\/\",\"url\":\"https:\/\/secure.gravatar.com\/avatar\/b34fc4f4e468a4e51785917065a3db57b841f5c95dba6ad8c73aaf8f66f8f9bf?s=96&d=mm&r=g\",\"contentUrl\":\"https:\/\/secure.gravatar.com\/avatar\/b34fc4f4e468a4e51785917065a3db57b841f5c95dba6ad8c73aaf8f66f8f9bf?s=96&d=mm&r=g\",\"caption\":\"Comunica\u00e7\u00e3o PSOL\"}}]}<\/script>\n<!-- \/ Yoast SEO plugin. -->","yoast_head_json":{"title":"CHICO ALENCAR: Ao p\u00f3dio - PSOL 50","robots":{"index":"index","follow":"follow","max-snippet":"max-snippet:-1","max-image-preview":"max-image-preview:large","max-video-preview":"max-video-preview:-1"},"canonical":"https:\/\/psol50.org.br\/chico-alencar-ao-podio\/","og_locale":"pt_BR","og_type":"article","og_title":"CHICO ALENCAR: Ao p\u00f3dio - PSOL 50","og_description":"Artigo publicado originalmente no Blog do Noblat Em uma das primeiras Paralimp\u00edadas, uma cena comoveu o mundo: atletas disputavam uma corrida quando um concorrente caiu. Os demais se voltaram para ele, o ergueram e combinaram chegar juntos \u00e0 linha final. Todos venceram. Isso vai contra o esp\u00edrito do nosso tempo. E talvez mesmo contra o [&hellip;]","og_url":"https:\/\/psol50.org.br\/chico-alencar-ao-podio\/","og_site_name":"PSOL 50","article_publisher":"https:\/\/www.facebook.com\/psol50","article_published_time":"2016-08-05T14:20:05+00:00","og_image":[{"width":1350,"height":900,"url":"https:\/\/psol50.org.br\/inc\/uploads\/2018\/07\/capa.png","type":"image\/png"}],"author":"Comunica\u00e7\u00e3o PSOL","twitter_card":"summary_large_image","twitter_creator":"@psol50","twitter_site":"@psol50","twitter_misc":{"Escrito por":"Comunica\u00e7\u00e3o PSOL","Est. tempo de leitura":"2 minutos"},"schema":{"@context":"https:\/\/schema.org","@graph":[{"@type":"Article","@id":"https:\/\/psol50.org.br\/chico-alencar-ao-podio\/#article","isPartOf":{"@id":"https:\/\/psol50.org.br\/chico-alencar-ao-podio\/"},"author":{"name":"Comunica\u00e7\u00e3o PSOL","@id":"https:\/\/psol50.org.br\/#\/schema\/person\/475dfa57d0b815993c714c2e96491fcd"},"headline":"CHICO ALENCAR: Ao p\u00f3dio","datePublished":"2016-08-05T14:20:05+00:00","mainEntityOfPage":{"@id":"https:\/\/psol50.org.br\/chico-alencar-ao-podio\/"},"wordCount":492,"commentCount":0,"publisher":{"@id":"https:\/\/psol50.org.br\/#organization"},"image":{"@id":"https:\/\/psol50.org.br\/chico-alencar-ao-podio\/#primaryimage"},"thumbnailUrl":"","keywords":["Chico Alencar","Educa\u00e7\u00e3o","\u00e9tica pol\u00edtica","jogos ol\u00edmpicos","mobilidade urbana","Olimp\u00edadas","Paralimp\u00edadas","p\u00f3dio","Rio de Janeiro","sa\u00fade","seguran\u00e7a"],"articleSection":["Artigos","Brasil"],"inLanguage":"pt-BR","potentialAction":[{"@type":"CommentAction","name":"Comment","target":["https:\/\/psol50.org.br\/chico-alencar-ao-podio\/#respond"]}]},{"@type":"WebPage","@id":"https:\/\/psol50.org.br\/chico-alencar-ao-podio\/","url":"https:\/\/psol50.org.br\/chico-alencar-ao-podio\/","name":"CHICO ALENCAR: Ao p\u00f3dio - PSOL 50","isPartOf":{"@id":"https:\/\/psol50.org.br\/#website"},"primaryImageOfPage":{"@id":"https:\/\/psol50.org.br\/chico-alencar-ao-podio\/#primaryimage"},"image":{"@id":"https:\/\/psol50.org.br\/chico-alencar-ao-podio\/#primaryimage"},"thumbnailUrl":"","datePublished":"2016-08-05T14:20:05+00:00","breadcrumb":{"@id":"https:\/\/psol50.org.br\/chico-alencar-ao-podio\/#breadcrumb"},"inLanguage":"pt-BR","potentialAction":[{"@type":"ReadAction","target":["https:\/\/psol50.org.br\/chico-alencar-ao-podio\/"]}]},{"@type":"ImageObject","inLanguage":"pt-BR","@id":"https:\/\/psol50.org.br\/chico-alencar-ao-podio\/#primaryimage","url":"","contentUrl":""},{"@type":"BreadcrumbList","@id":"https:\/\/psol50.org.br\/chico-alencar-ao-podio\/#breadcrumb","itemListElement":[{"@type":"ListItem","position":1,"name":"In\u00edcio","item":"https:\/\/psol50.org.br\/"},{"@type":"ListItem","position":2,"name":"CHICO ALENCAR: Ao p\u00f3dio"}]},{"@type":"WebSite","@id":"https:\/\/psol50.org.br\/#website","url":"https:\/\/psol50.org.br\/","name":"PSOL 50","description":"Site oficial do Partido Socialismo e Liberdade","publisher":{"@id":"https:\/\/psol50.org.br\/#organization"},"alternateName":"PSOL50","potentialAction":[{"@type":"SearchAction","target":{"@type":"EntryPoint","urlTemplate":"https:\/\/psol50.org.br\/?s={search_term_string}"},"query-input":{"@type":"PropertyValueSpecification","valueRequired":true,"valueName":"search_term_string"}}],"inLanguage":"pt-BR"},{"@type":"Organization","@id":"https:\/\/psol50.org.br\/#organization","name":"PSOL 50","alternateName":"PSOL 50","url":"https:\/\/psol50.org.br\/","logo":{"@type":"ImageObject","inLanguage":"pt-BR","@id":"https:\/\/psol50.org.br\/#\/schema\/logo\/image\/","url":"https:\/\/psol50.org.br\/inc\/uploads\/2018\/07\/capa.png","contentUrl":"https:\/\/psol50.org.br\/inc\/uploads\/2018\/07\/capa.png","width":1350,"height":900,"caption":"PSOL 50"},"image":{"@id":"https:\/\/psol50.org.br\/#\/schema\/logo\/image\/"},"sameAs":["https:\/\/www.facebook.com\/psol50","https:\/\/x.com\/psol50","https:\/\/www.instagram.com\/psol50\/","https:\/\/www.youtube.com\/channel\/UC7SnJS5o1os7a6CaiNabzcg"]},{"@type":"Person","@id":"https:\/\/psol50.org.br\/#\/schema\/person\/475dfa57d0b815993c714c2e96491fcd","name":"Comunica\u00e7\u00e3o PSOL","image":{"@type":"ImageObject","inLanguage":"pt-BR","@id":"https:\/\/psol50.org.br\/#\/schema\/person\/image\/","url":"https:\/\/secure.gravatar.com\/avatar\/b34fc4f4e468a4e51785917065a3db57b841f5c95dba6ad8c73aaf8f66f8f9bf?s=96&d=mm&r=g","contentUrl":"https:\/\/secure.gravatar.com\/avatar\/b34fc4f4e468a4e51785917065a3db57b841f5c95dba6ad8c73aaf8f66f8f9bf?s=96&d=mm&r=g","caption":"Comunica\u00e7\u00e3o PSOL"}}]}},"_links":{"self":[{"href":"https:\/\/psol50.org.br\/rest\/wp\/v2\/posts\/13289","targetHints":{"allow":["GET"]}}],"collection":[{"href":"https:\/\/psol50.org.br\/rest\/wp\/v2\/posts"}],"about":[{"href":"https:\/\/psol50.org.br\/rest\/wp\/v2\/types\/post"}],"author":[{"embeddable":true,"href":"https:\/\/psol50.org.br\/rest\/wp\/v2\/users\/2"}],"replies":[{"embeddable":true,"href":"https:\/\/psol50.org.br\/rest\/wp\/v2\/comments?post=13289"}],"version-history":[{"count":0,"href":"https:\/\/psol50.org.br\/rest\/wp\/v2\/posts\/13289\/revisions"}],"wp:featuredmedia":[{"embeddable":true,"href":"https:\/\/psol50.org.br\/rest\/"}],"wp:attachment":[{"href":"https:\/\/psol50.org.br\/rest\/wp\/v2\/media?parent=13289"}],"wp:term":[{"taxonomy":"category","embeddable":true,"href":"https:\/\/psol50.org.br\/rest\/wp\/v2\/categories?post=13289"},{"taxonomy":"post_tag","embeddable":true,"href":"https:\/\/psol50.org.br\/rest\/wp\/v2\/tags?post=13289"}],"curies":[{"name":"wp","href":"https:\/\/api.w.org\/{rel}","templated":true}]}}