{"id":13301,"date":"2016-08-09T13:57:45","date_gmt":"2016-08-09T13:57:45","guid":{"rendered":"http:\/\/www.psol50.org.br\/?p=13301"},"modified":"2016-08-09T13:57:45","modified_gmt":"2016-08-09T13:57:45","slug":"luciana-genro-e-pedro-ruas-registram-chapa-e-protocolam-programa-de-governo","status":"publish","type":"post","link":"https:\/\/psol50.org.br\/luciana-genro-e-pedro-ruas-registram-chapa-e-protocolam-programa-de-governo\/","title":{"rendered":"Luciana Genro e Pedro Ruas registram chapa e protocolam programa de governo"},"content":{"rendered":"<p>A candidata do PSOL \u00e0 prefeitura de Porto Alegre, Luciana Genro, junto ao vice Pedro Ruas, protocolou na manh\u00e3 desta segunda-feira (08\/08) a chapa da coliga\u00e7\u00e3o &#8220;\u00c9 a Vez da Mudan\u00e7a&#8221;, composta por PSOL, PPL e PCB. O registro no Tribunal Regional Eleitoral (TRE-RS) tamb\u00e9m contemplou a nominada de candidatos \u00e0 C\u00e2mara Municipal e o programa de governo. Ser\u00e3o 51 candidatos na coliga\u00e7\u00e3o proporcional, que tamb\u00e9m re\u00fane os tr\u00eas partidos, sendo 47 do PSOL, tr\u00eas\u00a0do PPL e uma do PCB.<\/p>\n<p>O registro do protocolo no TRE-RS foi feito ao meio-dia e contou com a presen\u00e7a de Luciana, Ruas, do presidente municipal do PSOL, Roberto Robaina, do presidente estadual do partido, Israel Dutra, da vereadora Fernanda Melchionna e de diversos outros candidatos \u00e0 C\u00e2mara Municipal.<\/p>\n<p>O programa de governo possui 137 p\u00e1ginas e est\u00e1 dividido em 26 grandes \u00e1reas, com mais de 300 propostas. A \u00edntegra do documento pode ser acessada neste link:\u00a0<a href=\"http:\/\/lucianagenro.us8.list-manage.com\/track\/click?u=83f6d27835a1f2d189ea34e09&amp;id=821dc372d8&amp;e=e0cbc3bd52\">https:\/\/compartilheamudanca.com.br\/proposta\/<\/a>.<\/p>\n<p>&#8220;Nosso programa \u00e9 fruto de uma constru\u00e7\u00e3o com a cidadania de Porto Alegre, elaborado atrav\u00e9s da participa\u00e7\u00e3o direta das pessoas na plataforma Compartilhe a Mudan\u00e7a, criada em mar\u00e7o. Desde ent\u00e3o, realizamos dezenas de reuni\u00f5es presenciais com especialistas, usu\u00e1rios e trabalhadores dos servi\u00e7os p\u00fablicos municipais &#8211; al\u00e9m de encontros tem\u00e1ticos para falar de pol\u00edticas para mulheres, para LGBTs, para os municip\u00e1rios e muitos outros setores. Tamb\u00e9m realizamos atividades nas comunidades, debatendo as necessidades espec\u00edficas de cada regi\u00e3o&#8221;, disse Luciana Genro.<\/p>\n<p>&nbsp;<\/p>\n","protected":false},"excerpt":{"rendered":"<p>A candidata do PSOL \u00e0 prefeitura de Porto Alegre, Luciana Genro, junto ao vice Pedro Ruas, protocolou na manh\u00e3 desta segunda-feira (08\/08) a chapa da coliga\u00e7\u00e3o &#8220;\u00c9 a Vez da Mudan\u00e7a&#8221;, composta por PSOL, PPL e PCB. O registro no Tribunal Regional Eleitoral (TRE-RS) tamb\u00e9m contemplou a nominada de candidatos \u00e0 C\u00e2mara Municipal e o [&hellip;]<\/p>\n","protected":false},"author":2,"featured_media":13302,"comment_status":"open","ping_status":"open","sticky":false,"template":"","format":"standard","meta":{"_acf_changed":false,"footnotes":""},"categories":[2833,654,6],"tags":[1111,4456,2174,3327,4002,3191,4457],"class_list":{"0":"post-13301","1":"post","2":"type-post","3":"status-publish","4":"format-standard","5":"has-post-thumbnail","7":"category-eleicoes-2016","8":"category-estados","9":"category-noticias","10":"tag-candidatura","11":"tag-coligacao-e-a-vez-da-mudanca","12":"tag-luciana-genro","13":"tag-pedro-ruas","14":"tag-prefeitura-de-porto-alegre","15":"tag-psolc","16":"tag-tre-rs"},"acf":[],"yoast_head":"<!-- This site is optimized with the Yoast SEO plugin v26.5 - https:\/\/yoast.com\/wordpress\/plugins\/seo\/ -->\n<title>Luciana Genro e Pedro Ruas registram chapa e protocolam programa de governo - PSOL 50<\/title>\n<meta name=\"robots\" content=\"index, follow, max-snippet:-1, max-image-preview:large, max-video-preview:-1\" \/>\n<link rel=\"canonical\" href=\"https:\/\/psol50.org.br\/luciana-genro-e-pedro-ruas-registram-chapa-e-protocolam-programa-de-governo\/\" \/>\n<meta property=\"og:locale\" content=\"pt_BR\" \/>\n<meta property=\"og:type\" content=\"article\" \/>\n<meta property=\"og:title\" content=\"Luciana Genro e Pedro Ruas registram chapa e protocolam programa de governo - PSOL 50\" \/>\n<meta property=\"og:description\" content=\"A candidata do PSOL \u00e0 prefeitura de Porto Alegre, Luciana Genro, junto ao vice Pedro Ruas, protocolou na manh\u00e3 desta segunda-feira (08\/08) a chapa da coliga\u00e7\u00e3o &#8220;\u00c9 a Vez da Mudan\u00e7a&#8221;, composta por PSOL, PPL e PCB. O registro no Tribunal Regional Eleitoral (TRE-RS) tamb\u00e9m contemplou a nominada de candidatos \u00e0 C\u00e2mara Municipal e o [&hellip;]\" \/>\n<meta property=\"og:url\" content=\"https:\/\/psol50.org.br\/luciana-genro-e-pedro-ruas-registram-chapa-e-protocolam-programa-de-governo\/\" \/>\n<meta property=\"og:site_name\" content=\"PSOL 50\" \/>\n<meta property=\"article:publisher\" content=\"https:\/\/www.facebook.com\/psol50\" \/>\n<meta property=\"article:published_time\" content=\"2016-08-09T13:57:45+00:00\" \/>\n<meta property=\"og:image\" content=\"https:\/\/psol50.org.br\/inc\/uploads\/2018\/07\/capa.png\" \/>\n\t<meta property=\"og:image:width\" content=\"1350\" \/>\n\t<meta property=\"og:image:height\" content=\"900\" \/>\n\t<meta property=\"og:image:type\" content=\"image\/png\" \/>\n<meta name=\"author\" content=\"Comunica\u00e7\u00e3o PSOL\" \/>\n<meta name=\"twitter:card\" content=\"summary_large_image\" \/>\n<meta name=\"twitter:creator\" content=\"@psol50\" \/>\n<meta name=\"twitter:site\" content=\"@psol50\" \/>\n<meta name=\"twitter:label1\" content=\"Escrito por\" \/>\n\t<meta name=\"twitter:data1\" content=\"Comunica\u00e7\u00e3o PSOL\" \/>\n\t<meta name=\"twitter:label2\" content=\"Est. tempo de leitura\" \/>\n\t<meta name=\"twitter:data2\" content=\"1 minuto\" \/>\n<script type=\"application\/ld+json\" class=\"yoast-schema-graph\">{\"@context\":\"https:\/\/schema.org\",\"@graph\":[{\"@type\":\"Article\",\"@id\":\"https:\/\/psol50.org.br\/luciana-genro-e-pedro-ruas-registram-chapa-e-protocolam-programa-de-governo\/#article\",\"isPartOf\":{\"@id\":\"https:\/\/psol50.org.br\/luciana-genro-e-pedro-ruas-registram-chapa-e-protocolam-programa-de-governo\/\"},\"author\":{\"name\":\"Comunica\u00e7\u00e3o PSOL\",\"@id\":\"https:\/\/psol50.org.br\/#\/schema\/person\/475dfa57d0b815993c714c2e96491fcd\"},\"headline\":\"Luciana Genro e Pedro Ruas registram chapa e protocolam programa de governo\",\"datePublished\":\"2016-08-09T13:57:45+00:00\",\"mainEntityOfPage\":{\"@id\":\"https:\/\/psol50.org.br\/luciana-genro-e-pedro-ruas-registram-chapa-e-protocolam-programa-de-governo\/\"},\"wordCount\":269,\"commentCount\":0,\"publisher\":{\"@id\":\"https:\/\/psol50.org.br\/#organization\"},\"image\":{\"@id\":\"https:\/\/psol50.org.br\/luciana-genro-e-pedro-ruas-registram-chapa-e-protocolam-programa-de-governo\/#primaryimage\"},\"thumbnailUrl\":\"\",\"keywords\":[\"candidatura\",\"coliga\u00e7\u00e3o \\\"\u00c9 a Vez da Mudan\u00e7a\\\"\",\"Luciana Genro\",\"Pedro Ruas\",\"Prefeitura de Porto Alegre\",\"PSOLc\",\"TRE-RS\"],\"articleSection\":[\"ELEI\u00c7\u00d5ES 2016\",\"Estados\",\"Not\u00edcias\"],\"inLanguage\":\"pt-BR\",\"potentialAction\":[{\"@type\":\"CommentAction\",\"name\":\"Comment\",\"target\":[\"https:\/\/psol50.org.br\/luciana-genro-e-pedro-ruas-registram-chapa-e-protocolam-programa-de-governo\/#respond\"]}]},{\"@type\":\"WebPage\",\"@id\":\"https:\/\/psol50.org.br\/luciana-genro-e-pedro-ruas-registram-chapa-e-protocolam-programa-de-governo\/\",\"url\":\"https:\/\/psol50.org.br\/luciana-genro-e-pedro-ruas-registram-chapa-e-protocolam-programa-de-governo\/\",\"name\":\"Luciana Genro e Pedro Ruas registram chapa e protocolam programa de governo - PSOL 50\",\"isPartOf\":{\"@id\":\"https:\/\/psol50.org.br\/#website\"},\"primaryImageOfPage\":{\"@id\":\"https:\/\/psol50.org.br\/luciana-genro-e-pedro-ruas-registram-chapa-e-protocolam-programa-de-governo\/#primaryimage\"},\"image\":{\"@id\":\"https:\/\/psol50.org.br\/luciana-genro-e-pedro-ruas-registram-chapa-e-protocolam-programa-de-governo\/#primaryimage\"},\"thumbnailUrl\":\"\",\"datePublished\":\"2016-08-09T13:57:45+00:00\",\"breadcrumb\":{\"@id\":\"https:\/\/psol50.org.br\/luciana-genro-e-pedro-ruas-registram-chapa-e-protocolam-programa-de-governo\/#breadcrumb\"},\"inLanguage\":\"pt-BR\",\"potentialAction\":[{\"@type\":\"ReadAction\",\"target\":[\"https:\/\/psol50.org.br\/luciana-genro-e-pedro-ruas-registram-chapa-e-protocolam-programa-de-governo\/\"]}]},{\"@type\":\"ImageObject\",\"inLanguage\":\"pt-BR\",\"@id\":\"https:\/\/psol50.org.br\/luciana-genro-e-pedro-ruas-registram-chapa-e-protocolam-programa-de-governo\/#primaryimage\",\"url\":\"\",\"contentUrl\":\"\"},{\"@type\":\"BreadcrumbList\",\"@id\":\"https:\/\/psol50.org.br\/luciana-genro-e-pedro-ruas-registram-chapa-e-protocolam-programa-de-governo\/#breadcrumb\",\"itemListElement\":[{\"@type\":\"ListItem\",\"position\":1,\"name\":\"In\u00edcio\",\"item\":\"https:\/\/psol50.org.br\/\"},{\"@type\":\"ListItem\",\"position\":2,\"name\":\"Luciana Genro e Pedro Ruas registram chapa e protocolam programa de governo\"}]},{\"@type\":\"WebSite\",\"@id\":\"https:\/\/psol50.org.br\/#website\",\"url\":\"https:\/\/psol50.org.br\/\",\"name\":\"PSOL 50\",\"description\":\"Site oficial do Partido Socialismo e Liberdade\",\"publisher\":{\"@id\":\"https:\/\/psol50.org.br\/#organization\"},\"alternateName\":\"PSOL50\",\"potentialAction\":[{\"@type\":\"SearchAction\",\"target\":{\"@type\":\"EntryPoint\",\"urlTemplate\":\"https:\/\/psol50.org.br\/?s={search_term_string}\"},\"query-input\":{\"@type\":\"PropertyValueSpecification\",\"valueRequired\":true,\"valueName\":\"search_term_string\"}}],\"inLanguage\":\"pt-BR\"},{\"@type\":\"Organization\",\"@id\":\"https:\/\/psol50.org.br\/#organization\",\"name\":\"PSOL 50\",\"alternateName\":\"PSOL 50\",\"url\":\"https:\/\/psol50.org.br\/\",\"logo\":{\"@type\":\"ImageObject\",\"inLanguage\":\"pt-BR\",\"@id\":\"https:\/\/psol50.org.br\/#\/schema\/logo\/image\/\",\"url\":\"https:\/\/psol50.org.br\/inc\/uploads\/2018\/07\/capa.png\",\"contentUrl\":\"https:\/\/psol50.org.br\/inc\/uploads\/2018\/07\/capa.png\",\"width\":1350,\"height\":900,\"caption\":\"PSOL 50\"},\"image\":{\"@id\":\"https:\/\/psol50.org.br\/#\/schema\/logo\/image\/\"},\"sameAs\":[\"https:\/\/www.facebook.com\/psol50\",\"https:\/\/x.com\/psol50\",\"https:\/\/www.instagram.com\/psol50\/\",\"https:\/\/www.youtube.com\/channel\/UC7SnJS5o1os7a6CaiNabzcg\"]},{\"@type\":\"Person\",\"@id\":\"https:\/\/psol50.org.br\/#\/schema\/person\/475dfa57d0b815993c714c2e96491fcd\",\"name\":\"Comunica\u00e7\u00e3o PSOL\",\"image\":{\"@type\":\"ImageObject\",\"inLanguage\":\"pt-BR\",\"@id\":\"https:\/\/psol50.org.br\/#\/schema\/person\/image\/\",\"url\":\"https:\/\/secure.gravatar.com\/avatar\/b34fc4f4e468a4e51785917065a3db57b841f5c95dba6ad8c73aaf8f66f8f9bf?s=96&d=mm&r=g\",\"contentUrl\":\"https:\/\/secure.gravatar.com\/avatar\/b34fc4f4e468a4e51785917065a3db57b841f5c95dba6ad8c73aaf8f66f8f9bf?s=96&d=mm&r=g\",\"caption\":\"Comunica\u00e7\u00e3o PSOL\"}}]}<\/script>\n<!-- \/ Yoast SEO plugin. -->","yoast_head_json":{"title":"Luciana Genro e Pedro Ruas registram chapa e protocolam programa de governo - PSOL 50","robots":{"index":"index","follow":"follow","max-snippet":"max-snippet:-1","max-image-preview":"max-image-preview:large","max-video-preview":"max-video-preview:-1"},"canonical":"https:\/\/psol50.org.br\/luciana-genro-e-pedro-ruas-registram-chapa-e-protocolam-programa-de-governo\/","og_locale":"pt_BR","og_type":"article","og_title":"Luciana Genro e Pedro Ruas registram chapa e protocolam programa de governo - PSOL 50","og_description":"A candidata do PSOL \u00e0 prefeitura de Porto Alegre, Luciana Genro, junto ao vice Pedro Ruas, protocolou na manh\u00e3 desta segunda-feira (08\/08) a chapa da coliga\u00e7\u00e3o &#8220;\u00c9 a Vez da Mudan\u00e7a&#8221;, composta por PSOL, PPL e PCB. O registro no Tribunal Regional Eleitoral (TRE-RS) tamb\u00e9m contemplou a nominada de candidatos \u00e0 C\u00e2mara Municipal e o [&hellip;]","og_url":"https:\/\/psol50.org.br\/luciana-genro-e-pedro-ruas-registram-chapa-e-protocolam-programa-de-governo\/","og_site_name":"PSOL 50","article_publisher":"https:\/\/www.facebook.com\/psol50","article_published_time":"2016-08-09T13:57:45+00:00","og_image":[{"width":1350,"height":900,"url":"https:\/\/psol50.org.br\/inc\/uploads\/2018\/07\/capa.png","type":"image\/png"}],"author":"Comunica\u00e7\u00e3o PSOL","twitter_card":"summary_large_image","twitter_creator":"@psol50","twitter_site":"@psol50","twitter_misc":{"Escrito por":"Comunica\u00e7\u00e3o PSOL","Est. tempo de leitura":"1 minuto"},"schema":{"@context":"https:\/\/schema.org","@graph":[{"@type":"Article","@id":"https:\/\/psol50.org.br\/luciana-genro-e-pedro-ruas-registram-chapa-e-protocolam-programa-de-governo\/#article","isPartOf":{"@id":"https:\/\/psol50.org.br\/luciana-genro-e-pedro-ruas-registram-chapa-e-protocolam-programa-de-governo\/"},"author":{"name":"Comunica\u00e7\u00e3o PSOL","@id":"https:\/\/psol50.org.br\/#\/schema\/person\/475dfa57d0b815993c714c2e96491fcd"},"headline":"Luciana Genro e Pedro Ruas registram chapa e protocolam programa de governo","datePublished":"2016-08-09T13:57:45+00:00","mainEntityOfPage":{"@id":"https:\/\/psol50.org.br\/luciana-genro-e-pedro-ruas-registram-chapa-e-protocolam-programa-de-governo\/"},"wordCount":269,"commentCount":0,"publisher":{"@id":"https:\/\/psol50.org.br\/#organization"},"image":{"@id":"https:\/\/psol50.org.br\/luciana-genro-e-pedro-ruas-registram-chapa-e-protocolam-programa-de-governo\/#primaryimage"},"thumbnailUrl":"","keywords":["candidatura","coliga\u00e7\u00e3o \"\u00c9 a Vez da Mudan\u00e7a\"","Luciana Genro","Pedro Ruas","Prefeitura de Porto Alegre","PSOLc","TRE-RS"],"articleSection":["ELEI\u00c7\u00d5ES 2016","Estados","Not\u00edcias"],"inLanguage":"pt-BR","potentialAction":[{"@type":"CommentAction","name":"Comment","target":["https:\/\/psol50.org.br\/luciana-genro-e-pedro-ruas-registram-chapa-e-protocolam-programa-de-governo\/#respond"]}]},{"@type":"WebPage","@id":"https:\/\/psol50.org.br\/luciana-genro-e-pedro-ruas-registram-chapa-e-protocolam-programa-de-governo\/","url":"https:\/\/psol50.org.br\/luciana-genro-e-pedro-ruas-registram-chapa-e-protocolam-programa-de-governo\/","name":"Luciana Genro e Pedro Ruas registram chapa e protocolam programa de governo - PSOL 50","isPartOf":{"@id":"https:\/\/psol50.org.br\/#website"},"primaryImageOfPage":{"@id":"https:\/\/psol50.org.br\/luciana-genro-e-pedro-ruas-registram-chapa-e-protocolam-programa-de-governo\/#primaryimage"},"image":{"@id":"https:\/\/psol50.org.br\/luciana-genro-e-pedro-ruas-registram-chapa-e-protocolam-programa-de-governo\/#primaryimage"},"thumbnailUrl":"","datePublished":"2016-08-09T13:57:45+00:00","breadcrumb":{"@id":"https:\/\/psol50.org.br\/luciana-genro-e-pedro-ruas-registram-chapa-e-protocolam-programa-de-governo\/#breadcrumb"},"inLanguage":"pt-BR","potentialAction":[{"@type":"ReadAction","target":["https:\/\/psol50.org.br\/luciana-genro-e-pedro-ruas-registram-chapa-e-protocolam-programa-de-governo\/"]}]},{"@type":"ImageObject","inLanguage":"pt-BR","@id":"https:\/\/psol50.org.br\/luciana-genro-e-pedro-ruas-registram-chapa-e-protocolam-programa-de-governo\/#primaryimage","url":"","contentUrl":""},{"@type":"BreadcrumbList","@id":"https:\/\/psol50.org.br\/luciana-genro-e-pedro-ruas-registram-chapa-e-protocolam-programa-de-governo\/#breadcrumb","itemListElement":[{"@type":"ListItem","position":1,"name":"In\u00edcio","item":"https:\/\/psol50.org.br\/"},{"@type":"ListItem","position":2,"name":"Luciana Genro e Pedro Ruas registram chapa e protocolam programa de governo"}]},{"@type":"WebSite","@id":"https:\/\/psol50.org.br\/#website","url":"https:\/\/psol50.org.br\/","name":"PSOL 50","description":"Site oficial do Partido Socialismo e Liberdade","publisher":{"@id":"https:\/\/psol50.org.br\/#organization"},"alternateName":"PSOL50","potentialAction":[{"@type":"SearchAction","target":{"@type":"EntryPoint","urlTemplate":"https:\/\/psol50.org.br\/?s={search_term_string}"},"query-input":{"@type":"PropertyValueSpecification","valueRequired":true,"valueName":"search_term_string"}}],"inLanguage":"pt-BR"},{"@type":"Organization","@id":"https:\/\/psol50.org.br\/#organization","name":"PSOL 50","alternateName":"PSOL 50","url":"https:\/\/psol50.org.br\/","logo":{"@type":"ImageObject","inLanguage":"pt-BR","@id":"https:\/\/psol50.org.br\/#\/schema\/logo\/image\/","url":"https:\/\/psol50.org.br\/inc\/uploads\/2018\/07\/capa.png","contentUrl":"https:\/\/psol50.org.br\/inc\/uploads\/2018\/07\/capa.png","width":1350,"height":900,"caption":"PSOL 50"},"image":{"@id":"https:\/\/psol50.org.br\/#\/schema\/logo\/image\/"},"sameAs":["https:\/\/www.facebook.com\/psol50","https:\/\/x.com\/psol50","https:\/\/www.instagram.com\/psol50\/","https:\/\/www.youtube.com\/channel\/UC7SnJS5o1os7a6CaiNabzcg"]},{"@type":"Person","@id":"https:\/\/psol50.org.br\/#\/schema\/person\/475dfa57d0b815993c714c2e96491fcd","name":"Comunica\u00e7\u00e3o PSOL","image":{"@type":"ImageObject","inLanguage":"pt-BR","@id":"https:\/\/psol50.org.br\/#\/schema\/person\/image\/","url":"https:\/\/secure.gravatar.com\/avatar\/b34fc4f4e468a4e51785917065a3db57b841f5c95dba6ad8c73aaf8f66f8f9bf?s=96&d=mm&r=g","contentUrl":"https:\/\/secure.gravatar.com\/avatar\/b34fc4f4e468a4e51785917065a3db57b841f5c95dba6ad8c73aaf8f66f8f9bf?s=96&d=mm&r=g","caption":"Comunica\u00e7\u00e3o PSOL"}}]}},"_links":{"self":[{"href":"https:\/\/psol50.org.br\/rest\/wp\/v2\/posts\/13301","targetHints":{"allow":["GET"]}}],"collection":[{"href":"https:\/\/psol50.org.br\/rest\/wp\/v2\/posts"}],"about":[{"href":"https:\/\/psol50.org.br\/rest\/wp\/v2\/types\/post"}],"author":[{"embeddable":true,"href":"https:\/\/psol50.org.br\/rest\/wp\/v2\/users\/2"}],"replies":[{"embeddable":true,"href":"https:\/\/psol50.org.br\/rest\/wp\/v2\/comments?post=13301"}],"version-history":[{"count":0,"href":"https:\/\/psol50.org.br\/rest\/wp\/v2\/posts\/13301\/revisions"}],"wp:featuredmedia":[{"embeddable":true,"href":"https:\/\/psol50.org.br\/rest\/"}],"wp:attachment":[{"href":"https:\/\/psol50.org.br\/rest\/wp\/v2\/media?parent=13301"}],"wp:term":[{"taxonomy":"category","embeddable":true,"href":"https:\/\/psol50.org.br\/rest\/wp\/v2\/categories?post=13301"},{"taxonomy":"post_tag","embeddable":true,"href":"https:\/\/psol50.org.br\/rest\/wp\/v2\/tags?post=13301"}],"curies":[{"name":"wp","href":"https:\/\/api.w.org\/{rel}","templated":true}]}}