{"id":13306,"date":"2016-08-09T15:44:09","date_gmt":"2016-08-09T15:44:09","guid":{"rendered":"http:\/\/www.psol50.org.br\/?p=13306"},"modified":"2016-08-09T15:44:09","modified_gmt":"2016-08-09T15:44:09","slug":"isabela-goes-e-luciete-silva-o-caso-de-agressao-sexual-cometido-por-marco-feliciano","status":"publish","type":"post","link":"https:\/\/psol50.org.br\/isabela-goes-e-luciete-silva-o-caso-de-agressao-sexual-cometido-por-marco-feliciano\/","title":{"rendered":"ISABELA GOES E LUCIETE SILVA: O caso de agress\u00e3o sexual cometido por Marco Feliciano"},"content":{"rendered":"<p><strong>O poder da palavra e o sil\u00eancio da imprensa: o caso de agress\u00e3o sexual cometido por Marco Feliciano<\/strong><\/p>\n<p>Na sociedade em que vivemos, toda palavra dita tem poder. Poder de convencer, poder de se multiplicar, de invadir as redes midi\u00e1ticas e sociais. Mas, o valor da palavra \u00e9 pesado pelo sexo de quem a pronuncia?<\/p>\n<p>Quando uma mulher denuncia com palavras, e at\u00e9 mesmo com provas, que sofreu viol\u00eancias, como ass\u00e9dio ou mesmo tentativa de estupro, sabemos que tais situa\u00e7\u00f5es n\u00e3o se restringem apenas na esfera investigativa policial e judici\u00e1ria, no sentido da prote\u00e7\u00e3o com a v\u00edtima e a preserva\u00e7\u00e3o de sua imagem e dignidade, n\u00e3o se basta em den\u00fancias e averigua\u00e7\u00f5es dos fatos e consequentemente na puni\u00e7\u00e3o do \u201cculpado\u201d. Como assim? Ora, a mulher que faz a den\u00fancia tem sua palavra e sua vida colocadas em d\u00favida, muitos casos a imprensa, m\u00eddias alternativas como espa\u00e7os de reprodu\u00e7\u00e3o de senso comum, as rodas de conversas a desqualificam moralmente, enquanto a palavra do acusado agressor reverbera quase que justificando a agress\u00e3o, quando n\u00e3o o inocenta sem mesmo terem as investiga\u00e7\u00f5es apontado tal resultado. Ou seja, a palavra das mulheres n\u00e3o alcan\u00e7a a veracidade, dada \u00e0 palavra do homem, nem mesmo num caso em que as circunst\u00e2ncias e o arcabou\u00e7o de evid\u00eancias demonstram que a mulher n\u00e3o estava no ataque e sim usando todas as suas for\u00e7as para se defender. Para defender sua vida! Vivemos num pa\u00eds em que, a depender do lugar social, a v\u00edtima precisa provar sua inoc\u00eancia.<\/p>\n<p>No inicio desse m\u00eas, uma jovem de 22 anos, militante da juventude do PSC de Bras\u00edlia, veio a p\u00fablico atrav\u00e9s da Coluna Esplanada, denunciar tentativa de estupro e agress\u00f5es f\u00edsicas cometidas pelo pastor e deputado federal Marcos Feliciano (PSC-SP). Desde ent\u00e3o existe um bombardeio de informa\u00e7\u00f5es contra e favor\u00e1veis a vitima. Das provas existentes, \u00e1udios, registros telef\u00f4nicos confirmados pela assessoria de Feliciano, amea\u00e7as de morte, c\u00e1rcere privado e coa\u00e7\u00e3o cometidos pela c\u00fapula do partido da jovem, inclusive pelo assessor-chefe do mandato do deputado acusado, Talma Bauer, que afirmou, em \u00e1udio gravado, para a jovem que ela deveria colocar \u201cuma pedra por cima\u201d dessa hist\u00f3ria, numa n\u00edtida tentativa de intimida\u00e7\u00e3o. A jovem registrou Boletim de Ocorr\u00eancia no 3\u00b0 Distrito Policial de S\u00e3o Paulo e alegou que Bauer chegou a amea\u00e7\u00e1-la, dizendo que um \u201cmal maior\u201d poderia acontecer com ela se levasse o caso adiante.<\/p>\n<p>Mesmo com todos esses ind\u00edcios existe uma intensa e desesperada tentativa de mostrar que ela, mulher jovem e at\u00e9 pouco tempo tamb\u00e9m congregante da mesma igreja que o Deputado, \u00e9 uma \u201cputa\u201d, ou que de alguma forma \u201cmerecia\u201d, que \u201cest\u00e1 querendo aparecer\u201d, entre outras coisas que sempre ouvimos em casos como esse. O que vemos \u00e9 uma extrema difama\u00e7\u00e3o da jovem. Existem mat\u00e9rias, as quais mostram \u201cprints\u201d onde a jovem mulher se \u201coferece\u201d para o pastor. Perguntamos o que essa mulher, estudante, trabalhadora ganharia se expondo dessa forma, a n\u00e3o ser que esteja falando a verdade? Tamb\u00e9m n\u00e3o esque\u00e7amos as evid\u00eancias e as prov\u00e1veis tentativas de forjar provas para tornar a v\u00edtima culpada.<\/p>\n<p>O que est\u00e1 dado, inclusive, com silencio da imprensa, \u00e9 o poder politico que Marco Feliciano tem, principalmente usando de sua influ\u00eancia religiosa.<\/p>\n<p>N\u00e3o podemos nos calar diante de tais fatos, \u00e9 fundamental a continuidade das investiga\u00e7\u00f5es feitas pela policia, mas tamb\u00e9m \u00e9 necess\u00e1ria a abertura do processo na Comiss\u00e3o de \u00c9tica da C\u00e2mara Federal, afinal \u00e9 obriga\u00e7\u00e3o do parlamento lutar contra a viol\u00eancia, inclusive dentro da pr\u00f3pria casa.<\/p>\n<p><em>*Isabela Goes \u00e9 da coordena\u00e7\u00e3o do Setorial Nacional de Mulheres do PSOL e Luciete Silva \u00e9 membro da Executiva Nacional do PSOL.<\/em><\/p>\n<p>&nbsp;<\/p>\n","protected":false},"excerpt":{"rendered":"<p>O poder da palavra e o sil\u00eancio da imprensa: o caso de agress\u00e3o sexual cometido por Marco Feliciano Na sociedade em que vivemos, toda palavra dita tem poder. Poder de convencer, poder de se multiplicar, de invadir as redes midi\u00e1ticas e sociais. Mas, o valor da palavra \u00e9 pesado pelo sexo de quem a pronuncia? [&hellip;]<\/p>\n","protected":false},"author":2,"featured_media":13307,"comment_status":"open","ping_status":"open","sticky":false,"template":"","format":"standard","meta":{"_acf_changed":false,"footnotes":""},"categories":[1882],"tags":[51,46,4458,2756,4459,2382,4,2789,2671],"class_list":{"0":"post-13306","1":"post","2":"type-post","3":"status-publish","4":"format-standard","5":"has-post-thumbnail","7":"category-brasil","8":"tag-assedio","9":"tag-estupro","10":"tag-isabela-goes","11":"tag-jovem","12":"tag-luciete-silva","13":"tag-marco-feliciano","14":"tag-mulheres","15":"tag-psc","16":"tag-setorial-nacional-de-mulheres"},"acf":[],"yoast_head":"<!-- This site is optimized with the Yoast SEO plugin v26.5 - https:\/\/yoast.com\/wordpress\/plugins\/seo\/ -->\n<title>ISABELA GOES E LUCIETE SILVA: O caso de agress\u00e3o sexual cometido por Marco Feliciano - PSOL 50<\/title>\n<meta name=\"robots\" content=\"index, follow, max-snippet:-1, max-image-preview:large, max-video-preview:-1\" \/>\n<link rel=\"canonical\" href=\"https:\/\/psol50.org.br\/isabela-goes-e-luciete-silva-o-caso-de-agressao-sexual-cometido-por-marco-feliciano\/\" \/>\n<meta property=\"og:locale\" content=\"pt_BR\" \/>\n<meta property=\"og:type\" content=\"article\" \/>\n<meta property=\"og:title\" content=\"ISABELA GOES E LUCIETE SILVA: O caso de agress\u00e3o sexual cometido por Marco Feliciano - PSOL 50\" \/>\n<meta property=\"og:description\" content=\"O poder da palavra e o sil\u00eancio da imprensa: o caso de agress\u00e3o sexual cometido por Marco Feliciano Na sociedade em que vivemos, toda palavra dita tem poder. Poder de convencer, poder de se multiplicar, de invadir as redes midi\u00e1ticas e sociais. Mas, o valor da palavra \u00e9 pesado pelo sexo de quem a pronuncia? [&hellip;]\" \/>\n<meta property=\"og:url\" content=\"https:\/\/psol50.org.br\/isabela-goes-e-luciete-silva-o-caso-de-agressao-sexual-cometido-por-marco-feliciano\/\" \/>\n<meta property=\"og:site_name\" content=\"PSOL 50\" \/>\n<meta property=\"article:publisher\" content=\"https:\/\/www.facebook.com\/psol50\" \/>\n<meta property=\"article:published_time\" content=\"2016-08-09T15:44:09+00:00\" \/>\n<meta property=\"og:image\" content=\"https:\/\/psol50.org.br\/inc\/uploads\/2018\/07\/capa.png\" \/>\n\t<meta property=\"og:image:width\" content=\"1350\" \/>\n\t<meta property=\"og:image:height\" content=\"900\" \/>\n\t<meta property=\"og:image:type\" content=\"image\/png\" \/>\n<meta name=\"author\" content=\"Comunica\u00e7\u00e3o PSOL\" \/>\n<meta name=\"twitter:card\" content=\"summary_large_image\" \/>\n<meta name=\"twitter:creator\" content=\"@psol50\" \/>\n<meta name=\"twitter:site\" content=\"@psol50\" \/>\n<meta name=\"twitter:label1\" content=\"Escrito por\" \/>\n\t<meta name=\"twitter:data1\" content=\"Comunica\u00e7\u00e3o PSOL\" \/>\n\t<meta name=\"twitter:label2\" content=\"Est. tempo de leitura\" \/>\n\t<meta name=\"twitter:data2\" content=\"3 minutos\" \/>\n<script type=\"application\/ld+json\" class=\"yoast-schema-graph\">{\"@context\":\"https:\/\/schema.org\",\"@graph\":[{\"@type\":\"Article\",\"@id\":\"https:\/\/psol50.org.br\/isabela-goes-e-luciete-silva-o-caso-de-agressao-sexual-cometido-por-marco-feliciano\/#article\",\"isPartOf\":{\"@id\":\"https:\/\/psol50.org.br\/isabela-goes-e-luciete-silva-o-caso-de-agressao-sexual-cometido-por-marco-feliciano\/\"},\"author\":{\"name\":\"Comunica\u00e7\u00e3o PSOL\",\"@id\":\"https:\/\/psol50.org.br\/#\/schema\/person\/475dfa57d0b815993c714c2e96491fcd\"},\"headline\":\"ISABELA GOES E LUCIETE SILVA: O caso de agress\u00e3o sexual cometido por Marco Feliciano\",\"datePublished\":\"2016-08-09T15:44:09+00:00\",\"mainEntityOfPage\":{\"@id\":\"https:\/\/psol50.org.br\/isabela-goes-e-luciete-silva-o-caso-de-agressao-sexual-cometido-por-marco-feliciano\/\"},\"wordCount\":674,\"commentCount\":0,\"publisher\":{\"@id\":\"https:\/\/psol50.org.br\/#organization\"},\"image\":{\"@id\":\"https:\/\/psol50.org.br\/isabela-goes-e-luciete-silva-o-caso-de-agressao-sexual-cometido-por-marco-feliciano\/#primaryimage\"},\"thumbnailUrl\":\"\",\"keywords\":[\"ass\u00e9dio\",\"estupro\",\"Isabela Goes\",\"jovem\",\"Luciete Silva\",\"Marco Feliciano\",\"mulheres\",\"PSC\",\"Setorial Nacional de Mulheres\"],\"articleSection\":[\"Brasil\"],\"inLanguage\":\"pt-BR\",\"potentialAction\":[{\"@type\":\"CommentAction\",\"name\":\"Comment\",\"target\":[\"https:\/\/psol50.org.br\/isabela-goes-e-luciete-silva-o-caso-de-agressao-sexual-cometido-por-marco-feliciano\/#respond\"]}]},{\"@type\":\"WebPage\",\"@id\":\"https:\/\/psol50.org.br\/isabela-goes-e-luciete-silva-o-caso-de-agressao-sexual-cometido-por-marco-feliciano\/\",\"url\":\"https:\/\/psol50.org.br\/isabela-goes-e-luciete-silva-o-caso-de-agressao-sexual-cometido-por-marco-feliciano\/\",\"name\":\"ISABELA GOES E LUCIETE SILVA: O caso de agress\u00e3o sexual cometido por Marco Feliciano - PSOL 50\",\"isPartOf\":{\"@id\":\"https:\/\/psol50.org.br\/#website\"},\"primaryImageOfPage\":{\"@id\":\"https:\/\/psol50.org.br\/isabela-goes-e-luciete-silva-o-caso-de-agressao-sexual-cometido-por-marco-feliciano\/#primaryimage\"},\"image\":{\"@id\":\"https:\/\/psol50.org.br\/isabela-goes-e-luciete-silva-o-caso-de-agressao-sexual-cometido-por-marco-feliciano\/#primaryimage\"},\"thumbnailUrl\":\"\",\"datePublished\":\"2016-08-09T15:44:09+00:00\",\"breadcrumb\":{\"@id\":\"https:\/\/psol50.org.br\/isabela-goes-e-luciete-silva-o-caso-de-agressao-sexual-cometido-por-marco-feliciano\/#breadcrumb\"},\"inLanguage\":\"pt-BR\",\"potentialAction\":[{\"@type\":\"ReadAction\",\"target\":[\"https:\/\/psol50.org.br\/isabela-goes-e-luciete-silva-o-caso-de-agressao-sexual-cometido-por-marco-feliciano\/\"]}]},{\"@type\":\"ImageObject\",\"inLanguage\":\"pt-BR\",\"@id\":\"https:\/\/psol50.org.br\/isabela-goes-e-luciete-silva-o-caso-de-agressao-sexual-cometido-por-marco-feliciano\/#primaryimage\",\"url\":\"\",\"contentUrl\":\"\"},{\"@type\":\"BreadcrumbList\",\"@id\":\"https:\/\/psol50.org.br\/isabela-goes-e-luciete-silva-o-caso-de-agressao-sexual-cometido-por-marco-feliciano\/#breadcrumb\",\"itemListElement\":[{\"@type\":\"ListItem\",\"position\":1,\"name\":\"In\u00edcio\",\"item\":\"https:\/\/psol50.org.br\/\"},{\"@type\":\"ListItem\",\"position\":2,\"name\":\"ISABELA GOES E LUCIETE SILVA: O caso de agress\u00e3o sexual cometido por Marco Feliciano\"}]},{\"@type\":\"WebSite\",\"@id\":\"https:\/\/psol50.org.br\/#website\",\"url\":\"https:\/\/psol50.org.br\/\",\"name\":\"PSOL 50\",\"description\":\"Site oficial do Partido Socialismo e Liberdade\",\"publisher\":{\"@id\":\"https:\/\/psol50.org.br\/#organization\"},\"alternateName\":\"PSOL50\",\"potentialAction\":[{\"@type\":\"SearchAction\",\"target\":{\"@type\":\"EntryPoint\",\"urlTemplate\":\"https:\/\/psol50.org.br\/?s={search_term_string}\"},\"query-input\":{\"@type\":\"PropertyValueSpecification\",\"valueRequired\":true,\"valueName\":\"search_term_string\"}}],\"inLanguage\":\"pt-BR\"},{\"@type\":\"Organization\",\"@id\":\"https:\/\/psol50.org.br\/#organization\",\"name\":\"PSOL 50\",\"alternateName\":\"PSOL 50\",\"url\":\"https:\/\/psol50.org.br\/\",\"logo\":{\"@type\":\"ImageObject\",\"inLanguage\":\"pt-BR\",\"@id\":\"https:\/\/psol50.org.br\/#\/schema\/logo\/image\/\",\"url\":\"https:\/\/psol50.org.br\/inc\/uploads\/2018\/07\/capa.png\",\"contentUrl\":\"https:\/\/psol50.org.br\/inc\/uploads\/2018\/07\/capa.png\",\"width\":1350,\"height\":900,\"caption\":\"PSOL 50\"},\"image\":{\"@id\":\"https:\/\/psol50.org.br\/#\/schema\/logo\/image\/\"},\"sameAs\":[\"https:\/\/www.facebook.com\/psol50\",\"https:\/\/x.com\/psol50\",\"https:\/\/www.instagram.com\/psol50\/\",\"https:\/\/www.youtube.com\/channel\/UC7SnJS5o1os7a6CaiNabzcg\"]},{\"@type\":\"Person\",\"@id\":\"https:\/\/psol50.org.br\/#\/schema\/person\/475dfa57d0b815993c714c2e96491fcd\",\"name\":\"Comunica\u00e7\u00e3o PSOL\",\"image\":{\"@type\":\"ImageObject\",\"inLanguage\":\"pt-BR\",\"@id\":\"https:\/\/psol50.org.br\/#\/schema\/person\/image\/\",\"url\":\"https:\/\/secure.gravatar.com\/avatar\/b34fc4f4e468a4e51785917065a3db57b841f5c95dba6ad8c73aaf8f66f8f9bf?s=96&d=mm&r=g\",\"contentUrl\":\"https:\/\/secure.gravatar.com\/avatar\/b34fc4f4e468a4e51785917065a3db57b841f5c95dba6ad8c73aaf8f66f8f9bf?s=96&d=mm&r=g\",\"caption\":\"Comunica\u00e7\u00e3o PSOL\"}}]}<\/script>\n<!-- \/ Yoast SEO plugin. -->","yoast_head_json":{"title":"ISABELA GOES E LUCIETE SILVA: O caso de agress\u00e3o sexual cometido por Marco Feliciano - PSOL 50","robots":{"index":"index","follow":"follow","max-snippet":"max-snippet:-1","max-image-preview":"max-image-preview:large","max-video-preview":"max-video-preview:-1"},"canonical":"https:\/\/psol50.org.br\/isabela-goes-e-luciete-silva-o-caso-de-agressao-sexual-cometido-por-marco-feliciano\/","og_locale":"pt_BR","og_type":"article","og_title":"ISABELA GOES E LUCIETE SILVA: O caso de agress\u00e3o sexual cometido por Marco Feliciano - PSOL 50","og_description":"O poder da palavra e o sil\u00eancio da imprensa: o caso de agress\u00e3o sexual cometido por Marco Feliciano Na sociedade em que vivemos, toda palavra dita tem poder. Poder de convencer, poder de se multiplicar, de invadir as redes midi\u00e1ticas e sociais. Mas, o valor da palavra \u00e9 pesado pelo sexo de quem a pronuncia? [&hellip;]","og_url":"https:\/\/psol50.org.br\/isabela-goes-e-luciete-silva-o-caso-de-agressao-sexual-cometido-por-marco-feliciano\/","og_site_name":"PSOL 50","article_publisher":"https:\/\/www.facebook.com\/psol50","article_published_time":"2016-08-09T15:44:09+00:00","og_image":[{"width":1350,"height":900,"url":"https:\/\/psol50.org.br\/inc\/uploads\/2018\/07\/capa.png","type":"image\/png"}],"author":"Comunica\u00e7\u00e3o PSOL","twitter_card":"summary_large_image","twitter_creator":"@psol50","twitter_site":"@psol50","twitter_misc":{"Escrito por":"Comunica\u00e7\u00e3o PSOL","Est. tempo de leitura":"3 minutos"},"schema":{"@context":"https:\/\/schema.org","@graph":[{"@type":"Article","@id":"https:\/\/psol50.org.br\/isabela-goes-e-luciete-silva-o-caso-de-agressao-sexual-cometido-por-marco-feliciano\/#article","isPartOf":{"@id":"https:\/\/psol50.org.br\/isabela-goes-e-luciete-silva-o-caso-de-agressao-sexual-cometido-por-marco-feliciano\/"},"author":{"name":"Comunica\u00e7\u00e3o PSOL","@id":"https:\/\/psol50.org.br\/#\/schema\/person\/475dfa57d0b815993c714c2e96491fcd"},"headline":"ISABELA GOES E LUCIETE SILVA: O caso de agress\u00e3o sexual cometido por Marco Feliciano","datePublished":"2016-08-09T15:44:09+00:00","mainEntityOfPage":{"@id":"https:\/\/psol50.org.br\/isabela-goes-e-luciete-silva-o-caso-de-agressao-sexual-cometido-por-marco-feliciano\/"},"wordCount":674,"commentCount":0,"publisher":{"@id":"https:\/\/psol50.org.br\/#organization"},"image":{"@id":"https:\/\/psol50.org.br\/isabela-goes-e-luciete-silva-o-caso-de-agressao-sexual-cometido-por-marco-feliciano\/#primaryimage"},"thumbnailUrl":"","keywords":["ass\u00e9dio","estupro","Isabela Goes","jovem","Luciete Silva","Marco Feliciano","mulheres","PSC","Setorial Nacional de Mulheres"],"articleSection":["Brasil"],"inLanguage":"pt-BR","potentialAction":[{"@type":"CommentAction","name":"Comment","target":["https:\/\/psol50.org.br\/isabela-goes-e-luciete-silva-o-caso-de-agressao-sexual-cometido-por-marco-feliciano\/#respond"]}]},{"@type":"WebPage","@id":"https:\/\/psol50.org.br\/isabela-goes-e-luciete-silva-o-caso-de-agressao-sexual-cometido-por-marco-feliciano\/","url":"https:\/\/psol50.org.br\/isabela-goes-e-luciete-silva-o-caso-de-agressao-sexual-cometido-por-marco-feliciano\/","name":"ISABELA GOES E LUCIETE SILVA: O caso de agress\u00e3o sexual cometido por Marco Feliciano - PSOL 50","isPartOf":{"@id":"https:\/\/psol50.org.br\/#website"},"primaryImageOfPage":{"@id":"https:\/\/psol50.org.br\/isabela-goes-e-luciete-silva-o-caso-de-agressao-sexual-cometido-por-marco-feliciano\/#primaryimage"},"image":{"@id":"https:\/\/psol50.org.br\/isabela-goes-e-luciete-silva-o-caso-de-agressao-sexual-cometido-por-marco-feliciano\/#primaryimage"},"thumbnailUrl":"","datePublished":"2016-08-09T15:44:09+00:00","breadcrumb":{"@id":"https:\/\/psol50.org.br\/isabela-goes-e-luciete-silva-o-caso-de-agressao-sexual-cometido-por-marco-feliciano\/#breadcrumb"},"inLanguage":"pt-BR","potentialAction":[{"@type":"ReadAction","target":["https:\/\/psol50.org.br\/isabela-goes-e-luciete-silva-o-caso-de-agressao-sexual-cometido-por-marco-feliciano\/"]}]},{"@type":"ImageObject","inLanguage":"pt-BR","@id":"https:\/\/psol50.org.br\/isabela-goes-e-luciete-silva-o-caso-de-agressao-sexual-cometido-por-marco-feliciano\/#primaryimage","url":"","contentUrl":""},{"@type":"BreadcrumbList","@id":"https:\/\/psol50.org.br\/isabela-goes-e-luciete-silva-o-caso-de-agressao-sexual-cometido-por-marco-feliciano\/#breadcrumb","itemListElement":[{"@type":"ListItem","position":1,"name":"In\u00edcio","item":"https:\/\/psol50.org.br\/"},{"@type":"ListItem","position":2,"name":"ISABELA GOES E LUCIETE SILVA: O caso de agress\u00e3o sexual cometido por Marco Feliciano"}]},{"@type":"WebSite","@id":"https:\/\/psol50.org.br\/#website","url":"https:\/\/psol50.org.br\/","name":"PSOL 50","description":"Site oficial do Partido Socialismo e Liberdade","publisher":{"@id":"https:\/\/psol50.org.br\/#organization"},"alternateName":"PSOL50","potentialAction":[{"@type":"SearchAction","target":{"@type":"EntryPoint","urlTemplate":"https:\/\/psol50.org.br\/?s={search_term_string}"},"query-input":{"@type":"PropertyValueSpecification","valueRequired":true,"valueName":"search_term_string"}}],"inLanguage":"pt-BR"},{"@type":"Organization","@id":"https:\/\/psol50.org.br\/#organization","name":"PSOL 50","alternateName":"PSOL 50","url":"https:\/\/psol50.org.br\/","logo":{"@type":"ImageObject","inLanguage":"pt-BR","@id":"https:\/\/psol50.org.br\/#\/schema\/logo\/image\/","url":"https:\/\/psol50.org.br\/inc\/uploads\/2018\/07\/capa.png","contentUrl":"https:\/\/psol50.org.br\/inc\/uploads\/2018\/07\/capa.png","width":1350,"height":900,"caption":"PSOL 50"},"image":{"@id":"https:\/\/psol50.org.br\/#\/schema\/logo\/image\/"},"sameAs":["https:\/\/www.facebook.com\/psol50","https:\/\/x.com\/psol50","https:\/\/www.instagram.com\/psol50\/","https:\/\/www.youtube.com\/channel\/UC7SnJS5o1os7a6CaiNabzcg"]},{"@type":"Person","@id":"https:\/\/psol50.org.br\/#\/schema\/person\/475dfa57d0b815993c714c2e96491fcd","name":"Comunica\u00e7\u00e3o PSOL","image":{"@type":"ImageObject","inLanguage":"pt-BR","@id":"https:\/\/psol50.org.br\/#\/schema\/person\/image\/","url":"https:\/\/secure.gravatar.com\/avatar\/b34fc4f4e468a4e51785917065a3db57b841f5c95dba6ad8c73aaf8f66f8f9bf?s=96&d=mm&r=g","contentUrl":"https:\/\/secure.gravatar.com\/avatar\/b34fc4f4e468a4e51785917065a3db57b841f5c95dba6ad8c73aaf8f66f8f9bf?s=96&d=mm&r=g","caption":"Comunica\u00e7\u00e3o PSOL"}}]}},"_links":{"self":[{"href":"https:\/\/psol50.org.br\/rest\/wp\/v2\/posts\/13306","targetHints":{"allow":["GET"]}}],"collection":[{"href":"https:\/\/psol50.org.br\/rest\/wp\/v2\/posts"}],"about":[{"href":"https:\/\/psol50.org.br\/rest\/wp\/v2\/types\/post"}],"author":[{"embeddable":true,"href":"https:\/\/psol50.org.br\/rest\/wp\/v2\/users\/2"}],"replies":[{"embeddable":true,"href":"https:\/\/psol50.org.br\/rest\/wp\/v2\/comments?post=13306"}],"version-history":[{"count":0,"href":"https:\/\/psol50.org.br\/rest\/wp\/v2\/posts\/13306\/revisions"}],"wp:featuredmedia":[{"embeddable":true,"href":"https:\/\/psol50.org.br\/rest\/"}],"wp:attachment":[{"href":"https:\/\/psol50.org.br\/rest\/wp\/v2\/media?parent=13306"}],"wp:term":[{"taxonomy":"category","embeddable":true,"href":"https:\/\/psol50.org.br\/rest\/wp\/v2\/categories?post=13306"},{"taxonomy":"post_tag","embeddable":true,"href":"https:\/\/psol50.org.br\/rest\/wp\/v2\/tags?post=13306"}],"curies":[{"name":"wp","href":"https:\/\/api.w.org\/{rel}","templated":true}]}}