{"id":1331,"date":"2007-06-29T00:00:00","date_gmt":"2007-06-29T00:00:00","guid":{"rendered":"http:\/\/psol50.org.br\/arquivo\/2007\/06\/29\/heloisa-helena-participa-de-comemoracoes-na-bahia\/"},"modified":"2007-06-29T00:00:00","modified_gmt":"2007-06-29T00:00:00","slug":"heloisa-helena-participa-de-comemoracoes-na-bahia","status":"publish","type":"post","link":"https:\/\/psol50.org.br\/heloisa-helena-participa-de-comemoracoes-na-bahia\/","title":{"rendered":"Heloisa Helena participa de comemora\u00e7\u00f5es na Bahia"},"content":{"rendered":"<p>\nA Presidente Nacional do Partido Socialismo e Liberdade, Heloisa Helena, estar\u00e1 em Salvador no pr\u00f3ximo dia 2 de Julho para participar das comemora\u00e7\u00f5es da Independ\u00eancia da Bahia, a mais importante comemora\u00e7\u00e3o c\u00edvica do Estado.\n<\/p>\n<p><!--more--><\/p>\n<p>\nHeloisa Helena estar\u00e1 \u00e1 frente da coluna formada pelos militantes do<br \/>\nPSOL na referida comemora\u00e7\u00e3o. Os militantes do PSOL\/BA, por sua vez,<br \/>\nestar\u00e3o irmanados com os demais partidos que compuserem a Frente de<br \/>\nEsquerda nas ultimas elei\u00e7\u00f5es, PCB E PSTU. Esta articula\u00e7\u00e3o pol\u00edtica<br \/>\nbusca consolidar uma frente social e pol\u00edtica para enfrentar os<br \/>\ngovernos neoliberais de plant\u00e3o, no plano municipal o prefeito de<br \/>\nSalvador Jo\u00e3o Henrique (PMDB), no plano estadual o governador Jaques<br \/>\nWagner (PT), e no plano federal o governo Lula.\n<\/p>\n<p>\nA atividade organizada pelo PSOL com sua Presidente e principal figura<br \/>\np\u00fablica nacional tamb\u00e9m servir\u00e1 como parte da campanha contra a<br \/>\ncorrup\u00e7\u00e3o e pela cassa\u00e7\u00e3o do presidente do Senado Federal, Renan<br \/>\nCalheiros (PMDB\/AL). Ser\u00e3o distribu\u00eddos panfletos para a popula\u00e7\u00e3o,<br \/>\ndenunciando a corrup\u00e7\u00e3o e exigindo a cassa\u00e7\u00e3o de Renan Calheiros, via<br \/>\nabaixo-assinado organizado pelo partido.\n<\/p>\n<p>\nO encontro do partido no evento est\u00e1 marcado a partir das 8h30 no Posto<br \/>\nBR no bairro da Lapinha em Salvador. Heloisa Helena chegar\u00e1 j\u00e1 no<br \/>\ndomingo \u00e1 noite, 1\u00ba de Julho, quando ser\u00e1 recepcionada pela milit\u00e2ncia<br \/>\ndo PSOL.<\/p>\n","protected":false},"excerpt":{"rendered":"<p>A Presidente Nacional do Partido Socialismo e Liberdade, Heloisa Helena, estar\u00e1 em Salvador no pr\u00f3ximo dia 2 de Julho para participar das comemora\u00e7\u00f5es da Independ\u00eancia da Bahia, a mais importante comemora\u00e7\u00e3o c\u00edvica do Estado.<\/p>\n","protected":false},"author":2,"featured_media":0,"comment_status":"open","ping_status":"open","sticky":false,"template":"","format":"standard","meta":{"_acf_changed":false,"footnotes":""},"categories":[4766],"tags":[],"class_list":{"0":"post-1331","1":"post","2":"type-post","3":"status-publish","4":"format-standard","6":"category-arquivo"},"acf":[],"yoast_head":"<!-- This site is optimized with the Yoast SEO plugin v26.5 - https:\/\/yoast.com\/wordpress\/plugins\/seo\/ -->\n<title>Heloisa Helena participa de comemora\u00e7\u00f5es na Bahia - PSOL 50<\/title>\n<meta name=\"robots\" content=\"index, follow, max-snippet:-1, max-image-preview:large, max-video-preview:-1\" \/>\n<link rel=\"canonical\" href=\"https:\/\/psol50.org.br\/heloisa-helena-participa-de-comemoracoes-na-bahia\/\" \/>\n<meta property=\"og:locale\" content=\"pt_BR\" \/>\n<meta property=\"og:type\" content=\"article\" \/>\n<meta property=\"og:title\" content=\"Heloisa Helena participa de comemora\u00e7\u00f5es na Bahia - PSOL 50\" \/>\n<meta property=\"og:description\" content=\"A Presidente Nacional do Partido Socialismo e Liberdade, Heloisa Helena, estar\u00e1 em Salvador no pr\u00f3ximo dia 2 de Julho para participar das comemora\u00e7\u00f5es da Independ\u00eancia da Bahia, a mais importante comemora\u00e7\u00e3o c\u00edvica do Estado.\" \/>\n<meta property=\"og:url\" content=\"https:\/\/psol50.org.br\/heloisa-helena-participa-de-comemoracoes-na-bahia\/\" \/>\n<meta property=\"og:site_name\" content=\"PSOL 50\" \/>\n<meta property=\"article:publisher\" content=\"https:\/\/www.facebook.com\/psol50\" \/>\n<meta property=\"article:published_time\" content=\"2007-06-29T00:00:00+00:00\" \/>\n<meta property=\"og:image\" content=\"https:\/\/psol50.org.br\/inc\/uploads\/2018\/07\/capa.png\" \/>\n\t<meta property=\"og:image:width\" content=\"1350\" \/>\n\t<meta property=\"og:image:height\" content=\"900\" \/>\n\t<meta property=\"og:image:type\" content=\"image\/png\" \/>\n<meta name=\"author\" content=\"Comunica\u00e7\u00e3o PSOL\" \/>\n<meta name=\"twitter:card\" content=\"summary_large_image\" \/>\n<meta name=\"twitter:creator\" content=\"@psol50\" \/>\n<meta name=\"twitter:site\" content=\"@psol50\" \/>\n<meta name=\"twitter:label1\" content=\"Escrito por\" \/>\n\t<meta name=\"twitter:data1\" content=\"Comunica\u00e7\u00e3o PSOL\" \/>\n\t<meta name=\"twitter:label2\" content=\"Est. tempo de leitura\" \/>\n\t<meta name=\"twitter:data2\" content=\"1 minuto\" \/>\n<script type=\"application\/ld+json\" class=\"yoast-schema-graph\">{\"@context\":\"https:\/\/schema.org\",\"@graph\":[{\"@type\":\"Article\",\"@id\":\"https:\/\/psol50.org.br\/heloisa-helena-participa-de-comemoracoes-na-bahia\/#article\",\"isPartOf\":{\"@id\":\"https:\/\/psol50.org.br\/heloisa-helena-participa-de-comemoracoes-na-bahia\/\"},\"author\":{\"name\":\"Comunica\u00e7\u00e3o PSOL\",\"@id\":\"https:\/\/psol50.org.br\/#\/schema\/person\/475dfa57d0b815993c714c2e96491fcd\"},\"headline\":\"Heloisa Helena participa de comemora\u00e7\u00f5es na Bahia\",\"datePublished\":\"2007-06-29T00:00:00+00:00\",\"mainEntityOfPage\":{\"@id\":\"https:\/\/psol50.org.br\/heloisa-helena-participa-de-comemoracoes-na-bahia\/\"},\"wordCount\":238,\"commentCount\":0,\"publisher\":{\"@id\":\"https:\/\/psol50.org.br\/#organization\"},\"articleSection\":[\"Arquivo\"],\"inLanguage\":\"pt-BR\",\"potentialAction\":[{\"@type\":\"CommentAction\",\"name\":\"Comment\",\"target\":[\"https:\/\/psol50.org.br\/heloisa-helena-participa-de-comemoracoes-na-bahia\/#respond\"]}]},{\"@type\":\"WebPage\",\"@id\":\"https:\/\/psol50.org.br\/heloisa-helena-participa-de-comemoracoes-na-bahia\/\",\"url\":\"https:\/\/psol50.org.br\/heloisa-helena-participa-de-comemoracoes-na-bahia\/\",\"name\":\"Heloisa Helena participa de comemora\u00e7\u00f5es na Bahia - PSOL 50\",\"isPartOf\":{\"@id\":\"https:\/\/psol50.org.br\/#website\"},\"datePublished\":\"2007-06-29T00:00:00+00:00\",\"breadcrumb\":{\"@id\":\"https:\/\/psol50.org.br\/heloisa-helena-participa-de-comemoracoes-na-bahia\/#breadcrumb\"},\"inLanguage\":\"pt-BR\",\"potentialAction\":[{\"@type\":\"ReadAction\",\"target\":[\"https:\/\/psol50.org.br\/heloisa-helena-participa-de-comemoracoes-na-bahia\/\"]}]},{\"@type\":\"BreadcrumbList\",\"@id\":\"https:\/\/psol50.org.br\/heloisa-helena-participa-de-comemoracoes-na-bahia\/#breadcrumb\",\"itemListElement\":[{\"@type\":\"ListItem\",\"position\":1,\"name\":\"In\u00edcio\",\"item\":\"https:\/\/psol50.org.br\/\"},{\"@type\":\"ListItem\",\"position\":2,\"name\":\"Heloisa Helena participa de comemora\u00e7\u00f5es na Bahia\"}]},{\"@type\":\"WebSite\",\"@id\":\"https:\/\/psol50.org.br\/#website\",\"url\":\"https:\/\/psol50.org.br\/\",\"name\":\"PSOL 50\",\"description\":\"Site oficial do Partido Socialismo e Liberdade\",\"publisher\":{\"@id\":\"https:\/\/psol50.org.br\/#organization\"},\"alternateName\":\"PSOL50\",\"potentialAction\":[{\"@type\":\"SearchAction\",\"target\":{\"@type\":\"EntryPoint\",\"urlTemplate\":\"https:\/\/psol50.org.br\/?s={search_term_string}\"},\"query-input\":{\"@type\":\"PropertyValueSpecification\",\"valueRequired\":true,\"valueName\":\"search_term_string\"}}],\"inLanguage\":\"pt-BR\"},{\"@type\":\"Organization\",\"@id\":\"https:\/\/psol50.org.br\/#organization\",\"name\":\"PSOL 50\",\"alternateName\":\"PSOL 50\",\"url\":\"https:\/\/psol50.org.br\/\",\"logo\":{\"@type\":\"ImageObject\",\"inLanguage\":\"pt-BR\",\"@id\":\"https:\/\/psol50.org.br\/#\/schema\/logo\/image\/\",\"url\":\"https:\/\/psol50.org.br\/inc\/uploads\/2018\/07\/capa.png\",\"contentUrl\":\"https:\/\/psol50.org.br\/inc\/uploads\/2018\/07\/capa.png\",\"width\":1350,\"height\":900,\"caption\":\"PSOL 50\"},\"image\":{\"@id\":\"https:\/\/psol50.org.br\/#\/schema\/logo\/image\/\"},\"sameAs\":[\"https:\/\/www.facebook.com\/psol50\",\"https:\/\/x.com\/psol50\",\"https:\/\/www.instagram.com\/psol50\/\",\"https:\/\/www.youtube.com\/channel\/UC7SnJS5o1os7a6CaiNabzcg\"]},{\"@type\":\"Person\",\"@id\":\"https:\/\/psol50.org.br\/#\/schema\/person\/475dfa57d0b815993c714c2e96491fcd\",\"name\":\"Comunica\u00e7\u00e3o PSOL\",\"image\":{\"@type\":\"ImageObject\",\"inLanguage\":\"pt-BR\",\"@id\":\"https:\/\/psol50.org.br\/#\/schema\/person\/image\/\",\"url\":\"https:\/\/secure.gravatar.com\/avatar\/b34fc4f4e468a4e51785917065a3db57b841f5c95dba6ad8c73aaf8f66f8f9bf?s=96&d=mm&r=g\",\"contentUrl\":\"https:\/\/secure.gravatar.com\/avatar\/b34fc4f4e468a4e51785917065a3db57b841f5c95dba6ad8c73aaf8f66f8f9bf?s=96&d=mm&r=g\",\"caption\":\"Comunica\u00e7\u00e3o PSOL\"}}]}<\/script>\n<!-- \/ Yoast SEO plugin. -->","yoast_head_json":{"title":"Heloisa Helena participa de comemora\u00e7\u00f5es na Bahia - PSOL 50","robots":{"index":"index","follow":"follow","max-snippet":"max-snippet:-1","max-image-preview":"max-image-preview:large","max-video-preview":"max-video-preview:-1"},"canonical":"https:\/\/psol50.org.br\/heloisa-helena-participa-de-comemoracoes-na-bahia\/","og_locale":"pt_BR","og_type":"article","og_title":"Heloisa Helena participa de comemora\u00e7\u00f5es na Bahia - PSOL 50","og_description":"A Presidente Nacional do Partido Socialismo e Liberdade, Heloisa Helena, estar\u00e1 em Salvador no pr\u00f3ximo dia 2 de Julho para participar das comemora\u00e7\u00f5es da Independ\u00eancia da Bahia, a mais importante comemora\u00e7\u00e3o c\u00edvica do Estado.","og_url":"https:\/\/psol50.org.br\/heloisa-helena-participa-de-comemoracoes-na-bahia\/","og_site_name":"PSOL 50","article_publisher":"https:\/\/www.facebook.com\/psol50","article_published_time":"2007-06-29T00:00:00+00:00","og_image":[{"width":1350,"height":900,"url":"https:\/\/psol50.org.br\/inc\/uploads\/2018\/07\/capa.png","type":"image\/png"}],"author":"Comunica\u00e7\u00e3o PSOL","twitter_card":"summary_large_image","twitter_creator":"@psol50","twitter_site":"@psol50","twitter_misc":{"Escrito por":"Comunica\u00e7\u00e3o PSOL","Est. tempo de leitura":"1 minuto"},"schema":{"@context":"https:\/\/schema.org","@graph":[{"@type":"Article","@id":"https:\/\/psol50.org.br\/heloisa-helena-participa-de-comemoracoes-na-bahia\/#article","isPartOf":{"@id":"https:\/\/psol50.org.br\/heloisa-helena-participa-de-comemoracoes-na-bahia\/"},"author":{"name":"Comunica\u00e7\u00e3o PSOL","@id":"https:\/\/psol50.org.br\/#\/schema\/person\/475dfa57d0b815993c714c2e96491fcd"},"headline":"Heloisa Helena participa de comemora\u00e7\u00f5es na Bahia","datePublished":"2007-06-29T00:00:00+00:00","mainEntityOfPage":{"@id":"https:\/\/psol50.org.br\/heloisa-helena-participa-de-comemoracoes-na-bahia\/"},"wordCount":238,"commentCount":0,"publisher":{"@id":"https:\/\/psol50.org.br\/#organization"},"articleSection":["Arquivo"],"inLanguage":"pt-BR","potentialAction":[{"@type":"CommentAction","name":"Comment","target":["https:\/\/psol50.org.br\/heloisa-helena-participa-de-comemoracoes-na-bahia\/#respond"]}]},{"@type":"WebPage","@id":"https:\/\/psol50.org.br\/heloisa-helena-participa-de-comemoracoes-na-bahia\/","url":"https:\/\/psol50.org.br\/heloisa-helena-participa-de-comemoracoes-na-bahia\/","name":"Heloisa Helena participa de comemora\u00e7\u00f5es na Bahia - PSOL 50","isPartOf":{"@id":"https:\/\/psol50.org.br\/#website"},"datePublished":"2007-06-29T00:00:00+00:00","breadcrumb":{"@id":"https:\/\/psol50.org.br\/heloisa-helena-participa-de-comemoracoes-na-bahia\/#breadcrumb"},"inLanguage":"pt-BR","potentialAction":[{"@type":"ReadAction","target":["https:\/\/psol50.org.br\/heloisa-helena-participa-de-comemoracoes-na-bahia\/"]}]},{"@type":"BreadcrumbList","@id":"https:\/\/psol50.org.br\/heloisa-helena-participa-de-comemoracoes-na-bahia\/#breadcrumb","itemListElement":[{"@type":"ListItem","position":1,"name":"In\u00edcio","item":"https:\/\/psol50.org.br\/"},{"@type":"ListItem","position":2,"name":"Heloisa Helena participa de comemora\u00e7\u00f5es na Bahia"}]},{"@type":"WebSite","@id":"https:\/\/psol50.org.br\/#website","url":"https:\/\/psol50.org.br\/","name":"PSOL 50","description":"Site oficial do Partido Socialismo e Liberdade","publisher":{"@id":"https:\/\/psol50.org.br\/#organization"},"alternateName":"PSOL50","potentialAction":[{"@type":"SearchAction","target":{"@type":"EntryPoint","urlTemplate":"https:\/\/psol50.org.br\/?s={search_term_string}"},"query-input":{"@type":"PropertyValueSpecification","valueRequired":true,"valueName":"search_term_string"}}],"inLanguage":"pt-BR"},{"@type":"Organization","@id":"https:\/\/psol50.org.br\/#organization","name":"PSOL 50","alternateName":"PSOL 50","url":"https:\/\/psol50.org.br\/","logo":{"@type":"ImageObject","inLanguage":"pt-BR","@id":"https:\/\/psol50.org.br\/#\/schema\/logo\/image\/","url":"https:\/\/psol50.org.br\/inc\/uploads\/2018\/07\/capa.png","contentUrl":"https:\/\/psol50.org.br\/inc\/uploads\/2018\/07\/capa.png","width":1350,"height":900,"caption":"PSOL 50"},"image":{"@id":"https:\/\/psol50.org.br\/#\/schema\/logo\/image\/"},"sameAs":["https:\/\/www.facebook.com\/psol50","https:\/\/x.com\/psol50","https:\/\/www.instagram.com\/psol50\/","https:\/\/www.youtube.com\/channel\/UC7SnJS5o1os7a6CaiNabzcg"]},{"@type":"Person","@id":"https:\/\/psol50.org.br\/#\/schema\/person\/475dfa57d0b815993c714c2e96491fcd","name":"Comunica\u00e7\u00e3o PSOL","image":{"@type":"ImageObject","inLanguage":"pt-BR","@id":"https:\/\/psol50.org.br\/#\/schema\/person\/image\/","url":"https:\/\/secure.gravatar.com\/avatar\/b34fc4f4e468a4e51785917065a3db57b841f5c95dba6ad8c73aaf8f66f8f9bf?s=96&d=mm&r=g","contentUrl":"https:\/\/secure.gravatar.com\/avatar\/b34fc4f4e468a4e51785917065a3db57b841f5c95dba6ad8c73aaf8f66f8f9bf?s=96&d=mm&r=g","caption":"Comunica\u00e7\u00e3o PSOL"}}]}},"_links":{"self":[{"href":"https:\/\/psol50.org.br\/rest\/wp\/v2\/posts\/1331","targetHints":{"allow":["GET"]}}],"collection":[{"href":"https:\/\/psol50.org.br\/rest\/wp\/v2\/posts"}],"about":[{"href":"https:\/\/psol50.org.br\/rest\/wp\/v2\/types\/post"}],"author":[{"embeddable":true,"href":"https:\/\/psol50.org.br\/rest\/wp\/v2\/users\/2"}],"replies":[{"embeddable":true,"href":"https:\/\/psol50.org.br\/rest\/wp\/v2\/comments?post=1331"}],"version-history":[{"count":0,"href":"https:\/\/psol50.org.br\/rest\/wp\/v2\/posts\/1331\/revisions"}],"wp:attachment":[{"href":"https:\/\/psol50.org.br\/rest\/wp\/v2\/media?parent=1331"}],"wp:term":[{"taxonomy":"category","embeddable":true,"href":"https:\/\/psol50.org.br\/rest\/wp\/v2\/categories?post=1331"},{"taxonomy":"post_tag","embeddable":true,"href":"https:\/\/psol50.org.br\/rest\/wp\/v2\/tags?post=1331"}],"curies":[{"name":"wp","href":"https:\/\/api.w.org\/{rel}","templated":true}]}}