{"id":13322,"date":"2016-08-10T15:14:13","date_gmt":"2016-08-10T15:14:13","guid":{"rendered":"http:\/\/www.psol50.org.br\/?p=13322"},"modified":"2016-08-10T15:14:13","modified_gmt":"2016-08-10T15:14:13","slug":"com-forte-empenho-do-governo-temer-teto-de-gastos-publicos-avanca-na-camara","status":"publish","type":"post","link":"https:\/\/psol50.org.br\/com-forte-empenho-do-governo-temer-teto-de-gastos-publicos-avanca-na-camara\/","title":{"rendered":"Com forte empenho do governo Temer, teto de gastos p\u00fablicos avan\u00e7a na C\u00e2mara"},"content":{"rendered":"<p>A ofensiva do governo federal contra o funcionalismo p\u00fablico e, por consequ\u00eancia, contra tamb\u00e9m os servi\u00e7os p\u00fablicos prestados \u00e0 popula\u00e7\u00e3o anda a passos largos na C\u00e2mara dos Deputados. Al\u00e9m de garantir a aprova\u00e7\u00e3o, em plen\u00e1rio, do PLP 257\/2016, que prop\u00f5e o alongamento da d\u00edvida dos estados e do DF com a Uni\u00e3o, o governo ileg\u00edtimo de Michel Temer conseguiu aprovar, na Comiss\u00e3o de Constitui\u00e7\u00e3o e Justi\u00e7a da casa, a PEC 241\/20146, enviada em junho ao Congresso Nacional. A proposta, na mesma linha de economizar dinheiro para pagar juros da d\u00edvida p\u00fablica, limita gastos p\u00fablicos federais por 20 anos e acaba com a atual vincula\u00e7\u00e3o de receitas para gastos com sa\u00fade p\u00fablica e educa\u00e7\u00e3o, previstas na Constitui\u00e7\u00e3o. O PSOL votou contra.<\/p>\n<p>Foram seis horas de discuss\u00e3o. Pelo parecer do relator, deputado Danilo Forte (PSB-CE), os gastos nessas duas \u00e1reas passam tamb\u00e9m a ser corrigidos at\u00e9 o limite dado pela infla\u00e7\u00e3o (IPCA). Hoje, ambas est\u00e3o atreladas a percentuais da receita.<\/p>\n<p>Alguns deputados consideraram a PEC inconstitucional, pelo fato de que com o teto de gastos p\u00fablicos ficar\u00e1 proibida a realiza\u00e7\u00e3o de concursos p\u00fablicos e a concess\u00e3o de reajuste anual para o funcionalismo.<\/p>\n<p>O representante do PSOL na CCJ, deputado Chico Alencar, considerou, em sua fala que encaminhou o voto contr\u00e1rio, que a PEC vai agravar a crise do pa\u00eds, especialmente a do desemprego, e ampliar a injusti\u00e7a social. Por outro lado, segundo ele, os interesses dos banqueiros e do mercado s\u00e3o sempre atendidos. \u201cAs demandas dos banqueiros t\u00eam uma repercuss\u00e3o nessa Casa, no Senado e nas inst\u00e2ncias da pol\u00edtica impressionante. N\u00e3o por acaso o que esta fora desse limite para despesa prim\u00e1ria, que a PEC pretende instituir, s\u00e3o os juros e amortiza\u00e7\u00e3o da d\u00edvida p\u00fablica. Gastar com isso est\u00e1 liberado. Isso \u00e9 um esc\u00e2ndalo\u201d, criticou.<\/p>\n<p>O l\u00edder do PSOL, deputado Ivan Valente, avaliou que a PEC institui um ajuste fiscal permanente. \u201cPEC do teto de gastos \u00e9 arrocho salarial por 20 anos. O povo n\u00e3o vai aguentar tanto arrocho salarial\u201d, disse.<\/p>\n<p>O deputado tamb\u00e9m criticou a proibi\u00e7\u00e3o feita pela C\u00e2mara para que os servidores acompanhassem a sess\u00e3o. Para ele, a tentativa de afastar a popula\u00e7\u00e3o das decis\u00f5es do Poder Legislativo \u00e9 um retrocesso ao tempo da censura, de n\u00e3o permitir a livre organiza\u00e7\u00e3o, de retirar direitos. De acordo com o deputado, os servidores t\u00eam o direito de contestar a entrega do Or\u00e7amento do pa\u00eds para o pagamento de banqueiros e rentistas.<\/p>\n<p>Com a aprova\u00e7\u00e3o na CCJ, a partir de agora, ser\u00e1 criada uma comiss\u00e3o especial para analisar o m\u00e9rito da proposta. Depois, ela precisa ser aprovada em dois turnos pelo plen\u00e1rio.<\/p>\n<p><strong>Ataque \u00e0 sa\u00fade e educa\u00e7\u00e3o<br \/>\n<\/strong>\u00c0 \u00e9poca em que a PEC 241 foi enviada ao Congresso Nacional, o presidente nacional do PSOL, Luiz Ara\u00fajo, comentou os efeitos nocivos da proposta. Segundo ele, educa\u00e7\u00e3o e sa\u00fade est\u00e3o entre as \u00e1reas mais atingidas.<\/p>\n<p>\u201c\u00c9 o principal e mais assustador ataque \u00e0 educa\u00e7\u00e3o e \u00e0 sa\u00fade desde que eu me entendo por gente. O que essa proposta faz \u00e9 reservar recursos durante 20 anos para pagar a d\u00edvida, retirando da sa\u00fade e da educa\u00e7\u00e3o e extinguindo a vincula\u00e7\u00e3o constitucional\u201d, disse.<\/p>\n<p><a href=\"http:\/\/www.psol50.org.br\/blog\/2016\/06\/22\/limitacao-de-gastos-de-temer-e-o-maior-ataque-a-saude-e-a-educacao\/\" target=\"_blank\" rel=\"noopener\"><strong>Assista ao v\u00eddeo, com a fala de Luiz Ara\u00fajo<\/strong><\/a>.<\/p>\n","protected":false},"excerpt":{"rendered":"<p>A ofensiva do governo federal contra o funcionalismo p\u00fablico e, por consequ\u00eancia, contra tamb\u00e9m os servi\u00e7os p\u00fablicos prestados \u00e0 popula\u00e7\u00e3o anda a passos largos na C\u00e2mara dos Deputados. Al\u00e9m de garantir a aprova\u00e7\u00e3o, em plen\u00e1rio, do PLP 257\/2016, que prop\u00f5e o alongamento da d\u00edvida dos estados e do DF com a Uni\u00e3o, o governo ileg\u00edtimo [&hellip;]<\/p>\n","protected":false},"author":2,"featured_media":13323,"comment_status":"open","ping_status":"open","sticky":false,"template":"","format":"standard","meta":{"_acf_changed":false,"footnotes":""},"categories":[10,1882,6],"tags":[4463,1680,2068,4464,4437,4465,1748,2976,256,4466],"class_list":{"0":"post-13322","1":"post","2":"type-post","3":"status-publish","4":"format-standard","5":"has-post-thumbnail","7":"category-acao-parlamentares","8":"category-brasil","9":"category-noticias","10":"tag-arrocho-salarial","11":"tag-chico-alencar","12":"tag-divida-publica","13":"tag-funcionalismo-publicoa","14":"tag-gastos-publicos","15":"tag-juros","16":"tag-michel-temer","17":"tag-pec-2412016","18":"tag-servidores-publicos","19":"tag-teto"},"acf":[],"yoast_head":"<!-- This site is optimized with the Yoast SEO plugin v26.5 - https:\/\/yoast.com\/wordpress\/plugins\/seo\/ -->\n<title>Com forte empenho do governo Temer, teto de gastos p\u00fablicos avan\u00e7a na C\u00e2mara - PSOL 50<\/title>\n<meta name=\"robots\" content=\"index, follow, max-snippet:-1, max-image-preview:large, max-video-preview:-1\" \/>\n<link rel=\"canonical\" href=\"https:\/\/psol50.org.br\/com-forte-empenho-do-governo-temer-teto-de-gastos-publicos-avanca-na-camara\/\" \/>\n<meta property=\"og:locale\" content=\"pt_BR\" \/>\n<meta property=\"og:type\" content=\"article\" \/>\n<meta property=\"og:title\" content=\"Com forte empenho do governo Temer, teto de gastos p\u00fablicos avan\u00e7a na C\u00e2mara - PSOL 50\" \/>\n<meta property=\"og:description\" content=\"A ofensiva do governo federal contra o funcionalismo p\u00fablico e, por consequ\u00eancia, contra tamb\u00e9m os servi\u00e7os p\u00fablicos prestados \u00e0 popula\u00e7\u00e3o anda a passos largos na C\u00e2mara dos Deputados. Al\u00e9m de garantir a aprova\u00e7\u00e3o, em plen\u00e1rio, do PLP 257\/2016, que prop\u00f5e o alongamento da d\u00edvida dos estados e do DF com a Uni\u00e3o, o governo ileg\u00edtimo [&hellip;]\" \/>\n<meta property=\"og:url\" content=\"https:\/\/psol50.org.br\/com-forte-empenho-do-governo-temer-teto-de-gastos-publicos-avanca-na-camara\/\" \/>\n<meta property=\"og:site_name\" content=\"PSOL 50\" \/>\n<meta property=\"article:publisher\" content=\"https:\/\/www.facebook.com\/psol50\" \/>\n<meta property=\"article:published_time\" content=\"2016-08-10T15:14:13+00:00\" \/>\n<meta property=\"og:image\" content=\"https:\/\/psol50.org.br\/inc\/uploads\/2016\/08\/Chico-Alencar-na-CCJ-Zeca-Ribeiro-CD.jpg\" \/>\n\t<meta property=\"og:image:width\" content=\"1397\" \/>\n\t<meta property=\"og:image:height\" content=\"915\" \/>\n\t<meta property=\"og:image:type\" content=\"image\/jpeg\" \/>\n<meta name=\"author\" content=\"Comunica\u00e7\u00e3o PSOL\" \/>\n<meta name=\"twitter:card\" content=\"summary_large_image\" \/>\n<meta name=\"twitter:creator\" content=\"@psol50\" \/>\n<meta name=\"twitter:site\" content=\"@psol50\" \/>\n<meta name=\"twitter:label1\" content=\"Escrito por\" \/>\n\t<meta name=\"twitter:data1\" content=\"Comunica\u00e7\u00e3o PSOL\" \/>\n\t<meta name=\"twitter:label2\" content=\"Est. tempo de leitura\" \/>\n\t<meta name=\"twitter:data2\" content=\"3 minutos\" \/>\n<script type=\"application\/ld+json\" class=\"yoast-schema-graph\">{\"@context\":\"https:\/\/schema.org\",\"@graph\":[{\"@type\":\"Article\",\"@id\":\"https:\/\/psol50.org.br\/com-forte-empenho-do-governo-temer-teto-de-gastos-publicos-avanca-na-camara\/#article\",\"isPartOf\":{\"@id\":\"https:\/\/psol50.org.br\/com-forte-empenho-do-governo-temer-teto-de-gastos-publicos-avanca-na-camara\/\"},\"author\":{\"name\":\"Comunica\u00e7\u00e3o PSOL\",\"@id\":\"https:\/\/psol50.org.br\/#\/schema\/person\/475dfa57d0b815993c714c2e96491fcd\"},\"headline\":\"Com forte empenho do governo Temer, teto de gastos p\u00fablicos avan\u00e7a na C\u00e2mara\",\"datePublished\":\"2016-08-10T15:14:13+00:00\",\"mainEntityOfPage\":{\"@id\":\"https:\/\/psol50.org.br\/com-forte-empenho-do-governo-temer-teto-de-gastos-publicos-avanca-na-camara\/\"},\"wordCount\":604,\"commentCount\":0,\"publisher\":{\"@id\":\"https:\/\/psol50.org.br\/#organization\"},\"image\":{\"@id\":\"https:\/\/psol50.org.br\/com-forte-empenho-do-governo-temer-teto-de-gastos-publicos-avanca-na-camara\/#primaryimage\"},\"thumbnailUrl\":\"https:\/\/psol50.org.br\/inc\/uploads\/2016\/08\/Chico-Alencar-na-CCJ-Zeca-Ribeiro-CD.jpg\",\"keywords\":[\"arrocho salarial\",\"Chico Alencar\",\"d\u00edvida p\u00fablica\",\"funcionalismo p\u00fablicoa\",\"gastos p\u00fablicos\",\"juros\",\"Michel Temer\",\"PEC 241\/2016\",\"servidores p\u00fablicos\",\"teto\"],\"articleSection\":[\"A\u00e7\u00e3o Parlamentar\",\"Brasil\",\"Not\u00edcias\"],\"inLanguage\":\"pt-BR\",\"potentialAction\":[{\"@type\":\"CommentAction\",\"name\":\"Comment\",\"target\":[\"https:\/\/psol50.org.br\/com-forte-empenho-do-governo-temer-teto-de-gastos-publicos-avanca-na-camara\/#respond\"]}]},{\"@type\":\"WebPage\",\"@id\":\"https:\/\/psol50.org.br\/com-forte-empenho-do-governo-temer-teto-de-gastos-publicos-avanca-na-camara\/\",\"url\":\"https:\/\/psol50.org.br\/com-forte-empenho-do-governo-temer-teto-de-gastos-publicos-avanca-na-camara\/\",\"name\":\"Com forte empenho do governo Temer, teto de gastos p\u00fablicos avan\u00e7a na C\u00e2mara - PSOL 50\",\"isPartOf\":{\"@id\":\"https:\/\/psol50.org.br\/#website\"},\"primaryImageOfPage\":{\"@id\":\"https:\/\/psol50.org.br\/com-forte-empenho-do-governo-temer-teto-de-gastos-publicos-avanca-na-camara\/#primaryimage\"},\"image\":{\"@id\":\"https:\/\/psol50.org.br\/com-forte-empenho-do-governo-temer-teto-de-gastos-publicos-avanca-na-camara\/#primaryimage\"},\"thumbnailUrl\":\"https:\/\/psol50.org.br\/inc\/uploads\/2016\/08\/Chico-Alencar-na-CCJ-Zeca-Ribeiro-CD.jpg\",\"datePublished\":\"2016-08-10T15:14:13+00:00\",\"breadcrumb\":{\"@id\":\"https:\/\/psol50.org.br\/com-forte-empenho-do-governo-temer-teto-de-gastos-publicos-avanca-na-camara\/#breadcrumb\"},\"inLanguage\":\"pt-BR\",\"potentialAction\":[{\"@type\":\"ReadAction\",\"target\":[\"https:\/\/psol50.org.br\/com-forte-empenho-do-governo-temer-teto-de-gastos-publicos-avanca-na-camara\/\"]}]},{\"@type\":\"ImageObject\",\"inLanguage\":\"pt-BR\",\"@id\":\"https:\/\/psol50.org.br\/com-forte-empenho-do-governo-temer-teto-de-gastos-publicos-avanca-na-camara\/#primaryimage\",\"url\":\"https:\/\/psol50.org.br\/inc\/uploads\/2016\/08\/Chico-Alencar-na-CCJ-Zeca-Ribeiro-CD.jpg\",\"contentUrl\":\"https:\/\/psol50.org.br\/inc\/uploads\/2016\/08\/Chico-Alencar-na-CCJ-Zeca-Ribeiro-CD.jpg\",\"width\":1397,\"height\":915},{\"@type\":\"BreadcrumbList\",\"@id\":\"https:\/\/psol50.org.br\/com-forte-empenho-do-governo-temer-teto-de-gastos-publicos-avanca-na-camara\/#breadcrumb\",\"itemListElement\":[{\"@type\":\"ListItem\",\"position\":1,\"name\":\"In\u00edcio\",\"item\":\"https:\/\/psol50.org.br\/\"},{\"@type\":\"ListItem\",\"position\":2,\"name\":\"Com forte empenho do governo Temer, teto de gastos p\u00fablicos avan\u00e7a na C\u00e2mara\"}]},{\"@type\":\"WebSite\",\"@id\":\"https:\/\/psol50.org.br\/#website\",\"url\":\"https:\/\/psol50.org.br\/\",\"name\":\"PSOL 50\",\"description\":\"Site oficial do Partido Socialismo e Liberdade\",\"publisher\":{\"@id\":\"https:\/\/psol50.org.br\/#organization\"},\"alternateName\":\"PSOL50\",\"potentialAction\":[{\"@type\":\"SearchAction\",\"target\":{\"@type\":\"EntryPoint\",\"urlTemplate\":\"https:\/\/psol50.org.br\/?s={search_term_string}\"},\"query-input\":{\"@type\":\"PropertyValueSpecification\",\"valueRequired\":true,\"valueName\":\"search_term_string\"}}],\"inLanguage\":\"pt-BR\"},{\"@type\":\"Organization\",\"@id\":\"https:\/\/psol50.org.br\/#organization\",\"name\":\"PSOL 50\",\"alternateName\":\"PSOL 50\",\"url\":\"https:\/\/psol50.org.br\/\",\"logo\":{\"@type\":\"ImageObject\",\"inLanguage\":\"pt-BR\",\"@id\":\"https:\/\/psol50.org.br\/#\/schema\/logo\/image\/\",\"url\":\"https:\/\/psol50.org.br\/inc\/uploads\/2018\/07\/capa.png\",\"contentUrl\":\"https:\/\/psol50.org.br\/inc\/uploads\/2018\/07\/capa.png\",\"width\":1350,\"height\":900,\"caption\":\"PSOL 50\"},\"image\":{\"@id\":\"https:\/\/psol50.org.br\/#\/schema\/logo\/image\/\"},\"sameAs\":[\"https:\/\/www.facebook.com\/psol50\",\"https:\/\/x.com\/psol50\",\"https:\/\/www.instagram.com\/psol50\/\",\"https:\/\/www.youtube.com\/channel\/UC7SnJS5o1os7a6CaiNabzcg\"]},{\"@type\":\"Person\",\"@id\":\"https:\/\/psol50.org.br\/#\/schema\/person\/475dfa57d0b815993c714c2e96491fcd\",\"name\":\"Comunica\u00e7\u00e3o PSOL\",\"image\":{\"@type\":\"ImageObject\",\"inLanguage\":\"pt-BR\",\"@id\":\"https:\/\/psol50.org.br\/#\/schema\/person\/image\/\",\"url\":\"https:\/\/secure.gravatar.com\/avatar\/b34fc4f4e468a4e51785917065a3db57b841f5c95dba6ad8c73aaf8f66f8f9bf?s=96&d=mm&r=g\",\"contentUrl\":\"https:\/\/secure.gravatar.com\/avatar\/b34fc4f4e468a4e51785917065a3db57b841f5c95dba6ad8c73aaf8f66f8f9bf?s=96&d=mm&r=g\",\"caption\":\"Comunica\u00e7\u00e3o PSOL\"}}]}<\/script>\n<!-- \/ Yoast SEO plugin. -->","yoast_head_json":{"title":"Com forte empenho do governo Temer, teto de gastos p\u00fablicos avan\u00e7a na C\u00e2mara - PSOL 50","robots":{"index":"index","follow":"follow","max-snippet":"max-snippet:-1","max-image-preview":"max-image-preview:large","max-video-preview":"max-video-preview:-1"},"canonical":"https:\/\/psol50.org.br\/com-forte-empenho-do-governo-temer-teto-de-gastos-publicos-avanca-na-camara\/","og_locale":"pt_BR","og_type":"article","og_title":"Com forte empenho do governo Temer, teto de gastos p\u00fablicos avan\u00e7a na C\u00e2mara - PSOL 50","og_description":"A ofensiva do governo federal contra o funcionalismo p\u00fablico e, por consequ\u00eancia, contra tamb\u00e9m os servi\u00e7os p\u00fablicos prestados \u00e0 popula\u00e7\u00e3o anda a passos largos na C\u00e2mara dos Deputados. Al\u00e9m de garantir a aprova\u00e7\u00e3o, em plen\u00e1rio, do PLP 257\/2016, que prop\u00f5e o alongamento da d\u00edvida dos estados e do DF com a Uni\u00e3o, o governo ileg\u00edtimo [&hellip;]","og_url":"https:\/\/psol50.org.br\/com-forte-empenho-do-governo-temer-teto-de-gastos-publicos-avanca-na-camara\/","og_site_name":"PSOL 50","article_publisher":"https:\/\/www.facebook.com\/psol50","article_published_time":"2016-08-10T15:14:13+00:00","og_image":[{"width":1397,"height":915,"url":"https:\/\/psol50.org.br\/inc\/uploads\/2016\/08\/Chico-Alencar-na-CCJ-Zeca-Ribeiro-CD.jpg","type":"image\/jpeg"}],"author":"Comunica\u00e7\u00e3o PSOL","twitter_card":"summary_large_image","twitter_creator":"@psol50","twitter_site":"@psol50","twitter_misc":{"Escrito por":"Comunica\u00e7\u00e3o PSOL","Est. tempo de leitura":"3 minutos"},"schema":{"@context":"https:\/\/schema.org","@graph":[{"@type":"Article","@id":"https:\/\/psol50.org.br\/com-forte-empenho-do-governo-temer-teto-de-gastos-publicos-avanca-na-camara\/#article","isPartOf":{"@id":"https:\/\/psol50.org.br\/com-forte-empenho-do-governo-temer-teto-de-gastos-publicos-avanca-na-camara\/"},"author":{"name":"Comunica\u00e7\u00e3o PSOL","@id":"https:\/\/psol50.org.br\/#\/schema\/person\/475dfa57d0b815993c714c2e96491fcd"},"headline":"Com forte empenho do governo Temer, teto de gastos p\u00fablicos avan\u00e7a na C\u00e2mara","datePublished":"2016-08-10T15:14:13+00:00","mainEntityOfPage":{"@id":"https:\/\/psol50.org.br\/com-forte-empenho-do-governo-temer-teto-de-gastos-publicos-avanca-na-camara\/"},"wordCount":604,"commentCount":0,"publisher":{"@id":"https:\/\/psol50.org.br\/#organization"},"image":{"@id":"https:\/\/psol50.org.br\/com-forte-empenho-do-governo-temer-teto-de-gastos-publicos-avanca-na-camara\/#primaryimage"},"thumbnailUrl":"https:\/\/psol50.org.br\/inc\/uploads\/2016\/08\/Chico-Alencar-na-CCJ-Zeca-Ribeiro-CD.jpg","keywords":["arrocho salarial","Chico Alencar","d\u00edvida p\u00fablica","funcionalismo p\u00fablicoa","gastos p\u00fablicos","juros","Michel Temer","PEC 241\/2016","servidores p\u00fablicos","teto"],"articleSection":["A\u00e7\u00e3o Parlamentar","Brasil","Not\u00edcias"],"inLanguage":"pt-BR","potentialAction":[{"@type":"CommentAction","name":"Comment","target":["https:\/\/psol50.org.br\/com-forte-empenho-do-governo-temer-teto-de-gastos-publicos-avanca-na-camara\/#respond"]}]},{"@type":"WebPage","@id":"https:\/\/psol50.org.br\/com-forte-empenho-do-governo-temer-teto-de-gastos-publicos-avanca-na-camara\/","url":"https:\/\/psol50.org.br\/com-forte-empenho-do-governo-temer-teto-de-gastos-publicos-avanca-na-camara\/","name":"Com forte empenho do governo Temer, teto de gastos p\u00fablicos avan\u00e7a na C\u00e2mara - PSOL 50","isPartOf":{"@id":"https:\/\/psol50.org.br\/#website"},"primaryImageOfPage":{"@id":"https:\/\/psol50.org.br\/com-forte-empenho-do-governo-temer-teto-de-gastos-publicos-avanca-na-camara\/#primaryimage"},"image":{"@id":"https:\/\/psol50.org.br\/com-forte-empenho-do-governo-temer-teto-de-gastos-publicos-avanca-na-camara\/#primaryimage"},"thumbnailUrl":"https:\/\/psol50.org.br\/inc\/uploads\/2016\/08\/Chico-Alencar-na-CCJ-Zeca-Ribeiro-CD.jpg","datePublished":"2016-08-10T15:14:13+00:00","breadcrumb":{"@id":"https:\/\/psol50.org.br\/com-forte-empenho-do-governo-temer-teto-de-gastos-publicos-avanca-na-camara\/#breadcrumb"},"inLanguage":"pt-BR","potentialAction":[{"@type":"ReadAction","target":["https:\/\/psol50.org.br\/com-forte-empenho-do-governo-temer-teto-de-gastos-publicos-avanca-na-camara\/"]}]},{"@type":"ImageObject","inLanguage":"pt-BR","@id":"https:\/\/psol50.org.br\/com-forte-empenho-do-governo-temer-teto-de-gastos-publicos-avanca-na-camara\/#primaryimage","url":"https:\/\/psol50.org.br\/inc\/uploads\/2016\/08\/Chico-Alencar-na-CCJ-Zeca-Ribeiro-CD.jpg","contentUrl":"https:\/\/psol50.org.br\/inc\/uploads\/2016\/08\/Chico-Alencar-na-CCJ-Zeca-Ribeiro-CD.jpg","width":1397,"height":915},{"@type":"BreadcrumbList","@id":"https:\/\/psol50.org.br\/com-forte-empenho-do-governo-temer-teto-de-gastos-publicos-avanca-na-camara\/#breadcrumb","itemListElement":[{"@type":"ListItem","position":1,"name":"In\u00edcio","item":"https:\/\/psol50.org.br\/"},{"@type":"ListItem","position":2,"name":"Com forte empenho do governo Temer, teto de gastos p\u00fablicos avan\u00e7a na C\u00e2mara"}]},{"@type":"WebSite","@id":"https:\/\/psol50.org.br\/#website","url":"https:\/\/psol50.org.br\/","name":"PSOL 50","description":"Site oficial do Partido Socialismo e Liberdade","publisher":{"@id":"https:\/\/psol50.org.br\/#organization"},"alternateName":"PSOL50","potentialAction":[{"@type":"SearchAction","target":{"@type":"EntryPoint","urlTemplate":"https:\/\/psol50.org.br\/?s={search_term_string}"},"query-input":{"@type":"PropertyValueSpecification","valueRequired":true,"valueName":"search_term_string"}}],"inLanguage":"pt-BR"},{"@type":"Organization","@id":"https:\/\/psol50.org.br\/#organization","name":"PSOL 50","alternateName":"PSOL 50","url":"https:\/\/psol50.org.br\/","logo":{"@type":"ImageObject","inLanguage":"pt-BR","@id":"https:\/\/psol50.org.br\/#\/schema\/logo\/image\/","url":"https:\/\/psol50.org.br\/inc\/uploads\/2018\/07\/capa.png","contentUrl":"https:\/\/psol50.org.br\/inc\/uploads\/2018\/07\/capa.png","width":1350,"height":900,"caption":"PSOL 50"},"image":{"@id":"https:\/\/psol50.org.br\/#\/schema\/logo\/image\/"},"sameAs":["https:\/\/www.facebook.com\/psol50","https:\/\/x.com\/psol50","https:\/\/www.instagram.com\/psol50\/","https:\/\/www.youtube.com\/channel\/UC7SnJS5o1os7a6CaiNabzcg"]},{"@type":"Person","@id":"https:\/\/psol50.org.br\/#\/schema\/person\/475dfa57d0b815993c714c2e96491fcd","name":"Comunica\u00e7\u00e3o PSOL","image":{"@type":"ImageObject","inLanguage":"pt-BR","@id":"https:\/\/psol50.org.br\/#\/schema\/person\/image\/","url":"https:\/\/secure.gravatar.com\/avatar\/b34fc4f4e468a4e51785917065a3db57b841f5c95dba6ad8c73aaf8f66f8f9bf?s=96&d=mm&r=g","contentUrl":"https:\/\/secure.gravatar.com\/avatar\/b34fc4f4e468a4e51785917065a3db57b841f5c95dba6ad8c73aaf8f66f8f9bf?s=96&d=mm&r=g","caption":"Comunica\u00e7\u00e3o PSOL"}}]}},"_links":{"self":[{"href":"https:\/\/psol50.org.br\/rest\/wp\/v2\/posts\/13322","targetHints":{"allow":["GET"]}}],"collection":[{"href":"https:\/\/psol50.org.br\/rest\/wp\/v2\/posts"}],"about":[{"href":"https:\/\/psol50.org.br\/rest\/wp\/v2\/types\/post"}],"author":[{"embeddable":true,"href":"https:\/\/psol50.org.br\/rest\/wp\/v2\/users\/2"}],"replies":[{"embeddable":true,"href":"https:\/\/psol50.org.br\/rest\/wp\/v2\/comments?post=13322"}],"version-history":[{"count":0,"href":"https:\/\/psol50.org.br\/rest\/wp\/v2\/posts\/13322\/revisions"}],"wp:featuredmedia":[{"embeddable":true,"href":"https:\/\/psol50.org.br\/rest\/wp\/v2\/media\/13323"}],"wp:attachment":[{"href":"https:\/\/psol50.org.br\/rest\/wp\/v2\/media?parent=13322"}],"wp:term":[{"taxonomy":"category","embeddable":true,"href":"https:\/\/psol50.org.br\/rest\/wp\/v2\/categories?post=13322"},{"taxonomy":"post_tag","embeddable":true,"href":"https:\/\/psol50.org.br\/rest\/wp\/v2\/tags?post=13322"}],"curies":[{"name":"wp","href":"https:\/\/api.w.org\/{rel}","templated":true}]}}