{"id":13337,"date":"2016-08-15T12:06:59","date_gmt":"2016-08-15T12:06:59","guid":{"rendered":"http:\/\/www.psol50.org.br\/?p=13337"},"modified":"2016-08-15T12:06:59","modified_gmt":"2016-08-15T12:06:59","slug":"psol-pede-urgencia-ao-stf-em-acao-sobre-debates-eleitorais","status":"publish","type":"post","link":"https:\/\/psol50.org.br\/psol-pede-urgencia-ao-stf-em-acao-sobre-debates-eleitorais\/","title":{"rendered":"PSOL pede urg\u00eancia ao STF em a\u00e7\u00e3o sobre debates eleitorais"},"content":{"rendered":"<p><em>Por Renan Truffi<\/em><em>, da <a href=\"http:\/\/www.cartacapital.com.br\/blogs\/cartas-da-esplanada\/psol-pede-urgencia-ao-stf-em-acao-sobre-debates-eleitorais\/\" target=\"_blank\" rel=\"noopener\">Carta Capital<\/p>\n<p><\/a><\/em>Lideran\u00e7as do PSOL se reuniram na noite de quarta-feira 11 com a ministra do Supremo Tribunal Federal Rosa Weber. O objetivo era discutir a A\u00e7\u00e3o Direta de Inconstitucionalidade (Adin) ajuizada pelo partido no tribunal em mar\u00e7o, que trata da nova lei eleitoral.<\/p>\n<p>Como a ministra foi sorteada a relatora da a\u00e7\u00e3o, integrantes do partido foram alertar a magistrada de que a legenda j\u00e1 est\u00e1 sendo prejudicada por ficar fora das reuni\u00f5es organizadas pelas emissoras para a defini\u00e7\u00e3o das regras de debates televisivos.<\/p>\n<p>Os socialistas sa\u00edram com a \u201csensa\u00e7\u00e3o\u201d de que a ministra compreendeu a urg\u00eancia do pedido e deve entregar seu relat\u00f3rio o mais breve poss\u00edvel.<\/p>\n<p>A quest\u00e3o \u00e9 que a legisla\u00e7\u00e3o, aprovada no ano passado pelo Congresso Nacional, estabeleceu que apenas partidos com mais de nove parlamentares na C\u00e2mara dos Deputados t\u00eam direito de participar dos debates nas TVs.<\/p>\n<p>Como o PSOL tem apenas seis deputados, as emissoras teriam respaldo legal para deixar os candidatos socialistas de fora, mesmo nos casos em que o partido lidera as pesquisas de inten\u00e7\u00e3o de voto.<\/p>\n<p>Para o partido,\u00a0<a href=\"http:\/\/cartacapital.com.br\/politica\/os-riscos-da-reforma-politica-antidemocratica-8822.html\">a lei foi aprovada<\/a>\u00a0com forte apoio de\u00a0<a href=\"http:\/\/cartacapital.com.br\/politica\/o-que-explica-a-renuncia-de-eduardo-cunha\">Eduardo Cunha (PMDB-RJ)<\/a>\u00a0como vingan\u00e7a pelo fato da legenda ter entrado com o\u00a0<a href=\"http:\/\/cartacapital.com.br\/blogs\/parlatorio\/cunha-fica-no-cargo-por-covardia-do-governo-e-hipocrisia-da-oposicao201d-2748.html\">pedido de cassa\u00e7\u00e3o do ex-presidente da C\u00e2mara<\/a>.<\/p>\n<p>\u201cJ\u00e1 tem rolado reuni\u00e3o das emissoras e n\u00f3s estamos no preju\u00edzo. Conversamos com cinco ministros do Supremo e a receptividade tem sido bastante boa. O caso dela [Rosa Weber] era o mais importante porque se ela n\u00e3o libera o relat\u00f3rio, o presidente [do STF] n\u00e3o pauta\u201d, explicou o deputado Ivan Valente (PSOL-SP).<\/p>\n<p>Al\u00e9m de Rosa, o PSOL j\u00e1 apresentou a quest\u00e3o aos ministros Gilmar Mendes, Celso de Mello, Dias Toffoli e Carmen L\u00facia.<\/p>\n<p>A justificativa da sigla para a concess\u00e3o de uma medida liminar que garanta espa\u00e7o nos debates \u00e9 que os deputados da atual legislatura foram eleitos em 2014, um ano antes da aprova\u00e7\u00e3o da tal lei, quando n\u00e3o se conhecia essa regra. Portanto, a nova regra s\u00f3 poderia come\u00e7ar a ser aplicada, na vis\u00e3o do PSOL, a partir de 2018.<\/p>\n<p>\u201cA lei que foi aprovada como vingan\u00e7a pelo Eduardo Cunha e o\u00a0<a href=\"http:\/\/cartacapital.com.br\/politica\/rodrigo-maia-um-aliado-de-temer-na-camara\">Rodrigo Maia [DEM-RJ)<\/a>contra o PSOL \u00e9 inconstitucional. A lei n\u00e3o pode ser retroativa [\u2026] porque d\u00e1 preju\u00edzo imediato aos partidos. N\u00f3s temos candidatos em primeiro lugar nas pesquisas, como em Porto Alegre, e voc\u00ea n\u00e3o pode participar do debate\u201d, critica Valente.<\/p>\n<p>A regra tamb\u00e9m atinge em cheio o tempo de propaganda eleitoral gratuita, que passou a ser 90% proporcional \u00e0 representa\u00e7\u00e3o dos partidos na C\u00e2mara dos Deputados. Outros partidos, como o PV, tamb\u00e9m entraram com a\u00e7\u00f5es parecidas no Supremo.<\/p>\n<p>Segundo o deputado Ivan Valente, a ministra tinha o objetivo de juntar todas em uma a\u00e7\u00e3o s\u00f3, mas teria mudado de ideia por conta dos pareceres j\u00e1 expedidos por Toffoli.<\/p>\n<p>&nbsp;<\/p>\n","protected":false},"excerpt":{"rendered":"<p>Por Renan Truffi, da Carta Capital Lideran\u00e7as do PSOL se reuniram na noite de quarta-feira 11 com a ministra do Supremo Tribunal Federal Rosa Weber. O objetivo era discutir a A\u00e7\u00e3o Direta de Inconstitucionalidade (Adin) ajuizada pelo partido no tribunal em mar\u00e7o, que trata da nova lei eleitoral. Como a ministra foi sorteada a relatora [&hellip;]<\/p>\n","protected":false},"author":2,"featured_media":13338,"comment_status":"open","ping_status":"open","sticky":false,"template":"","format":"standard","meta":{"_acf_changed":false,"footnotes":""},"categories":[10,1882,2833,6],"tags":[1311,839,4089,2890,3640,2390,22,45],"class_list":{"0":"post-13337","1":"post","2":"type-post","3":"status-publish","4":"format-standard","5":"has-post-thumbnail","7":"category-acao-parlamentares","8":"category-brasil","9":"category-eleicoes-2016","10":"category-noticias","11":"tag-acao","12":"tag-adin","13":"tag-debates-eleitorais","14":"tag-eduardo-cunha","15":"tag-lei-eleitoral","16":"tag-ministra-rosa-weber","17":"tag-psol","18":"tag-stf"},"acf":[],"yoast_head":"<!-- This site is optimized with the Yoast SEO plugin v26.5 - https:\/\/yoast.com\/wordpress\/plugins\/seo\/ -->\n<title>PSOL pede urg\u00eancia ao STF em a\u00e7\u00e3o sobre debates eleitorais - PSOL 50<\/title>\n<meta name=\"robots\" content=\"index, follow, max-snippet:-1, max-image-preview:large, max-video-preview:-1\" \/>\n<link rel=\"canonical\" href=\"https:\/\/psol50.org.br\/psol-pede-urgencia-ao-stf-em-acao-sobre-debates-eleitorais\/\" \/>\n<meta property=\"og:locale\" content=\"pt_BR\" \/>\n<meta property=\"og:type\" content=\"article\" \/>\n<meta property=\"og:title\" content=\"PSOL pede urg\u00eancia ao STF em a\u00e7\u00e3o sobre debates eleitorais - PSOL 50\" \/>\n<meta property=\"og:description\" content=\"Por Renan Truffi, da Carta Capital Lideran\u00e7as do PSOL se reuniram na noite de quarta-feira 11 com a ministra do Supremo Tribunal Federal Rosa Weber. O objetivo era discutir a A\u00e7\u00e3o Direta de Inconstitucionalidade (Adin) ajuizada pelo partido no tribunal em mar\u00e7o, que trata da nova lei eleitoral. Como a ministra foi sorteada a relatora [&hellip;]\" \/>\n<meta property=\"og:url\" content=\"https:\/\/psol50.org.br\/psol-pede-urgencia-ao-stf-em-acao-sobre-debates-eleitorais\/\" \/>\n<meta property=\"og:site_name\" content=\"PSOL 50\" \/>\n<meta property=\"article:publisher\" content=\"https:\/\/www.facebook.com\/psol50\" \/>\n<meta property=\"article:published_time\" content=\"2016-08-15T12:06:59+00:00\" \/>\n<meta property=\"og:image\" content=\"https:\/\/psol50.org.br\/inc\/uploads\/2018\/07\/capa.png\" \/>\n\t<meta property=\"og:image:width\" content=\"1350\" \/>\n\t<meta property=\"og:image:height\" content=\"900\" \/>\n\t<meta property=\"og:image:type\" content=\"image\/png\" \/>\n<meta name=\"author\" content=\"Comunica\u00e7\u00e3o PSOL\" \/>\n<meta name=\"twitter:card\" content=\"summary_large_image\" \/>\n<meta name=\"twitter:creator\" content=\"@psol50\" \/>\n<meta name=\"twitter:site\" content=\"@psol50\" \/>\n<meta name=\"twitter:label1\" content=\"Escrito por\" \/>\n\t<meta name=\"twitter:data1\" content=\"Comunica\u00e7\u00e3o PSOL\" \/>\n\t<meta name=\"twitter:label2\" content=\"Est. tempo de leitura\" \/>\n\t<meta name=\"twitter:data2\" content=\"3 minutos\" \/>\n<script type=\"application\/ld+json\" class=\"yoast-schema-graph\">{\"@context\":\"https:\/\/schema.org\",\"@graph\":[{\"@type\":\"Article\",\"@id\":\"https:\/\/psol50.org.br\/psol-pede-urgencia-ao-stf-em-acao-sobre-debates-eleitorais\/#article\",\"isPartOf\":{\"@id\":\"https:\/\/psol50.org.br\/psol-pede-urgencia-ao-stf-em-acao-sobre-debates-eleitorais\/\"},\"author\":{\"name\":\"Comunica\u00e7\u00e3o PSOL\",\"@id\":\"https:\/\/psol50.org.br\/#\/schema\/person\/475dfa57d0b815993c714c2e96491fcd\"},\"headline\":\"PSOL pede urg\u00eancia ao STF em a\u00e7\u00e3o sobre debates eleitorais\",\"datePublished\":\"2016-08-15T12:06:59+00:00\",\"mainEntityOfPage\":{\"@id\":\"https:\/\/psol50.org.br\/psol-pede-urgencia-ao-stf-em-acao-sobre-debates-eleitorais\/\"},\"wordCount\":513,\"commentCount\":0,\"publisher\":{\"@id\":\"https:\/\/psol50.org.br\/#organization\"},\"image\":{\"@id\":\"https:\/\/psol50.org.br\/psol-pede-urgencia-ao-stf-em-acao-sobre-debates-eleitorais\/#primaryimage\"},\"thumbnailUrl\":\"\",\"keywords\":[\"a\u00e7\u00e3o\",\"Adin\",\"debates eleitorais\",\"Eduardo Cunha\",\"lei eleitoral\",\"ministra Rosa Weber\",\"PSOL\",\"STF\"],\"articleSection\":[\"A\u00e7\u00e3o Parlamentar\",\"Brasil\",\"ELEI\u00c7\u00d5ES 2016\",\"Not\u00edcias\"],\"inLanguage\":\"pt-BR\",\"potentialAction\":[{\"@type\":\"CommentAction\",\"name\":\"Comment\",\"target\":[\"https:\/\/psol50.org.br\/psol-pede-urgencia-ao-stf-em-acao-sobre-debates-eleitorais\/#respond\"]}]},{\"@type\":\"WebPage\",\"@id\":\"https:\/\/psol50.org.br\/psol-pede-urgencia-ao-stf-em-acao-sobre-debates-eleitorais\/\",\"url\":\"https:\/\/psol50.org.br\/psol-pede-urgencia-ao-stf-em-acao-sobre-debates-eleitorais\/\",\"name\":\"PSOL pede urg\u00eancia ao STF em a\u00e7\u00e3o sobre debates eleitorais - PSOL 50\",\"isPartOf\":{\"@id\":\"https:\/\/psol50.org.br\/#website\"},\"primaryImageOfPage\":{\"@id\":\"https:\/\/psol50.org.br\/psol-pede-urgencia-ao-stf-em-acao-sobre-debates-eleitorais\/#primaryimage\"},\"image\":{\"@id\":\"https:\/\/psol50.org.br\/psol-pede-urgencia-ao-stf-em-acao-sobre-debates-eleitorais\/#primaryimage\"},\"thumbnailUrl\":\"\",\"datePublished\":\"2016-08-15T12:06:59+00:00\",\"breadcrumb\":{\"@id\":\"https:\/\/psol50.org.br\/psol-pede-urgencia-ao-stf-em-acao-sobre-debates-eleitorais\/#breadcrumb\"},\"inLanguage\":\"pt-BR\",\"potentialAction\":[{\"@type\":\"ReadAction\",\"target\":[\"https:\/\/psol50.org.br\/psol-pede-urgencia-ao-stf-em-acao-sobre-debates-eleitorais\/\"]}]},{\"@type\":\"ImageObject\",\"inLanguage\":\"pt-BR\",\"@id\":\"https:\/\/psol50.org.br\/psol-pede-urgencia-ao-stf-em-acao-sobre-debates-eleitorais\/#primaryimage\",\"url\":\"\",\"contentUrl\":\"\"},{\"@type\":\"BreadcrumbList\",\"@id\":\"https:\/\/psol50.org.br\/psol-pede-urgencia-ao-stf-em-acao-sobre-debates-eleitorais\/#breadcrumb\",\"itemListElement\":[{\"@type\":\"ListItem\",\"position\":1,\"name\":\"In\u00edcio\",\"item\":\"https:\/\/psol50.org.br\/\"},{\"@type\":\"ListItem\",\"position\":2,\"name\":\"PSOL pede urg\u00eancia ao STF em a\u00e7\u00e3o sobre debates eleitorais\"}]},{\"@type\":\"WebSite\",\"@id\":\"https:\/\/psol50.org.br\/#website\",\"url\":\"https:\/\/psol50.org.br\/\",\"name\":\"PSOL 50\",\"description\":\"Site oficial do Partido Socialismo e Liberdade\",\"publisher\":{\"@id\":\"https:\/\/psol50.org.br\/#organization\"},\"alternateName\":\"PSOL50\",\"potentialAction\":[{\"@type\":\"SearchAction\",\"target\":{\"@type\":\"EntryPoint\",\"urlTemplate\":\"https:\/\/psol50.org.br\/?s={search_term_string}\"},\"query-input\":{\"@type\":\"PropertyValueSpecification\",\"valueRequired\":true,\"valueName\":\"search_term_string\"}}],\"inLanguage\":\"pt-BR\"},{\"@type\":\"Organization\",\"@id\":\"https:\/\/psol50.org.br\/#organization\",\"name\":\"PSOL 50\",\"alternateName\":\"PSOL 50\",\"url\":\"https:\/\/psol50.org.br\/\",\"logo\":{\"@type\":\"ImageObject\",\"inLanguage\":\"pt-BR\",\"@id\":\"https:\/\/psol50.org.br\/#\/schema\/logo\/image\/\",\"url\":\"https:\/\/psol50.org.br\/inc\/uploads\/2018\/07\/capa.png\",\"contentUrl\":\"https:\/\/psol50.org.br\/inc\/uploads\/2018\/07\/capa.png\",\"width\":1350,\"height\":900,\"caption\":\"PSOL 50\"},\"image\":{\"@id\":\"https:\/\/psol50.org.br\/#\/schema\/logo\/image\/\"},\"sameAs\":[\"https:\/\/www.facebook.com\/psol50\",\"https:\/\/x.com\/psol50\",\"https:\/\/www.instagram.com\/psol50\/\",\"https:\/\/www.youtube.com\/channel\/UC7SnJS5o1os7a6CaiNabzcg\"]},{\"@type\":\"Person\",\"@id\":\"https:\/\/psol50.org.br\/#\/schema\/person\/475dfa57d0b815993c714c2e96491fcd\",\"name\":\"Comunica\u00e7\u00e3o PSOL\",\"image\":{\"@type\":\"ImageObject\",\"inLanguage\":\"pt-BR\",\"@id\":\"https:\/\/psol50.org.br\/#\/schema\/person\/image\/\",\"url\":\"https:\/\/secure.gravatar.com\/avatar\/b34fc4f4e468a4e51785917065a3db57b841f5c95dba6ad8c73aaf8f66f8f9bf?s=96&d=mm&r=g\",\"contentUrl\":\"https:\/\/secure.gravatar.com\/avatar\/b34fc4f4e468a4e51785917065a3db57b841f5c95dba6ad8c73aaf8f66f8f9bf?s=96&d=mm&r=g\",\"caption\":\"Comunica\u00e7\u00e3o PSOL\"}}]}<\/script>\n<!-- \/ Yoast SEO plugin. -->","yoast_head_json":{"title":"PSOL pede urg\u00eancia ao STF em a\u00e7\u00e3o sobre debates eleitorais - PSOL 50","robots":{"index":"index","follow":"follow","max-snippet":"max-snippet:-1","max-image-preview":"max-image-preview:large","max-video-preview":"max-video-preview:-1"},"canonical":"https:\/\/psol50.org.br\/psol-pede-urgencia-ao-stf-em-acao-sobre-debates-eleitorais\/","og_locale":"pt_BR","og_type":"article","og_title":"PSOL pede urg\u00eancia ao STF em a\u00e7\u00e3o sobre debates eleitorais - PSOL 50","og_description":"Por Renan Truffi, da Carta Capital Lideran\u00e7as do PSOL se reuniram na noite de quarta-feira 11 com a ministra do Supremo Tribunal Federal Rosa Weber. O objetivo era discutir a A\u00e7\u00e3o Direta de Inconstitucionalidade (Adin) ajuizada pelo partido no tribunal em mar\u00e7o, que trata da nova lei eleitoral. Como a ministra foi sorteada a relatora [&hellip;]","og_url":"https:\/\/psol50.org.br\/psol-pede-urgencia-ao-stf-em-acao-sobre-debates-eleitorais\/","og_site_name":"PSOL 50","article_publisher":"https:\/\/www.facebook.com\/psol50","article_published_time":"2016-08-15T12:06:59+00:00","og_image":[{"width":1350,"height":900,"url":"https:\/\/psol50.org.br\/inc\/uploads\/2018\/07\/capa.png","type":"image\/png"}],"author":"Comunica\u00e7\u00e3o PSOL","twitter_card":"summary_large_image","twitter_creator":"@psol50","twitter_site":"@psol50","twitter_misc":{"Escrito por":"Comunica\u00e7\u00e3o PSOL","Est. tempo de leitura":"3 minutos"},"schema":{"@context":"https:\/\/schema.org","@graph":[{"@type":"Article","@id":"https:\/\/psol50.org.br\/psol-pede-urgencia-ao-stf-em-acao-sobre-debates-eleitorais\/#article","isPartOf":{"@id":"https:\/\/psol50.org.br\/psol-pede-urgencia-ao-stf-em-acao-sobre-debates-eleitorais\/"},"author":{"name":"Comunica\u00e7\u00e3o PSOL","@id":"https:\/\/psol50.org.br\/#\/schema\/person\/475dfa57d0b815993c714c2e96491fcd"},"headline":"PSOL pede urg\u00eancia ao STF em a\u00e7\u00e3o sobre debates eleitorais","datePublished":"2016-08-15T12:06:59+00:00","mainEntityOfPage":{"@id":"https:\/\/psol50.org.br\/psol-pede-urgencia-ao-stf-em-acao-sobre-debates-eleitorais\/"},"wordCount":513,"commentCount":0,"publisher":{"@id":"https:\/\/psol50.org.br\/#organization"},"image":{"@id":"https:\/\/psol50.org.br\/psol-pede-urgencia-ao-stf-em-acao-sobre-debates-eleitorais\/#primaryimage"},"thumbnailUrl":"","keywords":["a\u00e7\u00e3o","Adin","debates eleitorais","Eduardo Cunha","lei eleitoral","ministra Rosa Weber","PSOL","STF"],"articleSection":["A\u00e7\u00e3o Parlamentar","Brasil","ELEI\u00c7\u00d5ES 2016","Not\u00edcias"],"inLanguage":"pt-BR","potentialAction":[{"@type":"CommentAction","name":"Comment","target":["https:\/\/psol50.org.br\/psol-pede-urgencia-ao-stf-em-acao-sobre-debates-eleitorais\/#respond"]}]},{"@type":"WebPage","@id":"https:\/\/psol50.org.br\/psol-pede-urgencia-ao-stf-em-acao-sobre-debates-eleitorais\/","url":"https:\/\/psol50.org.br\/psol-pede-urgencia-ao-stf-em-acao-sobre-debates-eleitorais\/","name":"PSOL pede urg\u00eancia ao STF em a\u00e7\u00e3o sobre debates eleitorais - PSOL 50","isPartOf":{"@id":"https:\/\/psol50.org.br\/#website"},"primaryImageOfPage":{"@id":"https:\/\/psol50.org.br\/psol-pede-urgencia-ao-stf-em-acao-sobre-debates-eleitorais\/#primaryimage"},"image":{"@id":"https:\/\/psol50.org.br\/psol-pede-urgencia-ao-stf-em-acao-sobre-debates-eleitorais\/#primaryimage"},"thumbnailUrl":"","datePublished":"2016-08-15T12:06:59+00:00","breadcrumb":{"@id":"https:\/\/psol50.org.br\/psol-pede-urgencia-ao-stf-em-acao-sobre-debates-eleitorais\/#breadcrumb"},"inLanguage":"pt-BR","potentialAction":[{"@type":"ReadAction","target":["https:\/\/psol50.org.br\/psol-pede-urgencia-ao-stf-em-acao-sobre-debates-eleitorais\/"]}]},{"@type":"ImageObject","inLanguage":"pt-BR","@id":"https:\/\/psol50.org.br\/psol-pede-urgencia-ao-stf-em-acao-sobre-debates-eleitorais\/#primaryimage","url":"","contentUrl":""},{"@type":"BreadcrumbList","@id":"https:\/\/psol50.org.br\/psol-pede-urgencia-ao-stf-em-acao-sobre-debates-eleitorais\/#breadcrumb","itemListElement":[{"@type":"ListItem","position":1,"name":"In\u00edcio","item":"https:\/\/psol50.org.br\/"},{"@type":"ListItem","position":2,"name":"PSOL pede urg\u00eancia ao STF em a\u00e7\u00e3o sobre debates eleitorais"}]},{"@type":"WebSite","@id":"https:\/\/psol50.org.br\/#website","url":"https:\/\/psol50.org.br\/","name":"PSOL 50","description":"Site oficial do Partido Socialismo e Liberdade","publisher":{"@id":"https:\/\/psol50.org.br\/#organization"},"alternateName":"PSOL50","potentialAction":[{"@type":"SearchAction","target":{"@type":"EntryPoint","urlTemplate":"https:\/\/psol50.org.br\/?s={search_term_string}"},"query-input":{"@type":"PropertyValueSpecification","valueRequired":true,"valueName":"search_term_string"}}],"inLanguage":"pt-BR"},{"@type":"Organization","@id":"https:\/\/psol50.org.br\/#organization","name":"PSOL 50","alternateName":"PSOL 50","url":"https:\/\/psol50.org.br\/","logo":{"@type":"ImageObject","inLanguage":"pt-BR","@id":"https:\/\/psol50.org.br\/#\/schema\/logo\/image\/","url":"https:\/\/psol50.org.br\/inc\/uploads\/2018\/07\/capa.png","contentUrl":"https:\/\/psol50.org.br\/inc\/uploads\/2018\/07\/capa.png","width":1350,"height":900,"caption":"PSOL 50"},"image":{"@id":"https:\/\/psol50.org.br\/#\/schema\/logo\/image\/"},"sameAs":["https:\/\/www.facebook.com\/psol50","https:\/\/x.com\/psol50","https:\/\/www.instagram.com\/psol50\/","https:\/\/www.youtube.com\/channel\/UC7SnJS5o1os7a6CaiNabzcg"]},{"@type":"Person","@id":"https:\/\/psol50.org.br\/#\/schema\/person\/475dfa57d0b815993c714c2e96491fcd","name":"Comunica\u00e7\u00e3o PSOL","image":{"@type":"ImageObject","inLanguage":"pt-BR","@id":"https:\/\/psol50.org.br\/#\/schema\/person\/image\/","url":"https:\/\/secure.gravatar.com\/avatar\/b34fc4f4e468a4e51785917065a3db57b841f5c95dba6ad8c73aaf8f66f8f9bf?s=96&d=mm&r=g","contentUrl":"https:\/\/secure.gravatar.com\/avatar\/b34fc4f4e468a4e51785917065a3db57b841f5c95dba6ad8c73aaf8f66f8f9bf?s=96&d=mm&r=g","caption":"Comunica\u00e7\u00e3o PSOL"}}]}},"_links":{"self":[{"href":"https:\/\/psol50.org.br\/rest\/wp\/v2\/posts\/13337","targetHints":{"allow":["GET"]}}],"collection":[{"href":"https:\/\/psol50.org.br\/rest\/wp\/v2\/posts"}],"about":[{"href":"https:\/\/psol50.org.br\/rest\/wp\/v2\/types\/post"}],"author":[{"embeddable":true,"href":"https:\/\/psol50.org.br\/rest\/wp\/v2\/users\/2"}],"replies":[{"embeddable":true,"href":"https:\/\/psol50.org.br\/rest\/wp\/v2\/comments?post=13337"}],"version-history":[{"count":0,"href":"https:\/\/psol50.org.br\/rest\/wp\/v2\/posts\/13337\/revisions"}],"wp:featuredmedia":[{"embeddable":true,"href":"https:\/\/psol50.org.br\/rest\/"}],"wp:attachment":[{"href":"https:\/\/psol50.org.br\/rest\/wp\/v2\/media?parent=13337"}],"wp:term":[{"taxonomy":"category","embeddable":true,"href":"https:\/\/psol50.org.br\/rest\/wp\/v2\/categories?post=13337"},{"taxonomy":"post_tag","embeddable":true,"href":"https:\/\/psol50.org.br\/rest\/wp\/v2\/tags?post=13337"}],"curies":[{"name":"wp","href":"https:\/\/api.w.org\/{rel}","templated":true}]}}