{"id":13344,"date":"2016-08-15T13:33:31","date_gmt":"2016-08-15T13:33:31","guid":{"rendered":"http:\/\/www.psol50.org.br\/?p=13344"},"modified":"2016-08-15T13:33:31","modified_gmt":"2016-08-15T13:33:31","slug":"lider-do-psol-apresenta-voto-em-separado-na-cpi-do-carf","status":"publish","type":"post","link":"https:\/\/psol50.org.br\/lider-do-psol-apresenta-voto-em-separado-na-cpi-do-carf\/","title":{"rendered":"L\u00edder do PSOL apresenta voto em separado na CPI do Carf"},"content":{"rendered":"<p><em>Al\u00e9m de indiciar empres\u00e1rios, blindados pela CPI, o deputado sugere a extin\u00e7\u00e3o do \u00f3rg\u00e3o<\/em><em><br \/>\n<\/em><br \/>\nAp\u00f3s entrega do relat\u00f3rio final pelo relator da CPI do Carf, deputado Jo\u00e3o Carlos Bacelar (PR\/BA), o l\u00edder do PSOL na C\u00e2mara, Ivan Valente (SP) apresentou, na \u00faltima quarta-feira (10\/08), um <a href=\"http:\/\/www.camara.gov.br\/proposicoesWeb\/prop_mostrarintegra?codteor=1482322\" target=\"_blank\" rel=\"noopener\"><strong>voto em separado<\/strong><\/a> denunciando a blindagem, pela c\u00fapula da CPI, das grandes empresas envolvidas no esquema de corrup\u00e7\u00e3o e apontando os indiciamentos dos respons\u00e1veis. Al\u00e9m disso, o l\u00edder do PSOL tamb\u00e9m prop\u00f5e mecanismos de aprimoramento da estrutura da Receita Federal, atrav\u00e9s da extin\u00e7\u00e3o do Carf (Conselho Administrativo de Recursos Fiscais).<\/p>\n<p>\u201cA blindagem est\u00e1 clara. Foram meses de CPI e os requerimentos de convoca\u00e7\u00e3o de empres\u00e1rios e banqueiros sequer foram apreciados. Assim como no Senado, houve acordo tanto entre governo como oposi\u00e7\u00e3o para blindar determinados pol\u00edticos e grandes empres\u00e1rios\u201d, afirmou Valente.<\/p>\n<p>O voto em separado ressalta que apesar de concordar com os indiciamentos propostos no relat\u00f3rio final, estes s\u00e3o absolutamente insuficientes diante da complexidade e dos fortes v\u00ednculos empresariais que s\u00e3o denunciados na Opera\u00e7\u00e3o Zelotes. \u201cO relat\u00f3rio final n\u00e3o indiciou os principais atores envolvidos no esc\u00e2ndalo, nem mesmo os que j\u00e1 s\u00e3o r\u00e9us e responder\u00e3o a a\u00e7\u00e3o penal, al\u00e9m de n\u00e3o citar o caso do Bradesco, que por sinal, financiou o relator na \u00faltima campanha\u201d, ressaltou Ivan Valente, que requer, no voto em separado, o indiciamento de representantes de grandes grupos econ\u00f4micos como Luiz Carlos Trabucco, presidente do Bradesco, Joseph Safra e Jo\u00e3o In\u00e1cio Puga, do Grupo Safra e Andr\u00e9 Bier Gerdau, do Grupo Gerdau, que de acordo com as investiga\u00e7\u00f5es da Pol\u00edcia Federal e do Minist\u00e9rio P\u00fablico Federal sonegaram milh\u00f5es dos cofres p\u00fablicos.<\/p>\n<p>Como encaminhamento da CPI, o l\u00edder do PSOL defende ainda a extin\u00e7\u00e3o do Carf, considerando que os problemas que justificaram a cria\u00e7\u00e3o desta Comiss\u00e3o, na verdade, refletem a injusta l\u00f3gica do sistema tribut\u00e1rio brasileiro e, portanto, a extin\u00e7\u00e3o deste \u00f3rg\u00e3o n\u00e3o causaria preju\u00edzos ao pa\u00eds, ao contr\u00e1rio, permitiria a agiliza\u00e7\u00e3o da recupera\u00e7\u00e3o de valores devidos por grandes empresas, al\u00e9m de gerar economia de recursos financeiros. &#8220;\u00c9 importante destacar que, enquanto os trabalhadores n\u00e3o t\u00eam como escapar \u00e0 tributa\u00e7\u00e3o, os grandes empres\u00e1rios al\u00e9m de contarem com privil\u00e9gios tribut\u00e1rios como isen\u00e7\u00f5es e al\u00edquotas reduzidas, podem ainda questionar diversas vezes o pagamento de tributos nas inst\u00e2ncias administrativas e judiciais. Assim como defende o Sindicato dos Auditores Fiscais, as Delegacias da Receita Federal de Julgamento, inst\u00e2ncias administrativas respons\u00e1veis por fazer essas an\u00e1lises, j\u00e1 existem e, sendo compostas por servidores p\u00fablicos concursados, t\u00eam toda a legitimidade para analisar esses recursos, n\u00e3o sendo necess\u00e1rio que os mesmos passem por um segundo \u00f3rg\u00e3o como o CARF, cujos integrantes, n\u00e3o raro, figuram como parte nos processos administrativos julgados&#8221;, concluiu Valente.<\/p>\n<p>Por fim, o l\u00edder do PSOL tamb\u00e9m solicita que a CPI envie o voto em separado \u00e0 Procuradoria Geral da Rep\u00fablica, para que esta investigue as den\u00fancias envolvendo suposta extors\u00e3o de empres\u00e1rios por deputados membros da Comiss\u00e3o. \u201cAs den\u00fancias s\u00e3o graves de empres\u00e1rios sendo chantageados e achacados por deputados para evitar convoca\u00e7\u00e3o. Al\u00e9m do crime de corrup\u00e7\u00e3o, isso configura obstru\u00e7\u00e3o \u00e0 justi\u00e7a. O Minist\u00e9rio P\u00fablico Federal precisa investigar tais den\u00fancias e esclarecer se houve fatos il\u00edcitos dentro da CPI, quais os empres\u00e1rios e parlamentares envolvidos para que se tome as devidas provid\u00eancias\u201d, cobrou Valente.<\/p>\n","protected":false},"excerpt":{"rendered":"<p>Al\u00e9m de indiciar empres\u00e1rios, blindados pela CPI, o deputado sugere a extin\u00e7\u00e3o do \u00f3rg\u00e3o Ap\u00f3s entrega do relat\u00f3rio final pelo relator da CPI do Carf, deputado Jo\u00e3o Carlos Bacelar (PR\/BA), o l\u00edder do PSOL na C\u00e2mara, Ivan Valente (SP) apresentou, na \u00faltima quarta-feira (10\/08), um voto em separado denunciando a blindagem, pela c\u00fapula da CPI, [&hellip;]<\/p>\n","protected":false},"author":2,"featured_media":12968,"comment_status":"open","ping_status":"open","sticky":false,"template":"","format":"standard","meta":{"_acf_changed":false,"footnotes":""},"categories":[4474,1882,6],"tags":[4475,4332,133,552,3009,4334,4476,2057],"class_list":{"0":"post-13344","1":"post","2":"type-post","3":"status-publish","4":"format-standard","5":"has-post-thumbnail","7":"category-10-anos","8":"category-brasil","9":"category-noticias","10":"tag-banqueiros","11":"tag-cpi-do-carf","12":"tag-empresas","13":"tag-ivan-valente","14":"tag-lider-do-psol","15":"tag-operacao-zelotes","16":"tag-receita-federal","17":"tag-voto-em-separado"},"acf":[],"yoast_head":"<!-- This site is optimized with the Yoast SEO plugin v26.5 - https:\/\/yoast.com\/wordpress\/plugins\/seo\/ -->\n<title>L\u00edder do PSOL apresenta voto em separado na CPI do Carf - PSOL 50<\/title>\n<meta name=\"robots\" content=\"index, follow, max-snippet:-1, max-image-preview:large, max-video-preview:-1\" \/>\n<link rel=\"canonical\" href=\"https:\/\/psol50.org.br\/lider-do-psol-apresenta-voto-em-separado-na-cpi-do-carf\/\" \/>\n<meta property=\"og:locale\" content=\"pt_BR\" \/>\n<meta property=\"og:type\" content=\"article\" \/>\n<meta property=\"og:title\" content=\"L\u00edder do PSOL apresenta voto em separado na CPI do Carf - PSOL 50\" \/>\n<meta property=\"og:description\" content=\"Al\u00e9m de indiciar empres\u00e1rios, blindados pela CPI, o deputado sugere a extin\u00e7\u00e3o do \u00f3rg\u00e3o Ap\u00f3s entrega do relat\u00f3rio final pelo relator da CPI do Carf, deputado Jo\u00e3o Carlos Bacelar (PR\/BA), o l\u00edder do PSOL na C\u00e2mara, Ivan Valente (SP) apresentou, na \u00faltima quarta-feira (10\/08), um voto em separado denunciando a blindagem, pela c\u00fapula da CPI, [&hellip;]\" \/>\n<meta property=\"og:url\" content=\"https:\/\/psol50.org.br\/lider-do-psol-apresenta-voto-em-separado-na-cpi-do-carf\/\" \/>\n<meta property=\"og:site_name\" content=\"PSOL 50\" \/>\n<meta property=\"article:publisher\" content=\"https:\/\/www.facebook.com\/psol50\" \/>\n<meta property=\"article:published_time\" content=\"2016-08-15T13:33:31+00:00\" \/>\n<meta property=\"og:image\" content=\"https:\/\/psol50.org.br\/inc\/uploads\/2018\/07\/capa.png\" \/>\n\t<meta property=\"og:image:width\" content=\"1350\" \/>\n\t<meta property=\"og:image:height\" content=\"900\" \/>\n\t<meta property=\"og:image:type\" content=\"image\/png\" \/>\n<meta name=\"author\" content=\"Comunica\u00e7\u00e3o PSOL\" \/>\n<meta name=\"twitter:card\" content=\"summary_large_image\" \/>\n<meta name=\"twitter:creator\" content=\"@psol50\" \/>\n<meta name=\"twitter:site\" content=\"@psol50\" \/>\n<meta name=\"twitter:label1\" content=\"Escrito por\" \/>\n\t<meta name=\"twitter:data1\" content=\"Comunica\u00e7\u00e3o PSOL\" \/>\n\t<meta name=\"twitter:label2\" content=\"Est. tempo de leitura\" \/>\n\t<meta name=\"twitter:data2\" content=\"3 minutos\" \/>\n<script type=\"application\/ld+json\" class=\"yoast-schema-graph\">{\"@context\":\"https:\/\/schema.org\",\"@graph\":[{\"@type\":\"Article\",\"@id\":\"https:\/\/psol50.org.br\/lider-do-psol-apresenta-voto-em-separado-na-cpi-do-carf\/#article\",\"isPartOf\":{\"@id\":\"https:\/\/psol50.org.br\/lider-do-psol-apresenta-voto-em-separado-na-cpi-do-carf\/\"},\"author\":{\"name\":\"Comunica\u00e7\u00e3o PSOL\",\"@id\":\"https:\/\/psol50.org.br\/#\/schema\/person\/475dfa57d0b815993c714c2e96491fcd\"},\"headline\":\"L\u00edder do PSOL apresenta voto em separado na CPI do Carf\",\"datePublished\":\"2016-08-15T13:33:31+00:00\",\"mainEntityOfPage\":{\"@id\":\"https:\/\/psol50.org.br\/lider-do-psol-apresenta-voto-em-separado-na-cpi-do-carf\/\"},\"wordCount\":643,\"commentCount\":0,\"publisher\":{\"@id\":\"https:\/\/psol50.org.br\/#organization\"},\"image\":{\"@id\":\"https:\/\/psol50.org.br\/lider-do-psol-apresenta-voto-em-separado-na-cpi-do-carf\/#primaryimage\"},\"thumbnailUrl\":\"\",\"keywords\":[\"banqueiros\",\"CPI do Carf\",\"empresas\",\"Ivan Valente\",\"l\u00edder do PSOL\",\"Opera\u00e7\u00e3o Zelotes\",\"Receita Federal\",\"voto em separado\"],\"articleSection\":[\"10 anos\",\"Brasil\",\"Not\u00edcias\"],\"inLanguage\":\"pt-BR\",\"potentialAction\":[{\"@type\":\"CommentAction\",\"name\":\"Comment\",\"target\":[\"https:\/\/psol50.org.br\/lider-do-psol-apresenta-voto-em-separado-na-cpi-do-carf\/#respond\"]}]},{\"@type\":\"WebPage\",\"@id\":\"https:\/\/psol50.org.br\/lider-do-psol-apresenta-voto-em-separado-na-cpi-do-carf\/\",\"url\":\"https:\/\/psol50.org.br\/lider-do-psol-apresenta-voto-em-separado-na-cpi-do-carf\/\",\"name\":\"L\u00edder do PSOL apresenta voto em separado na CPI do Carf - PSOL 50\",\"isPartOf\":{\"@id\":\"https:\/\/psol50.org.br\/#website\"},\"primaryImageOfPage\":{\"@id\":\"https:\/\/psol50.org.br\/lider-do-psol-apresenta-voto-em-separado-na-cpi-do-carf\/#primaryimage\"},\"image\":{\"@id\":\"https:\/\/psol50.org.br\/lider-do-psol-apresenta-voto-em-separado-na-cpi-do-carf\/#primaryimage\"},\"thumbnailUrl\":\"\",\"datePublished\":\"2016-08-15T13:33:31+00:00\",\"breadcrumb\":{\"@id\":\"https:\/\/psol50.org.br\/lider-do-psol-apresenta-voto-em-separado-na-cpi-do-carf\/#breadcrumb\"},\"inLanguage\":\"pt-BR\",\"potentialAction\":[{\"@type\":\"ReadAction\",\"target\":[\"https:\/\/psol50.org.br\/lider-do-psol-apresenta-voto-em-separado-na-cpi-do-carf\/\"]}]},{\"@type\":\"ImageObject\",\"inLanguage\":\"pt-BR\",\"@id\":\"https:\/\/psol50.org.br\/lider-do-psol-apresenta-voto-em-separado-na-cpi-do-carf\/#primaryimage\",\"url\":\"\",\"contentUrl\":\"\"},{\"@type\":\"BreadcrumbList\",\"@id\":\"https:\/\/psol50.org.br\/lider-do-psol-apresenta-voto-em-separado-na-cpi-do-carf\/#breadcrumb\",\"itemListElement\":[{\"@type\":\"ListItem\",\"position\":1,\"name\":\"In\u00edcio\",\"item\":\"https:\/\/psol50.org.br\/\"},{\"@type\":\"ListItem\",\"position\":2,\"name\":\"L\u00edder do PSOL apresenta voto em separado na CPI do Carf\"}]},{\"@type\":\"WebSite\",\"@id\":\"https:\/\/psol50.org.br\/#website\",\"url\":\"https:\/\/psol50.org.br\/\",\"name\":\"PSOL 50\",\"description\":\"Site oficial do Partido Socialismo e Liberdade\",\"publisher\":{\"@id\":\"https:\/\/psol50.org.br\/#organization\"},\"alternateName\":\"PSOL50\",\"potentialAction\":[{\"@type\":\"SearchAction\",\"target\":{\"@type\":\"EntryPoint\",\"urlTemplate\":\"https:\/\/psol50.org.br\/?s={search_term_string}\"},\"query-input\":{\"@type\":\"PropertyValueSpecification\",\"valueRequired\":true,\"valueName\":\"search_term_string\"}}],\"inLanguage\":\"pt-BR\"},{\"@type\":\"Organization\",\"@id\":\"https:\/\/psol50.org.br\/#organization\",\"name\":\"PSOL 50\",\"alternateName\":\"PSOL 50\",\"url\":\"https:\/\/psol50.org.br\/\",\"logo\":{\"@type\":\"ImageObject\",\"inLanguage\":\"pt-BR\",\"@id\":\"https:\/\/psol50.org.br\/#\/schema\/logo\/image\/\",\"url\":\"https:\/\/psol50.org.br\/inc\/uploads\/2018\/07\/capa.png\",\"contentUrl\":\"https:\/\/psol50.org.br\/inc\/uploads\/2018\/07\/capa.png\",\"width\":1350,\"height\":900,\"caption\":\"PSOL 50\"},\"image\":{\"@id\":\"https:\/\/psol50.org.br\/#\/schema\/logo\/image\/\"},\"sameAs\":[\"https:\/\/www.facebook.com\/psol50\",\"https:\/\/x.com\/psol50\",\"https:\/\/www.instagram.com\/psol50\/\",\"https:\/\/www.youtube.com\/channel\/UC7SnJS5o1os7a6CaiNabzcg\"]},{\"@type\":\"Person\",\"@id\":\"https:\/\/psol50.org.br\/#\/schema\/person\/475dfa57d0b815993c714c2e96491fcd\",\"name\":\"Comunica\u00e7\u00e3o PSOL\",\"image\":{\"@type\":\"ImageObject\",\"inLanguage\":\"pt-BR\",\"@id\":\"https:\/\/psol50.org.br\/#\/schema\/person\/image\/\",\"url\":\"https:\/\/secure.gravatar.com\/avatar\/b34fc4f4e468a4e51785917065a3db57b841f5c95dba6ad8c73aaf8f66f8f9bf?s=96&d=mm&r=g\",\"contentUrl\":\"https:\/\/secure.gravatar.com\/avatar\/b34fc4f4e468a4e51785917065a3db57b841f5c95dba6ad8c73aaf8f66f8f9bf?s=96&d=mm&r=g\",\"caption\":\"Comunica\u00e7\u00e3o PSOL\"}}]}<\/script>\n<!-- \/ Yoast SEO plugin. -->","yoast_head_json":{"title":"L\u00edder do PSOL apresenta voto em separado na CPI do Carf - PSOL 50","robots":{"index":"index","follow":"follow","max-snippet":"max-snippet:-1","max-image-preview":"max-image-preview:large","max-video-preview":"max-video-preview:-1"},"canonical":"https:\/\/psol50.org.br\/lider-do-psol-apresenta-voto-em-separado-na-cpi-do-carf\/","og_locale":"pt_BR","og_type":"article","og_title":"L\u00edder do PSOL apresenta voto em separado na CPI do Carf - PSOL 50","og_description":"Al\u00e9m de indiciar empres\u00e1rios, blindados pela CPI, o deputado sugere a extin\u00e7\u00e3o do \u00f3rg\u00e3o Ap\u00f3s entrega do relat\u00f3rio final pelo relator da CPI do Carf, deputado Jo\u00e3o Carlos Bacelar (PR\/BA), o l\u00edder do PSOL na C\u00e2mara, Ivan Valente (SP) apresentou, na \u00faltima quarta-feira (10\/08), um voto em separado denunciando a blindagem, pela c\u00fapula da CPI, [&hellip;]","og_url":"https:\/\/psol50.org.br\/lider-do-psol-apresenta-voto-em-separado-na-cpi-do-carf\/","og_site_name":"PSOL 50","article_publisher":"https:\/\/www.facebook.com\/psol50","article_published_time":"2016-08-15T13:33:31+00:00","og_image":[{"width":1350,"height":900,"url":"https:\/\/psol50.org.br\/inc\/uploads\/2018\/07\/capa.png","type":"image\/png"}],"author":"Comunica\u00e7\u00e3o PSOL","twitter_card":"summary_large_image","twitter_creator":"@psol50","twitter_site":"@psol50","twitter_misc":{"Escrito por":"Comunica\u00e7\u00e3o PSOL","Est. tempo de leitura":"3 minutos"},"schema":{"@context":"https:\/\/schema.org","@graph":[{"@type":"Article","@id":"https:\/\/psol50.org.br\/lider-do-psol-apresenta-voto-em-separado-na-cpi-do-carf\/#article","isPartOf":{"@id":"https:\/\/psol50.org.br\/lider-do-psol-apresenta-voto-em-separado-na-cpi-do-carf\/"},"author":{"name":"Comunica\u00e7\u00e3o PSOL","@id":"https:\/\/psol50.org.br\/#\/schema\/person\/475dfa57d0b815993c714c2e96491fcd"},"headline":"L\u00edder do PSOL apresenta voto em separado na CPI do Carf","datePublished":"2016-08-15T13:33:31+00:00","mainEntityOfPage":{"@id":"https:\/\/psol50.org.br\/lider-do-psol-apresenta-voto-em-separado-na-cpi-do-carf\/"},"wordCount":643,"commentCount":0,"publisher":{"@id":"https:\/\/psol50.org.br\/#organization"},"image":{"@id":"https:\/\/psol50.org.br\/lider-do-psol-apresenta-voto-em-separado-na-cpi-do-carf\/#primaryimage"},"thumbnailUrl":"","keywords":["banqueiros","CPI do Carf","empresas","Ivan Valente","l\u00edder do PSOL","Opera\u00e7\u00e3o Zelotes","Receita Federal","voto em separado"],"articleSection":["10 anos","Brasil","Not\u00edcias"],"inLanguage":"pt-BR","potentialAction":[{"@type":"CommentAction","name":"Comment","target":["https:\/\/psol50.org.br\/lider-do-psol-apresenta-voto-em-separado-na-cpi-do-carf\/#respond"]}]},{"@type":"WebPage","@id":"https:\/\/psol50.org.br\/lider-do-psol-apresenta-voto-em-separado-na-cpi-do-carf\/","url":"https:\/\/psol50.org.br\/lider-do-psol-apresenta-voto-em-separado-na-cpi-do-carf\/","name":"L\u00edder do PSOL apresenta voto em separado na CPI do Carf - PSOL 50","isPartOf":{"@id":"https:\/\/psol50.org.br\/#website"},"primaryImageOfPage":{"@id":"https:\/\/psol50.org.br\/lider-do-psol-apresenta-voto-em-separado-na-cpi-do-carf\/#primaryimage"},"image":{"@id":"https:\/\/psol50.org.br\/lider-do-psol-apresenta-voto-em-separado-na-cpi-do-carf\/#primaryimage"},"thumbnailUrl":"","datePublished":"2016-08-15T13:33:31+00:00","breadcrumb":{"@id":"https:\/\/psol50.org.br\/lider-do-psol-apresenta-voto-em-separado-na-cpi-do-carf\/#breadcrumb"},"inLanguage":"pt-BR","potentialAction":[{"@type":"ReadAction","target":["https:\/\/psol50.org.br\/lider-do-psol-apresenta-voto-em-separado-na-cpi-do-carf\/"]}]},{"@type":"ImageObject","inLanguage":"pt-BR","@id":"https:\/\/psol50.org.br\/lider-do-psol-apresenta-voto-em-separado-na-cpi-do-carf\/#primaryimage","url":"","contentUrl":""},{"@type":"BreadcrumbList","@id":"https:\/\/psol50.org.br\/lider-do-psol-apresenta-voto-em-separado-na-cpi-do-carf\/#breadcrumb","itemListElement":[{"@type":"ListItem","position":1,"name":"In\u00edcio","item":"https:\/\/psol50.org.br\/"},{"@type":"ListItem","position":2,"name":"L\u00edder do PSOL apresenta voto em separado na CPI do Carf"}]},{"@type":"WebSite","@id":"https:\/\/psol50.org.br\/#website","url":"https:\/\/psol50.org.br\/","name":"PSOL 50","description":"Site oficial do Partido Socialismo e Liberdade","publisher":{"@id":"https:\/\/psol50.org.br\/#organization"},"alternateName":"PSOL50","potentialAction":[{"@type":"SearchAction","target":{"@type":"EntryPoint","urlTemplate":"https:\/\/psol50.org.br\/?s={search_term_string}"},"query-input":{"@type":"PropertyValueSpecification","valueRequired":true,"valueName":"search_term_string"}}],"inLanguage":"pt-BR"},{"@type":"Organization","@id":"https:\/\/psol50.org.br\/#organization","name":"PSOL 50","alternateName":"PSOL 50","url":"https:\/\/psol50.org.br\/","logo":{"@type":"ImageObject","inLanguage":"pt-BR","@id":"https:\/\/psol50.org.br\/#\/schema\/logo\/image\/","url":"https:\/\/psol50.org.br\/inc\/uploads\/2018\/07\/capa.png","contentUrl":"https:\/\/psol50.org.br\/inc\/uploads\/2018\/07\/capa.png","width":1350,"height":900,"caption":"PSOL 50"},"image":{"@id":"https:\/\/psol50.org.br\/#\/schema\/logo\/image\/"},"sameAs":["https:\/\/www.facebook.com\/psol50","https:\/\/x.com\/psol50","https:\/\/www.instagram.com\/psol50\/","https:\/\/www.youtube.com\/channel\/UC7SnJS5o1os7a6CaiNabzcg"]},{"@type":"Person","@id":"https:\/\/psol50.org.br\/#\/schema\/person\/475dfa57d0b815993c714c2e96491fcd","name":"Comunica\u00e7\u00e3o PSOL","image":{"@type":"ImageObject","inLanguage":"pt-BR","@id":"https:\/\/psol50.org.br\/#\/schema\/person\/image\/","url":"https:\/\/secure.gravatar.com\/avatar\/b34fc4f4e468a4e51785917065a3db57b841f5c95dba6ad8c73aaf8f66f8f9bf?s=96&d=mm&r=g","contentUrl":"https:\/\/secure.gravatar.com\/avatar\/b34fc4f4e468a4e51785917065a3db57b841f5c95dba6ad8c73aaf8f66f8f9bf?s=96&d=mm&r=g","caption":"Comunica\u00e7\u00e3o PSOL"}}]}},"_links":{"self":[{"href":"https:\/\/psol50.org.br\/rest\/wp\/v2\/posts\/13344","targetHints":{"allow":["GET"]}}],"collection":[{"href":"https:\/\/psol50.org.br\/rest\/wp\/v2\/posts"}],"about":[{"href":"https:\/\/psol50.org.br\/rest\/wp\/v2\/types\/post"}],"author":[{"embeddable":true,"href":"https:\/\/psol50.org.br\/rest\/wp\/v2\/users\/2"}],"replies":[{"embeddable":true,"href":"https:\/\/psol50.org.br\/rest\/wp\/v2\/comments?post=13344"}],"version-history":[{"count":0,"href":"https:\/\/psol50.org.br\/rest\/wp\/v2\/posts\/13344\/revisions"}],"wp:featuredmedia":[{"embeddable":true,"href":"https:\/\/psol50.org.br\/rest\/"}],"wp:attachment":[{"href":"https:\/\/psol50.org.br\/rest\/wp\/v2\/media?parent=13344"}],"wp:term":[{"taxonomy":"category","embeddable":true,"href":"https:\/\/psol50.org.br\/rest\/wp\/v2\/categories?post=13344"},{"taxonomy":"post_tag","embeddable":true,"href":"https:\/\/psol50.org.br\/rest\/wp\/v2\/tags?post=13344"}],"curies":[{"name":"wp","href":"https:\/\/api.w.org\/{rel}","templated":true}]}}