{"id":13392,"date":"2016-08-18T12:36:25","date_gmt":"2016-08-18T12:36:25","guid":{"rendered":"http:\/\/www.psol50.org.br\/?p=13392"},"modified":"2016-08-18T12:36:25","modified_gmt":"2016-08-18T12:36:25","slug":"candidatos-do-pmdb-psd-e-psc-votam-contra-a-participacao-de-freixo-em-debate-na-tv","status":"publish","type":"post","link":"https:\/\/psol50.org.br\/candidatos-do-pmdb-psd-e-psc-votam-contra-a-participacao-de-freixo-em-debate-na-tv\/","title":{"rendered":"Candidatos do PMDB, PSD e PSC votam contra a participa\u00e7\u00e3o de Freixo em debate na TV"},"content":{"rendered":"<p>No Rio de Janeiro, da mesma forma que em S\u00e3o Paulo, os candidatos dos partidos da ordem n\u00e3o querem a participa\u00e7\u00e3o do PSOL nos debates na TV e no r\u00e1dio durante a campanha eleitoral. Nesta quarta-feira (17), Pedro Paulo (PMDB), \u00cdndio da Costa (PSD) e Fl\u00e1vio Bolsonaro (PSC) foram protagonistas de mais um grave atentado contra a democracia. Eles votaram contra a participa\u00e7\u00e3o de Marcelo Freixo, candidato do PSOL, no debate da TV Bandeirantes. Jandira (PCdoB), Alessandro Molon (Rede), Marcelo Crivella (PRB) e Os\u00f3rio (PSDB), por outro lado, votaram sim.<\/p>\n<p>A pergunta da emissora foi bem clara: \u201cos senhores s\u00e3o favor\u00e1veis \u00e0 participa\u00e7\u00e3o de Marcelo Freixo no debate\u201d? Pedro Paulo, \u00cdndio da Costa e Bolsonaro disseram n\u00e3o, aproveitando-se da nova lei que rege as elei\u00e7\u00f5es, aprovada por Eduardo Cunha (PMDB) em 2015, r\u00e9u no STF e investigado pela Opera\u00e7\u00e3o Lava-Jato. A lei diz que a emissora pode ou n\u00e3o convidar os candidatos dos partidos que n\u00e3o tenham mais de nove deputados federais, desde que 2\/3 dos que possuem esta representatividade concordem. A TV Bandeirantes convidou Marcelo Freixo porque ele foi o \u00fanico n\u00e3o-contemplado pela legisla\u00e7\u00e3o que solicitou participa\u00e7\u00e3o nos debates.<\/p>\n<p>Numa campanha com muitos candidatos \u00e9 comum que alguns sirvam como linha auxiliar de outros. Bolsonaro, no m\u00eas passado, divulgou em suas redes sociais que a melhor maneira de calar a esquerda era permitindo que ela falasse. Parece que mudou de ideia para agradar ao PMDB, que desde o in\u00edcio deixou bem claro que sua veia golpista n\u00e3o se restringe a Bras\u00edlia.<\/p>\n<p>\u201cPara os covardes que t\u00eam medo da democracia, um aviso: n\u00e3o vou ficar calado. Desde j\u00e1 convoco a milit\u00e2ncia para acompanhar meus coment\u00e1rios sobre o debate, na quinta-feira (25), \u00e0s 22h, num tel\u00e3o que ser\u00e1 instalado na Cinel\u00e2ndia ou ao vivo pelas redes sociais\u201d, avisa Freixo.<\/p>\n<p>No pr\u00f3ximo dia 24, o STF vai julgar a A\u00e7\u00e3o Direta de Inconstitucionalidade (Adin) movida pelo PSOL contra a reforma eleitoral aprovada na C\u00e2mara dos Deputados.<\/p>\n<p>Quem quer governar o Rio de Janeiro n\u00e3o pode ter medo da democracia.<\/p>\n","protected":false},"excerpt":{"rendered":"<p>No Rio de Janeiro, da mesma forma que em S\u00e3o Paulo, os candidatos dos partidos da ordem n\u00e3o querem a participa\u00e7\u00e3o do PSOL nos debates na TV e no r\u00e1dio durante a campanha eleitoral. Nesta quarta-feira (17), Pedro Paulo (PMDB), \u00cdndio da Costa (PSD) e Fl\u00e1vio Bolsonaro (PSC) foram protagonistas de mais um grave atentado [&hellip;]<\/p>\n","protected":false},"author":2,"featured_media":13393,"comment_status":"open","ping_status":"open","sticky":false,"template":"","format":"standard","meta":{"_acf_changed":false,"footnotes":""},"categories":[2833,654,6],"tags":[4490,1026,3480,87,701,4491,161,4492,4493,22,3251,162,4326,4494],"class_list":{"0":"post-13392","1":"post","2":"type-post","3":"status-publish","4":"format-standard","5":"has-post-thumbnail","7":"category-eleicoes-2016","8":"category-estados","9":"category-noticias","10":"tag-vemprademocracia","11":"tag-candidatos","12":"tag-debates","13":"tag-democracia","14":"tag-flavio-bolsonaro","15":"tag-indio-da-costa","16":"tag-marcelo-freixo","17":"tag-pedro-paulo","18":"tag-prefeitura-do-rio-de-janeiro","19":"tag-psol","20":"tag-radio","21":"tag-rio-de-janeiro","22":"tag-tv","23":"tag-tv-bandeirantes"},"acf":[],"yoast_head":"<!-- This site is optimized with the Yoast SEO plugin v26.5 - https:\/\/yoast.com\/wordpress\/plugins\/seo\/ -->\n<title>Candidatos do PMDB, PSD e PSC votam contra a participa\u00e7\u00e3o de Freixo em debate na TV - PSOL 50<\/title>\n<meta name=\"robots\" content=\"index, follow, max-snippet:-1, max-image-preview:large, max-video-preview:-1\" \/>\n<link rel=\"canonical\" href=\"https:\/\/psol50.org.br\/candidatos-do-pmdb-psd-e-psc-votam-contra-a-participacao-de-freixo-em-debate-na-tv\/\" \/>\n<meta property=\"og:locale\" content=\"pt_BR\" \/>\n<meta property=\"og:type\" content=\"article\" \/>\n<meta property=\"og:title\" content=\"Candidatos do PMDB, PSD e PSC votam contra a participa\u00e7\u00e3o de Freixo em debate na TV - PSOL 50\" \/>\n<meta property=\"og:description\" content=\"No Rio de Janeiro, da mesma forma que em S\u00e3o Paulo, os candidatos dos partidos da ordem n\u00e3o querem a participa\u00e7\u00e3o do PSOL nos debates na TV e no r\u00e1dio durante a campanha eleitoral. Nesta quarta-feira (17), Pedro Paulo (PMDB), \u00cdndio da Costa (PSD) e Fl\u00e1vio Bolsonaro (PSC) foram protagonistas de mais um grave atentado [&hellip;]\" \/>\n<meta property=\"og:url\" content=\"https:\/\/psol50.org.br\/candidatos-do-pmdb-psd-e-psc-votam-contra-a-participacao-de-freixo-em-debate-na-tv\/\" \/>\n<meta property=\"og:site_name\" content=\"PSOL 50\" \/>\n<meta property=\"article:publisher\" content=\"https:\/\/www.facebook.com\/psol50\" \/>\n<meta property=\"article:published_time\" content=\"2016-08-18T12:36:25+00:00\" \/>\n<meta property=\"og:image\" content=\"https:\/\/psol50.org.br\/inc\/uploads\/2018\/07\/capa.png\" \/>\n\t<meta property=\"og:image:width\" content=\"1350\" \/>\n\t<meta property=\"og:image:height\" content=\"900\" \/>\n\t<meta property=\"og:image:type\" content=\"image\/png\" \/>\n<meta name=\"author\" content=\"Comunica\u00e7\u00e3o PSOL\" \/>\n<meta name=\"twitter:card\" content=\"summary_large_image\" \/>\n<meta name=\"twitter:creator\" content=\"@psol50\" \/>\n<meta name=\"twitter:site\" content=\"@psol50\" \/>\n<meta name=\"twitter:label1\" content=\"Escrito por\" \/>\n\t<meta name=\"twitter:data1\" content=\"Comunica\u00e7\u00e3o PSOL\" \/>\n\t<meta name=\"twitter:label2\" content=\"Est. tempo de leitura\" \/>\n\t<meta name=\"twitter:data2\" content=\"2 minutos\" \/>\n<script type=\"application\/ld+json\" class=\"yoast-schema-graph\">{\"@context\":\"https:\/\/schema.org\",\"@graph\":[{\"@type\":\"Article\",\"@id\":\"https:\/\/psol50.org.br\/candidatos-do-pmdb-psd-e-psc-votam-contra-a-participacao-de-freixo-em-debate-na-tv\/#article\",\"isPartOf\":{\"@id\":\"https:\/\/psol50.org.br\/candidatos-do-pmdb-psd-e-psc-votam-contra-a-participacao-de-freixo-em-debate-na-tv\/\"},\"author\":{\"name\":\"Comunica\u00e7\u00e3o PSOL\",\"@id\":\"https:\/\/psol50.org.br\/#\/schema\/person\/475dfa57d0b815993c714c2e96491fcd\"},\"headline\":\"Candidatos do PMDB, PSD e PSC votam contra a participa\u00e7\u00e3o de Freixo em debate na TV\",\"datePublished\":\"2016-08-18T12:36:25+00:00\",\"mainEntityOfPage\":{\"@id\":\"https:\/\/psol50.org.br\/candidatos-do-pmdb-psd-e-psc-votam-contra-a-participacao-de-freixo-em-debate-na-tv\/\"},\"wordCount\":380,\"commentCount\":0,\"publisher\":{\"@id\":\"https:\/\/psol50.org.br\/#organization\"},\"image\":{\"@id\":\"https:\/\/psol50.org.br\/candidatos-do-pmdb-psd-e-psc-votam-contra-a-participacao-de-freixo-em-debate-na-tv\/#primaryimage\"},\"thumbnailUrl\":\"\",\"keywords\":[\"#vemprademocracia\",\"candidatos\",\"debates\",\"democracia\",\"Fl\u00e1vio Bolsonaro\",\"\u00cdndio da Costa\",\"Marcelo Freixo\",\"Pedro Paulo\",\"Prefeitura do Rio de Janeiro\",\"PSOL\",\"r\u00e1dio\",\"Rio de Janeiro\",\"TV\",\"TV Bandeirantes\"],\"articleSection\":[\"ELEI\u00c7\u00d5ES 2016\",\"Estados\",\"Not\u00edcias\"],\"inLanguage\":\"pt-BR\",\"potentialAction\":[{\"@type\":\"CommentAction\",\"name\":\"Comment\",\"target\":[\"https:\/\/psol50.org.br\/candidatos-do-pmdb-psd-e-psc-votam-contra-a-participacao-de-freixo-em-debate-na-tv\/#respond\"]}]},{\"@type\":\"WebPage\",\"@id\":\"https:\/\/psol50.org.br\/candidatos-do-pmdb-psd-e-psc-votam-contra-a-participacao-de-freixo-em-debate-na-tv\/\",\"url\":\"https:\/\/psol50.org.br\/candidatos-do-pmdb-psd-e-psc-votam-contra-a-participacao-de-freixo-em-debate-na-tv\/\",\"name\":\"Candidatos do PMDB, PSD e PSC votam contra a participa\u00e7\u00e3o de Freixo em debate na TV - PSOL 50\",\"isPartOf\":{\"@id\":\"https:\/\/psol50.org.br\/#website\"},\"primaryImageOfPage\":{\"@id\":\"https:\/\/psol50.org.br\/candidatos-do-pmdb-psd-e-psc-votam-contra-a-participacao-de-freixo-em-debate-na-tv\/#primaryimage\"},\"image\":{\"@id\":\"https:\/\/psol50.org.br\/candidatos-do-pmdb-psd-e-psc-votam-contra-a-participacao-de-freixo-em-debate-na-tv\/#primaryimage\"},\"thumbnailUrl\":\"\",\"datePublished\":\"2016-08-18T12:36:25+00:00\",\"breadcrumb\":{\"@id\":\"https:\/\/psol50.org.br\/candidatos-do-pmdb-psd-e-psc-votam-contra-a-participacao-de-freixo-em-debate-na-tv\/#breadcrumb\"},\"inLanguage\":\"pt-BR\",\"potentialAction\":[{\"@type\":\"ReadAction\",\"target\":[\"https:\/\/psol50.org.br\/candidatos-do-pmdb-psd-e-psc-votam-contra-a-participacao-de-freixo-em-debate-na-tv\/\"]}]},{\"@type\":\"ImageObject\",\"inLanguage\":\"pt-BR\",\"@id\":\"https:\/\/psol50.org.br\/candidatos-do-pmdb-psd-e-psc-votam-contra-a-participacao-de-freixo-em-debate-na-tv\/#primaryimage\",\"url\":\"\",\"contentUrl\":\"\"},{\"@type\":\"BreadcrumbList\",\"@id\":\"https:\/\/psol50.org.br\/candidatos-do-pmdb-psd-e-psc-votam-contra-a-participacao-de-freixo-em-debate-na-tv\/#breadcrumb\",\"itemListElement\":[{\"@type\":\"ListItem\",\"position\":1,\"name\":\"In\u00edcio\",\"item\":\"https:\/\/psol50.org.br\/\"},{\"@type\":\"ListItem\",\"position\":2,\"name\":\"Candidatos do PMDB, PSD e PSC votam contra a participa\u00e7\u00e3o de Freixo em debate na TV\"}]},{\"@type\":\"WebSite\",\"@id\":\"https:\/\/psol50.org.br\/#website\",\"url\":\"https:\/\/psol50.org.br\/\",\"name\":\"PSOL 50\",\"description\":\"Site oficial do Partido Socialismo e Liberdade\",\"publisher\":{\"@id\":\"https:\/\/psol50.org.br\/#organization\"},\"alternateName\":\"PSOL50\",\"potentialAction\":[{\"@type\":\"SearchAction\",\"target\":{\"@type\":\"EntryPoint\",\"urlTemplate\":\"https:\/\/psol50.org.br\/?s={search_term_string}\"},\"query-input\":{\"@type\":\"PropertyValueSpecification\",\"valueRequired\":true,\"valueName\":\"search_term_string\"}}],\"inLanguage\":\"pt-BR\"},{\"@type\":\"Organization\",\"@id\":\"https:\/\/psol50.org.br\/#organization\",\"name\":\"PSOL 50\",\"alternateName\":\"PSOL 50\",\"url\":\"https:\/\/psol50.org.br\/\",\"logo\":{\"@type\":\"ImageObject\",\"inLanguage\":\"pt-BR\",\"@id\":\"https:\/\/psol50.org.br\/#\/schema\/logo\/image\/\",\"url\":\"https:\/\/psol50.org.br\/inc\/uploads\/2018\/07\/capa.png\",\"contentUrl\":\"https:\/\/psol50.org.br\/inc\/uploads\/2018\/07\/capa.png\",\"width\":1350,\"height\":900,\"caption\":\"PSOL 50\"},\"image\":{\"@id\":\"https:\/\/psol50.org.br\/#\/schema\/logo\/image\/\"},\"sameAs\":[\"https:\/\/www.facebook.com\/psol50\",\"https:\/\/x.com\/psol50\",\"https:\/\/www.instagram.com\/psol50\/\",\"https:\/\/www.youtube.com\/channel\/UC7SnJS5o1os7a6CaiNabzcg\"]},{\"@type\":\"Person\",\"@id\":\"https:\/\/psol50.org.br\/#\/schema\/person\/475dfa57d0b815993c714c2e96491fcd\",\"name\":\"Comunica\u00e7\u00e3o PSOL\",\"image\":{\"@type\":\"ImageObject\",\"inLanguage\":\"pt-BR\",\"@id\":\"https:\/\/psol50.org.br\/#\/schema\/person\/image\/\",\"url\":\"https:\/\/secure.gravatar.com\/avatar\/b34fc4f4e468a4e51785917065a3db57b841f5c95dba6ad8c73aaf8f66f8f9bf?s=96&d=mm&r=g\",\"contentUrl\":\"https:\/\/secure.gravatar.com\/avatar\/b34fc4f4e468a4e51785917065a3db57b841f5c95dba6ad8c73aaf8f66f8f9bf?s=96&d=mm&r=g\",\"caption\":\"Comunica\u00e7\u00e3o PSOL\"}}]}<\/script>\n<!-- \/ Yoast SEO plugin. -->","yoast_head_json":{"title":"Candidatos do PMDB, PSD e PSC votam contra a participa\u00e7\u00e3o de Freixo em debate na TV - PSOL 50","robots":{"index":"index","follow":"follow","max-snippet":"max-snippet:-1","max-image-preview":"max-image-preview:large","max-video-preview":"max-video-preview:-1"},"canonical":"https:\/\/psol50.org.br\/candidatos-do-pmdb-psd-e-psc-votam-contra-a-participacao-de-freixo-em-debate-na-tv\/","og_locale":"pt_BR","og_type":"article","og_title":"Candidatos do PMDB, PSD e PSC votam contra a participa\u00e7\u00e3o de Freixo em debate na TV - PSOL 50","og_description":"No Rio de Janeiro, da mesma forma que em S\u00e3o Paulo, os candidatos dos partidos da ordem n\u00e3o querem a participa\u00e7\u00e3o do PSOL nos debates na TV e no r\u00e1dio durante a campanha eleitoral. Nesta quarta-feira (17), Pedro Paulo (PMDB), \u00cdndio da Costa (PSD) e Fl\u00e1vio Bolsonaro (PSC) foram protagonistas de mais um grave atentado [&hellip;]","og_url":"https:\/\/psol50.org.br\/candidatos-do-pmdb-psd-e-psc-votam-contra-a-participacao-de-freixo-em-debate-na-tv\/","og_site_name":"PSOL 50","article_publisher":"https:\/\/www.facebook.com\/psol50","article_published_time":"2016-08-18T12:36:25+00:00","og_image":[{"width":1350,"height":900,"url":"https:\/\/psol50.org.br\/inc\/uploads\/2018\/07\/capa.png","type":"image\/png"}],"author":"Comunica\u00e7\u00e3o PSOL","twitter_card":"summary_large_image","twitter_creator":"@psol50","twitter_site":"@psol50","twitter_misc":{"Escrito por":"Comunica\u00e7\u00e3o PSOL","Est. tempo de leitura":"2 minutos"},"schema":{"@context":"https:\/\/schema.org","@graph":[{"@type":"Article","@id":"https:\/\/psol50.org.br\/candidatos-do-pmdb-psd-e-psc-votam-contra-a-participacao-de-freixo-em-debate-na-tv\/#article","isPartOf":{"@id":"https:\/\/psol50.org.br\/candidatos-do-pmdb-psd-e-psc-votam-contra-a-participacao-de-freixo-em-debate-na-tv\/"},"author":{"name":"Comunica\u00e7\u00e3o PSOL","@id":"https:\/\/psol50.org.br\/#\/schema\/person\/475dfa57d0b815993c714c2e96491fcd"},"headline":"Candidatos do PMDB, PSD e PSC votam contra a participa\u00e7\u00e3o de Freixo em debate na TV","datePublished":"2016-08-18T12:36:25+00:00","mainEntityOfPage":{"@id":"https:\/\/psol50.org.br\/candidatos-do-pmdb-psd-e-psc-votam-contra-a-participacao-de-freixo-em-debate-na-tv\/"},"wordCount":380,"commentCount":0,"publisher":{"@id":"https:\/\/psol50.org.br\/#organization"},"image":{"@id":"https:\/\/psol50.org.br\/candidatos-do-pmdb-psd-e-psc-votam-contra-a-participacao-de-freixo-em-debate-na-tv\/#primaryimage"},"thumbnailUrl":"","keywords":["#vemprademocracia","candidatos","debates","democracia","Fl\u00e1vio Bolsonaro","\u00cdndio da Costa","Marcelo Freixo","Pedro Paulo","Prefeitura do Rio de Janeiro","PSOL","r\u00e1dio","Rio de Janeiro","TV","TV Bandeirantes"],"articleSection":["ELEI\u00c7\u00d5ES 2016","Estados","Not\u00edcias"],"inLanguage":"pt-BR","potentialAction":[{"@type":"CommentAction","name":"Comment","target":["https:\/\/psol50.org.br\/candidatos-do-pmdb-psd-e-psc-votam-contra-a-participacao-de-freixo-em-debate-na-tv\/#respond"]}]},{"@type":"WebPage","@id":"https:\/\/psol50.org.br\/candidatos-do-pmdb-psd-e-psc-votam-contra-a-participacao-de-freixo-em-debate-na-tv\/","url":"https:\/\/psol50.org.br\/candidatos-do-pmdb-psd-e-psc-votam-contra-a-participacao-de-freixo-em-debate-na-tv\/","name":"Candidatos do PMDB, PSD e PSC votam contra a participa\u00e7\u00e3o de Freixo em debate na TV - PSOL 50","isPartOf":{"@id":"https:\/\/psol50.org.br\/#website"},"primaryImageOfPage":{"@id":"https:\/\/psol50.org.br\/candidatos-do-pmdb-psd-e-psc-votam-contra-a-participacao-de-freixo-em-debate-na-tv\/#primaryimage"},"image":{"@id":"https:\/\/psol50.org.br\/candidatos-do-pmdb-psd-e-psc-votam-contra-a-participacao-de-freixo-em-debate-na-tv\/#primaryimage"},"thumbnailUrl":"","datePublished":"2016-08-18T12:36:25+00:00","breadcrumb":{"@id":"https:\/\/psol50.org.br\/candidatos-do-pmdb-psd-e-psc-votam-contra-a-participacao-de-freixo-em-debate-na-tv\/#breadcrumb"},"inLanguage":"pt-BR","potentialAction":[{"@type":"ReadAction","target":["https:\/\/psol50.org.br\/candidatos-do-pmdb-psd-e-psc-votam-contra-a-participacao-de-freixo-em-debate-na-tv\/"]}]},{"@type":"ImageObject","inLanguage":"pt-BR","@id":"https:\/\/psol50.org.br\/candidatos-do-pmdb-psd-e-psc-votam-contra-a-participacao-de-freixo-em-debate-na-tv\/#primaryimage","url":"","contentUrl":""},{"@type":"BreadcrumbList","@id":"https:\/\/psol50.org.br\/candidatos-do-pmdb-psd-e-psc-votam-contra-a-participacao-de-freixo-em-debate-na-tv\/#breadcrumb","itemListElement":[{"@type":"ListItem","position":1,"name":"In\u00edcio","item":"https:\/\/psol50.org.br\/"},{"@type":"ListItem","position":2,"name":"Candidatos do PMDB, PSD e PSC votam contra a participa\u00e7\u00e3o de Freixo em debate na TV"}]},{"@type":"WebSite","@id":"https:\/\/psol50.org.br\/#website","url":"https:\/\/psol50.org.br\/","name":"PSOL 50","description":"Site oficial do Partido Socialismo e Liberdade","publisher":{"@id":"https:\/\/psol50.org.br\/#organization"},"alternateName":"PSOL50","potentialAction":[{"@type":"SearchAction","target":{"@type":"EntryPoint","urlTemplate":"https:\/\/psol50.org.br\/?s={search_term_string}"},"query-input":{"@type":"PropertyValueSpecification","valueRequired":true,"valueName":"search_term_string"}}],"inLanguage":"pt-BR"},{"@type":"Organization","@id":"https:\/\/psol50.org.br\/#organization","name":"PSOL 50","alternateName":"PSOL 50","url":"https:\/\/psol50.org.br\/","logo":{"@type":"ImageObject","inLanguage":"pt-BR","@id":"https:\/\/psol50.org.br\/#\/schema\/logo\/image\/","url":"https:\/\/psol50.org.br\/inc\/uploads\/2018\/07\/capa.png","contentUrl":"https:\/\/psol50.org.br\/inc\/uploads\/2018\/07\/capa.png","width":1350,"height":900,"caption":"PSOL 50"},"image":{"@id":"https:\/\/psol50.org.br\/#\/schema\/logo\/image\/"},"sameAs":["https:\/\/www.facebook.com\/psol50","https:\/\/x.com\/psol50","https:\/\/www.instagram.com\/psol50\/","https:\/\/www.youtube.com\/channel\/UC7SnJS5o1os7a6CaiNabzcg"]},{"@type":"Person","@id":"https:\/\/psol50.org.br\/#\/schema\/person\/475dfa57d0b815993c714c2e96491fcd","name":"Comunica\u00e7\u00e3o PSOL","image":{"@type":"ImageObject","inLanguage":"pt-BR","@id":"https:\/\/psol50.org.br\/#\/schema\/person\/image\/","url":"https:\/\/secure.gravatar.com\/avatar\/b34fc4f4e468a4e51785917065a3db57b841f5c95dba6ad8c73aaf8f66f8f9bf?s=96&d=mm&r=g","contentUrl":"https:\/\/secure.gravatar.com\/avatar\/b34fc4f4e468a4e51785917065a3db57b841f5c95dba6ad8c73aaf8f66f8f9bf?s=96&d=mm&r=g","caption":"Comunica\u00e7\u00e3o PSOL"}}]}},"_links":{"self":[{"href":"https:\/\/psol50.org.br\/rest\/wp\/v2\/posts\/13392","targetHints":{"allow":["GET"]}}],"collection":[{"href":"https:\/\/psol50.org.br\/rest\/wp\/v2\/posts"}],"about":[{"href":"https:\/\/psol50.org.br\/rest\/wp\/v2\/types\/post"}],"author":[{"embeddable":true,"href":"https:\/\/psol50.org.br\/rest\/wp\/v2\/users\/2"}],"replies":[{"embeddable":true,"href":"https:\/\/psol50.org.br\/rest\/wp\/v2\/comments?post=13392"}],"version-history":[{"count":0,"href":"https:\/\/psol50.org.br\/rest\/wp\/v2\/posts\/13392\/revisions"}],"wp:featuredmedia":[{"embeddable":true,"href":"https:\/\/psol50.org.br\/rest\/"}],"wp:attachment":[{"href":"https:\/\/psol50.org.br\/rest\/wp\/v2\/media?parent=13392"}],"wp:term":[{"taxonomy":"category","embeddable":true,"href":"https:\/\/psol50.org.br\/rest\/wp\/v2\/categories?post=13392"},{"taxonomy":"post_tag","embeddable":true,"href":"https:\/\/psol50.org.br\/rest\/wp\/v2\/tags?post=13392"}],"curies":[{"name":"wp","href":"https:\/\/api.w.org\/{rel}","templated":true}]}}