{"id":13431,"date":"2016-08-24T12:44:32","date_gmt":"2016-08-24T12:44:32","guid":{"rendered":"http:\/\/www.psol50.org.br\/?p=13431"},"modified":"2016-08-24T12:44:32","modified_gmt":"2016-08-24T12:44:32","slug":"rumo-ao-2o-turno-pesquisa-ibope-aponta-marcelo-freixo-em-segundo-lugar-no-rio","status":"publish","type":"post","link":"https:\/\/psol50.org.br\/rumo-ao-2o-turno-pesquisa-ibope-aponta-marcelo-freixo-em-segundo-lugar-no-rio\/","title":{"rendered":"Rumo ao 2\u00ba turno: Pesquisa Ibope aponta Marcelo Freixo em segundo lugar no Rio"},"content":{"rendered":"<p>O candidato do PSOL \u00e0 prefeitura do Rio de Janeiro, Marcelo Freixo, est\u00e1 cada vez mais perto de chegar ao segundo turno das elei\u00e7\u00f5es municipais de outubro. A primeira pesquisa Ibope aponta Freixo em segundo lugar, com 12% das inten\u00e7\u00f5es de voto. Em primeiro est\u00e1 Marcelo Crivella (PRB) com 27%. Fl\u00e1vio Bolsonaro (PSC) aparece com 11%; Jandira Feghali (PCdoB) e Pedro Paulo (PMDB) com 6%; \u00cdndio da Costa (PSD) com 5%; Osorio (PSDB) com 4%; e Alessandro Molon (Rede), com 2%.<\/p>\n<p>Pela pesquisa, realizada entre os dias 20 e 22 de agosto com 805 eleitores, Freixo j\u00e1 estaria no segundo se a elei\u00e7\u00e3o fosse hoje, o que confirma que com muita garra e disposi\u00e7\u00e3o #\u00e9poss\u00edvel vencer essas elei\u00e7\u00f5es.<\/p>\n<p>Mesmo com boa coloca\u00e7\u00e3o nas pesquisas, Freixo est\u00e1 sendo impedido por candidatos advers\u00e1rios de participar dos debates de TV, como ocorreu recentemente com o veto de Pedro Paulo, Os\u00f3rio e \u00cdndio da Costa a sua presen\u00e7a no primeiro debate da Band, que acontecer\u00e1 nesta quinta-feira (25). Para denunciar esse absurdo, a campanha de Freixo realizar\u00e1 um grande ato na Cinel\u00e2ndia, \u00e0s 20h, oportunidade que ser\u00e1 feita uma transmiss\u00e3o ao vivo durante o debate, com coment\u00e1rios do candidato do PSOL, em tempo real, em sua p\u00e1gina no Facebook.<\/p>\n<p>\u201cQuem tem medo do debate n\u00e3o pode ser prefeito do Rio.\u00a0Eles est\u00e3o com medo. E n\u00f3s com esperan\u00e7a. Nossa for\u00e7a vai mostrar que\u00a0\u00e9\u00a0poss\u00edvel\u00a0vencer essas elei\u00e7\u00f5es\u201d, ressalta o candidato.<\/p>\n<p><a href=\"https:\/\/www.facebook.com\/events\/295891100787663\/\" target=\"_blank\" rel=\"noopener\"><strong>Acesse o evento do grande ato na Cinel\u00e2ndia, confirme presen\u00e7a, divulgue e participe<\/strong><\/a>.<\/p>\n<p>&nbsp;<\/p>\n<p><img loading=\"lazy\" decoding=\"async\" class=\"alignnone wp-image-13435\" src=\"http:\/\/www.psol50.org.br\/inc\/uploads\/2016\/08\/ibope-rj-curvas-desk.png\" alt=\"ibope-rj-curvas-desk\" width=\"779\" height=\"467\" \/><\/p>\n","protected":false},"excerpt":{"rendered":"<p>O candidato do PSOL \u00e0 prefeitura do Rio de Janeiro, Marcelo Freixo, est\u00e1 cada vez mais perto de chegar ao segundo turno das elei\u00e7\u00f5es municipais de outubro. A primeira pesquisa Ibope aponta Freixo em segundo lugar, com 12% das inten\u00e7\u00f5es de voto. Em primeiro est\u00e1 Marcelo Crivella (PRB) com 27%. Fl\u00e1vio Bolsonaro (PSC) aparece com [&hellip;]<\/p>\n","protected":false},"author":2,"featured_media":12990,"comment_status":"open","ping_status":"open","sticky":false,"template":"","format":"standard","meta":{"_acf_changed":false,"footnotes":""},"categories":[2833,654,6,14],"tags":[343,161,4500,4493,22,1214],"class_list":{"0":"post-13431","1":"post","2":"type-post","3":"status-publish","4":"format-standard","5":"has-post-thumbnail","7":"category-eleicoes-2016","8":"category-estados","9":"category-noticias","10":"category-partido","11":"tag-eleicoes","12":"tag-marcelo-freixo","13":"tag-pesquisa-ibope","14":"tag-prefeitura-do-rio-de-janeiro","15":"tag-psol","16":"tag-segundo-turno"},"acf":[],"yoast_head":"<!-- This site is optimized with the Yoast SEO plugin v26.5 - https:\/\/yoast.com\/wordpress\/plugins\/seo\/ -->\n<title>Rumo ao 2\u00ba turno: Pesquisa Ibope aponta Marcelo Freixo em segundo lugar no Rio - PSOL 50<\/title>\n<meta name=\"robots\" content=\"index, follow, max-snippet:-1, max-image-preview:large, max-video-preview:-1\" \/>\n<link rel=\"canonical\" href=\"https:\/\/psol50.org.br\/rumo-ao-2o-turno-pesquisa-ibope-aponta-marcelo-freixo-em-segundo-lugar-no-rio\/\" \/>\n<meta property=\"og:locale\" content=\"pt_BR\" \/>\n<meta property=\"og:type\" content=\"article\" \/>\n<meta property=\"og:title\" content=\"Rumo ao 2\u00ba turno: Pesquisa Ibope aponta Marcelo Freixo em segundo lugar no Rio - PSOL 50\" \/>\n<meta property=\"og:description\" content=\"O candidato do PSOL \u00e0 prefeitura do Rio de Janeiro, Marcelo Freixo, est\u00e1 cada vez mais perto de chegar ao segundo turno das elei\u00e7\u00f5es municipais de outubro. A primeira pesquisa Ibope aponta Freixo em segundo lugar, com 12% das inten\u00e7\u00f5es de voto. Em primeiro est\u00e1 Marcelo Crivella (PRB) com 27%. Fl\u00e1vio Bolsonaro (PSC) aparece com [&hellip;]\" \/>\n<meta property=\"og:url\" content=\"https:\/\/psol50.org.br\/rumo-ao-2o-turno-pesquisa-ibope-aponta-marcelo-freixo-em-segundo-lugar-no-rio\/\" \/>\n<meta property=\"og:site_name\" content=\"PSOL 50\" \/>\n<meta property=\"article:publisher\" content=\"https:\/\/www.facebook.com\/psol50\" \/>\n<meta property=\"article:published_time\" content=\"2016-08-24T12:44:32+00:00\" \/>\n<meta property=\"og:image\" content=\"https:\/\/psol50.org.br\/inc\/uploads\/2018\/07\/capa.png\" \/>\n\t<meta property=\"og:image:width\" content=\"1350\" \/>\n\t<meta property=\"og:image:height\" content=\"900\" \/>\n\t<meta property=\"og:image:type\" content=\"image\/png\" \/>\n<meta name=\"author\" content=\"Comunica\u00e7\u00e3o PSOL\" \/>\n<meta name=\"twitter:card\" content=\"summary_large_image\" \/>\n<meta name=\"twitter:creator\" content=\"@psol50\" \/>\n<meta name=\"twitter:site\" content=\"@psol50\" \/>\n<meta name=\"twitter:label1\" content=\"Escrito por\" \/>\n\t<meta name=\"twitter:data1\" content=\"Comunica\u00e7\u00e3o PSOL\" \/>\n\t<meta name=\"twitter:label2\" content=\"Est. tempo de leitura\" \/>\n\t<meta name=\"twitter:data2\" content=\"1 minuto\" \/>\n<script type=\"application\/ld+json\" class=\"yoast-schema-graph\">{\"@context\":\"https:\/\/schema.org\",\"@graph\":[{\"@type\":\"Article\",\"@id\":\"https:\/\/psol50.org.br\/rumo-ao-2o-turno-pesquisa-ibope-aponta-marcelo-freixo-em-segundo-lugar-no-rio\/#article\",\"isPartOf\":{\"@id\":\"https:\/\/psol50.org.br\/rumo-ao-2o-turno-pesquisa-ibope-aponta-marcelo-freixo-em-segundo-lugar-no-rio\/\"},\"author\":{\"name\":\"Comunica\u00e7\u00e3o PSOL\",\"@id\":\"https:\/\/psol50.org.br\/#\/schema\/person\/475dfa57d0b815993c714c2e96491fcd\"},\"headline\":\"Rumo ao 2\u00ba turno: Pesquisa Ibope aponta Marcelo Freixo em segundo lugar no Rio\",\"datePublished\":\"2016-08-24T12:44:32+00:00\",\"mainEntityOfPage\":{\"@id\":\"https:\/\/psol50.org.br\/rumo-ao-2o-turno-pesquisa-ibope-aponta-marcelo-freixo-em-segundo-lugar-no-rio\/\"},\"wordCount\":275,\"commentCount\":0,\"publisher\":{\"@id\":\"https:\/\/psol50.org.br\/#organization\"},\"image\":{\"@id\":\"https:\/\/psol50.org.br\/rumo-ao-2o-turno-pesquisa-ibope-aponta-marcelo-freixo-em-segundo-lugar-no-rio\/#primaryimage\"},\"thumbnailUrl\":\"\",\"keywords\":[\"elei\u00e7\u00f5es\",\"Marcelo Freixo\",\"pesquisa Ibope\",\"Prefeitura do Rio de Janeiro\",\"PSOL\",\"segundo turno\"],\"articleSection\":[\"ELEI\u00c7\u00d5ES 2016\",\"Estados\",\"Not\u00edcias\",\"Partido\"],\"inLanguage\":\"pt-BR\",\"potentialAction\":[{\"@type\":\"CommentAction\",\"name\":\"Comment\",\"target\":[\"https:\/\/psol50.org.br\/rumo-ao-2o-turno-pesquisa-ibope-aponta-marcelo-freixo-em-segundo-lugar-no-rio\/#respond\"]}]},{\"@type\":\"WebPage\",\"@id\":\"https:\/\/psol50.org.br\/rumo-ao-2o-turno-pesquisa-ibope-aponta-marcelo-freixo-em-segundo-lugar-no-rio\/\",\"url\":\"https:\/\/psol50.org.br\/rumo-ao-2o-turno-pesquisa-ibope-aponta-marcelo-freixo-em-segundo-lugar-no-rio\/\",\"name\":\"Rumo ao 2\u00ba turno: Pesquisa Ibope aponta Marcelo Freixo em segundo lugar no Rio - PSOL 50\",\"isPartOf\":{\"@id\":\"https:\/\/psol50.org.br\/#website\"},\"primaryImageOfPage\":{\"@id\":\"https:\/\/psol50.org.br\/rumo-ao-2o-turno-pesquisa-ibope-aponta-marcelo-freixo-em-segundo-lugar-no-rio\/#primaryimage\"},\"image\":{\"@id\":\"https:\/\/psol50.org.br\/rumo-ao-2o-turno-pesquisa-ibope-aponta-marcelo-freixo-em-segundo-lugar-no-rio\/#primaryimage\"},\"thumbnailUrl\":\"\",\"datePublished\":\"2016-08-24T12:44:32+00:00\",\"breadcrumb\":{\"@id\":\"https:\/\/psol50.org.br\/rumo-ao-2o-turno-pesquisa-ibope-aponta-marcelo-freixo-em-segundo-lugar-no-rio\/#breadcrumb\"},\"inLanguage\":\"pt-BR\",\"potentialAction\":[{\"@type\":\"ReadAction\",\"target\":[\"https:\/\/psol50.org.br\/rumo-ao-2o-turno-pesquisa-ibope-aponta-marcelo-freixo-em-segundo-lugar-no-rio\/\"]}]},{\"@type\":\"ImageObject\",\"inLanguage\":\"pt-BR\",\"@id\":\"https:\/\/psol50.org.br\/rumo-ao-2o-turno-pesquisa-ibope-aponta-marcelo-freixo-em-segundo-lugar-no-rio\/#primaryimage\",\"url\":\"\",\"contentUrl\":\"\"},{\"@type\":\"BreadcrumbList\",\"@id\":\"https:\/\/psol50.org.br\/rumo-ao-2o-turno-pesquisa-ibope-aponta-marcelo-freixo-em-segundo-lugar-no-rio\/#breadcrumb\",\"itemListElement\":[{\"@type\":\"ListItem\",\"position\":1,\"name\":\"In\u00edcio\",\"item\":\"https:\/\/psol50.org.br\/\"},{\"@type\":\"ListItem\",\"position\":2,\"name\":\"Rumo ao 2\u00ba turno: Pesquisa Ibope aponta Marcelo Freixo em segundo lugar no Rio\"}]},{\"@type\":\"WebSite\",\"@id\":\"https:\/\/psol50.org.br\/#website\",\"url\":\"https:\/\/psol50.org.br\/\",\"name\":\"PSOL 50\",\"description\":\"Site oficial do Partido Socialismo e Liberdade\",\"publisher\":{\"@id\":\"https:\/\/psol50.org.br\/#organization\"},\"alternateName\":\"PSOL50\",\"potentialAction\":[{\"@type\":\"SearchAction\",\"target\":{\"@type\":\"EntryPoint\",\"urlTemplate\":\"https:\/\/psol50.org.br\/?s={search_term_string}\"},\"query-input\":{\"@type\":\"PropertyValueSpecification\",\"valueRequired\":true,\"valueName\":\"search_term_string\"}}],\"inLanguage\":\"pt-BR\"},{\"@type\":\"Organization\",\"@id\":\"https:\/\/psol50.org.br\/#organization\",\"name\":\"PSOL 50\",\"alternateName\":\"PSOL 50\",\"url\":\"https:\/\/psol50.org.br\/\",\"logo\":{\"@type\":\"ImageObject\",\"inLanguage\":\"pt-BR\",\"@id\":\"https:\/\/psol50.org.br\/#\/schema\/logo\/image\/\",\"url\":\"https:\/\/psol50.org.br\/inc\/uploads\/2018\/07\/capa.png\",\"contentUrl\":\"https:\/\/psol50.org.br\/inc\/uploads\/2018\/07\/capa.png\",\"width\":1350,\"height\":900,\"caption\":\"PSOL 50\"},\"image\":{\"@id\":\"https:\/\/psol50.org.br\/#\/schema\/logo\/image\/\"},\"sameAs\":[\"https:\/\/www.facebook.com\/psol50\",\"https:\/\/x.com\/psol50\",\"https:\/\/www.instagram.com\/psol50\/\",\"https:\/\/www.youtube.com\/channel\/UC7SnJS5o1os7a6CaiNabzcg\"]},{\"@type\":\"Person\",\"@id\":\"https:\/\/psol50.org.br\/#\/schema\/person\/475dfa57d0b815993c714c2e96491fcd\",\"name\":\"Comunica\u00e7\u00e3o PSOL\",\"image\":{\"@type\":\"ImageObject\",\"inLanguage\":\"pt-BR\",\"@id\":\"https:\/\/psol50.org.br\/#\/schema\/person\/image\/\",\"url\":\"https:\/\/secure.gravatar.com\/avatar\/b34fc4f4e468a4e51785917065a3db57b841f5c95dba6ad8c73aaf8f66f8f9bf?s=96&d=mm&r=g\",\"contentUrl\":\"https:\/\/secure.gravatar.com\/avatar\/b34fc4f4e468a4e51785917065a3db57b841f5c95dba6ad8c73aaf8f66f8f9bf?s=96&d=mm&r=g\",\"caption\":\"Comunica\u00e7\u00e3o PSOL\"}}]}<\/script>\n<!-- \/ Yoast SEO plugin. -->","yoast_head_json":{"title":"Rumo ao 2\u00ba turno: Pesquisa Ibope aponta Marcelo Freixo em segundo lugar no Rio - PSOL 50","robots":{"index":"index","follow":"follow","max-snippet":"max-snippet:-1","max-image-preview":"max-image-preview:large","max-video-preview":"max-video-preview:-1"},"canonical":"https:\/\/psol50.org.br\/rumo-ao-2o-turno-pesquisa-ibope-aponta-marcelo-freixo-em-segundo-lugar-no-rio\/","og_locale":"pt_BR","og_type":"article","og_title":"Rumo ao 2\u00ba turno: Pesquisa Ibope aponta Marcelo Freixo em segundo lugar no Rio - PSOL 50","og_description":"O candidato do PSOL \u00e0 prefeitura do Rio de Janeiro, Marcelo Freixo, est\u00e1 cada vez mais perto de chegar ao segundo turno das elei\u00e7\u00f5es municipais de outubro. A primeira pesquisa Ibope aponta Freixo em segundo lugar, com 12% das inten\u00e7\u00f5es de voto. Em primeiro est\u00e1 Marcelo Crivella (PRB) com 27%. Fl\u00e1vio Bolsonaro (PSC) aparece com [&hellip;]","og_url":"https:\/\/psol50.org.br\/rumo-ao-2o-turno-pesquisa-ibope-aponta-marcelo-freixo-em-segundo-lugar-no-rio\/","og_site_name":"PSOL 50","article_publisher":"https:\/\/www.facebook.com\/psol50","article_published_time":"2016-08-24T12:44:32+00:00","og_image":[{"width":1350,"height":900,"url":"https:\/\/psol50.org.br\/inc\/uploads\/2018\/07\/capa.png","type":"image\/png"}],"author":"Comunica\u00e7\u00e3o PSOL","twitter_card":"summary_large_image","twitter_creator":"@psol50","twitter_site":"@psol50","twitter_misc":{"Escrito por":"Comunica\u00e7\u00e3o PSOL","Est. tempo de leitura":"1 minuto"},"schema":{"@context":"https:\/\/schema.org","@graph":[{"@type":"Article","@id":"https:\/\/psol50.org.br\/rumo-ao-2o-turno-pesquisa-ibope-aponta-marcelo-freixo-em-segundo-lugar-no-rio\/#article","isPartOf":{"@id":"https:\/\/psol50.org.br\/rumo-ao-2o-turno-pesquisa-ibope-aponta-marcelo-freixo-em-segundo-lugar-no-rio\/"},"author":{"name":"Comunica\u00e7\u00e3o PSOL","@id":"https:\/\/psol50.org.br\/#\/schema\/person\/475dfa57d0b815993c714c2e96491fcd"},"headline":"Rumo ao 2\u00ba turno: Pesquisa Ibope aponta Marcelo Freixo em segundo lugar no Rio","datePublished":"2016-08-24T12:44:32+00:00","mainEntityOfPage":{"@id":"https:\/\/psol50.org.br\/rumo-ao-2o-turno-pesquisa-ibope-aponta-marcelo-freixo-em-segundo-lugar-no-rio\/"},"wordCount":275,"commentCount":0,"publisher":{"@id":"https:\/\/psol50.org.br\/#organization"},"image":{"@id":"https:\/\/psol50.org.br\/rumo-ao-2o-turno-pesquisa-ibope-aponta-marcelo-freixo-em-segundo-lugar-no-rio\/#primaryimage"},"thumbnailUrl":"","keywords":["elei\u00e7\u00f5es","Marcelo Freixo","pesquisa Ibope","Prefeitura do Rio de Janeiro","PSOL","segundo turno"],"articleSection":["ELEI\u00c7\u00d5ES 2016","Estados","Not\u00edcias","Partido"],"inLanguage":"pt-BR","potentialAction":[{"@type":"CommentAction","name":"Comment","target":["https:\/\/psol50.org.br\/rumo-ao-2o-turno-pesquisa-ibope-aponta-marcelo-freixo-em-segundo-lugar-no-rio\/#respond"]}]},{"@type":"WebPage","@id":"https:\/\/psol50.org.br\/rumo-ao-2o-turno-pesquisa-ibope-aponta-marcelo-freixo-em-segundo-lugar-no-rio\/","url":"https:\/\/psol50.org.br\/rumo-ao-2o-turno-pesquisa-ibope-aponta-marcelo-freixo-em-segundo-lugar-no-rio\/","name":"Rumo ao 2\u00ba turno: Pesquisa Ibope aponta Marcelo Freixo em segundo lugar no Rio - PSOL 50","isPartOf":{"@id":"https:\/\/psol50.org.br\/#website"},"primaryImageOfPage":{"@id":"https:\/\/psol50.org.br\/rumo-ao-2o-turno-pesquisa-ibope-aponta-marcelo-freixo-em-segundo-lugar-no-rio\/#primaryimage"},"image":{"@id":"https:\/\/psol50.org.br\/rumo-ao-2o-turno-pesquisa-ibope-aponta-marcelo-freixo-em-segundo-lugar-no-rio\/#primaryimage"},"thumbnailUrl":"","datePublished":"2016-08-24T12:44:32+00:00","breadcrumb":{"@id":"https:\/\/psol50.org.br\/rumo-ao-2o-turno-pesquisa-ibope-aponta-marcelo-freixo-em-segundo-lugar-no-rio\/#breadcrumb"},"inLanguage":"pt-BR","potentialAction":[{"@type":"ReadAction","target":["https:\/\/psol50.org.br\/rumo-ao-2o-turno-pesquisa-ibope-aponta-marcelo-freixo-em-segundo-lugar-no-rio\/"]}]},{"@type":"ImageObject","inLanguage":"pt-BR","@id":"https:\/\/psol50.org.br\/rumo-ao-2o-turno-pesquisa-ibope-aponta-marcelo-freixo-em-segundo-lugar-no-rio\/#primaryimage","url":"","contentUrl":""},{"@type":"BreadcrumbList","@id":"https:\/\/psol50.org.br\/rumo-ao-2o-turno-pesquisa-ibope-aponta-marcelo-freixo-em-segundo-lugar-no-rio\/#breadcrumb","itemListElement":[{"@type":"ListItem","position":1,"name":"In\u00edcio","item":"https:\/\/psol50.org.br\/"},{"@type":"ListItem","position":2,"name":"Rumo ao 2\u00ba turno: Pesquisa Ibope aponta Marcelo Freixo em segundo lugar no Rio"}]},{"@type":"WebSite","@id":"https:\/\/psol50.org.br\/#website","url":"https:\/\/psol50.org.br\/","name":"PSOL 50","description":"Site oficial do Partido Socialismo e Liberdade","publisher":{"@id":"https:\/\/psol50.org.br\/#organization"},"alternateName":"PSOL50","potentialAction":[{"@type":"SearchAction","target":{"@type":"EntryPoint","urlTemplate":"https:\/\/psol50.org.br\/?s={search_term_string}"},"query-input":{"@type":"PropertyValueSpecification","valueRequired":true,"valueName":"search_term_string"}}],"inLanguage":"pt-BR"},{"@type":"Organization","@id":"https:\/\/psol50.org.br\/#organization","name":"PSOL 50","alternateName":"PSOL 50","url":"https:\/\/psol50.org.br\/","logo":{"@type":"ImageObject","inLanguage":"pt-BR","@id":"https:\/\/psol50.org.br\/#\/schema\/logo\/image\/","url":"https:\/\/psol50.org.br\/inc\/uploads\/2018\/07\/capa.png","contentUrl":"https:\/\/psol50.org.br\/inc\/uploads\/2018\/07\/capa.png","width":1350,"height":900,"caption":"PSOL 50"},"image":{"@id":"https:\/\/psol50.org.br\/#\/schema\/logo\/image\/"},"sameAs":["https:\/\/www.facebook.com\/psol50","https:\/\/x.com\/psol50","https:\/\/www.instagram.com\/psol50\/","https:\/\/www.youtube.com\/channel\/UC7SnJS5o1os7a6CaiNabzcg"]},{"@type":"Person","@id":"https:\/\/psol50.org.br\/#\/schema\/person\/475dfa57d0b815993c714c2e96491fcd","name":"Comunica\u00e7\u00e3o PSOL","image":{"@type":"ImageObject","inLanguage":"pt-BR","@id":"https:\/\/psol50.org.br\/#\/schema\/person\/image\/","url":"https:\/\/secure.gravatar.com\/avatar\/b34fc4f4e468a4e51785917065a3db57b841f5c95dba6ad8c73aaf8f66f8f9bf?s=96&d=mm&r=g","contentUrl":"https:\/\/secure.gravatar.com\/avatar\/b34fc4f4e468a4e51785917065a3db57b841f5c95dba6ad8c73aaf8f66f8f9bf?s=96&d=mm&r=g","caption":"Comunica\u00e7\u00e3o PSOL"}}]}},"_links":{"self":[{"href":"https:\/\/psol50.org.br\/rest\/wp\/v2\/posts\/13431","targetHints":{"allow":["GET"]}}],"collection":[{"href":"https:\/\/psol50.org.br\/rest\/wp\/v2\/posts"}],"about":[{"href":"https:\/\/psol50.org.br\/rest\/wp\/v2\/types\/post"}],"author":[{"embeddable":true,"href":"https:\/\/psol50.org.br\/rest\/wp\/v2\/users\/2"}],"replies":[{"embeddable":true,"href":"https:\/\/psol50.org.br\/rest\/wp\/v2\/comments?post=13431"}],"version-history":[{"count":0,"href":"https:\/\/psol50.org.br\/rest\/wp\/v2\/posts\/13431\/revisions"}],"wp:featuredmedia":[{"embeddable":true,"href":"https:\/\/psol50.org.br\/rest\/"}],"wp:attachment":[{"href":"https:\/\/psol50.org.br\/rest\/wp\/v2\/media?parent=13431"}],"wp:term":[{"taxonomy":"category","embeddable":true,"href":"https:\/\/psol50.org.br\/rest\/wp\/v2\/categories?post=13431"},{"taxonomy":"post_tag","embeddable":true,"href":"https:\/\/psol50.org.br\/rest\/wp\/v2\/tags?post=13431"}],"curies":[{"name":"wp","href":"https:\/\/api.w.org\/{rel}","templated":true}]}}