{"id":13439,"date":"2016-08-24T15:42:04","date_gmt":"2016-08-24T15:42:04","guid":{"rendered":"http:\/\/www.psol50.org.br\/?p=13439"},"modified":"2016-08-24T15:42:04","modified_gmt":"2016-08-24T15:42:04","slug":"jean-wyllys-e-o-novo-coordenador-da-frentecom","status":"publish","type":"post","link":"https:\/\/psol50.org.br\/jean-wyllys-e-o-novo-coordenador-da-frentecom\/","title":{"rendered":"Jean Wyllys \u00e9 o novo coordenador da Frentecom"},"content":{"rendered":"<p>&nbsp;<\/p>\n<p><strong>Texto: Renato Cortez, para a M\u00eddia Ninja. Originalmente publicado no <span style=\"color: #3366ff\"><a style=\"color: #3366ff\" href=\"https:\/\/ninja.oximity.com\/article\/Jean-Wyllys-%C3%A9-o-novo-coordenador-1\" target=\"_blank\" rel=\"noopener\">Portal Ninja<\/a><\/span><\/strong><\/p>\n<p>A Frente Parlamentar pela Liberdade de Express\u00e3o e o Direito \u00e0 Comunica\u00e7\u00e3o (Frentecom) tem novo coordenador: o deputado federal Jean Wyllys (PSOL\/RJ) sucede \u00e0 deputada Luiza Erundina (PSOL\/SP) no comando da frente, cujo objetivo \u00e9 acompanhar os debates relacionados ao direito \u00e0 comunica\u00e7\u00e3o e a liberdade de express\u00e3o no Brasil.<\/p>\n<p>A cerim\u00f4nia de posse foi na tarde dessa ter\u00e7a-feira (23), no Sal\u00e3o Nobre da C\u00e2mara dos Deputados, e contou com a participa\u00e7\u00e3o de parlamentares e representantes de entidades ligadas \u00e0 tem\u00e1tica da comunica\u00e7\u00e3o, al\u00e9m de cidad\u00e3s e cidad\u00e3os em geral.<\/p>\n<p>Luiza Erundina lembrou que a frente \u00e9 uma demanda da 1\u00aa Confecom (Confer\u00eancia Nacional de Comunica\u00e7\u00e3o) e que a participa\u00e7\u00e3o da sociedade civil na condu\u00e7\u00e3o dos trabalhos foi fundamental para a sua consolida\u00e7\u00e3o. &#8220;Precisamos acumular for\u00e7as junto \u00e0 sociedade civil para continuar as transforma\u00e7\u00f5es de que o Brasil necessita&#8221;, afirmou.<\/p>\n<figure id=\"attachment_13440\" aria-describedby=\"caption-attachment-13440\" style=\"width: 900px\" class=\"wp-caption alignnone\"><img loading=\"lazy\" decoding=\"async\" class=\"size-full wp-image-13440\" src=\"http:\/\/www.psol50.org.br\/inc\/uploads\/2016\/08\/Erundina-e-Jean-na-Frentecom.jpg\" alt=\"Foto: M\u00eddia Ninja\" width=\"900\" height=\"600\" \/><figcaption id=\"caption-attachment-13440\" class=\"wp-caption-text\"><em>Foto: M\u00eddia Ninja<\/em><\/figcaption><\/figure>\n<p>O novo coordenador, deputado Jean Wyllys, foi no mesmo sentido ao dizer que &#8220;\u00e9 fundamental chamar a participa\u00e7\u00e3o popular, pois s\u00e3o as entidades da sociedade civil que d\u00e3o o norte do nosso trabalho&#8221;, reiterando a import\u00e2ncia da parceria com a popula\u00e7\u00e3o nos debates relativos ao direito \u00e0 comunica\u00e7\u00e3o.<\/p>\n<p>A tentativa de ruptura democr\u00e1tica camuflada de processo de impeachment da presidenta Dilma e as consequ\u00eancias para a liberdade de express\u00e3o foram objeto de preocupa\u00e7\u00e3o dos parlamentares. Luiza Erundina frisou que a comunica\u00e7\u00e3o \u00e9 um direito humano que encontra respaldo na nossa Constitui\u00e7\u00e3o.<\/p>\n<p>Jean Wyllys lembrou que cada um est\u00e1 inserido em outras lutas e por isso &#8220;precisamos dialogar com outras frentes do campo progressista para fortalecermos a nossa presen\u00e7a em meio \u00e0 sociedade na luta contra a retirada de direitos&#8221;, mais uma vez ressaltando a necessidade de parceria entre parlamentares e popula\u00e7\u00e3o.<\/p>\n<figure id=\"attachment_13450\" aria-describedby=\"caption-attachment-13450\" style=\"width: 900px\" class=\"wp-caption alignnone\"><img loading=\"lazy\" decoding=\"async\" class=\"size-full wp-image-13450\" src=\"http:\/\/www.psol50.org.br\/inc\/uploads\/2016\/08\/FRENTECOM-Erundina-NINJA.jpg\" alt=\"Foto: M\u00eddia Ninja\" width=\"900\" height=\"600\" \/><figcaption id=\"caption-attachment-13450\" class=\"wp-caption-text\"><em>Foto: M\u00eddia Ninja<\/em><\/figcaption><\/figure>\n<p><strong>Agenda 2016\/2017<br \/>\n<\/strong>A agenda 2016\/2017 da frente foi lan\u00e7ada durante a cerim\u00f4nia, com destaque para a defesa de uma internet livre, longe dos interesses de pol\u00edticos e de empresas, especialmente as de telecom. A persegui\u00e7\u00e3o a blogueiros e midiativistas tamb\u00e9m est\u00e1 no escopo de atua\u00e7\u00e3o da frente, bem como o combate a qualquer tipo de censura.<\/p>\n<p>Jean Wyllys afirmou que &#8220;querem calar os contr\u00e1rios ao impeachment&#8221;, citando atos do ex-presidente da C\u00e2mara dos Deputados, Eduardo Cunha (PMDB\/RJ), como a tentativa de utilizar os ve\u00edculos da casa em benef\u00edcio pr\u00f3prio ou o fim de convites para participa\u00e7\u00e3o em programas da r\u00e1dio e TV C\u00e2mara de parlamentares n\u00e3o alinhados com o deputado afastado.<\/p>\n<p>A deputada Luiza Erundina aproveitou para falar sobre a censura que alguns candidatos \u00e0s elei\u00e7\u00f5es municipais est\u00e3o sofrendo por conta de leis aprovadas sobre a presid\u00eancia de Eduardo Cunha, impossibilitados de participar de debates televisivos. Ela mesma, uma das atingidas pela censura, disse que o PSOL \u00e9 um dos mais prejudicados, citando o caso de Marcelo Freixo no RJ.<\/p>\n<p>&#8220;Parece que fazem leis nessa casa querendo enfraquecer o PSOL, mas quanto mais nos atacam, mais nos fortalecemos&#8221;, disse Erundina, destacando a for\u00e7a de Jean Wyllys nas redes sociais e na desconstru\u00e7\u00e3o do discurso de \u00f3dio que atualmente contamina o debate pol\u00edtico. &#8220;A cultura do \u00f3dio dificulta o trabalho dentro desta casa, mas n\u00f3s seguiremos na constru\u00e7\u00e3o dos nossos sonhos e utopias&#8221;, finalizou a deputada.<\/p>\n<p>&nbsp;<\/p>\n","protected":false},"excerpt":{"rendered":"<p>&nbsp; Texto: Renato Cortez, para a M\u00eddia Ninja. Originalmente publicado no Portal Ninja A Frente Parlamentar pela Liberdade de Express\u00e3o e o Direito \u00e0 Comunica\u00e7\u00e3o (Frentecom) tem novo coordenador: o deputado federal Jean Wyllys (PSOL\/RJ) sucede \u00e0 deputada Luiza Erundina (PSOL\/SP) no comando da frente, cujo objetivo \u00e9 acompanhar os debates relacionados ao direito \u00e0 [&hellip;]<\/p>\n","protected":false},"author":2,"featured_media":13449,"comment_status":"open","ping_status":"open","sticky":false,"template":"","format":"standard","meta":{"_acf_changed":false,"footnotes":""},"categories":[10,1882,6],"tags":[4502,411,4503,4504,663,553,3733,22],"class_list":{"0":"post-13439","1":"post","2":"type-post","3":"status-publish","4":"format-standard","5":"has-post-thumbnail","7":"category-acao-parlamentares","8":"category-brasil","9":"category-noticias","10":"tag-1a-confecom","11":"tag-comunicacao","12":"tag-frente-parlamentar-pela-liberdade-de-expressao-e-o-direito-a-comunicacao","13":"tag-frentecom","14":"tag-jean-wyllys","15":"tag-luiza-erundina","16":"tag-midia","17":"tag-psol"},"acf":[],"yoast_head":"<!-- This site is optimized with the Yoast SEO plugin v26.5 - https:\/\/yoast.com\/wordpress\/plugins\/seo\/ -->\n<title>Jean Wyllys \u00e9 o novo coordenador da Frentecom - PSOL 50<\/title>\n<meta name=\"robots\" content=\"index, follow, max-snippet:-1, max-image-preview:large, max-video-preview:-1\" \/>\n<link rel=\"canonical\" href=\"https:\/\/psol50.org.br\/jean-wyllys-e-o-novo-coordenador-da-frentecom\/\" \/>\n<meta property=\"og:locale\" content=\"pt_BR\" \/>\n<meta property=\"og:type\" content=\"article\" \/>\n<meta property=\"og:title\" content=\"Jean Wyllys \u00e9 o novo coordenador da Frentecom - PSOL 50\" \/>\n<meta property=\"og:description\" content=\"&nbsp; Texto: Renato Cortez, para a M\u00eddia Ninja. Originalmente publicado no Portal Ninja A Frente Parlamentar pela Liberdade de Express\u00e3o e o Direito \u00e0 Comunica\u00e7\u00e3o (Frentecom) tem novo coordenador: o deputado federal Jean Wyllys (PSOL\/RJ) sucede \u00e0 deputada Luiza Erundina (PSOL\/SP) no comando da frente, cujo objetivo \u00e9 acompanhar os debates relacionados ao direito \u00e0 [&hellip;]\" \/>\n<meta property=\"og:url\" content=\"https:\/\/psol50.org.br\/jean-wyllys-e-o-novo-coordenador-da-frentecom\/\" \/>\n<meta property=\"og:site_name\" content=\"PSOL 50\" \/>\n<meta property=\"article:publisher\" content=\"https:\/\/www.facebook.com\/psol50\" \/>\n<meta property=\"article:published_time\" content=\"2016-08-24T15:42:04+00:00\" \/>\n<meta property=\"og:image\" content=\"https:\/\/psol50.org.br\/inc\/uploads\/2018\/07\/capa.png\" \/>\n\t<meta property=\"og:image:width\" content=\"1350\" \/>\n\t<meta property=\"og:image:height\" content=\"900\" \/>\n\t<meta property=\"og:image:type\" content=\"image\/png\" \/>\n<meta name=\"author\" content=\"Comunica\u00e7\u00e3o PSOL\" \/>\n<meta name=\"twitter:card\" content=\"summary_large_image\" \/>\n<meta name=\"twitter:creator\" content=\"@psol50\" \/>\n<meta name=\"twitter:site\" content=\"@psol50\" \/>\n<meta name=\"twitter:label1\" content=\"Escrito por\" \/>\n\t<meta name=\"twitter:data1\" content=\"Comunica\u00e7\u00e3o PSOL\" \/>\n\t<meta name=\"twitter:label2\" content=\"Est. tempo de leitura\" \/>\n\t<meta name=\"twitter:data2\" content=\"3 minutos\" \/>\n<script type=\"application\/ld+json\" class=\"yoast-schema-graph\">{\"@context\":\"https:\/\/schema.org\",\"@graph\":[{\"@type\":\"Article\",\"@id\":\"https:\/\/psol50.org.br\/jean-wyllys-e-o-novo-coordenador-da-frentecom\/#article\",\"isPartOf\":{\"@id\":\"https:\/\/psol50.org.br\/jean-wyllys-e-o-novo-coordenador-da-frentecom\/\"},\"author\":{\"name\":\"Comunica\u00e7\u00e3o PSOL\",\"@id\":\"https:\/\/psol50.org.br\/#\/schema\/person\/475dfa57d0b815993c714c2e96491fcd\"},\"headline\":\"Jean Wyllys \u00e9 o novo coordenador da Frentecom\",\"datePublished\":\"2016-08-24T15:42:04+00:00\",\"mainEntityOfPage\":{\"@id\":\"https:\/\/psol50.org.br\/jean-wyllys-e-o-novo-coordenador-da-frentecom\/\"},\"wordCount\":605,\"commentCount\":0,\"publisher\":{\"@id\":\"https:\/\/psol50.org.br\/#organization\"},\"image\":{\"@id\":\"https:\/\/psol50.org.br\/jean-wyllys-e-o-novo-coordenador-da-frentecom\/#primaryimage\"},\"thumbnailUrl\":\"\",\"keywords\":[\"1\u00aa Confecom\",\"comunica\u00e7\u00e3o\",\"Frente Parlamentar pela Liberdade de Express\u00e3o e o Direito \u00e0 Comunica\u00e7\u00e3o\",\"Frentecom\",\"Jean Wyllys\",\"Luiza Erundina\",\"m\u00eddia\",\"PSOL\"],\"articleSection\":[\"A\u00e7\u00e3o Parlamentar\",\"Brasil\",\"Not\u00edcias\"],\"inLanguage\":\"pt-BR\",\"potentialAction\":[{\"@type\":\"CommentAction\",\"name\":\"Comment\",\"target\":[\"https:\/\/psol50.org.br\/jean-wyllys-e-o-novo-coordenador-da-frentecom\/#respond\"]}]},{\"@type\":\"WebPage\",\"@id\":\"https:\/\/psol50.org.br\/jean-wyllys-e-o-novo-coordenador-da-frentecom\/\",\"url\":\"https:\/\/psol50.org.br\/jean-wyllys-e-o-novo-coordenador-da-frentecom\/\",\"name\":\"Jean Wyllys \u00e9 o novo coordenador da Frentecom - PSOL 50\",\"isPartOf\":{\"@id\":\"https:\/\/psol50.org.br\/#website\"},\"primaryImageOfPage\":{\"@id\":\"https:\/\/psol50.org.br\/jean-wyllys-e-o-novo-coordenador-da-frentecom\/#primaryimage\"},\"image\":{\"@id\":\"https:\/\/psol50.org.br\/jean-wyllys-e-o-novo-coordenador-da-frentecom\/#primaryimage\"},\"thumbnailUrl\":\"\",\"datePublished\":\"2016-08-24T15:42:04+00:00\",\"breadcrumb\":{\"@id\":\"https:\/\/psol50.org.br\/jean-wyllys-e-o-novo-coordenador-da-frentecom\/#breadcrumb\"},\"inLanguage\":\"pt-BR\",\"potentialAction\":[{\"@type\":\"ReadAction\",\"target\":[\"https:\/\/psol50.org.br\/jean-wyllys-e-o-novo-coordenador-da-frentecom\/\"]}]},{\"@type\":\"ImageObject\",\"inLanguage\":\"pt-BR\",\"@id\":\"https:\/\/psol50.org.br\/jean-wyllys-e-o-novo-coordenador-da-frentecom\/#primaryimage\",\"url\":\"\",\"contentUrl\":\"\"},{\"@type\":\"BreadcrumbList\",\"@id\":\"https:\/\/psol50.org.br\/jean-wyllys-e-o-novo-coordenador-da-frentecom\/#breadcrumb\",\"itemListElement\":[{\"@type\":\"ListItem\",\"position\":1,\"name\":\"In\u00edcio\",\"item\":\"https:\/\/psol50.org.br\/\"},{\"@type\":\"ListItem\",\"position\":2,\"name\":\"Jean Wyllys \u00e9 o novo coordenador da Frentecom\"}]},{\"@type\":\"WebSite\",\"@id\":\"https:\/\/psol50.org.br\/#website\",\"url\":\"https:\/\/psol50.org.br\/\",\"name\":\"PSOL 50\",\"description\":\"Site oficial do Partido Socialismo e Liberdade\",\"publisher\":{\"@id\":\"https:\/\/psol50.org.br\/#organization\"},\"alternateName\":\"PSOL50\",\"potentialAction\":[{\"@type\":\"SearchAction\",\"target\":{\"@type\":\"EntryPoint\",\"urlTemplate\":\"https:\/\/psol50.org.br\/?s={search_term_string}\"},\"query-input\":{\"@type\":\"PropertyValueSpecification\",\"valueRequired\":true,\"valueName\":\"search_term_string\"}}],\"inLanguage\":\"pt-BR\"},{\"@type\":\"Organization\",\"@id\":\"https:\/\/psol50.org.br\/#organization\",\"name\":\"PSOL 50\",\"alternateName\":\"PSOL 50\",\"url\":\"https:\/\/psol50.org.br\/\",\"logo\":{\"@type\":\"ImageObject\",\"inLanguage\":\"pt-BR\",\"@id\":\"https:\/\/psol50.org.br\/#\/schema\/logo\/image\/\",\"url\":\"https:\/\/psol50.org.br\/inc\/uploads\/2018\/07\/capa.png\",\"contentUrl\":\"https:\/\/psol50.org.br\/inc\/uploads\/2018\/07\/capa.png\",\"width\":1350,\"height\":900,\"caption\":\"PSOL 50\"},\"image\":{\"@id\":\"https:\/\/psol50.org.br\/#\/schema\/logo\/image\/\"},\"sameAs\":[\"https:\/\/www.facebook.com\/psol50\",\"https:\/\/x.com\/psol50\",\"https:\/\/www.instagram.com\/psol50\/\",\"https:\/\/www.youtube.com\/channel\/UC7SnJS5o1os7a6CaiNabzcg\"]},{\"@type\":\"Person\",\"@id\":\"https:\/\/psol50.org.br\/#\/schema\/person\/475dfa57d0b815993c714c2e96491fcd\",\"name\":\"Comunica\u00e7\u00e3o PSOL\",\"image\":{\"@type\":\"ImageObject\",\"inLanguage\":\"pt-BR\",\"@id\":\"https:\/\/psol50.org.br\/#\/schema\/person\/image\/\",\"url\":\"https:\/\/secure.gravatar.com\/avatar\/b34fc4f4e468a4e51785917065a3db57b841f5c95dba6ad8c73aaf8f66f8f9bf?s=96&d=mm&r=g\",\"contentUrl\":\"https:\/\/secure.gravatar.com\/avatar\/b34fc4f4e468a4e51785917065a3db57b841f5c95dba6ad8c73aaf8f66f8f9bf?s=96&d=mm&r=g\",\"caption\":\"Comunica\u00e7\u00e3o PSOL\"}}]}<\/script>\n<!-- \/ Yoast SEO plugin. -->","yoast_head_json":{"title":"Jean Wyllys \u00e9 o novo coordenador da Frentecom - PSOL 50","robots":{"index":"index","follow":"follow","max-snippet":"max-snippet:-1","max-image-preview":"max-image-preview:large","max-video-preview":"max-video-preview:-1"},"canonical":"https:\/\/psol50.org.br\/jean-wyllys-e-o-novo-coordenador-da-frentecom\/","og_locale":"pt_BR","og_type":"article","og_title":"Jean Wyllys \u00e9 o novo coordenador da Frentecom - PSOL 50","og_description":"&nbsp; Texto: Renato Cortez, para a M\u00eddia Ninja. Originalmente publicado no Portal Ninja A Frente Parlamentar pela Liberdade de Express\u00e3o e o Direito \u00e0 Comunica\u00e7\u00e3o (Frentecom) tem novo coordenador: o deputado federal Jean Wyllys (PSOL\/RJ) sucede \u00e0 deputada Luiza Erundina (PSOL\/SP) no comando da frente, cujo objetivo \u00e9 acompanhar os debates relacionados ao direito \u00e0 [&hellip;]","og_url":"https:\/\/psol50.org.br\/jean-wyllys-e-o-novo-coordenador-da-frentecom\/","og_site_name":"PSOL 50","article_publisher":"https:\/\/www.facebook.com\/psol50","article_published_time":"2016-08-24T15:42:04+00:00","og_image":[{"width":1350,"height":900,"url":"https:\/\/psol50.org.br\/inc\/uploads\/2018\/07\/capa.png","type":"image\/png"}],"author":"Comunica\u00e7\u00e3o PSOL","twitter_card":"summary_large_image","twitter_creator":"@psol50","twitter_site":"@psol50","twitter_misc":{"Escrito por":"Comunica\u00e7\u00e3o PSOL","Est. tempo de leitura":"3 minutos"},"schema":{"@context":"https:\/\/schema.org","@graph":[{"@type":"Article","@id":"https:\/\/psol50.org.br\/jean-wyllys-e-o-novo-coordenador-da-frentecom\/#article","isPartOf":{"@id":"https:\/\/psol50.org.br\/jean-wyllys-e-o-novo-coordenador-da-frentecom\/"},"author":{"name":"Comunica\u00e7\u00e3o PSOL","@id":"https:\/\/psol50.org.br\/#\/schema\/person\/475dfa57d0b815993c714c2e96491fcd"},"headline":"Jean Wyllys \u00e9 o novo coordenador da Frentecom","datePublished":"2016-08-24T15:42:04+00:00","mainEntityOfPage":{"@id":"https:\/\/psol50.org.br\/jean-wyllys-e-o-novo-coordenador-da-frentecom\/"},"wordCount":605,"commentCount":0,"publisher":{"@id":"https:\/\/psol50.org.br\/#organization"},"image":{"@id":"https:\/\/psol50.org.br\/jean-wyllys-e-o-novo-coordenador-da-frentecom\/#primaryimage"},"thumbnailUrl":"","keywords":["1\u00aa Confecom","comunica\u00e7\u00e3o","Frente Parlamentar pela Liberdade de Express\u00e3o e o Direito \u00e0 Comunica\u00e7\u00e3o","Frentecom","Jean Wyllys","Luiza Erundina","m\u00eddia","PSOL"],"articleSection":["A\u00e7\u00e3o Parlamentar","Brasil","Not\u00edcias"],"inLanguage":"pt-BR","potentialAction":[{"@type":"CommentAction","name":"Comment","target":["https:\/\/psol50.org.br\/jean-wyllys-e-o-novo-coordenador-da-frentecom\/#respond"]}]},{"@type":"WebPage","@id":"https:\/\/psol50.org.br\/jean-wyllys-e-o-novo-coordenador-da-frentecom\/","url":"https:\/\/psol50.org.br\/jean-wyllys-e-o-novo-coordenador-da-frentecom\/","name":"Jean Wyllys \u00e9 o novo coordenador da Frentecom - PSOL 50","isPartOf":{"@id":"https:\/\/psol50.org.br\/#website"},"primaryImageOfPage":{"@id":"https:\/\/psol50.org.br\/jean-wyllys-e-o-novo-coordenador-da-frentecom\/#primaryimage"},"image":{"@id":"https:\/\/psol50.org.br\/jean-wyllys-e-o-novo-coordenador-da-frentecom\/#primaryimage"},"thumbnailUrl":"","datePublished":"2016-08-24T15:42:04+00:00","breadcrumb":{"@id":"https:\/\/psol50.org.br\/jean-wyllys-e-o-novo-coordenador-da-frentecom\/#breadcrumb"},"inLanguage":"pt-BR","potentialAction":[{"@type":"ReadAction","target":["https:\/\/psol50.org.br\/jean-wyllys-e-o-novo-coordenador-da-frentecom\/"]}]},{"@type":"ImageObject","inLanguage":"pt-BR","@id":"https:\/\/psol50.org.br\/jean-wyllys-e-o-novo-coordenador-da-frentecom\/#primaryimage","url":"","contentUrl":""},{"@type":"BreadcrumbList","@id":"https:\/\/psol50.org.br\/jean-wyllys-e-o-novo-coordenador-da-frentecom\/#breadcrumb","itemListElement":[{"@type":"ListItem","position":1,"name":"In\u00edcio","item":"https:\/\/psol50.org.br\/"},{"@type":"ListItem","position":2,"name":"Jean Wyllys \u00e9 o novo coordenador da Frentecom"}]},{"@type":"WebSite","@id":"https:\/\/psol50.org.br\/#website","url":"https:\/\/psol50.org.br\/","name":"PSOL 50","description":"Site oficial do Partido Socialismo e Liberdade","publisher":{"@id":"https:\/\/psol50.org.br\/#organization"},"alternateName":"PSOL50","potentialAction":[{"@type":"SearchAction","target":{"@type":"EntryPoint","urlTemplate":"https:\/\/psol50.org.br\/?s={search_term_string}"},"query-input":{"@type":"PropertyValueSpecification","valueRequired":true,"valueName":"search_term_string"}}],"inLanguage":"pt-BR"},{"@type":"Organization","@id":"https:\/\/psol50.org.br\/#organization","name":"PSOL 50","alternateName":"PSOL 50","url":"https:\/\/psol50.org.br\/","logo":{"@type":"ImageObject","inLanguage":"pt-BR","@id":"https:\/\/psol50.org.br\/#\/schema\/logo\/image\/","url":"https:\/\/psol50.org.br\/inc\/uploads\/2018\/07\/capa.png","contentUrl":"https:\/\/psol50.org.br\/inc\/uploads\/2018\/07\/capa.png","width":1350,"height":900,"caption":"PSOL 50"},"image":{"@id":"https:\/\/psol50.org.br\/#\/schema\/logo\/image\/"},"sameAs":["https:\/\/www.facebook.com\/psol50","https:\/\/x.com\/psol50","https:\/\/www.instagram.com\/psol50\/","https:\/\/www.youtube.com\/channel\/UC7SnJS5o1os7a6CaiNabzcg"]},{"@type":"Person","@id":"https:\/\/psol50.org.br\/#\/schema\/person\/475dfa57d0b815993c714c2e96491fcd","name":"Comunica\u00e7\u00e3o PSOL","image":{"@type":"ImageObject","inLanguage":"pt-BR","@id":"https:\/\/psol50.org.br\/#\/schema\/person\/image\/","url":"https:\/\/secure.gravatar.com\/avatar\/b34fc4f4e468a4e51785917065a3db57b841f5c95dba6ad8c73aaf8f66f8f9bf?s=96&d=mm&r=g","contentUrl":"https:\/\/secure.gravatar.com\/avatar\/b34fc4f4e468a4e51785917065a3db57b841f5c95dba6ad8c73aaf8f66f8f9bf?s=96&d=mm&r=g","caption":"Comunica\u00e7\u00e3o PSOL"}}]}},"_links":{"self":[{"href":"https:\/\/psol50.org.br\/rest\/wp\/v2\/posts\/13439","targetHints":{"allow":["GET"]}}],"collection":[{"href":"https:\/\/psol50.org.br\/rest\/wp\/v2\/posts"}],"about":[{"href":"https:\/\/psol50.org.br\/rest\/wp\/v2\/types\/post"}],"author":[{"embeddable":true,"href":"https:\/\/psol50.org.br\/rest\/wp\/v2\/users\/2"}],"replies":[{"embeddable":true,"href":"https:\/\/psol50.org.br\/rest\/wp\/v2\/comments?post=13439"}],"version-history":[{"count":0,"href":"https:\/\/psol50.org.br\/rest\/wp\/v2\/posts\/13439\/revisions"}],"wp:featuredmedia":[{"embeddable":true,"href":"https:\/\/psol50.org.br\/rest\/"}],"wp:attachment":[{"href":"https:\/\/psol50.org.br\/rest\/wp\/v2\/media?parent=13439"}],"wp:term":[{"taxonomy":"category","embeddable":true,"href":"https:\/\/psol50.org.br\/rest\/wp\/v2\/categories?post=13439"},{"taxonomy":"post_tag","embeddable":true,"href":"https:\/\/psol50.org.br\/rest\/wp\/v2\/tags?post=13439"}],"curies":[{"name":"wp","href":"https:\/\/api.w.org\/{rel}","templated":true}]}}