{"id":13491,"date":"2016-08-26T20:23:14","date_gmt":"2016-08-26T20:23:14","guid":{"rendered":"http:\/\/www.psol50.org.br\/?p=13491"},"modified":"2016-08-26T20:23:14","modified_gmt":"2016-08-26T20:23:14","slug":"janot-concorda-com-acao-do-psol-e-pede-veto-a-concessoes-de-radio-e-tv-a-politicos","status":"publish","type":"post","link":"https:\/\/psol50.org.br\/janot-concorda-com-acao-do-psol-e-pede-veto-a-concessoes-de-radio-e-tv-a-politicos\/","title":{"rendered":"Janot concorda com a\u00e7\u00e3o do PSOL e pede veto a concess\u00f5es de r\u00e1dio e TV a pol\u00edticos"},"content":{"rendered":"<p>O procurador-geral da Rep\u00fablica, Rodrigo Janot, pediu no Supremo Tribunal Federal (STF) veto \u00e0 participa\u00e7\u00e3o de pol\u00edticos em empresas de r\u00e1dio e televis\u00e3o. O PSOL moveu, em dezembro de 2015, uma A\u00e7\u00e3o por Descumprimento de Preceito Fundamental (ADPF) constru\u00edda pelo coletivo <a href=\"https:\/\/www.facebook.com\/intervozes\/?fref=ts\" target=\"_blank\" rel=\"noopener\"><span style=\"color: #3366ff\"><strong>Intervozes<\/strong><\/span><\/a> pedindo exatamente o fim da posse de emissoras por pol\u00edticos.<\/p>\n<p>A manifesta\u00e7\u00e3o de Janot est\u00e1 nos autos do processo. Para ele, detentores de mandatos eletivos n\u00e3o podem ter qualquer tipo de participa\u00e7\u00e3o, inclusive indireta, em empresas de radiodifus\u00e3o, j\u00e1 que dependem de concess\u00e3o p\u00fablica para funcionar.<\/p>\n<p>O procurador pede decis\u00e3o cautelar para que o governo federal n\u00e3o libere as outorgas nestes casos e, tamb\u00e9m, que o Judici\u00e1rio e o Congresso Nacional n\u00e3o deem posse a pol\u00edticos que estejam s\u00f3cios ou associados em empresas do tipo.<\/p>\n<p>Hoje, violando partes da Constitui\u00e7\u00e3o, pol\u00edticos podem ser s\u00f3cios de r\u00e1dios e TVs, s\u00f3 n\u00e3o podem exercer cargo em sua diretoria.<\/p>\n<p>Segundo apurou a\u00a0<em>Folha de S. Paulo<\/em>, Janot escreve nos autos:\u00a0&#8220;Pessoas jur\u00eddicas controladas ou compostas por detentores de mandato parlamentar podem interferir e de fato interferem, na medida do interesse de seus s\u00f3cios e associados, na divulga\u00e7\u00e3o de opini\u00f5es e de informa\u00e7\u00f5es, e impedem que meios de comunica\u00e7\u00e3o cumpram seu dever de divulgar not\u00edcias e pontos de vista socialmente relevantes e diversificados e de fiscalizar o exerc\u00edcio do poder p\u00fablico e as atividades da iniciativa privada&#8221;.<\/p>\n<p>Na a\u00e7\u00e3o encaminhada ao STF, o partido pede o cancelamento de outorgas de emissoras a parlamentares que integram o Congresso no per\u00edodo de 2015 a 2018. \u201cN\u00f3s entendemos, nesse caso, que existe uma viola\u00e7\u00e3o clara em rela\u00e7\u00e3o \u00e0 legisla\u00e7\u00e3o visto que a fun\u00e7\u00e3o da imprensa \u00e9 de justamente controlar o exerc\u00edcio do poder p\u00fablico e, por isso, precisa ter autonomia\u201d, disse Br\u00e1ulio Ara\u00fajo, um dos advogados respons\u00e1veis pela a\u00e7\u00e3o, em entrevista ao Portal da EBC.<\/p>\n<p>Em novembro de 2015, diversas entidades da sociedade civil defensoras do direito \u00e0 comunica\u00e7\u00e3o e da democratiza\u00e7\u00e3o da m\u00eddia entregaram ao Minist\u00e9rio Publico Federal (MPF) uma representa\u00e7\u00e3o denunciando os 40 parlamentares que s\u00e3o concession\u00e1rios de r\u00e1dio e TV. A expectativa era de que o MPF, por meio de suas sedes estaduais, entre com a\u00e7\u00f5es para cancelar as licen\u00e7as.<\/p>\n<p>Entre os mais influentes pol\u00edticos do pa\u00eds que s\u00e3o s\u00f3cios ou detentores de ve\u00edculos de comunica\u00e7\u00e3o est\u00e3o os senadores A\u00e9cio Neves (MG), presidente do PSDB, Edison Lob\u00e3o (PMDB-MA), Jos\u00e9 Agripino Maia (DEM-RN), Fernando Collor de Mello (PTB-AL), Jader Barbalho (PMDB-PA) e Tasso Jereissati (PSDB-CE). No total, os 40 parlamentares radiodifusores aparecem como s\u00f3cios de 93 emissoras.<\/p>\n<p>Confira <a href=\"http:\/\/intervozes.org.br\/mpf-recebera-representacao-contra-politicos-donos-de-radio-e-tv\/\" target=\"_blank\" rel=\"noopener\"><span style=\"color: #3366ff\"><strong>clicando aqui<\/strong><\/span><\/a> a lista dos parlamentares s\u00f3cios ou propriet\u00e1rios em empresas de radiodifus\u00e3o entregues ao MPF por organiza\u00e7\u00f5es da sociedade civil<\/p>\n","protected":false},"excerpt":{"rendered":"<p>O procurador-geral da Rep\u00fablica, Rodrigo Janot, pediu no Supremo Tribunal Federal (STF) veto \u00e0 participa\u00e7\u00e3o de pol\u00edticos em empresas de r\u00e1dio e televis\u00e3o. O PSOL moveu, em dezembro de 2015, uma A\u00e7\u00e3o por Descumprimento de Preceito Fundamental (ADPF) constru\u00edda pelo coletivo Intervozes pedindo exatamente o fim da posse de emissoras por pol\u00edticos. A manifesta\u00e7\u00e3o de [&hellip;]<\/p>\n","protected":false},"author":2,"featured_media":10694,"comment_status":"open","ping_status":"open","sticky":false,"template":"","format":"standard","meta":{"_acf_changed":false,"footnotes":""},"categories":[1882,1104,6],"tags":[1116,4507,76,1410,22,45],"class_list":{"0":"post-13491","1":"post","2":"type-post","3":"status-publish","4":"format-standard","5":"has-post-thumbnail","7":"category-brasil","8":"category-movimento","9":"category-noticias","10":"tag-adpf","11":"tag-janot","12":"tag-mpf","13":"tag-politicos-donos-da-midia","14":"tag-psol","15":"tag-stf"},"acf":[],"yoast_head":"<!-- This site is optimized with the Yoast SEO plugin v26.5 - https:\/\/yoast.com\/wordpress\/plugins\/seo\/ -->\n<title>Janot concorda com a\u00e7\u00e3o do PSOL e pede veto a concess\u00f5es de r\u00e1dio e TV a pol\u00edticos - PSOL 50<\/title>\n<meta name=\"robots\" content=\"index, follow, max-snippet:-1, max-image-preview:large, max-video-preview:-1\" \/>\n<link rel=\"canonical\" href=\"https:\/\/psol50.org.br\/janot-concorda-com-acao-do-psol-e-pede-veto-a-concessoes-de-radio-e-tv-a-politicos\/\" \/>\n<meta property=\"og:locale\" content=\"pt_BR\" \/>\n<meta property=\"og:type\" content=\"article\" \/>\n<meta property=\"og:title\" content=\"Janot concorda com a\u00e7\u00e3o do PSOL e pede veto a concess\u00f5es de r\u00e1dio e TV a pol\u00edticos - PSOL 50\" \/>\n<meta property=\"og:description\" content=\"O procurador-geral da Rep\u00fablica, Rodrigo Janot, pediu no Supremo Tribunal Federal (STF) veto \u00e0 participa\u00e7\u00e3o de pol\u00edticos em empresas de r\u00e1dio e televis\u00e3o. O PSOL moveu, em dezembro de 2015, uma A\u00e7\u00e3o por Descumprimento de Preceito Fundamental (ADPF) constru\u00edda pelo coletivo Intervozes pedindo exatamente o fim da posse de emissoras por pol\u00edticos. A manifesta\u00e7\u00e3o de [&hellip;]\" \/>\n<meta property=\"og:url\" content=\"https:\/\/psol50.org.br\/janot-concorda-com-acao-do-psol-e-pede-veto-a-concessoes-de-radio-e-tv-a-politicos\/\" \/>\n<meta property=\"og:site_name\" content=\"PSOL 50\" \/>\n<meta property=\"article:publisher\" content=\"https:\/\/www.facebook.com\/psol50\" \/>\n<meta property=\"article:published_time\" content=\"2016-08-26T20:23:14+00:00\" \/>\n<meta property=\"og:image\" content=\"https:\/\/psol50.org.br\/inc\/uploads\/2015\/11\/Politicos-donos-da-midia.jpg\" \/>\n\t<meta property=\"og:image:width\" content=\"600\" \/>\n\t<meta property=\"og:image:height\" content=\"378\" \/>\n\t<meta property=\"og:image:type\" content=\"image\/jpeg\" \/>\n<meta name=\"author\" content=\"Comunica\u00e7\u00e3o PSOL\" \/>\n<meta name=\"twitter:card\" content=\"summary_large_image\" \/>\n<meta name=\"twitter:creator\" content=\"@psol50\" \/>\n<meta name=\"twitter:site\" content=\"@psol50\" \/>\n<meta name=\"twitter:label1\" content=\"Escrito por\" \/>\n\t<meta name=\"twitter:data1\" content=\"Comunica\u00e7\u00e3o PSOL\" \/>\n\t<meta name=\"twitter:label2\" content=\"Est. tempo de leitura\" \/>\n\t<meta name=\"twitter:data2\" content=\"2 minutos\" \/>\n<script type=\"application\/ld+json\" class=\"yoast-schema-graph\">{\"@context\":\"https:\/\/schema.org\",\"@graph\":[{\"@type\":\"Article\",\"@id\":\"https:\/\/psol50.org.br\/janot-concorda-com-acao-do-psol-e-pede-veto-a-concessoes-de-radio-e-tv-a-politicos\/#article\",\"isPartOf\":{\"@id\":\"https:\/\/psol50.org.br\/janot-concorda-com-acao-do-psol-e-pede-veto-a-concessoes-de-radio-e-tv-a-politicos\/\"},\"author\":{\"name\":\"Comunica\u00e7\u00e3o PSOL\",\"@id\":\"https:\/\/psol50.org.br\/#\/schema\/person\/475dfa57d0b815993c714c2e96491fcd\"},\"headline\":\"Janot concorda com a\u00e7\u00e3o do PSOL e pede veto a concess\u00f5es de r\u00e1dio e TV a pol\u00edticos\",\"datePublished\":\"2016-08-26T20:23:14+00:00\",\"mainEntityOfPage\":{\"@id\":\"https:\/\/psol50.org.br\/janot-concorda-com-acao-do-psol-e-pede-veto-a-concessoes-de-radio-e-tv-a-politicos\/\"},\"wordCount\":518,\"commentCount\":0,\"publisher\":{\"@id\":\"https:\/\/psol50.org.br\/#organization\"},\"image\":{\"@id\":\"https:\/\/psol50.org.br\/janot-concorda-com-acao-do-psol-e-pede-veto-a-concessoes-de-radio-e-tv-a-politicos\/#primaryimage\"},\"thumbnailUrl\":\"https:\/\/psol50.org.br\/inc\/uploads\/2015\/11\/Politicos-donos-da-midia.jpg\",\"keywords\":[\"ADPF\",\"Janot\",\"MPF\",\"pol\u00edticos donos da m\u00eddia\",\"PSOL\",\"STF\"],\"articleSection\":[\"Brasil\",\"Movimento\",\"Not\u00edcias\"],\"inLanguage\":\"pt-BR\",\"potentialAction\":[{\"@type\":\"CommentAction\",\"name\":\"Comment\",\"target\":[\"https:\/\/psol50.org.br\/janot-concorda-com-acao-do-psol-e-pede-veto-a-concessoes-de-radio-e-tv-a-politicos\/#respond\"]}]},{\"@type\":\"WebPage\",\"@id\":\"https:\/\/psol50.org.br\/janot-concorda-com-acao-do-psol-e-pede-veto-a-concessoes-de-radio-e-tv-a-politicos\/\",\"url\":\"https:\/\/psol50.org.br\/janot-concorda-com-acao-do-psol-e-pede-veto-a-concessoes-de-radio-e-tv-a-politicos\/\",\"name\":\"Janot concorda com a\u00e7\u00e3o do PSOL e pede veto a concess\u00f5es de r\u00e1dio e TV a pol\u00edticos - PSOL 50\",\"isPartOf\":{\"@id\":\"https:\/\/psol50.org.br\/#website\"},\"primaryImageOfPage\":{\"@id\":\"https:\/\/psol50.org.br\/janot-concorda-com-acao-do-psol-e-pede-veto-a-concessoes-de-radio-e-tv-a-politicos\/#primaryimage\"},\"image\":{\"@id\":\"https:\/\/psol50.org.br\/janot-concorda-com-acao-do-psol-e-pede-veto-a-concessoes-de-radio-e-tv-a-politicos\/#primaryimage\"},\"thumbnailUrl\":\"https:\/\/psol50.org.br\/inc\/uploads\/2015\/11\/Politicos-donos-da-midia.jpg\",\"datePublished\":\"2016-08-26T20:23:14+00:00\",\"breadcrumb\":{\"@id\":\"https:\/\/psol50.org.br\/janot-concorda-com-acao-do-psol-e-pede-veto-a-concessoes-de-radio-e-tv-a-politicos\/#breadcrumb\"},\"inLanguage\":\"pt-BR\",\"potentialAction\":[{\"@type\":\"ReadAction\",\"target\":[\"https:\/\/psol50.org.br\/janot-concorda-com-acao-do-psol-e-pede-veto-a-concessoes-de-radio-e-tv-a-politicos\/\"]}]},{\"@type\":\"ImageObject\",\"inLanguage\":\"pt-BR\",\"@id\":\"https:\/\/psol50.org.br\/janot-concorda-com-acao-do-psol-e-pede-veto-a-concessoes-de-radio-e-tv-a-politicos\/#primaryimage\",\"url\":\"https:\/\/psol50.org.br\/inc\/uploads\/2015\/11\/Politicos-donos-da-midia.jpg\",\"contentUrl\":\"https:\/\/psol50.org.br\/inc\/uploads\/2015\/11\/Politicos-donos-da-midia.jpg\",\"width\":600,\"height\":378},{\"@type\":\"BreadcrumbList\",\"@id\":\"https:\/\/psol50.org.br\/janot-concorda-com-acao-do-psol-e-pede-veto-a-concessoes-de-radio-e-tv-a-politicos\/#breadcrumb\",\"itemListElement\":[{\"@type\":\"ListItem\",\"position\":1,\"name\":\"In\u00edcio\",\"item\":\"https:\/\/psol50.org.br\/\"},{\"@type\":\"ListItem\",\"position\":2,\"name\":\"Janot concorda com a\u00e7\u00e3o do PSOL e pede veto a concess\u00f5es de r\u00e1dio e TV a pol\u00edticos\"}]},{\"@type\":\"WebSite\",\"@id\":\"https:\/\/psol50.org.br\/#website\",\"url\":\"https:\/\/psol50.org.br\/\",\"name\":\"PSOL 50\",\"description\":\"Site oficial do Partido Socialismo e Liberdade\",\"publisher\":{\"@id\":\"https:\/\/psol50.org.br\/#organization\"},\"alternateName\":\"PSOL50\",\"potentialAction\":[{\"@type\":\"SearchAction\",\"target\":{\"@type\":\"EntryPoint\",\"urlTemplate\":\"https:\/\/psol50.org.br\/?s={search_term_string}\"},\"query-input\":{\"@type\":\"PropertyValueSpecification\",\"valueRequired\":true,\"valueName\":\"search_term_string\"}}],\"inLanguage\":\"pt-BR\"},{\"@type\":\"Organization\",\"@id\":\"https:\/\/psol50.org.br\/#organization\",\"name\":\"PSOL 50\",\"alternateName\":\"PSOL 50\",\"url\":\"https:\/\/psol50.org.br\/\",\"logo\":{\"@type\":\"ImageObject\",\"inLanguage\":\"pt-BR\",\"@id\":\"https:\/\/psol50.org.br\/#\/schema\/logo\/image\/\",\"url\":\"https:\/\/psol50.org.br\/inc\/uploads\/2018\/07\/capa.png\",\"contentUrl\":\"https:\/\/psol50.org.br\/inc\/uploads\/2018\/07\/capa.png\",\"width\":1350,\"height\":900,\"caption\":\"PSOL 50\"},\"image\":{\"@id\":\"https:\/\/psol50.org.br\/#\/schema\/logo\/image\/\"},\"sameAs\":[\"https:\/\/www.facebook.com\/psol50\",\"https:\/\/x.com\/psol50\",\"https:\/\/www.instagram.com\/psol50\/\",\"https:\/\/www.youtube.com\/channel\/UC7SnJS5o1os7a6CaiNabzcg\"]},{\"@type\":\"Person\",\"@id\":\"https:\/\/psol50.org.br\/#\/schema\/person\/475dfa57d0b815993c714c2e96491fcd\",\"name\":\"Comunica\u00e7\u00e3o PSOL\",\"image\":{\"@type\":\"ImageObject\",\"inLanguage\":\"pt-BR\",\"@id\":\"https:\/\/psol50.org.br\/#\/schema\/person\/image\/\",\"url\":\"https:\/\/secure.gravatar.com\/avatar\/b34fc4f4e468a4e51785917065a3db57b841f5c95dba6ad8c73aaf8f66f8f9bf?s=96&d=mm&r=g\",\"contentUrl\":\"https:\/\/secure.gravatar.com\/avatar\/b34fc4f4e468a4e51785917065a3db57b841f5c95dba6ad8c73aaf8f66f8f9bf?s=96&d=mm&r=g\",\"caption\":\"Comunica\u00e7\u00e3o PSOL\"}}]}<\/script>\n<!-- \/ Yoast SEO plugin. -->","yoast_head_json":{"title":"Janot concorda com a\u00e7\u00e3o do PSOL e pede veto a concess\u00f5es de r\u00e1dio e TV a pol\u00edticos - PSOL 50","robots":{"index":"index","follow":"follow","max-snippet":"max-snippet:-1","max-image-preview":"max-image-preview:large","max-video-preview":"max-video-preview:-1"},"canonical":"https:\/\/psol50.org.br\/janot-concorda-com-acao-do-psol-e-pede-veto-a-concessoes-de-radio-e-tv-a-politicos\/","og_locale":"pt_BR","og_type":"article","og_title":"Janot concorda com a\u00e7\u00e3o do PSOL e pede veto a concess\u00f5es de r\u00e1dio e TV a pol\u00edticos - PSOL 50","og_description":"O procurador-geral da Rep\u00fablica, Rodrigo Janot, pediu no Supremo Tribunal Federal (STF) veto \u00e0 participa\u00e7\u00e3o de pol\u00edticos em empresas de r\u00e1dio e televis\u00e3o. O PSOL moveu, em dezembro de 2015, uma A\u00e7\u00e3o por Descumprimento de Preceito Fundamental (ADPF) constru\u00edda pelo coletivo Intervozes pedindo exatamente o fim da posse de emissoras por pol\u00edticos. A manifesta\u00e7\u00e3o de [&hellip;]","og_url":"https:\/\/psol50.org.br\/janot-concorda-com-acao-do-psol-e-pede-veto-a-concessoes-de-radio-e-tv-a-politicos\/","og_site_name":"PSOL 50","article_publisher":"https:\/\/www.facebook.com\/psol50","article_published_time":"2016-08-26T20:23:14+00:00","og_image":[{"width":600,"height":378,"url":"https:\/\/psol50.org.br\/inc\/uploads\/2015\/11\/Politicos-donos-da-midia.jpg","type":"image\/jpeg"}],"author":"Comunica\u00e7\u00e3o PSOL","twitter_card":"summary_large_image","twitter_creator":"@psol50","twitter_site":"@psol50","twitter_misc":{"Escrito por":"Comunica\u00e7\u00e3o PSOL","Est. tempo de leitura":"2 minutos"},"schema":{"@context":"https:\/\/schema.org","@graph":[{"@type":"Article","@id":"https:\/\/psol50.org.br\/janot-concorda-com-acao-do-psol-e-pede-veto-a-concessoes-de-radio-e-tv-a-politicos\/#article","isPartOf":{"@id":"https:\/\/psol50.org.br\/janot-concorda-com-acao-do-psol-e-pede-veto-a-concessoes-de-radio-e-tv-a-politicos\/"},"author":{"name":"Comunica\u00e7\u00e3o PSOL","@id":"https:\/\/psol50.org.br\/#\/schema\/person\/475dfa57d0b815993c714c2e96491fcd"},"headline":"Janot concorda com a\u00e7\u00e3o do PSOL e pede veto a concess\u00f5es de r\u00e1dio e TV a pol\u00edticos","datePublished":"2016-08-26T20:23:14+00:00","mainEntityOfPage":{"@id":"https:\/\/psol50.org.br\/janot-concorda-com-acao-do-psol-e-pede-veto-a-concessoes-de-radio-e-tv-a-politicos\/"},"wordCount":518,"commentCount":0,"publisher":{"@id":"https:\/\/psol50.org.br\/#organization"},"image":{"@id":"https:\/\/psol50.org.br\/janot-concorda-com-acao-do-psol-e-pede-veto-a-concessoes-de-radio-e-tv-a-politicos\/#primaryimage"},"thumbnailUrl":"https:\/\/psol50.org.br\/inc\/uploads\/2015\/11\/Politicos-donos-da-midia.jpg","keywords":["ADPF","Janot","MPF","pol\u00edticos donos da m\u00eddia","PSOL","STF"],"articleSection":["Brasil","Movimento","Not\u00edcias"],"inLanguage":"pt-BR","potentialAction":[{"@type":"CommentAction","name":"Comment","target":["https:\/\/psol50.org.br\/janot-concorda-com-acao-do-psol-e-pede-veto-a-concessoes-de-radio-e-tv-a-politicos\/#respond"]}]},{"@type":"WebPage","@id":"https:\/\/psol50.org.br\/janot-concorda-com-acao-do-psol-e-pede-veto-a-concessoes-de-radio-e-tv-a-politicos\/","url":"https:\/\/psol50.org.br\/janot-concorda-com-acao-do-psol-e-pede-veto-a-concessoes-de-radio-e-tv-a-politicos\/","name":"Janot concorda com a\u00e7\u00e3o do PSOL e pede veto a concess\u00f5es de r\u00e1dio e TV a pol\u00edticos - PSOL 50","isPartOf":{"@id":"https:\/\/psol50.org.br\/#website"},"primaryImageOfPage":{"@id":"https:\/\/psol50.org.br\/janot-concorda-com-acao-do-psol-e-pede-veto-a-concessoes-de-radio-e-tv-a-politicos\/#primaryimage"},"image":{"@id":"https:\/\/psol50.org.br\/janot-concorda-com-acao-do-psol-e-pede-veto-a-concessoes-de-radio-e-tv-a-politicos\/#primaryimage"},"thumbnailUrl":"https:\/\/psol50.org.br\/inc\/uploads\/2015\/11\/Politicos-donos-da-midia.jpg","datePublished":"2016-08-26T20:23:14+00:00","breadcrumb":{"@id":"https:\/\/psol50.org.br\/janot-concorda-com-acao-do-psol-e-pede-veto-a-concessoes-de-radio-e-tv-a-politicos\/#breadcrumb"},"inLanguage":"pt-BR","potentialAction":[{"@type":"ReadAction","target":["https:\/\/psol50.org.br\/janot-concorda-com-acao-do-psol-e-pede-veto-a-concessoes-de-radio-e-tv-a-politicos\/"]}]},{"@type":"ImageObject","inLanguage":"pt-BR","@id":"https:\/\/psol50.org.br\/janot-concorda-com-acao-do-psol-e-pede-veto-a-concessoes-de-radio-e-tv-a-politicos\/#primaryimage","url":"https:\/\/psol50.org.br\/inc\/uploads\/2015\/11\/Politicos-donos-da-midia.jpg","contentUrl":"https:\/\/psol50.org.br\/inc\/uploads\/2015\/11\/Politicos-donos-da-midia.jpg","width":600,"height":378},{"@type":"BreadcrumbList","@id":"https:\/\/psol50.org.br\/janot-concorda-com-acao-do-psol-e-pede-veto-a-concessoes-de-radio-e-tv-a-politicos\/#breadcrumb","itemListElement":[{"@type":"ListItem","position":1,"name":"In\u00edcio","item":"https:\/\/psol50.org.br\/"},{"@type":"ListItem","position":2,"name":"Janot concorda com a\u00e7\u00e3o do PSOL e pede veto a concess\u00f5es de r\u00e1dio e TV a pol\u00edticos"}]},{"@type":"WebSite","@id":"https:\/\/psol50.org.br\/#website","url":"https:\/\/psol50.org.br\/","name":"PSOL 50","description":"Site oficial do Partido Socialismo e Liberdade","publisher":{"@id":"https:\/\/psol50.org.br\/#organization"},"alternateName":"PSOL50","potentialAction":[{"@type":"SearchAction","target":{"@type":"EntryPoint","urlTemplate":"https:\/\/psol50.org.br\/?s={search_term_string}"},"query-input":{"@type":"PropertyValueSpecification","valueRequired":true,"valueName":"search_term_string"}}],"inLanguage":"pt-BR"},{"@type":"Organization","@id":"https:\/\/psol50.org.br\/#organization","name":"PSOL 50","alternateName":"PSOL 50","url":"https:\/\/psol50.org.br\/","logo":{"@type":"ImageObject","inLanguage":"pt-BR","@id":"https:\/\/psol50.org.br\/#\/schema\/logo\/image\/","url":"https:\/\/psol50.org.br\/inc\/uploads\/2018\/07\/capa.png","contentUrl":"https:\/\/psol50.org.br\/inc\/uploads\/2018\/07\/capa.png","width":1350,"height":900,"caption":"PSOL 50"},"image":{"@id":"https:\/\/psol50.org.br\/#\/schema\/logo\/image\/"},"sameAs":["https:\/\/www.facebook.com\/psol50","https:\/\/x.com\/psol50","https:\/\/www.instagram.com\/psol50\/","https:\/\/www.youtube.com\/channel\/UC7SnJS5o1os7a6CaiNabzcg"]},{"@type":"Person","@id":"https:\/\/psol50.org.br\/#\/schema\/person\/475dfa57d0b815993c714c2e96491fcd","name":"Comunica\u00e7\u00e3o PSOL","image":{"@type":"ImageObject","inLanguage":"pt-BR","@id":"https:\/\/psol50.org.br\/#\/schema\/person\/image\/","url":"https:\/\/secure.gravatar.com\/avatar\/b34fc4f4e468a4e51785917065a3db57b841f5c95dba6ad8c73aaf8f66f8f9bf?s=96&d=mm&r=g","contentUrl":"https:\/\/secure.gravatar.com\/avatar\/b34fc4f4e468a4e51785917065a3db57b841f5c95dba6ad8c73aaf8f66f8f9bf?s=96&d=mm&r=g","caption":"Comunica\u00e7\u00e3o PSOL"}}]}},"_links":{"self":[{"href":"https:\/\/psol50.org.br\/rest\/wp\/v2\/posts\/13491","targetHints":{"allow":["GET"]}}],"collection":[{"href":"https:\/\/psol50.org.br\/rest\/wp\/v2\/posts"}],"about":[{"href":"https:\/\/psol50.org.br\/rest\/wp\/v2\/types\/post"}],"author":[{"embeddable":true,"href":"https:\/\/psol50.org.br\/rest\/wp\/v2\/users\/2"}],"replies":[{"embeddable":true,"href":"https:\/\/psol50.org.br\/rest\/wp\/v2\/comments?post=13491"}],"version-history":[{"count":0,"href":"https:\/\/psol50.org.br\/rest\/wp\/v2\/posts\/13491\/revisions"}],"wp:featuredmedia":[{"embeddable":true,"href":"https:\/\/psol50.org.br\/rest\/wp\/v2\/media\/10694"}],"wp:attachment":[{"href":"https:\/\/psol50.org.br\/rest\/wp\/v2\/media?parent=13491"}],"wp:term":[{"taxonomy":"category","embeddable":true,"href":"https:\/\/psol50.org.br\/rest\/wp\/v2\/categories?post=13491"},{"taxonomy":"post_tag","embeddable":true,"href":"https:\/\/psol50.org.br\/rest\/wp\/v2\/tags?post=13491"}],"curies":[{"name":"wp","href":"https:\/\/api.w.org\/{rel}","templated":true}]}}