{"id":13499,"date":"2016-08-29T13:11:48","date_gmt":"2016-08-29T13:11:48","guid":{"rendered":"http:\/\/www.psol50.org.br\/?p=13499"},"modified":"2016-08-29T13:11:48","modified_gmt":"2016-08-29T13:11:48","slug":"edmilson-rodrigues-mantem-favoritismo-nas-pesquisas-de-intencao-de-votos-em-belem","status":"publish","type":"post","link":"https:\/\/psol50.org.br\/edmilson-rodrigues-mantem-favoritismo-nas-pesquisas-de-intencao-de-votos-em-belem\/","title":{"rendered":"Edmilson Rodrigues mant\u00e9m favoritismo nas pesquisas de inten\u00e7\u00e3o de votos em Bel\u00e9m"},"content":{"rendered":"<p>A mais recente pesquisa de inten\u00e7\u00e3o de votos para a prefeitura de Bel\u00e9m traz o candidato do PSOL em primeiro lugar, na inten\u00e7\u00e3o de votos dos entrevistados. O instituto Ibope divulgou no \u00faltimo s\u00e1bado (27) sua primeira pesquisa para essas elei\u00e7\u00f5es e <strong><a href=\"https:\/\/www.facebook.com\/edmilsonpsol\" target=\"_blank\" rel=\"noopener\">Edmilson Rodrigues<\/a><\/strong> aparece com 37%, seguido de\u00a0\u00c9der Mauro (PSD), com 28%. Em terceiro lugar est\u00e1 o atual prefeito da capital paraense, Zenaldo Coutinho (PSDB), com 11%. Os demais candidatos aparecem na seguinte ordem na inten\u00e7\u00e3o de votos: Ursula Vidal(Rede) 4%; Regina Barata (PT), 3%; Professor Maneschy (PMDB), 2%; Cleber Rabelo\u00a0(PSTU) 1%; Lelio Costa\u00a0(PCdoB) 1%; Professor Ivanildo\u00a0(PRTB) 1%; e Luis Menezes\u00a0(PCB) 0%. Brancos e nulos somaram 9% e 3% n\u00e3o sabe em quem votar ou n\u00e3o respondeu \u00e0s perguntas.<\/p>\n<p>O Ibope ouviu 602 eleitores da cidade de Bel\u00e9m entre os dias 22 e 25 de agosto. A margem de erro \u00e9 de quatro pontos percentuais, para mais ou para menos. O n\u00edvel de confian\u00e7a \u00e9 de 95%, o que significa que, considerando a margem de erro, a chance de o resultado retratar a realidade \u00e9 de 95%. A pesquisa foi registrada no Tribunal Regional Eleitoral (TRE) sob o protocolo PA-06401\/2016.<\/p>\n<p><strong>1\u00ba lugar tamb\u00e9m na espont\u00e2nea<\/strong><br \/>\nEdmilson Rodrigues aparece em primeiro lugar tamb\u00e9m na modalidade espont\u00e2nea da pesquisa (em que o pesquisador somente pergunta ao eleitor em quem ele pretende votar, sem apresentar a rela\u00e7\u00e3o de candidatos). Nesse caso, 28% dos entrevistados disseram que votam no candidato do PSOL. \u00c9der Mauro aparece em segundo, com 17%; e Zenaldo Coutinho (PSDB) em terceiro com 8%<\/p>\n<p>Quanto \u00e0 expectativa de vit\u00f3ria, 50% dos eleitores entrevistados, independente da inten\u00e7\u00e3o de votos, disseram acreditar que Edmilson vencer\u00e1 as elei\u00e7\u00f5es de outubro.<\/p>\n<p><strong>Atual prefeito tem avalia\u00e7\u00e3o ruim<\/strong><br \/>\nSobre a avalia\u00e7\u00e3o da administra\u00e7\u00e3o do candidato tucano \u00e0 reelei\u00e7\u00e3o, Zenaldo Coutinho, a pesquisa Ibope apontou que 49% dos eleitores consideram o seu desempenho ruim ou p\u00e9ssima. J\u00e1 73% desaprovam a forma como Zenaldo vem administrando o munic\u00edpio, contra apenas 21% que disseram aprovar. A avalia\u00e7\u00e3o \u00f3tima ou boa soma 11% e regular 38%.<\/p>\n<p align=\"left\">\n","protected":false},"excerpt":{"rendered":"<p>A mais recente pesquisa de inten\u00e7\u00e3o de votos para a prefeitura de Bel\u00e9m traz o candidato do PSOL em primeiro lugar, na inten\u00e7\u00e3o de votos dos entrevistados. O instituto Ibope divulgou no \u00faltimo s\u00e1bado (27) sua primeira pesquisa para essas elei\u00e7\u00f5es e Edmilson Rodrigues aparece com 37%, seguido de\u00a0\u00c9der Mauro (PSD), com 28%. Em terceiro [&hellip;]<\/p>\n","protected":false},"author":2,"featured_media":13503,"comment_status":"open","ping_status":"open","sticky":false,"template":"","format":"standard","meta":{"_acf_changed":false,"footnotes":""},"categories":[1882,2833,654,6],"tags":[643,973,3028,4398,403,345,22],"class_list":{"0":"post-13499","1":"post","2":"type-post","3":"status-publish","4":"format-standard","5":"has-post-thumbnail","7":"category-brasil","8":"category-eleicoes-2016","9":"category-estados","10":"category-noticias","11":"tag-belem","12":"tag-edmilson-rodrigues","13":"tag-ibope","14":"tag-intencao-de-votos","15":"tag-pesquisa","16":"tag-prefeitura","17":"tag-psol"},"acf":[],"yoast_head":"<!-- This site is optimized with the Yoast SEO plugin v26.5 - https:\/\/yoast.com\/wordpress\/plugins\/seo\/ -->\n<title>Edmilson Rodrigues mant\u00e9m favoritismo nas pesquisas de inten\u00e7\u00e3o de votos em Bel\u00e9m - PSOL 50<\/title>\n<meta name=\"robots\" content=\"index, follow, max-snippet:-1, max-image-preview:large, max-video-preview:-1\" \/>\n<link rel=\"canonical\" href=\"https:\/\/psol50.org.br\/edmilson-rodrigues-mantem-favoritismo-nas-pesquisas-de-intencao-de-votos-em-belem\/\" \/>\n<meta property=\"og:locale\" content=\"pt_BR\" \/>\n<meta property=\"og:type\" content=\"article\" \/>\n<meta property=\"og:title\" content=\"Edmilson Rodrigues mant\u00e9m favoritismo nas pesquisas de inten\u00e7\u00e3o de votos em Bel\u00e9m - PSOL 50\" \/>\n<meta property=\"og:description\" content=\"A mais recente pesquisa de inten\u00e7\u00e3o de votos para a prefeitura de Bel\u00e9m traz o candidato do PSOL em primeiro lugar, na inten\u00e7\u00e3o de votos dos entrevistados. O instituto Ibope divulgou no \u00faltimo s\u00e1bado (27) sua primeira pesquisa para essas elei\u00e7\u00f5es e Edmilson Rodrigues aparece com 37%, seguido de\u00a0\u00c9der Mauro (PSD), com 28%. Em terceiro [&hellip;]\" \/>\n<meta property=\"og:url\" content=\"https:\/\/psol50.org.br\/edmilson-rodrigues-mantem-favoritismo-nas-pesquisas-de-intencao-de-votos-em-belem\/\" \/>\n<meta property=\"og:site_name\" content=\"PSOL 50\" \/>\n<meta property=\"article:publisher\" content=\"https:\/\/www.facebook.com\/psol50\" \/>\n<meta property=\"article:published_time\" content=\"2016-08-29T13:11:48+00:00\" \/>\n<meta property=\"og:image\" content=\"https:\/\/psol50.org.br\/inc\/uploads\/2018\/07\/capa.png\" \/>\n\t<meta property=\"og:image:width\" content=\"1350\" \/>\n\t<meta property=\"og:image:height\" content=\"900\" \/>\n\t<meta property=\"og:image:type\" content=\"image\/png\" \/>\n<meta name=\"author\" content=\"Comunica\u00e7\u00e3o PSOL\" \/>\n<meta name=\"twitter:card\" content=\"summary_large_image\" \/>\n<meta name=\"twitter:creator\" content=\"@psol50\" \/>\n<meta name=\"twitter:site\" content=\"@psol50\" \/>\n<meta name=\"twitter:label1\" content=\"Escrito por\" \/>\n\t<meta name=\"twitter:data1\" content=\"Comunica\u00e7\u00e3o PSOL\" \/>\n\t<meta name=\"twitter:label2\" content=\"Est. tempo de leitura\" \/>\n\t<meta name=\"twitter:data2\" content=\"2 minutos\" \/>\n<script type=\"application\/ld+json\" class=\"yoast-schema-graph\">{\"@context\":\"https:\/\/schema.org\",\"@graph\":[{\"@type\":\"Article\",\"@id\":\"https:\/\/psol50.org.br\/edmilson-rodrigues-mantem-favoritismo-nas-pesquisas-de-intencao-de-votos-em-belem\/#article\",\"isPartOf\":{\"@id\":\"https:\/\/psol50.org.br\/edmilson-rodrigues-mantem-favoritismo-nas-pesquisas-de-intencao-de-votos-em-belem\/\"},\"author\":{\"name\":\"Comunica\u00e7\u00e3o PSOL\",\"@id\":\"https:\/\/psol50.org.br\/#\/schema\/person\/475dfa57d0b815993c714c2e96491fcd\"},\"headline\":\"Edmilson Rodrigues mant\u00e9m favoritismo nas pesquisas de inten\u00e7\u00e3o de votos em Bel\u00e9m\",\"datePublished\":\"2016-08-29T13:11:48+00:00\",\"mainEntityOfPage\":{\"@id\":\"https:\/\/psol50.org.br\/edmilson-rodrigues-mantem-favoritismo-nas-pesquisas-de-intencao-de-votos-em-belem\/\"},\"wordCount\":350,\"commentCount\":0,\"publisher\":{\"@id\":\"https:\/\/psol50.org.br\/#organization\"},\"image\":{\"@id\":\"https:\/\/psol50.org.br\/edmilson-rodrigues-mantem-favoritismo-nas-pesquisas-de-intencao-de-votos-em-belem\/#primaryimage\"},\"thumbnailUrl\":\"\",\"keywords\":[\"Bel\u00e9m\",\"Edmilson Rodrigues\",\"Ibope\",\"inten\u00e7\u00e3o de votos\",\"pesquisa\",\"prefeitura\",\"PSOL\"],\"articleSection\":[\"Brasil\",\"ELEI\u00c7\u00d5ES 2016\",\"Estados\",\"Not\u00edcias\"],\"inLanguage\":\"pt-BR\",\"potentialAction\":[{\"@type\":\"CommentAction\",\"name\":\"Comment\",\"target\":[\"https:\/\/psol50.org.br\/edmilson-rodrigues-mantem-favoritismo-nas-pesquisas-de-intencao-de-votos-em-belem\/#respond\"]}]},{\"@type\":\"WebPage\",\"@id\":\"https:\/\/psol50.org.br\/edmilson-rodrigues-mantem-favoritismo-nas-pesquisas-de-intencao-de-votos-em-belem\/\",\"url\":\"https:\/\/psol50.org.br\/edmilson-rodrigues-mantem-favoritismo-nas-pesquisas-de-intencao-de-votos-em-belem\/\",\"name\":\"Edmilson Rodrigues mant\u00e9m favoritismo nas pesquisas de inten\u00e7\u00e3o de votos em Bel\u00e9m - PSOL 50\",\"isPartOf\":{\"@id\":\"https:\/\/psol50.org.br\/#website\"},\"primaryImageOfPage\":{\"@id\":\"https:\/\/psol50.org.br\/edmilson-rodrigues-mantem-favoritismo-nas-pesquisas-de-intencao-de-votos-em-belem\/#primaryimage\"},\"image\":{\"@id\":\"https:\/\/psol50.org.br\/edmilson-rodrigues-mantem-favoritismo-nas-pesquisas-de-intencao-de-votos-em-belem\/#primaryimage\"},\"thumbnailUrl\":\"\",\"datePublished\":\"2016-08-29T13:11:48+00:00\",\"breadcrumb\":{\"@id\":\"https:\/\/psol50.org.br\/edmilson-rodrigues-mantem-favoritismo-nas-pesquisas-de-intencao-de-votos-em-belem\/#breadcrumb\"},\"inLanguage\":\"pt-BR\",\"potentialAction\":[{\"@type\":\"ReadAction\",\"target\":[\"https:\/\/psol50.org.br\/edmilson-rodrigues-mantem-favoritismo-nas-pesquisas-de-intencao-de-votos-em-belem\/\"]}]},{\"@type\":\"ImageObject\",\"inLanguage\":\"pt-BR\",\"@id\":\"https:\/\/psol50.org.br\/edmilson-rodrigues-mantem-favoritismo-nas-pesquisas-de-intencao-de-votos-em-belem\/#primaryimage\",\"url\":\"\",\"contentUrl\":\"\"},{\"@type\":\"BreadcrumbList\",\"@id\":\"https:\/\/psol50.org.br\/edmilson-rodrigues-mantem-favoritismo-nas-pesquisas-de-intencao-de-votos-em-belem\/#breadcrumb\",\"itemListElement\":[{\"@type\":\"ListItem\",\"position\":1,\"name\":\"In\u00edcio\",\"item\":\"https:\/\/psol50.org.br\/\"},{\"@type\":\"ListItem\",\"position\":2,\"name\":\"Edmilson Rodrigues mant\u00e9m favoritismo nas pesquisas de inten\u00e7\u00e3o de votos em Bel\u00e9m\"}]},{\"@type\":\"WebSite\",\"@id\":\"https:\/\/psol50.org.br\/#website\",\"url\":\"https:\/\/psol50.org.br\/\",\"name\":\"PSOL 50\",\"description\":\"Site oficial do Partido Socialismo e Liberdade\",\"publisher\":{\"@id\":\"https:\/\/psol50.org.br\/#organization\"},\"alternateName\":\"PSOL50\",\"potentialAction\":[{\"@type\":\"SearchAction\",\"target\":{\"@type\":\"EntryPoint\",\"urlTemplate\":\"https:\/\/psol50.org.br\/?s={search_term_string}\"},\"query-input\":{\"@type\":\"PropertyValueSpecification\",\"valueRequired\":true,\"valueName\":\"search_term_string\"}}],\"inLanguage\":\"pt-BR\"},{\"@type\":\"Organization\",\"@id\":\"https:\/\/psol50.org.br\/#organization\",\"name\":\"PSOL 50\",\"alternateName\":\"PSOL 50\",\"url\":\"https:\/\/psol50.org.br\/\",\"logo\":{\"@type\":\"ImageObject\",\"inLanguage\":\"pt-BR\",\"@id\":\"https:\/\/psol50.org.br\/#\/schema\/logo\/image\/\",\"url\":\"https:\/\/psol50.org.br\/inc\/uploads\/2018\/07\/capa.png\",\"contentUrl\":\"https:\/\/psol50.org.br\/inc\/uploads\/2018\/07\/capa.png\",\"width\":1350,\"height\":900,\"caption\":\"PSOL 50\"},\"image\":{\"@id\":\"https:\/\/psol50.org.br\/#\/schema\/logo\/image\/\"},\"sameAs\":[\"https:\/\/www.facebook.com\/psol50\",\"https:\/\/x.com\/psol50\",\"https:\/\/www.instagram.com\/psol50\/\",\"https:\/\/www.youtube.com\/channel\/UC7SnJS5o1os7a6CaiNabzcg\"]},{\"@type\":\"Person\",\"@id\":\"https:\/\/psol50.org.br\/#\/schema\/person\/475dfa57d0b815993c714c2e96491fcd\",\"name\":\"Comunica\u00e7\u00e3o PSOL\",\"image\":{\"@type\":\"ImageObject\",\"inLanguage\":\"pt-BR\",\"@id\":\"https:\/\/psol50.org.br\/#\/schema\/person\/image\/\",\"url\":\"https:\/\/secure.gravatar.com\/avatar\/b34fc4f4e468a4e51785917065a3db57b841f5c95dba6ad8c73aaf8f66f8f9bf?s=96&d=mm&r=g\",\"contentUrl\":\"https:\/\/secure.gravatar.com\/avatar\/b34fc4f4e468a4e51785917065a3db57b841f5c95dba6ad8c73aaf8f66f8f9bf?s=96&d=mm&r=g\",\"caption\":\"Comunica\u00e7\u00e3o PSOL\"}}]}<\/script>\n<!-- \/ Yoast SEO plugin. -->","yoast_head_json":{"title":"Edmilson Rodrigues mant\u00e9m favoritismo nas pesquisas de inten\u00e7\u00e3o de votos em Bel\u00e9m - PSOL 50","robots":{"index":"index","follow":"follow","max-snippet":"max-snippet:-1","max-image-preview":"max-image-preview:large","max-video-preview":"max-video-preview:-1"},"canonical":"https:\/\/psol50.org.br\/edmilson-rodrigues-mantem-favoritismo-nas-pesquisas-de-intencao-de-votos-em-belem\/","og_locale":"pt_BR","og_type":"article","og_title":"Edmilson Rodrigues mant\u00e9m favoritismo nas pesquisas de inten\u00e7\u00e3o de votos em Bel\u00e9m - PSOL 50","og_description":"A mais recente pesquisa de inten\u00e7\u00e3o de votos para a prefeitura de Bel\u00e9m traz o candidato do PSOL em primeiro lugar, na inten\u00e7\u00e3o de votos dos entrevistados. O instituto Ibope divulgou no \u00faltimo s\u00e1bado (27) sua primeira pesquisa para essas elei\u00e7\u00f5es e Edmilson Rodrigues aparece com 37%, seguido de\u00a0\u00c9der Mauro (PSD), com 28%. Em terceiro [&hellip;]","og_url":"https:\/\/psol50.org.br\/edmilson-rodrigues-mantem-favoritismo-nas-pesquisas-de-intencao-de-votos-em-belem\/","og_site_name":"PSOL 50","article_publisher":"https:\/\/www.facebook.com\/psol50","article_published_time":"2016-08-29T13:11:48+00:00","og_image":[{"width":1350,"height":900,"url":"https:\/\/psol50.org.br\/inc\/uploads\/2018\/07\/capa.png","type":"image\/png"}],"author":"Comunica\u00e7\u00e3o PSOL","twitter_card":"summary_large_image","twitter_creator":"@psol50","twitter_site":"@psol50","twitter_misc":{"Escrito por":"Comunica\u00e7\u00e3o PSOL","Est. tempo de leitura":"2 minutos"},"schema":{"@context":"https:\/\/schema.org","@graph":[{"@type":"Article","@id":"https:\/\/psol50.org.br\/edmilson-rodrigues-mantem-favoritismo-nas-pesquisas-de-intencao-de-votos-em-belem\/#article","isPartOf":{"@id":"https:\/\/psol50.org.br\/edmilson-rodrigues-mantem-favoritismo-nas-pesquisas-de-intencao-de-votos-em-belem\/"},"author":{"name":"Comunica\u00e7\u00e3o PSOL","@id":"https:\/\/psol50.org.br\/#\/schema\/person\/475dfa57d0b815993c714c2e96491fcd"},"headline":"Edmilson Rodrigues mant\u00e9m favoritismo nas pesquisas de inten\u00e7\u00e3o de votos em Bel\u00e9m","datePublished":"2016-08-29T13:11:48+00:00","mainEntityOfPage":{"@id":"https:\/\/psol50.org.br\/edmilson-rodrigues-mantem-favoritismo-nas-pesquisas-de-intencao-de-votos-em-belem\/"},"wordCount":350,"commentCount":0,"publisher":{"@id":"https:\/\/psol50.org.br\/#organization"},"image":{"@id":"https:\/\/psol50.org.br\/edmilson-rodrigues-mantem-favoritismo-nas-pesquisas-de-intencao-de-votos-em-belem\/#primaryimage"},"thumbnailUrl":"","keywords":["Bel\u00e9m","Edmilson Rodrigues","Ibope","inten\u00e7\u00e3o de votos","pesquisa","prefeitura","PSOL"],"articleSection":["Brasil","ELEI\u00c7\u00d5ES 2016","Estados","Not\u00edcias"],"inLanguage":"pt-BR","potentialAction":[{"@type":"CommentAction","name":"Comment","target":["https:\/\/psol50.org.br\/edmilson-rodrigues-mantem-favoritismo-nas-pesquisas-de-intencao-de-votos-em-belem\/#respond"]}]},{"@type":"WebPage","@id":"https:\/\/psol50.org.br\/edmilson-rodrigues-mantem-favoritismo-nas-pesquisas-de-intencao-de-votos-em-belem\/","url":"https:\/\/psol50.org.br\/edmilson-rodrigues-mantem-favoritismo-nas-pesquisas-de-intencao-de-votos-em-belem\/","name":"Edmilson Rodrigues mant\u00e9m favoritismo nas pesquisas de inten\u00e7\u00e3o de votos em Bel\u00e9m - PSOL 50","isPartOf":{"@id":"https:\/\/psol50.org.br\/#website"},"primaryImageOfPage":{"@id":"https:\/\/psol50.org.br\/edmilson-rodrigues-mantem-favoritismo-nas-pesquisas-de-intencao-de-votos-em-belem\/#primaryimage"},"image":{"@id":"https:\/\/psol50.org.br\/edmilson-rodrigues-mantem-favoritismo-nas-pesquisas-de-intencao-de-votos-em-belem\/#primaryimage"},"thumbnailUrl":"","datePublished":"2016-08-29T13:11:48+00:00","breadcrumb":{"@id":"https:\/\/psol50.org.br\/edmilson-rodrigues-mantem-favoritismo-nas-pesquisas-de-intencao-de-votos-em-belem\/#breadcrumb"},"inLanguage":"pt-BR","potentialAction":[{"@type":"ReadAction","target":["https:\/\/psol50.org.br\/edmilson-rodrigues-mantem-favoritismo-nas-pesquisas-de-intencao-de-votos-em-belem\/"]}]},{"@type":"ImageObject","inLanguage":"pt-BR","@id":"https:\/\/psol50.org.br\/edmilson-rodrigues-mantem-favoritismo-nas-pesquisas-de-intencao-de-votos-em-belem\/#primaryimage","url":"","contentUrl":""},{"@type":"BreadcrumbList","@id":"https:\/\/psol50.org.br\/edmilson-rodrigues-mantem-favoritismo-nas-pesquisas-de-intencao-de-votos-em-belem\/#breadcrumb","itemListElement":[{"@type":"ListItem","position":1,"name":"In\u00edcio","item":"https:\/\/psol50.org.br\/"},{"@type":"ListItem","position":2,"name":"Edmilson Rodrigues mant\u00e9m favoritismo nas pesquisas de inten\u00e7\u00e3o de votos em Bel\u00e9m"}]},{"@type":"WebSite","@id":"https:\/\/psol50.org.br\/#website","url":"https:\/\/psol50.org.br\/","name":"PSOL 50","description":"Site oficial do Partido Socialismo e Liberdade","publisher":{"@id":"https:\/\/psol50.org.br\/#organization"},"alternateName":"PSOL50","potentialAction":[{"@type":"SearchAction","target":{"@type":"EntryPoint","urlTemplate":"https:\/\/psol50.org.br\/?s={search_term_string}"},"query-input":{"@type":"PropertyValueSpecification","valueRequired":true,"valueName":"search_term_string"}}],"inLanguage":"pt-BR"},{"@type":"Organization","@id":"https:\/\/psol50.org.br\/#organization","name":"PSOL 50","alternateName":"PSOL 50","url":"https:\/\/psol50.org.br\/","logo":{"@type":"ImageObject","inLanguage":"pt-BR","@id":"https:\/\/psol50.org.br\/#\/schema\/logo\/image\/","url":"https:\/\/psol50.org.br\/inc\/uploads\/2018\/07\/capa.png","contentUrl":"https:\/\/psol50.org.br\/inc\/uploads\/2018\/07\/capa.png","width":1350,"height":900,"caption":"PSOL 50"},"image":{"@id":"https:\/\/psol50.org.br\/#\/schema\/logo\/image\/"},"sameAs":["https:\/\/www.facebook.com\/psol50","https:\/\/x.com\/psol50","https:\/\/www.instagram.com\/psol50\/","https:\/\/www.youtube.com\/channel\/UC7SnJS5o1os7a6CaiNabzcg"]},{"@type":"Person","@id":"https:\/\/psol50.org.br\/#\/schema\/person\/475dfa57d0b815993c714c2e96491fcd","name":"Comunica\u00e7\u00e3o PSOL","image":{"@type":"ImageObject","inLanguage":"pt-BR","@id":"https:\/\/psol50.org.br\/#\/schema\/person\/image\/","url":"https:\/\/secure.gravatar.com\/avatar\/b34fc4f4e468a4e51785917065a3db57b841f5c95dba6ad8c73aaf8f66f8f9bf?s=96&d=mm&r=g","contentUrl":"https:\/\/secure.gravatar.com\/avatar\/b34fc4f4e468a4e51785917065a3db57b841f5c95dba6ad8c73aaf8f66f8f9bf?s=96&d=mm&r=g","caption":"Comunica\u00e7\u00e3o PSOL"}}]}},"_links":{"self":[{"href":"https:\/\/psol50.org.br\/rest\/wp\/v2\/posts\/13499","targetHints":{"allow":["GET"]}}],"collection":[{"href":"https:\/\/psol50.org.br\/rest\/wp\/v2\/posts"}],"about":[{"href":"https:\/\/psol50.org.br\/rest\/wp\/v2\/types\/post"}],"author":[{"embeddable":true,"href":"https:\/\/psol50.org.br\/rest\/wp\/v2\/users\/2"}],"replies":[{"embeddable":true,"href":"https:\/\/psol50.org.br\/rest\/wp\/v2\/comments?post=13499"}],"version-history":[{"count":0,"href":"https:\/\/psol50.org.br\/rest\/wp\/v2\/posts\/13499\/revisions"}],"wp:featuredmedia":[{"embeddable":true,"href":"https:\/\/psol50.org.br\/rest\/"}],"wp:attachment":[{"href":"https:\/\/psol50.org.br\/rest\/wp\/v2\/media?parent=13499"}],"wp:term":[{"taxonomy":"category","embeddable":true,"href":"https:\/\/psol50.org.br\/rest\/wp\/v2\/categories?post=13499"},{"taxonomy":"post_tag","embeddable":true,"href":"https:\/\/psol50.org.br\/rest\/wp\/v2\/tags?post=13499"}],"curies":[{"name":"wp","href":"https:\/\/api.w.org\/{rel}","templated":true}]}}