{"id":1350,"date":"2008-10-30T00:00:00","date_gmt":"2008-10-30T00:00:00","guid":{"rendered":"http:\/\/psol50.org.br\/arquivo\/2008\/10\/30\/heloisa-se-reune-com-rodoviarios-e-ouve-os-usuarios-sobre-transporte-coletivo-de-maceio\/"},"modified":"2008-10-30T00:00:00","modified_gmt":"2008-10-30T00:00:00","slug":"heloisa-se-reune-com-rodoviarios-e-ouve-os-usuarios-sobre-transporte-coletivo-de-maceio","status":"publish","type":"post","link":"https:\/\/psol50.org.br\/heloisa-se-reune-com-rodoviarios-e-ouve-os-usuarios-sobre-transporte-coletivo-de-maceio\/","title":{"rendered":"Helo\u00edsa se re\u00fane com rodovi\u00e1rios e ouve os usu\u00e1rios sobre transporte coletivo de Macei\u00f3"},"content":{"rendered":"<p><img loading=\"lazy\" decoding=\"async\" src=\"http:\/\/farm4.static.flickr.com\/3287\/3150512258_8a8859feea_s.jpg\" border=\"0\" hspace=\"5\" vspace=\"0\" width=\"75\" height=\"75\" align=\"left\" \/>A vereadora eleita Helo\u00edsa Helena (PSOL) decidiu verificar in loco as principais queixas dos usu\u00e1rios e rodovi\u00e1rios do transporte coletivo de Macei\u00f3 e amanheceu, nesta ter\u00e7a-feira, na garagem dos \u00f4nibus que fazem a linha do Benedito Bentes ao Centro. Ela chegou \u00e0s 4 horas, conversou com motoristas e cobradores, e embarcou em um \u00f4nibus do terminal do Benedito Bentes at\u00e9 o Centro da cidade, fazendo o percurso de volta, passando pelos bairros do Jacintinho e Barro Duro.<br \/><!--more--><\/p>\n<p>Segundo Helo\u00edsa, os funcion\u00e1rios das empresas de \u00f4nibus que circulam em Macei\u00f3 lhe passaram um quadro alarmante no que se refere aos sal\u00e1rios e a carga hor\u00e1ria de trabalho, al\u00e9m da absoluta falta de seguran\u00e7a, comprovada pelos altos \u00edndices de assaltos dentro dos ve\u00edculos. &#8220;O pre\u00e7o da passagem e a precariedade n\u00edtida nos coletivos, al\u00e9m da insufici\u00eancia de ve\u00edculos, ajudam a traduzir o triste estado da pol\u00edtica de transporte em Macei\u00f3&#8221;, enfatizou.<\/p>\n<p>Um dos projetos que Helo\u00edsa Helena apresentar\u00e1 nos primeiros dias de seu mandato, ser\u00e1 o de passe livre para estudantes e meia passagem para toda a popula\u00e7\u00e3o aos domingos e feriados. &#8220;Esse projeto j\u00e1 est\u00e1 pronto&#8221;, assegurou a vereadora, que trabalha agora em alternativas para corredores de \u00f4nibus e ciclovias em Macei\u00f3, al\u00e9m da obrigatoriedade de licita\u00e7\u00e3o para empresas de transporte coletivo. &#8220;\u00c9 inaceit\u00e1vel o sofrimento de quem precisa essencialmente do \u00f4nibus para trabalhar e estudar em nossa capital&#8221;, refor\u00e7ou Helo\u00edsa.<\/p>\n<p>A vereadora est\u00e1 dividindo o seu tempo entre a sua agenda pol\u00edtica e as 20 horas semanais que d\u00e1 na Universidade Federal de Alagoas (Ufal). Nesta manh\u00e3, depois de se reunir com rodovi\u00e1rios e embarcar em um \u00f4nibus, pelo qual aguardou junto a dezenas de usu\u00e1rios por mais de uma hora, Helo\u00edsa Helena foi para a sala de aula. &#8220;\u00c9 uma quest\u00e3o de disposi\u00e7\u00e3o e disciplina;&#8221; explicou a vereadora, que destinou esta semana para ouvir rodovi\u00e1rios e usu\u00e1rios do transporte coletivo de Macei\u00f3. <\/p>\n","protected":false},"excerpt":{"rendered":"<p>A vereadora eleita Helo\u00edsa Helena (PSOL) decidiu verificar in loco as principais queixas dos usu\u00e1rios e rodovi\u00e1rios do transporte coletivo de Macei\u00f3 e amanheceu, nesta ter\u00e7a-feira, na garagem dos \u00f4nibus que fazem a linha do Benedito Bentes ao Centro. Ela chegou \u00e0s 4 horas, conversou com motoristas e cobradores, e embarcou em um \u00f4nibus do [&hellip;]<\/p>\n","protected":false},"author":2,"featured_media":0,"comment_status":"open","ping_status":"open","sticky":false,"template":"","format":"standard","meta":{"_acf_changed":false,"footnotes":""},"categories":[4766,4978],"tags":[4979],"class_list":{"0":"post-1350","1":"post","2":"type-post","3":"status-publish","4":"format-standard","6":"category-arquivo","7":"category-eleicoes-2008","8":"tag-eleicoes-2008"},"acf":[],"yoast_head":"<!-- This site is optimized with the Yoast SEO plugin v26.5 - https:\/\/yoast.com\/wordpress\/plugins\/seo\/ -->\n<title>Helo\u00edsa se re\u00fane com rodovi\u00e1rios e ouve os usu\u00e1rios sobre transporte coletivo de Macei\u00f3 - PSOL 50<\/title>\n<meta name=\"robots\" content=\"index, follow, max-snippet:-1, max-image-preview:large, max-video-preview:-1\" \/>\n<link rel=\"canonical\" href=\"https:\/\/psol50.org.br\/heloisa-se-reune-com-rodoviarios-e-ouve-os-usuarios-sobre-transporte-coletivo-de-maceio\/\" \/>\n<meta property=\"og:locale\" content=\"pt_BR\" \/>\n<meta property=\"og:type\" content=\"article\" \/>\n<meta property=\"og:title\" content=\"Helo\u00edsa se re\u00fane com rodovi\u00e1rios e ouve os usu\u00e1rios sobre transporte coletivo de Macei\u00f3 - PSOL 50\" \/>\n<meta property=\"og:description\" content=\"A vereadora eleita Helo\u00edsa Helena (PSOL) decidiu verificar in loco as principais queixas dos usu\u00e1rios e rodovi\u00e1rios do transporte coletivo de Macei\u00f3 e amanheceu, nesta ter\u00e7a-feira, na garagem dos \u00f4nibus que fazem a linha do Benedito Bentes ao Centro. Ela chegou \u00e0s 4 horas, conversou com motoristas e cobradores, e embarcou em um \u00f4nibus do [&hellip;]\" \/>\n<meta property=\"og:url\" content=\"https:\/\/psol50.org.br\/heloisa-se-reune-com-rodoviarios-e-ouve-os-usuarios-sobre-transporte-coletivo-de-maceio\/\" \/>\n<meta property=\"og:site_name\" content=\"PSOL 50\" \/>\n<meta property=\"article:publisher\" content=\"https:\/\/www.facebook.com\/psol50\" \/>\n<meta property=\"article:published_time\" content=\"2008-10-30T00:00:00+00:00\" \/>\n<meta property=\"og:image\" content=\"http:\/\/farm4.static.flickr.com\/3287\/3150512258_8a8859feea_s.jpg\" \/>\n<meta name=\"author\" content=\"Comunica\u00e7\u00e3o PSOL\" \/>\n<meta name=\"twitter:card\" content=\"summary_large_image\" \/>\n<meta name=\"twitter:creator\" content=\"@psol50\" \/>\n<meta name=\"twitter:site\" content=\"@psol50\" \/>\n<meta name=\"twitter:label1\" content=\"Escrito por\" \/>\n\t<meta name=\"twitter:data1\" content=\"Comunica\u00e7\u00e3o PSOL\" \/>\n\t<meta name=\"twitter:label2\" content=\"Est. tempo de leitura\" \/>\n\t<meta name=\"twitter:data2\" content=\"2 minutos\" \/>\n<script type=\"application\/ld+json\" class=\"yoast-schema-graph\">{\"@context\":\"https:\/\/schema.org\",\"@graph\":[{\"@type\":\"Article\",\"@id\":\"https:\/\/psol50.org.br\/heloisa-se-reune-com-rodoviarios-e-ouve-os-usuarios-sobre-transporte-coletivo-de-maceio\/#article\",\"isPartOf\":{\"@id\":\"https:\/\/psol50.org.br\/heloisa-se-reune-com-rodoviarios-e-ouve-os-usuarios-sobre-transporte-coletivo-de-maceio\/\"},\"author\":{\"name\":\"Comunica\u00e7\u00e3o PSOL\",\"@id\":\"https:\/\/psol50.org.br\/#\/schema\/person\/475dfa57d0b815993c714c2e96491fcd\"},\"headline\":\"Helo\u00edsa se re\u00fane com rodovi\u00e1rios e ouve os usu\u00e1rios sobre transporte coletivo de Macei\u00f3\",\"datePublished\":\"2008-10-30T00:00:00+00:00\",\"mainEntityOfPage\":{\"@id\":\"https:\/\/psol50.org.br\/heloisa-se-reune-com-rodoviarios-e-ouve-os-usuarios-sobre-transporte-coletivo-de-maceio\/\"},\"wordCount\":359,\"commentCount\":0,\"publisher\":{\"@id\":\"https:\/\/psol50.org.br\/#organization\"},\"image\":{\"@id\":\"https:\/\/psol50.org.br\/heloisa-se-reune-com-rodoviarios-e-ouve-os-usuarios-sobre-transporte-coletivo-de-maceio\/#primaryimage\"},\"thumbnailUrl\":\"http:\/\/farm4.static.flickr.com\/3287\/3150512258_8a8859feea_s.jpg\",\"keywords\":[\"Elei\u00e7\u00f5es 2008\"],\"articleSection\":[\"Arquivo\",\"ELEI\u00c7\u00d5ES 2008\"],\"inLanguage\":\"pt-BR\",\"potentialAction\":[{\"@type\":\"CommentAction\",\"name\":\"Comment\",\"target\":[\"https:\/\/psol50.org.br\/heloisa-se-reune-com-rodoviarios-e-ouve-os-usuarios-sobre-transporte-coletivo-de-maceio\/#respond\"]}]},{\"@type\":\"WebPage\",\"@id\":\"https:\/\/psol50.org.br\/heloisa-se-reune-com-rodoviarios-e-ouve-os-usuarios-sobre-transporte-coletivo-de-maceio\/\",\"url\":\"https:\/\/psol50.org.br\/heloisa-se-reune-com-rodoviarios-e-ouve-os-usuarios-sobre-transporte-coletivo-de-maceio\/\",\"name\":\"Helo\u00edsa se re\u00fane com rodovi\u00e1rios e ouve os usu\u00e1rios sobre transporte coletivo de Macei\u00f3 - PSOL 50\",\"isPartOf\":{\"@id\":\"https:\/\/psol50.org.br\/#website\"},\"primaryImageOfPage\":{\"@id\":\"https:\/\/psol50.org.br\/heloisa-se-reune-com-rodoviarios-e-ouve-os-usuarios-sobre-transporte-coletivo-de-maceio\/#primaryimage\"},\"image\":{\"@id\":\"https:\/\/psol50.org.br\/heloisa-se-reune-com-rodoviarios-e-ouve-os-usuarios-sobre-transporte-coletivo-de-maceio\/#primaryimage\"},\"thumbnailUrl\":\"http:\/\/farm4.static.flickr.com\/3287\/3150512258_8a8859feea_s.jpg\",\"datePublished\":\"2008-10-30T00:00:00+00:00\",\"breadcrumb\":{\"@id\":\"https:\/\/psol50.org.br\/heloisa-se-reune-com-rodoviarios-e-ouve-os-usuarios-sobre-transporte-coletivo-de-maceio\/#breadcrumb\"},\"inLanguage\":\"pt-BR\",\"potentialAction\":[{\"@type\":\"ReadAction\",\"target\":[\"https:\/\/psol50.org.br\/heloisa-se-reune-com-rodoviarios-e-ouve-os-usuarios-sobre-transporte-coletivo-de-maceio\/\"]}]},{\"@type\":\"ImageObject\",\"inLanguage\":\"pt-BR\",\"@id\":\"https:\/\/psol50.org.br\/heloisa-se-reune-com-rodoviarios-e-ouve-os-usuarios-sobre-transporte-coletivo-de-maceio\/#primaryimage\",\"url\":\"http:\/\/farm4.static.flickr.com\/3287\/3150512258_8a8859feea_s.jpg\",\"contentUrl\":\"http:\/\/farm4.static.flickr.com\/3287\/3150512258_8a8859feea_s.jpg\"},{\"@type\":\"BreadcrumbList\",\"@id\":\"https:\/\/psol50.org.br\/heloisa-se-reune-com-rodoviarios-e-ouve-os-usuarios-sobre-transporte-coletivo-de-maceio\/#breadcrumb\",\"itemListElement\":[{\"@type\":\"ListItem\",\"position\":1,\"name\":\"In\u00edcio\",\"item\":\"https:\/\/psol50.org.br\/\"},{\"@type\":\"ListItem\",\"position\":2,\"name\":\"Helo\u00edsa se re\u00fane com rodovi\u00e1rios e ouve os usu\u00e1rios sobre transporte coletivo de Macei\u00f3\"}]},{\"@type\":\"WebSite\",\"@id\":\"https:\/\/psol50.org.br\/#website\",\"url\":\"https:\/\/psol50.org.br\/\",\"name\":\"PSOL 50\",\"description\":\"Site oficial do Partido Socialismo e Liberdade\",\"publisher\":{\"@id\":\"https:\/\/psol50.org.br\/#organization\"},\"alternateName\":\"PSOL50\",\"potentialAction\":[{\"@type\":\"SearchAction\",\"target\":{\"@type\":\"EntryPoint\",\"urlTemplate\":\"https:\/\/psol50.org.br\/?s={search_term_string}\"},\"query-input\":{\"@type\":\"PropertyValueSpecification\",\"valueRequired\":true,\"valueName\":\"search_term_string\"}}],\"inLanguage\":\"pt-BR\"},{\"@type\":\"Organization\",\"@id\":\"https:\/\/psol50.org.br\/#organization\",\"name\":\"PSOL 50\",\"alternateName\":\"PSOL 50\",\"url\":\"https:\/\/psol50.org.br\/\",\"logo\":{\"@type\":\"ImageObject\",\"inLanguage\":\"pt-BR\",\"@id\":\"https:\/\/psol50.org.br\/#\/schema\/logo\/image\/\",\"url\":\"https:\/\/psol50.org.br\/inc\/uploads\/2018\/07\/capa.png\",\"contentUrl\":\"https:\/\/psol50.org.br\/inc\/uploads\/2018\/07\/capa.png\",\"width\":1350,\"height\":900,\"caption\":\"PSOL 50\"},\"image\":{\"@id\":\"https:\/\/psol50.org.br\/#\/schema\/logo\/image\/\"},\"sameAs\":[\"https:\/\/www.facebook.com\/psol50\",\"https:\/\/x.com\/psol50\",\"https:\/\/www.instagram.com\/psol50\/\",\"https:\/\/www.youtube.com\/channel\/UC7SnJS5o1os7a6CaiNabzcg\"]},{\"@type\":\"Person\",\"@id\":\"https:\/\/psol50.org.br\/#\/schema\/person\/475dfa57d0b815993c714c2e96491fcd\",\"name\":\"Comunica\u00e7\u00e3o PSOL\",\"image\":{\"@type\":\"ImageObject\",\"inLanguage\":\"pt-BR\",\"@id\":\"https:\/\/psol50.org.br\/#\/schema\/person\/image\/\",\"url\":\"https:\/\/secure.gravatar.com\/avatar\/b34fc4f4e468a4e51785917065a3db57b841f5c95dba6ad8c73aaf8f66f8f9bf?s=96&d=mm&r=g\",\"contentUrl\":\"https:\/\/secure.gravatar.com\/avatar\/b34fc4f4e468a4e51785917065a3db57b841f5c95dba6ad8c73aaf8f66f8f9bf?s=96&d=mm&r=g\",\"caption\":\"Comunica\u00e7\u00e3o PSOL\"}}]}<\/script>\n<!-- \/ Yoast SEO plugin. -->","yoast_head_json":{"title":"Helo\u00edsa se re\u00fane com rodovi\u00e1rios e ouve os usu\u00e1rios sobre transporte coletivo de Macei\u00f3 - PSOL 50","robots":{"index":"index","follow":"follow","max-snippet":"max-snippet:-1","max-image-preview":"max-image-preview:large","max-video-preview":"max-video-preview:-1"},"canonical":"https:\/\/psol50.org.br\/heloisa-se-reune-com-rodoviarios-e-ouve-os-usuarios-sobre-transporte-coletivo-de-maceio\/","og_locale":"pt_BR","og_type":"article","og_title":"Helo\u00edsa se re\u00fane com rodovi\u00e1rios e ouve os usu\u00e1rios sobre transporte coletivo de Macei\u00f3 - PSOL 50","og_description":"A vereadora eleita Helo\u00edsa Helena (PSOL) decidiu verificar in loco as principais queixas dos usu\u00e1rios e rodovi\u00e1rios do transporte coletivo de Macei\u00f3 e amanheceu, nesta ter\u00e7a-feira, na garagem dos \u00f4nibus que fazem a linha do Benedito Bentes ao Centro. Ela chegou \u00e0s 4 horas, conversou com motoristas e cobradores, e embarcou em um \u00f4nibus do [&hellip;]","og_url":"https:\/\/psol50.org.br\/heloisa-se-reune-com-rodoviarios-e-ouve-os-usuarios-sobre-transporte-coletivo-de-maceio\/","og_site_name":"PSOL 50","article_publisher":"https:\/\/www.facebook.com\/psol50","article_published_time":"2008-10-30T00:00:00+00:00","og_image":[{"url":"http:\/\/farm4.static.flickr.com\/3287\/3150512258_8a8859feea_s.jpg","type":"","width":"","height":""}],"author":"Comunica\u00e7\u00e3o PSOL","twitter_card":"summary_large_image","twitter_creator":"@psol50","twitter_site":"@psol50","twitter_misc":{"Escrito por":"Comunica\u00e7\u00e3o PSOL","Est. tempo de leitura":"2 minutos"},"schema":{"@context":"https:\/\/schema.org","@graph":[{"@type":"Article","@id":"https:\/\/psol50.org.br\/heloisa-se-reune-com-rodoviarios-e-ouve-os-usuarios-sobre-transporte-coletivo-de-maceio\/#article","isPartOf":{"@id":"https:\/\/psol50.org.br\/heloisa-se-reune-com-rodoviarios-e-ouve-os-usuarios-sobre-transporte-coletivo-de-maceio\/"},"author":{"name":"Comunica\u00e7\u00e3o PSOL","@id":"https:\/\/psol50.org.br\/#\/schema\/person\/475dfa57d0b815993c714c2e96491fcd"},"headline":"Helo\u00edsa se re\u00fane com rodovi\u00e1rios e ouve os usu\u00e1rios sobre transporte coletivo de Macei\u00f3","datePublished":"2008-10-30T00:00:00+00:00","mainEntityOfPage":{"@id":"https:\/\/psol50.org.br\/heloisa-se-reune-com-rodoviarios-e-ouve-os-usuarios-sobre-transporte-coletivo-de-maceio\/"},"wordCount":359,"commentCount":0,"publisher":{"@id":"https:\/\/psol50.org.br\/#organization"},"image":{"@id":"https:\/\/psol50.org.br\/heloisa-se-reune-com-rodoviarios-e-ouve-os-usuarios-sobre-transporte-coletivo-de-maceio\/#primaryimage"},"thumbnailUrl":"http:\/\/farm4.static.flickr.com\/3287\/3150512258_8a8859feea_s.jpg","keywords":["Elei\u00e7\u00f5es 2008"],"articleSection":["Arquivo","ELEI\u00c7\u00d5ES 2008"],"inLanguage":"pt-BR","potentialAction":[{"@type":"CommentAction","name":"Comment","target":["https:\/\/psol50.org.br\/heloisa-se-reune-com-rodoviarios-e-ouve-os-usuarios-sobre-transporte-coletivo-de-maceio\/#respond"]}]},{"@type":"WebPage","@id":"https:\/\/psol50.org.br\/heloisa-se-reune-com-rodoviarios-e-ouve-os-usuarios-sobre-transporte-coletivo-de-maceio\/","url":"https:\/\/psol50.org.br\/heloisa-se-reune-com-rodoviarios-e-ouve-os-usuarios-sobre-transporte-coletivo-de-maceio\/","name":"Helo\u00edsa se re\u00fane com rodovi\u00e1rios e ouve os usu\u00e1rios sobre transporte coletivo de Macei\u00f3 - PSOL 50","isPartOf":{"@id":"https:\/\/psol50.org.br\/#website"},"primaryImageOfPage":{"@id":"https:\/\/psol50.org.br\/heloisa-se-reune-com-rodoviarios-e-ouve-os-usuarios-sobre-transporte-coletivo-de-maceio\/#primaryimage"},"image":{"@id":"https:\/\/psol50.org.br\/heloisa-se-reune-com-rodoviarios-e-ouve-os-usuarios-sobre-transporte-coletivo-de-maceio\/#primaryimage"},"thumbnailUrl":"http:\/\/farm4.static.flickr.com\/3287\/3150512258_8a8859feea_s.jpg","datePublished":"2008-10-30T00:00:00+00:00","breadcrumb":{"@id":"https:\/\/psol50.org.br\/heloisa-se-reune-com-rodoviarios-e-ouve-os-usuarios-sobre-transporte-coletivo-de-maceio\/#breadcrumb"},"inLanguage":"pt-BR","potentialAction":[{"@type":"ReadAction","target":["https:\/\/psol50.org.br\/heloisa-se-reune-com-rodoviarios-e-ouve-os-usuarios-sobre-transporte-coletivo-de-maceio\/"]}]},{"@type":"ImageObject","inLanguage":"pt-BR","@id":"https:\/\/psol50.org.br\/heloisa-se-reune-com-rodoviarios-e-ouve-os-usuarios-sobre-transporte-coletivo-de-maceio\/#primaryimage","url":"http:\/\/farm4.static.flickr.com\/3287\/3150512258_8a8859feea_s.jpg","contentUrl":"http:\/\/farm4.static.flickr.com\/3287\/3150512258_8a8859feea_s.jpg"},{"@type":"BreadcrumbList","@id":"https:\/\/psol50.org.br\/heloisa-se-reune-com-rodoviarios-e-ouve-os-usuarios-sobre-transporte-coletivo-de-maceio\/#breadcrumb","itemListElement":[{"@type":"ListItem","position":1,"name":"In\u00edcio","item":"https:\/\/psol50.org.br\/"},{"@type":"ListItem","position":2,"name":"Helo\u00edsa se re\u00fane com rodovi\u00e1rios e ouve os usu\u00e1rios sobre transporte coletivo de Macei\u00f3"}]},{"@type":"WebSite","@id":"https:\/\/psol50.org.br\/#website","url":"https:\/\/psol50.org.br\/","name":"PSOL 50","description":"Site oficial do Partido Socialismo e Liberdade","publisher":{"@id":"https:\/\/psol50.org.br\/#organization"},"alternateName":"PSOL50","potentialAction":[{"@type":"SearchAction","target":{"@type":"EntryPoint","urlTemplate":"https:\/\/psol50.org.br\/?s={search_term_string}"},"query-input":{"@type":"PropertyValueSpecification","valueRequired":true,"valueName":"search_term_string"}}],"inLanguage":"pt-BR"},{"@type":"Organization","@id":"https:\/\/psol50.org.br\/#organization","name":"PSOL 50","alternateName":"PSOL 50","url":"https:\/\/psol50.org.br\/","logo":{"@type":"ImageObject","inLanguage":"pt-BR","@id":"https:\/\/psol50.org.br\/#\/schema\/logo\/image\/","url":"https:\/\/psol50.org.br\/inc\/uploads\/2018\/07\/capa.png","contentUrl":"https:\/\/psol50.org.br\/inc\/uploads\/2018\/07\/capa.png","width":1350,"height":900,"caption":"PSOL 50"},"image":{"@id":"https:\/\/psol50.org.br\/#\/schema\/logo\/image\/"},"sameAs":["https:\/\/www.facebook.com\/psol50","https:\/\/x.com\/psol50","https:\/\/www.instagram.com\/psol50\/","https:\/\/www.youtube.com\/channel\/UC7SnJS5o1os7a6CaiNabzcg"]},{"@type":"Person","@id":"https:\/\/psol50.org.br\/#\/schema\/person\/475dfa57d0b815993c714c2e96491fcd","name":"Comunica\u00e7\u00e3o PSOL","image":{"@type":"ImageObject","inLanguage":"pt-BR","@id":"https:\/\/psol50.org.br\/#\/schema\/person\/image\/","url":"https:\/\/secure.gravatar.com\/avatar\/b34fc4f4e468a4e51785917065a3db57b841f5c95dba6ad8c73aaf8f66f8f9bf?s=96&d=mm&r=g","contentUrl":"https:\/\/secure.gravatar.com\/avatar\/b34fc4f4e468a4e51785917065a3db57b841f5c95dba6ad8c73aaf8f66f8f9bf?s=96&d=mm&r=g","caption":"Comunica\u00e7\u00e3o PSOL"}}]}},"_links":{"self":[{"href":"https:\/\/psol50.org.br\/rest\/wp\/v2\/posts\/1350","targetHints":{"allow":["GET"]}}],"collection":[{"href":"https:\/\/psol50.org.br\/rest\/wp\/v2\/posts"}],"about":[{"href":"https:\/\/psol50.org.br\/rest\/wp\/v2\/types\/post"}],"author":[{"embeddable":true,"href":"https:\/\/psol50.org.br\/rest\/wp\/v2\/users\/2"}],"replies":[{"embeddable":true,"href":"https:\/\/psol50.org.br\/rest\/wp\/v2\/comments?post=1350"}],"version-history":[{"count":0,"href":"https:\/\/psol50.org.br\/rest\/wp\/v2\/posts\/1350\/revisions"}],"wp:attachment":[{"href":"https:\/\/psol50.org.br\/rest\/wp\/v2\/media?parent=1350"}],"wp:term":[{"taxonomy":"category","embeddable":true,"href":"https:\/\/psol50.org.br\/rest\/wp\/v2\/categories?post=1350"},{"taxonomy":"post_tag","embeddable":true,"href":"https:\/\/psol50.org.br\/rest\/wp\/v2\/tags?post=1350"}],"curies":[{"name":"wp","href":"https:\/\/api.w.org\/{rel}","templated":true}]}}