{"id":1355,"date":"2010-05-24T00:00:00","date_gmt":"2010-05-24T00:00:00","guid":{"rendered":"http:\/\/psol50.org.br\/arquivo\/2010\/05\/24\/economista-critica-avaliacoes-internacionais-sobre-crescimento-do-pais\/"},"modified":"2010-05-24T00:00:00","modified_gmt":"2010-05-24T00:00:00","slug":"economista-critica-avaliacoes-internacionais-sobre-crescimento-do-pais","status":"publish","type":"post","link":"https:\/\/psol50.org.br\/economista-critica-avaliacoes-internacionais-sobre-crescimento-do-pais\/","title":{"rendered":"Economista critica avalia\u00e7\u00f5es internacionais sobre crescimento do pa\u00eds"},"content":{"rendered":"<p><a rel=\"attachment wp-att-2663\" href=\"http:\/\/psol50.org.br\/?attachment_id=2663\"><img loading=\"lazy\" decoding=\"async\" class=\"alignleft size-medium wp-image-2663\" style=\"margin-left: 5px;margin-right: 5px\" title=\"crise\" src=\"http:\/\/psol50.org.br\/files\/2010\/05\/crise-300x218.jpg\" alt=\"\" width=\"300\" height=\"218\" \/><\/a>O economista D\u00e9cio Munhoz, da Universidade de Bras\u00edlia criticou as avalia\u00e7\u00f5es feitas por analistas, com repercuss\u00f5es internacionais, sobre o crescimento elevado da economia brasileira. Nessas avalia\u00e7\u00f5es, um crescimento acima de 5% poria em risco a sustentabilidade da economia do pa\u00eds, com infla\u00e7\u00e3o e desacelera\u00e7\u00e3o j\u00e1 no ano que vem.<br \/>\nEm entrevista \u00e0 Ag\u00eancia Brasil, ele afirmou que essas avalia\u00e7\u00f5es s\u00e3o irrelevantes porque os analistas est\u00e3o esquecendo que os indicadores de crescimento da economia do pa\u00eds, por mais elevados que sejam, t\u00eam como base de compara\u00e7\u00e3o os n\u00fameros deprimidos do ano passado, per\u00edodo em que o mundo viveu uma das maiores crises do \u00faltimos anos.<br \/>\n\u201cN\u00f3s est\u00e1vamos l\u00e1 em cima em um determinado patamar em 2008. De repente, voc\u00ea caiu no fundo do vale. Agora, estamos subindo do vale. Ent\u00e3o, quando eu fa\u00e7o compara\u00e7\u00e3o com o fundo do vale, me d\u00e1 algo expressivo. Est\u00e3o fazendo confus\u00e3o\u201d, disse o professor, lembrando que as compara\u00e7\u00f5es devem ser feitas em um cen\u00e1rio de recupera\u00e7\u00e3o.<br \/>\nEle criticou o Banco Central quando prop\u00f5e restri\u00e7\u00f5es \u00e0 economia. \u201c\u00c9 uma estupidez. Os n\u00edveis de produ\u00e7\u00e3o da ind\u00fastria s\u00e3o iguais aos de meados de 2008. Ent\u00e3o, est\u00e1 errado dizer vamos estourar isso, vamos estourar aquilo\u201d.<br \/>\nMunhoz destaca que essas avalia\u00e7\u00f5es tanto do BC, quanto dos analistas, incluindo o FMI, parecem ser precipitadas porque a economia brasileira apenas est\u00e1 recuperando o que perdeu durante a crise do ano passado. Segundo ele, nenhum desses fatos ir\u00e1 \u201carrebentar\u201d a economia, n\u00e3o haver\u00e1 press\u00e3o de demanda. Nada do que o BC e os analistas , segundo ele, est\u00e3o indicando.<br \/>\n\u201cApenas, devemos nos cuidar \u00e9 que havia um n\u00edvel de preocupa\u00e7\u00e3o muito grande financeira nas bolsas etc. e isso gerou uma demanda n\u00e3o permanente no campo financeiro. Isso provocou uma distor\u00e7\u00e3o e se pode perder um controle. N\u00e3o \u00e9 o sal\u00e1rio, o emprego, n\u00e3o \u00e9 nada disso\u201d, disse.<br \/>\nPara ele, o BC precisar ser mais cauteloso ao aumentar os juros da economia em sua pol\u00edtica monet\u00e1ria para controlar a infla\u00e7\u00e3o. Em suas contas, o aumento recente da taxa b\u00e1sica de juros de 8,75% para 9,50% provocar\u00e1 um gasto anual para o Tesouro Nacional de R$ 15 bilh\u00f5es com a d\u00edvida p\u00fablica. \u201cIsso \u00e9 quase o PAC\u201d.<br \/>\n\u201cSe voc\u00ea analisar quanto voc\u00ea gasta com o PAC de investimento, que de R$ 20 bilh\u00f5es se gasta a metade, ent\u00e3o, s\u00f3 com juros, ser\u00e1 o mesmo que o PAC\u201d, comparou. De acordo com o professor, \u00e9 preciso ter certos cuidados para a economia do pa\u00eds n\u00e3o ir para o buraco pelo excesso de rem\u00e9dios tomados ou por rem\u00e9dios errados.<br \/>\nMas D\u00e9cio Munhoz admite que o Brasil poupa pouco e gasta muito se for levado for usada a mesma compara\u00e7\u00e3o entre os juros da d\u00edvida e os investimentos do PAC. se s\u00e3o gastos R$ 200 bilh\u00f5es em juros da d\u00edvida p\u00fablica e por outro lado or\u00e7a o PAC em R$ 20 bilh\u00f5es. \u201cOu seja, estou investindo um d\u00e9cimo do que se gasto com juros. Somos v\u00edtimas dessa armadilha\u201d, disse.<br \/>\nO economista da UnB tamb\u00e9m acredita ser equivocada a pol\u00edtica de emiss\u00e3o de t\u00edtulos p\u00fablicos para garantir financiamentos privados, pois, segundo ele, isso tamb\u00e9m aumenta a divida p\u00fablica federal.<br \/>\n\u201cRecentemente, no bojo da crise decidiu-se refor\u00e7ar o BNDES [Banco Nacional de Desenvolvimento Econ\u00f4mico e Social] em R$ 180 bilh\u00f5es com a emiss\u00e3o de t\u00edtulos para as empresas n\u00e3o quebrarem. Parte foi para isso mesmo, mas parte ficou concentranda em poucas empresas. Isso, no entanto, d\u00e1 um salto terr\u00edvel da d\u00edvida p\u00fablica\u201d. Segundo Munhoz, \u201cagora a d\u00edvida pode subir muito mais por causa da eleva\u00e7\u00e3o dos juros\u201d.<\/p>\n<p><strong><em>Daniel Lima, rep\u00f3rter da Ag\u00eancia Brasil<br \/>\nFonte: Funda\u00e7\u00e3o Lauro Campos<\/em><\/strong><\/p>\n","protected":false},"excerpt":{"rendered":"<p>O economista D\u00e9cio Munhoz, da Universidade de Bras\u00edlia criticou as avalia\u00e7\u00f5es feitas por analistas, com repercuss\u00f5es internacionais, sobre o crescimento elevado da economia brasileira. Nessas avalia\u00e7\u00f5es, um crescimento acima de 5% poria em risco a sustentabilidade da economia do pa\u00eds, com infla\u00e7\u00e3o e desacelera\u00e7\u00e3o j\u00e1 no ano que vem. Em entrevista \u00e0 Ag\u00eancia Brasil, ele [&hellip;]<\/p>\n","protected":false},"author":2,"featured_media":0,"comment_status":"open","ping_status":"open","sticky":false,"template":"","format":"standard","meta":{"_acf_changed":false,"footnotes":""},"categories":[4766],"tags":[],"class_list":{"0":"post-1355","1":"post","2":"type-post","3":"status-publish","4":"format-standard","6":"category-arquivo"},"acf":[],"yoast_head":"<!-- This site is optimized with the Yoast SEO plugin v26.5 - https:\/\/yoast.com\/wordpress\/plugins\/seo\/ -->\n<title>Economista critica avalia\u00e7\u00f5es internacionais sobre crescimento do pa\u00eds - PSOL 50<\/title>\n<meta name=\"robots\" content=\"index, follow, max-snippet:-1, max-image-preview:large, max-video-preview:-1\" \/>\n<link rel=\"canonical\" href=\"https:\/\/psol50.org.br\/economista-critica-avaliacoes-internacionais-sobre-crescimento-do-pais\/\" \/>\n<meta property=\"og:locale\" content=\"pt_BR\" \/>\n<meta property=\"og:type\" content=\"article\" \/>\n<meta property=\"og:title\" content=\"Economista critica avalia\u00e7\u00f5es internacionais sobre crescimento do pa\u00eds - PSOL 50\" \/>\n<meta property=\"og:description\" content=\"O economista D\u00e9cio Munhoz, da Universidade de Bras\u00edlia criticou as avalia\u00e7\u00f5es feitas por analistas, com repercuss\u00f5es internacionais, sobre o crescimento elevado da economia brasileira. Nessas avalia\u00e7\u00f5es, um crescimento acima de 5% poria em risco a sustentabilidade da economia do pa\u00eds, com infla\u00e7\u00e3o e desacelera\u00e7\u00e3o j\u00e1 no ano que vem. Em entrevista \u00e0 Ag\u00eancia Brasil, ele [&hellip;]\" \/>\n<meta property=\"og:url\" content=\"https:\/\/psol50.org.br\/economista-critica-avaliacoes-internacionais-sobre-crescimento-do-pais\/\" \/>\n<meta property=\"og:site_name\" content=\"PSOL 50\" \/>\n<meta property=\"article:publisher\" content=\"https:\/\/www.facebook.com\/psol50\" \/>\n<meta property=\"article:published_time\" content=\"2010-05-24T00:00:00+00:00\" \/>\n<meta property=\"og:image\" content=\"http:\/\/psol50.org.br\/files\/2010\/05\/crise-300x218.jpg\" \/>\n<meta name=\"author\" content=\"Comunica\u00e7\u00e3o PSOL\" \/>\n<meta name=\"twitter:card\" content=\"summary_large_image\" \/>\n<meta name=\"twitter:creator\" content=\"@psol50\" \/>\n<meta name=\"twitter:site\" content=\"@psol50\" \/>\n<meta name=\"twitter:label1\" content=\"Escrito por\" \/>\n\t<meta name=\"twitter:data1\" content=\"Comunica\u00e7\u00e3o PSOL\" \/>\n\t<meta name=\"twitter:label2\" content=\"Est. tempo de leitura\" \/>\n\t<meta name=\"twitter:data2\" content=\"3 minutos\" \/>\n<script type=\"application\/ld+json\" class=\"yoast-schema-graph\">{\"@context\":\"https:\/\/schema.org\",\"@graph\":[{\"@type\":\"Article\",\"@id\":\"https:\/\/psol50.org.br\/economista-critica-avaliacoes-internacionais-sobre-crescimento-do-pais\/#article\",\"isPartOf\":{\"@id\":\"https:\/\/psol50.org.br\/economista-critica-avaliacoes-internacionais-sobre-crescimento-do-pais\/\"},\"author\":{\"name\":\"Comunica\u00e7\u00e3o PSOL\",\"@id\":\"https:\/\/psol50.org.br\/#\/schema\/person\/475dfa57d0b815993c714c2e96491fcd\"},\"headline\":\"Economista critica avalia\u00e7\u00f5es internacionais sobre crescimento do pa\u00eds\",\"datePublished\":\"2010-05-24T00:00:00+00:00\",\"mainEntityOfPage\":{\"@id\":\"https:\/\/psol50.org.br\/economista-critica-avaliacoes-internacionais-sobre-crescimento-do-pais\/\"},\"wordCount\":678,\"commentCount\":0,\"publisher\":{\"@id\":\"https:\/\/psol50.org.br\/#organization\"},\"image\":{\"@id\":\"https:\/\/psol50.org.br\/economista-critica-avaliacoes-internacionais-sobre-crescimento-do-pais\/#primaryimage\"},\"thumbnailUrl\":\"http:\/\/psol50.org.br\/files\/2010\/05\/crise-300x218.jpg\",\"articleSection\":[\"Arquivo\"],\"inLanguage\":\"pt-BR\",\"potentialAction\":[{\"@type\":\"CommentAction\",\"name\":\"Comment\",\"target\":[\"https:\/\/psol50.org.br\/economista-critica-avaliacoes-internacionais-sobre-crescimento-do-pais\/#respond\"]}]},{\"@type\":\"WebPage\",\"@id\":\"https:\/\/psol50.org.br\/economista-critica-avaliacoes-internacionais-sobre-crescimento-do-pais\/\",\"url\":\"https:\/\/psol50.org.br\/economista-critica-avaliacoes-internacionais-sobre-crescimento-do-pais\/\",\"name\":\"Economista critica avalia\u00e7\u00f5es internacionais sobre crescimento do pa\u00eds - PSOL 50\",\"isPartOf\":{\"@id\":\"https:\/\/psol50.org.br\/#website\"},\"primaryImageOfPage\":{\"@id\":\"https:\/\/psol50.org.br\/economista-critica-avaliacoes-internacionais-sobre-crescimento-do-pais\/#primaryimage\"},\"image\":{\"@id\":\"https:\/\/psol50.org.br\/economista-critica-avaliacoes-internacionais-sobre-crescimento-do-pais\/#primaryimage\"},\"thumbnailUrl\":\"http:\/\/psol50.org.br\/files\/2010\/05\/crise-300x218.jpg\",\"datePublished\":\"2010-05-24T00:00:00+00:00\",\"breadcrumb\":{\"@id\":\"https:\/\/psol50.org.br\/economista-critica-avaliacoes-internacionais-sobre-crescimento-do-pais\/#breadcrumb\"},\"inLanguage\":\"pt-BR\",\"potentialAction\":[{\"@type\":\"ReadAction\",\"target\":[\"https:\/\/psol50.org.br\/economista-critica-avaliacoes-internacionais-sobre-crescimento-do-pais\/\"]}]},{\"@type\":\"ImageObject\",\"inLanguage\":\"pt-BR\",\"@id\":\"https:\/\/psol50.org.br\/economista-critica-avaliacoes-internacionais-sobre-crescimento-do-pais\/#primaryimage\",\"url\":\"http:\/\/psol50.org.br\/files\/2010\/05\/crise-300x218.jpg\",\"contentUrl\":\"http:\/\/psol50.org.br\/files\/2010\/05\/crise-300x218.jpg\"},{\"@type\":\"BreadcrumbList\",\"@id\":\"https:\/\/psol50.org.br\/economista-critica-avaliacoes-internacionais-sobre-crescimento-do-pais\/#breadcrumb\",\"itemListElement\":[{\"@type\":\"ListItem\",\"position\":1,\"name\":\"In\u00edcio\",\"item\":\"https:\/\/psol50.org.br\/\"},{\"@type\":\"ListItem\",\"position\":2,\"name\":\"Economista critica avalia\u00e7\u00f5es internacionais sobre crescimento do pa\u00eds\"}]},{\"@type\":\"WebSite\",\"@id\":\"https:\/\/psol50.org.br\/#website\",\"url\":\"https:\/\/psol50.org.br\/\",\"name\":\"PSOL 50\",\"description\":\"Site oficial do Partido Socialismo e Liberdade\",\"publisher\":{\"@id\":\"https:\/\/psol50.org.br\/#organization\"},\"alternateName\":\"PSOL50\",\"potentialAction\":[{\"@type\":\"SearchAction\",\"target\":{\"@type\":\"EntryPoint\",\"urlTemplate\":\"https:\/\/psol50.org.br\/?s={search_term_string}\"},\"query-input\":{\"@type\":\"PropertyValueSpecification\",\"valueRequired\":true,\"valueName\":\"search_term_string\"}}],\"inLanguage\":\"pt-BR\"},{\"@type\":\"Organization\",\"@id\":\"https:\/\/psol50.org.br\/#organization\",\"name\":\"PSOL 50\",\"alternateName\":\"PSOL 50\",\"url\":\"https:\/\/psol50.org.br\/\",\"logo\":{\"@type\":\"ImageObject\",\"inLanguage\":\"pt-BR\",\"@id\":\"https:\/\/psol50.org.br\/#\/schema\/logo\/image\/\",\"url\":\"https:\/\/psol50.org.br\/inc\/uploads\/2018\/07\/capa.png\",\"contentUrl\":\"https:\/\/psol50.org.br\/inc\/uploads\/2018\/07\/capa.png\",\"width\":1350,\"height\":900,\"caption\":\"PSOL 50\"},\"image\":{\"@id\":\"https:\/\/psol50.org.br\/#\/schema\/logo\/image\/\"},\"sameAs\":[\"https:\/\/www.facebook.com\/psol50\",\"https:\/\/x.com\/psol50\",\"https:\/\/www.instagram.com\/psol50\/\",\"https:\/\/www.youtube.com\/channel\/UC7SnJS5o1os7a6CaiNabzcg\"]},{\"@type\":\"Person\",\"@id\":\"https:\/\/psol50.org.br\/#\/schema\/person\/475dfa57d0b815993c714c2e96491fcd\",\"name\":\"Comunica\u00e7\u00e3o PSOL\",\"image\":{\"@type\":\"ImageObject\",\"inLanguage\":\"pt-BR\",\"@id\":\"https:\/\/psol50.org.br\/#\/schema\/person\/image\/\",\"url\":\"https:\/\/secure.gravatar.com\/avatar\/b34fc4f4e468a4e51785917065a3db57b841f5c95dba6ad8c73aaf8f66f8f9bf?s=96&d=mm&r=g\",\"contentUrl\":\"https:\/\/secure.gravatar.com\/avatar\/b34fc4f4e468a4e51785917065a3db57b841f5c95dba6ad8c73aaf8f66f8f9bf?s=96&d=mm&r=g\",\"caption\":\"Comunica\u00e7\u00e3o PSOL\"}}]}<\/script>\n<!-- \/ Yoast SEO plugin. -->","yoast_head_json":{"title":"Economista critica avalia\u00e7\u00f5es internacionais sobre crescimento do pa\u00eds - PSOL 50","robots":{"index":"index","follow":"follow","max-snippet":"max-snippet:-1","max-image-preview":"max-image-preview:large","max-video-preview":"max-video-preview:-1"},"canonical":"https:\/\/psol50.org.br\/economista-critica-avaliacoes-internacionais-sobre-crescimento-do-pais\/","og_locale":"pt_BR","og_type":"article","og_title":"Economista critica avalia\u00e7\u00f5es internacionais sobre crescimento do pa\u00eds - PSOL 50","og_description":"O economista D\u00e9cio Munhoz, da Universidade de Bras\u00edlia criticou as avalia\u00e7\u00f5es feitas por analistas, com repercuss\u00f5es internacionais, sobre o crescimento elevado da economia brasileira. Nessas avalia\u00e7\u00f5es, um crescimento acima de 5% poria em risco a sustentabilidade da economia do pa\u00eds, com infla\u00e7\u00e3o e desacelera\u00e7\u00e3o j\u00e1 no ano que vem. Em entrevista \u00e0 Ag\u00eancia Brasil, ele [&hellip;]","og_url":"https:\/\/psol50.org.br\/economista-critica-avaliacoes-internacionais-sobre-crescimento-do-pais\/","og_site_name":"PSOL 50","article_publisher":"https:\/\/www.facebook.com\/psol50","article_published_time":"2010-05-24T00:00:00+00:00","og_image":[{"url":"http:\/\/psol50.org.br\/files\/2010\/05\/crise-300x218.jpg","type":"","width":"","height":""}],"author":"Comunica\u00e7\u00e3o PSOL","twitter_card":"summary_large_image","twitter_creator":"@psol50","twitter_site":"@psol50","twitter_misc":{"Escrito por":"Comunica\u00e7\u00e3o PSOL","Est. tempo de leitura":"3 minutos"},"schema":{"@context":"https:\/\/schema.org","@graph":[{"@type":"Article","@id":"https:\/\/psol50.org.br\/economista-critica-avaliacoes-internacionais-sobre-crescimento-do-pais\/#article","isPartOf":{"@id":"https:\/\/psol50.org.br\/economista-critica-avaliacoes-internacionais-sobre-crescimento-do-pais\/"},"author":{"name":"Comunica\u00e7\u00e3o PSOL","@id":"https:\/\/psol50.org.br\/#\/schema\/person\/475dfa57d0b815993c714c2e96491fcd"},"headline":"Economista critica avalia\u00e7\u00f5es internacionais sobre crescimento do pa\u00eds","datePublished":"2010-05-24T00:00:00+00:00","mainEntityOfPage":{"@id":"https:\/\/psol50.org.br\/economista-critica-avaliacoes-internacionais-sobre-crescimento-do-pais\/"},"wordCount":678,"commentCount":0,"publisher":{"@id":"https:\/\/psol50.org.br\/#organization"},"image":{"@id":"https:\/\/psol50.org.br\/economista-critica-avaliacoes-internacionais-sobre-crescimento-do-pais\/#primaryimage"},"thumbnailUrl":"http:\/\/psol50.org.br\/files\/2010\/05\/crise-300x218.jpg","articleSection":["Arquivo"],"inLanguage":"pt-BR","potentialAction":[{"@type":"CommentAction","name":"Comment","target":["https:\/\/psol50.org.br\/economista-critica-avaliacoes-internacionais-sobre-crescimento-do-pais\/#respond"]}]},{"@type":"WebPage","@id":"https:\/\/psol50.org.br\/economista-critica-avaliacoes-internacionais-sobre-crescimento-do-pais\/","url":"https:\/\/psol50.org.br\/economista-critica-avaliacoes-internacionais-sobre-crescimento-do-pais\/","name":"Economista critica avalia\u00e7\u00f5es internacionais sobre crescimento do pa\u00eds - PSOL 50","isPartOf":{"@id":"https:\/\/psol50.org.br\/#website"},"primaryImageOfPage":{"@id":"https:\/\/psol50.org.br\/economista-critica-avaliacoes-internacionais-sobre-crescimento-do-pais\/#primaryimage"},"image":{"@id":"https:\/\/psol50.org.br\/economista-critica-avaliacoes-internacionais-sobre-crescimento-do-pais\/#primaryimage"},"thumbnailUrl":"http:\/\/psol50.org.br\/files\/2010\/05\/crise-300x218.jpg","datePublished":"2010-05-24T00:00:00+00:00","breadcrumb":{"@id":"https:\/\/psol50.org.br\/economista-critica-avaliacoes-internacionais-sobre-crescimento-do-pais\/#breadcrumb"},"inLanguage":"pt-BR","potentialAction":[{"@type":"ReadAction","target":["https:\/\/psol50.org.br\/economista-critica-avaliacoes-internacionais-sobre-crescimento-do-pais\/"]}]},{"@type":"ImageObject","inLanguage":"pt-BR","@id":"https:\/\/psol50.org.br\/economista-critica-avaliacoes-internacionais-sobre-crescimento-do-pais\/#primaryimage","url":"http:\/\/psol50.org.br\/files\/2010\/05\/crise-300x218.jpg","contentUrl":"http:\/\/psol50.org.br\/files\/2010\/05\/crise-300x218.jpg"},{"@type":"BreadcrumbList","@id":"https:\/\/psol50.org.br\/economista-critica-avaliacoes-internacionais-sobre-crescimento-do-pais\/#breadcrumb","itemListElement":[{"@type":"ListItem","position":1,"name":"In\u00edcio","item":"https:\/\/psol50.org.br\/"},{"@type":"ListItem","position":2,"name":"Economista critica avalia\u00e7\u00f5es internacionais sobre crescimento do pa\u00eds"}]},{"@type":"WebSite","@id":"https:\/\/psol50.org.br\/#website","url":"https:\/\/psol50.org.br\/","name":"PSOL 50","description":"Site oficial do Partido Socialismo e Liberdade","publisher":{"@id":"https:\/\/psol50.org.br\/#organization"},"alternateName":"PSOL50","potentialAction":[{"@type":"SearchAction","target":{"@type":"EntryPoint","urlTemplate":"https:\/\/psol50.org.br\/?s={search_term_string}"},"query-input":{"@type":"PropertyValueSpecification","valueRequired":true,"valueName":"search_term_string"}}],"inLanguage":"pt-BR"},{"@type":"Organization","@id":"https:\/\/psol50.org.br\/#organization","name":"PSOL 50","alternateName":"PSOL 50","url":"https:\/\/psol50.org.br\/","logo":{"@type":"ImageObject","inLanguage":"pt-BR","@id":"https:\/\/psol50.org.br\/#\/schema\/logo\/image\/","url":"https:\/\/psol50.org.br\/inc\/uploads\/2018\/07\/capa.png","contentUrl":"https:\/\/psol50.org.br\/inc\/uploads\/2018\/07\/capa.png","width":1350,"height":900,"caption":"PSOL 50"},"image":{"@id":"https:\/\/psol50.org.br\/#\/schema\/logo\/image\/"},"sameAs":["https:\/\/www.facebook.com\/psol50","https:\/\/x.com\/psol50","https:\/\/www.instagram.com\/psol50\/","https:\/\/www.youtube.com\/channel\/UC7SnJS5o1os7a6CaiNabzcg"]},{"@type":"Person","@id":"https:\/\/psol50.org.br\/#\/schema\/person\/475dfa57d0b815993c714c2e96491fcd","name":"Comunica\u00e7\u00e3o PSOL","image":{"@type":"ImageObject","inLanguage":"pt-BR","@id":"https:\/\/psol50.org.br\/#\/schema\/person\/image\/","url":"https:\/\/secure.gravatar.com\/avatar\/b34fc4f4e468a4e51785917065a3db57b841f5c95dba6ad8c73aaf8f66f8f9bf?s=96&d=mm&r=g","contentUrl":"https:\/\/secure.gravatar.com\/avatar\/b34fc4f4e468a4e51785917065a3db57b841f5c95dba6ad8c73aaf8f66f8f9bf?s=96&d=mm&r=g","caption":"Comunica\u00e7\u00e3o PSOL"}}]}},"_links":{"self":[{"href":"https:\/\/psol50.org.br\/rest\/wp\/v2\/posts\/1355","targetHints":{"allow":["GET"]}}],"collection":[{"href":"https:\/\/psol50.org.br\/rest\/wp\/v2\/posts"}],"about":[{"href":"https:\/\/psol50.org.br\/rest\/wp\/v2\/types\/post"}],"author":[{"embeddable":true,"href":"https:\/\/psol50.org.br\/rest\/wp\/v2\/users\/2"}],"replies":[{"embeddable":true,"href":"https:\/\/psol50.org.br\/rest\/wp\/v2\/comments?post=1355"}],"version-history":[{"count":0,"href":"https:\/\/psol50.org.br\/rest\/wp\/v2\/posts\/1355\/revisions"}],"wp:attachment":[{"href":"https:\/\/psol50.org.br\/rest\/wp\/v2\/media?parent=1355"}],"wp:term":[{"taxonomy":"category","embeddable":true,"href":"https:\/\/psol50.org.br\/rest\/wp\/v2\/categories?post=1355"},{"taxonomy":"post_tag","embeddable":true,"href":"https:\/\/psol50.org.br\/rest\/wp\/v2\/tags?post=1355"}],"curies":[{"name":"wp","href":"https:\/\/api.w.org\/{rel}","templated":true}]}}