{"id":13570,"date":"2016-08-31T20:42:57","date_gmt":"2016-08-31T20:42:57","guid":{"rendered":"http:\/\/www.psol50.org.br\/?p=13570"},"modified":"2016-08-31T20:42:57","modified_gmt":"2016-08-31T20:42:57","slug":"liderancas-do-psol-repudiam-golpe-e-reivindicam-nvoas-eleicoes-diretas","status":"publish","type":"post","link":"https:\/\/psol50.org.br\/liderancas-do-psol-repudiam-golpe-e-reivindicam-nvoas-eleicoes-diretas\/","title":{"rendered":"Lideran\u00e7as do PSOL repudiam golpe e reivindicam novas elei\u00e7\u00f5es diretas"},"content":{"rendered":"<p>Ap\u00f3s a vota\u00e7\u00e3o no Senado que\u00a0aprovou o\u00a0impeachment de Dilma Rousseff, lideran\u00e7as\u00a0do PSOL demonstraram nas redes sociais a insatisfa\u00e7\u00e3o com o golpe.\u00a0Chico Alencar, vice-l\u00edder do PSOL na C\u00e2mara, se pronunciou logo ap\u00f3s o resultado da vota\u00e7\u00e3o. Ele definiu os apoiadores do impeachment como &#8220;moralistas de ocasi\u00e3o e sua postura hip\u00f3crita, de &#8216;\u00e9tica&#8217; meramente cosm\u00e9tica&#8221;.<span style=\"color: #3366ff\"> <a style=\"color: #3366ff\" href=\"https:\/\/www.facebook.com\/chicoalencar\/videos\/889414331160819\/\">Confira aqui.<\/a><\/span><\/p>\n<p>&nbsp;<\/p>\n<p>O deputado Jean Wyllys lembrou que o governo Temer representa um retrocesso para as minorias do pa\u00eds. &#8220;Venceram os canalhas, os falsos profetas, os ufanistas de araque, os que foram contra o Bolsa-Fam\u00edlia, os que falam abertamente na restri\u00e7\u00e3o de direitos das mulheres e das pessoas LGBT, os que s\u00e3o contra cotas raciais m\u00ednimas.&#8221; Para Luiza Erundina, uma das raz\u00f5es do retrocesso do governo Temer \u00e9 o pacote de medidas neoliberais que vem sendo adotado. &#8220;\u00c9 apenas o in\u00edcio de um ciclo que nos exige resist<span class=\"text_exposed_show\">\u00eancia, for\u00e7a, luta constante&#8221;. <\/span><\/p>\n<p>Wyllys, Marcelo Freixo e Glauber Braga afirmaram a necessidade de elei\u00e7\u00f5es serem convocadas para que, nas palavras de Braga,\u00a0&#8220;seja devolvida a soberania ao povo atrav\u00e9s do instrumento que legitima decis\u00f5es em uma Democracia&#8221;.<\/p>\n<p>Freixo, em nota no Facebook, reafirmou a posi\u00e7\u00e3o do PSOL enquanto oposi\u00e7\u00e3o\u00a0program\u00e1tica ao governo afastado. &#8220;N\u00e3o fizemos parte do governo Dilma, defender a democracia n\u00e3o \u00e9 defender governo&#8221;, diz Freixo. Ele lembra ainda que n\u00e3o foi comprovado nenhum crime de responsabilidade de Dilma Rousseff e o impeachment foi um pacto\u00a0entre Cunha e Temer, com o apoio do Congresso, para deter a opera\u00e7\u00e3o Lava Jato. O PSOL foi o \u00fanico partido sem envolvidos no esquema. &#8220;Agora sim v\u00e3o querer barrar a Lava Jato. N\u00e3o podemos aceitar que um governo minado de corruptos not\u00f3rios gere ainda mais impunidade&#8221;, ressaltou o deputado Ivan Valente. Para Valente, o impeachment \u00e9 uma farsa constitucional que resultou em um golpe parlamentar.<\/p>\n<p>Luciana Genro<span style=\"color: #3366ff\"> <a style=\"color: #3366ff\" href=\"https:\/\/twitter.com\/lucianagenro\/status\/771038655934849025\">tamb\u00e9m se op\u00f4s ao impeachment ileg\u00edtimo.<\/a><\/span><\/p>\n<p>A popula\u00e7\u00e3o tamb\u00e9m come\u00e7a a articular manifesta\u00e7\u00f5es contra Temer, com p\u00fablico esperado de mais de 10 mil pessoas. Compartilhe os eventos:<br \/>\n<span style=\"color: #3366ff\"><a style=\"color: #3366ff\" href=\"https:\/\/www.facebook.com\/events\/1122929417789864\/\">Bras\u00edlia<\/a><\/span><br \/>\n<span style=\"color: #3366ff\"><a style=\"color: #3366ff\" href=\"https:\/\/www.facebook.com\/events\/1047701742010076\/\">Curitiba<\/a><\/span><br \/>\n<span style=\"color: #3366ff\"><a style=\"color: #3366ff\" href=\"https:\/\/www.facebook.com\/events\/979192438870822\/\">Esp\u00edrito Santo<\/a><\/span><br \/>\n<span style=\"color: #3366ff\"><a style=\"color: #3366ff\" href=\"https:\/\/www.facebook.com\/events\/671063733071053\/\">Porto Alegre<\/a><\/span><br \/>\n<span style=\"color: #3366ff\"><a style=\"color: #3366ff\" href=\"https:\/\/www.facebook.com\/events\/1817607365136119\/\">Salvador<\/a><\/span><\/p>\n","protected":false},"excerpt":{"rendered":"<p>Ap\u00f3s a vota\u00e7\u00e3o no Senado que\u00a0aprovou o\u00a0impeachment de Dilma Rousseff, lideran\u00e7as\u00a0do PSOL demonstraram nas redes sociais a insatisfa\u00e7\u00e3o com o golpe.\u00a0Chico Alencar, vice-l\u00edder do PSOL na C\u00e2mara, se pronunciou logo ap\u00f3s o resultado da vota\u00e7\u00e3o. Ele definiu os apoiadores do impeachment como &#8220;moralistas de ocasi\u00e3o e sua postura hip\u00f3crita, de &#8216;\u00e9tica&#8217; meramente cosm\u00e9tica&#8221;. Confira aqui. [&hellip;]<\/p>\n","protected":false},"author":2,"featured_media":13577,"comment_status":"open","ping_status":"open","sticky":false,"template":"","format":"standard","meta":{"_acf_changed":false,"footnotes":""},"categories":[10,1882,6],"tags":[2734,2891,151,220,552,663,2174,553,287,161],"class_list":{"0":"post-13570","1":"post","2":"type-post","3":"status-publish","4":"format-standard","5":"has-post-thumbnail","7":"category-acao-parlamentares","8":"category-brasil","9":"category-noticias","10":"tag-bancada-do-psol","11":"tag-diretas-ja","12":"tag-golpe","13":"tag-impeachment","14":"tag-ivan-valente","15":"tag-jean-wyllys","16":"tag-luciana-genro","17":"tag-luiza-erundina","18":"tag-manifestacao","19":"tag-marcelo-freixo"},"acf":[],"yoast_head":"<!-- This site is optimized with the Yoast SEO plugin v26.5 - https:\/\/yoast.com\/wordpress\/plugins\/seo\/ -->\n<title>Lideran\u00e7as do PSOL repudiam golpe e reivindicam novas elei\u00e7\u00f5es diretas - PSOL 50<\/title>\n<meta name=\"robots\" content=\"index, follow, max-snippet:-1, max-image-preview:large, max-video-preview:-1\" \/>\n<link rel=\"canonical\" href=\"https:\/\/psol50.org.br\/liderancas-do-psol-repudiam-golpe-e-reivindicam-nvoas-eleicoes-diretas\/\" \/>\n<meta property=\"og:locale\" content=\"pt_BR\" \/>\n<meta property=\"og:type\" content=\"article\" \/>\n<meta property=\"og:title\" content=\"Lideran\u00e7as do PSOL repudiam golpe e reivindicam novas elei\u00e7\u00f5es diretas - PSOL 50\" \/>\n<meta property=\"og:description\" content=\"Ap\u00f3s a vota\u00e7\u00e3o no Senado que\u00a0aprovou o\u00a0impeachment de Dilma Rousseff, lideran\u00e7as\u00a0do PSOL demonstraram nas redes sociais a insatisfa\u00e7\u00e3o com o golpe.\u00a0Chico Alencar, vice-l\u00edder do PSOL na C\u00e2mara, se pronunciou logo ap\u00f3s o resultado da vota\u00e7\u00e3o. Ele definiu os apoiadores do impeachment como &#8220;moralistas de ocasi\u00e3o e sua postura hip\u00f3crita, de &#8216;\u00e9tica&#8217; meramente cosm\u00e9tica&#8221;. Confira aqui. [&hellip;]\" \/>\n<meta property=\"og:url\" content=\"https:\/\/psol50.org.br\/liderancas-do-psol-repudiam-golpe-e-reivindicam-nvoas-eleicoes-diretas\/\" \/>\n<meta property=\"og:site_name\" content=\"PSOL 50\" \/>\n<meta property=\"article:publisher\" content=\"https:\/\/www.facebook.com\/psol50\" \/>\n<meta property=\"article:published_time\" content=\"2016-08-31T20:42:57+00:00\" \/>\n<meta property=\"og:image\" content=\"https:\/\/psol50.org.br\/inc\/uploads\/2018\/07\/capa.png\" \/>\n\t<meta property=\"og:image:width\" content=\"1350\" \/>\n\t<meta property=\"og:image:height\" content=\"900\" \/>\n\t<meta property=\"og:image:type\" content=\"image\/png\" \/>\n<meta name=\"author\" content=\"Comunica\u00e7\u00e3o PSOL\" \/>\n<meta name=\"twitter:card\" content=\"summary_large_image\" \/>\n<meta name=\"twitter:creator\" content=\"@psol50\" \/>\n<meta name=\"twitter:site\" content=\"@psol50\" \/>\n<meta name=\"twitter:label1\" content=\"Escrito por\" \/>\n\t<meta name=\"twitter:data1\" content=\"Comunica\u00e7\u00e3o PSOL\" \/>\n\t<meta name=\"twitter:label2\" content=\"Est. tempo de leitura\" \/>\n\t<meta name=\"twitter:data2\" content=\"2 minutos\" \/>\n<script type=\"application\/ld+json\" class=\"yoast-schema-graph\">{\"@context\":\"https:\/\/schema.org\",\"@graph\":[{\"@type\":\"Article\",\"@id\":\"https:\/\/psol50.org.br\/liderancas-do-psol-repudiam-golpe-e-reivindicam-nvoas-eleicoes-diretas\/#article\",\"isPartOf\":{\"@id\":\"https:\/\/psol50.org.br\/liderancas-do-psol-repudiam-golpe-e-reivindicam-nvoas-eleicoes-diretas\/\"},\"author\":{\"name\":\"Comunica\u00e7\u00e3o PSOL\",\"@id\":\"https:\/\/psol50.org.br\/#\/schema\/person\/475dfa57d0b815993c714c2e96491fcd\"},\"headline\":\"Lideran\u00e7as do PSOL repudiam golpe e reivindicam novas elei\u00e7\u00f5es diretas\",\"datePublished\":\"2016-08-31T20:42:57+00:00\",\"mainEntityOfPage\":{\"@id\":\"https:\/\/psol50.org.br\/liderancas-do-psol-repudiam-golpe-e-reivindicam-nvoas-eleicoes-diretas\/\"},\"wordCount\":386,\"commentCount\":0,\"publisher\":{\"@id\":\"https:\/\/psol50.org.br\/#organization\"},\"image\":{\"@id\":\"https:\/\/psol50.org.br\/liderancas-do-psol-repudiam-golpe-e-reivindicam-nvoas-eleicoes-diretas\/#primaryimage\"},\"thumbnailUrl\":\"\",\"keywords\":[\"Bancada do PSOL\",\"diretas j\u00e1\",\"golpe\",\"impeachment\",\"Ivan Valente\",\"Jean Wyllys\",\"Luciana Genro\",\"Luiza Erundina\",\"manifesta\u00e7\u00e3o\",\"Marcelo Freixo\"],\"articleSection\":[\"A\u00e7\u00e3o Parlamentar\",\"Brasil\",\"Not\u00edcias\"],\"inLanguage\":\"pt-BR\",\"potentialAction\":[{\"@type\":\"CommentAction\",\"name\":\"Comment\",\"target\":[\"https:\/\/psol50.org.br\/liderancas-do-psol-repudiam-golpe-e-reivindicam-nvoas-eleicoes-diretas\/#respond\"]}]},{\"@type\":\"WebPage\",\"@id\":\"https:\/\/psol50.org.br\/liderancas-do-psol-repudiam-golpe-e-reivindicam-nvoas-eleicoes-diretas\/\",\"url\":\"https:\/\/psol50.org.br\/liderancas-do-psol-repudiam-golpe-e-reivindicam-nvoas-eleicoes-diretas\/\",\"name\":\"Lideran\u00e7as do PSOL repudiam golpe e reivindicam novas elei\u00e7\u00f5es diretas - PSOL 50\",\"isPartOf\":{\"@id\":\"https:\/\/psol50.org.br\/#website\"},\"primaryImageOfPage\":{\"@id\":\"https:\/\/psol50.org.br\/liderancas-do-psol-repudiam-golpe-e-reivindicam-nvoas-eleicoes-diretas\/#primaryimage\"},\"image\":{\"@id\":\"https:\/\/psol50.org.br\/liderancas-do-psol-repudiam-golpe-e-reivindicam-nvoas-eleicoes-diretas\/#primaryimage\"},\"thumbnailUrl\":\"\",\"datePublished\":\"2016-08-31T20:42:57+00:00\",\"breadcrumb\":{\"@id\":\"https:\/\/psol50.org.br\/liderancas-do-psol-repudiam-golpe-e-reivindicam-nvoas-eleicoes-diretas\/#breadcrumb\"},\"inLanguage\":\"pt-BR\",\"potentialAction\":[{\"@type\":\"ReadAction\",\"target\":[\"https:\/\/psol50.org.br\/liderancas-do-psol-repudiam-golpe-e-reivindicam-nvoas-eleicoes-diretas\/\"]}]},{\"@type\":\"ImageObject\",\"inLanguage\":\"pt-BR\",\"@id\":\"https:\/\/psol50.org.br\/liderancas-do-psol-repudiam-golpe-e-reivindicam-nvoas-eleicoes-diretas\/#primaryimage\",\"url\":\"\",\"contentUrl\":\"\"},{\"@type\":\"BreadcrumbList\",\"@id\":\"https:\/\/psol50.org.br\/liderancas-do-psol-repudiam-golpe-e-reivindicam-nvoas-eleicoes-diretas\/#breadcrumb\",\"itemListElement\":[{\"@type\":\"ListItem\",\"position\":1,\"name\":\"In\u00edcio\",\"item\":\"https:\/\/psol50.org.br\/\"},{\"@type\":\"ListItem\",\"position\":2,\"name\":\"Lideran\u00e7as do PSOL repudiam golpe e reivindicam novas elei\u00e7\u00f5es diretas\"}]},{\"@type\":\"WebSite\",\"@id\":\"https:\/\/psol50.org.br\/#website\",\"url\":\"https:\/\/psol50.org.br\/\",\"name\":\"PSOL 50\",\"description\":\"Site oficial do Partido Socialismo e Liberdade\",\"publisher\":{\"@id\":\"https:\/\/psol50.org.br\/#organization\"},\"alternateName\":\"PSOL50\",\"potentialAction\":[{\"@type\":\"SearchAction\",\"target\":{\"@type\":\"EntryPoint\",\"urlTemplate\":\"https:\/\/psol50.org.br\/?s={search_term_string}\"},\"query-input\":{\"@type\":\"PropertyValueSpecification\",\"valueRequired\":true,\"valueName\":\"search_term_string\"}}],\"inLanguage\":\"pt-BR\"},{\"@type\":\"Organization\",\"@id\":\"https:\/\/psol50.org.br\/#organization\",\"name\":\"PSOL 50\",\"alternateName\":\"PSOL 50\",\"url\":\"https:\/\/psol50.org.br\/\",\"logo\":{\"@type\":\"ImageObject\",\"inLanguage\":\"pt-BR\",\"@id\":\"https:\/\/psol50.org.br\/#\/schema\/logo\/image\/\",\"url\":\"https:\/\/psol50.org.br\/inc\/uploads\/2018\/07\/capa.png\",\"contentUrl\":\"https:\/\/psol50.org.br\/inc\/uploads\/2018\/07\/capa.png\",\"width\":1350,\"height\":900,\"caption\":\"PSOL 50\"},\"image\":{\"@id\":\"https:\/\/psol50.org.br\/#\/schema\/logo\/image\/\"},\"sameAs\":[\"https:\/\/www.facebook.com\/psol50\",\"https:\/\/x.com\/psol50\",\"https:\/\/www.instagram.com\/psol50\/\",\"https:\/\/www.youtube.com\/channel\/UC7SnJS5o1os7a6CaiNabzcg\"]},{\"@type\":\"Person\",\"@id\":\"https:\/\/psol50.org.br\/#\/schema\/person\/475dfa57d0b815993c714c2e96491fcd\",\"name\":\"Comunica\u00e7\u00e3o PSOL\",\"image\":{\"@type\":\"ImageObject\",\"inLanguage\":\"pt-BR\",\"@id\":\"https:\/\/psol50.org.br\/#\/schema\/person\/image\/\",\"url\":\"https:\/\/secure.gravatar.com\/avatar\/b34fc4f4e468a4e51785917065a3db57b841f5c95dba6ad8c73aaf8f66f8f9bf?s=96&d=mm&r=g\",\"contentUrl\":\"https:\/\/secure.gravatar.com\/avatar\/b34fc4f4e468a4e51785917065a3db57b841f5c95dba6ad8c73aaf8f66f8f9bf?s=96&d=mm&r=g\",\"caption\":\"Comunica\u00e7\u00e3o PSOL\"}}]}<\/script>\n<!-- \/ Yoast SEO plugin. -->","yoast_head_json":{"title":"Lideran\u00e7as do PSOL repudiam golpe e reivindicam novas elei\u00e7\u00f5es diretas - PSOL 50","robots":{"index":"index","follow":"follow","max-snippet":"max-snippet:-1","max-image-preview":"max-image-preview:large","max-video-preview":"max-video-preview:-1"},"canonical":"https:\/\/psol50.org.br\/liderancas-do-psol-repudiam-golpe-e-reivindicam-nvoas-eleicoes-diretas\/","og_locale":"pt_BR","og_type":"article","og_title":"Lideran\u00e7as do PSOL repudiam golpe e reivindicam novas elei\u00e7\u00f5es diretas - PSOL 50","og_description":"Ap\u00f3s a vota\u00e7\u00e3o no Senado que\u00a0aprovou o\u00a0impeachment de Dilma Rousseff, lideran\u00e7as\u00a0do PSOL demonstraram nas redes sociais a insatisfa\u00e7\u00e3o com o golpe.\u00a0Chico Alencar, vice-l\u00edder do PSOL na C\u00e2mara, se pronunciou logo ap\u00f3s o resultado da vota\u00e7\u00e3o. Ele definiu os apoiadores do impeachment como &#8220;moralistas de ocasi\u00e3o e sua postura hip\u00f3crita, de &#8216;\u00e9tica&#8217; meramente cosm\u00e9tica&#8221;. Confira aqui. [&hellip;]","og_url":"https:\/\/psol50.org.br\/liderancas-do-psol-repudiam-golpe-e-reivindicam-nvoas-eleicoes-diretas\/","og_site_name":"PSOL 50","article_publisher":"https:\/\/www.facebook.com\/psol50","article_published_time":"2016-08-31T20:42:57+00:00","og_image":[{"width":1350,"height":900,"url":"https:\/\/psol50.org.br\/inc\/uploads\/2018\/07\/capa.png","type":"image\/png"}],"author":"Comunica\u00e7\u00e3o PSOL","twitter_card":"summary_large_image","twitter_creator":"@psol50","twitter_site":"@psol50","twitter_misc":{"Escrito por":"Comunica\u00e7\u00e3o PSOL","Est. tempo de leitura":"2 minutos"},"schema":{"@context":"https:\/\/schema.org","@graph":[{"@type":"Article","@id":"https:\/\/psol50.org.br\/liderancas-do-psol-repudiam-golpe-e-reivindicam-nvoas-eleicoes-diretas\/#article","isPartOf":{"@id":"https:\/\/psol50.org.br\/liderancas-do-psol-repudiam-golpe-e-reivindicam-nvoas-eleicoes-diretas\/"},"author":{"name":"Comunica\u00e7\u00e3o PSOL","@id":"https:\/\/psol50.org.br\/#\/schema\/person\/475dfa57d0b815993c714c2e96491fcd"},"headline":"Lideran\u00e7as do PSOL repudiam golpe e reivindicam novas elei\u00e7\u00f5es diretas","datePublished":"2016-08-31T20:42:57+00:00","mainEntityOfPage":{"@id":"https:\/\/psol50.org.br\/liderancas-do-psol-repudiam-golpe-e-reivindicam-nvoas-eleicoes-diretas\/"},"wordCount":386,"commentCount":0,"publisher":{"@id":"https:\/\/psol50.org.br\/#organization"},"image":{"@id":"https:\/\/psol50.org.br\/liderancas-do-psol-repudiam-golpe-e-reivindicam-nvoas-eleicoes-diretas\/#primaryimage"},"thumbnailUrl":"","keywords":["Bancada do PSOL","diretas j\u00e1","golpe","impeachment","Ivan Valente","Jean Wyllys","Luciana Genro","Luiza Erundina","manifesta\u00e7\u00e3o","Marcelo Freixo"],"articleSection":["A\u00e7\u00e3o Parlamentar","Brasil","Not\u00edcias"],"inLanguage":"pt-BR","potentialAction":[{"@type":"CommentAction","name":"Comment","target":["https:\/\/psol50.org.br\/liderancas-do-psol-repudiam-golpe-e-reivindicam-nvoas-eleicoes-diretas\/#respond"]}]},{"@type":"WebPage","@id":"https:\/\/psol50.org.br\/liderancas-do-psol-repudiam-golpe-e-reivindicam-nvoas-eleicoes-diretas\/","url":"https:\/\/psol50.org.br\/liderancas-do-psol-repudiam-golpe-e-reivindicam-nvoas-eleicoes-diretas\/","name":"Lideran\u00e7as do PSOL repudiam golpe e reivindicam novas elei\u00e7\u00f5es diretas - PSOL 50","isPartOf":{"@id":"https:\/\/psol50.org.br\/#website"},"primaryImageOfPage":{"@id":"https:\/\/psol50.org.br\/liderancas-do-psol-repudiam-golpe-e-reivindicam-nvoas-eleicoes-diretas\/#primaryimage"},"image":{"@id":"https:\/\/psol50.org.br\/liderancas-do-psol-repudiam-golpe-e-reivindicam-nvoas-eleicoes-diretas\/#primaryimage"},"thumbnailUrl":"","datePublished":"2016-08-31T20:42:57+00:00","breadcrumb":{"@id":"https:\/\/psol50.org.br\/liderancas-do-psol-repudiam-golpe-e-reivindicam-nvoas-eleicoes-diretas\/#breadcrumb"},"inLanguage":"pt-BR","potentialAction":[{"@type":"ReadAction","target":["https:\/\/psol50.org.br\/liderancas-do-psol-repudiam-golpe-e-reivindicam-nvoas-eleicoes-diretas\/"]}]},{"@type":"ImageObject","inLanguage":"pt-BR","@id":"https:\/\/psol50.org.br\/liderancas-do-psol-repudiam-golpe-e-reivindicam-nvoas-eleicoes-diretas\/#primaryimage","url":"","contentUrl":""},{"@type":"BreadcrumbList","@id":"https:\/\/psol50.org.br\/liderancas-do-psol-repudiam-golpe-e-reivindicam-nvoas-eleicoes-diretas\/#breadcrumb","itemListElement":[{"@type":"ListItem","position":1,"name":"In\u00edcio","item":"https:\/\/psol50.org.br\/"},{"@type":"ListItem","position":2,"name":"Lideran\u00e7as do PSOL repudiam golpe e reivindicam novas elei\u00e7\u00f5es diretas"}]},{"@type":"WebSite","@id":"https:\/\/psol50.org.br\/#website","url":"https:\/\/psol50.org.br\/","name":"PSOL 50","description":"Site oficial do Partido Socialismo e Liberdade","publisher":{"@id":"https:\/\/psol50.org.br\/#organization"},"alternateName":"PSOL50","potentialAction":[{"@type":"SearchAction","target":{"@type":"EntryPoint","urlTemplate":"https:\/\/psol50.org.br\/?s={search_term_string}"},"query-input":{"@type":"PropertyValueSpecification","valueRequired":true,"valueName":"search_term_string"}}],"inLanguage":"pt-BR"},{"@type":"Organization","@id":"https:\/\/psol50.org.br\/#organization","name":"PSOL 50","alternateName":"PSOL 50","url":"https:\/\/psol50.org.br\/","logo":{"@type":"ImageObject","inLanguage":"pt-BR","@id":"https:\/\/psol50.org.br\/#\/schema\/logo\/image\/","url":"https:\/\/psol50.org.br\/inc\/uploads\/2018\/07\/capa.png","contentUrl":"https:\/\/psol50.org.br\/inc\/uploads\/2018\/07\/capa.png","width":1350,"height":900,"caption":"PSOL 50"},"image":{"@id":"https:\/\/psol50.org.br\/#\/schema\/logo\/image\/"},"sameAs":["https:\/\/www.facebook.com\/psol50","https:\/\/x.com\/psol50","https:\/\/www.instagram.com\/psol50\/","https:\/\/www.youtube.com\/channel\/UC7SnJS5o1os7a6CaiNabzcg"]},{"@type":"Person","@id":"https:\/\/psol50.org.br\/#\/schema\/person\/475dfa57d0b815993c714c2e96491fcd","name":"Comunica\u00e7\u00e3o PSOL","image":{"@type":"ImageObject","inLanguage":"pt-BR","@id":"https:\/\/psol50.org.br\/#\/schema\/person\/image\/","url":"https:\/\/secure.gravatar.com\/avatar\/b34fc4f4e468a4e51785917065a3db57b841f5c95dba6ad8c73aaf8f66f8f9bf?s=96&d=mm&r=g","contentUrl":"https:\/\/secure.gravatar.com\/avatar\/b34fc4f4e468a4e51785917065a3db57b841f5c95dba6ad8c73aaf8f66f8f9bf?s=96&d=mm&r=g","caption":"Comunica\u00e7\u00e3o PSOL"}}]}},"_links":{"self":[{"href":"https:\/\/psol50.org.br\/rest\/wp\/v2\/posts\/13570","targetHints":{"allow":["GET"]}}],"collection":[{"href":"https:\/\/psol50.org.br\/rest\/wp\/v2\/posts"}],"about":[{"href":"https:\/\/psol50.org.br\/rest\/wp\/v2\/types\/post"}],"author":[{"embeddable":true,"href":"https:\/\/psol50.org.br\/rest\/wp\/v2\/users\/2"}],"replies":[{"embeddable":true,"href":"https:\/\/psol50.org.br\/rest\/wp\/v2\/comments?post=13570"}],"version-history":[{"count":0,"href":"https:\/\/psol50.org.br\/rest\/wp\/v2\/posts\/13570\/revisions"}],"wp:featuredmedia":[{"embeddable":true,"href":"https:\/\/psol50.org.br\/rest\/"}],"wp:attachment":[{"href":"https:\/\/psol50.org.br\/rest\/wp\/v2\/media?parent=13570"}],"wp:term":[{"taxonomy":"category","embeddable":true,"href":"https:\/\/psol50.org.br\/rest\/wp\/v2\/categories?post=13570"},{"taxonomy":"post_tag","embeddable":true,"href":"https:\/\/psol50.org.br\/rest\/wp\/v2\/tags?post=13570"}],"curies":[{"name":"wp","href":"https:\/\/api.w.org\/{rel}","templated":true}]}}