{"id":13579,"date":"2016-09-01T21:27:50","date_gmt":"2016-09-01T21:27:50","guid":{"rendered":"http:\/\/www.psol50.org.br\/?p=13579"},"modified":"2016-09-01T21:27:50","modified_gmt":"2016-09-01T21:27:50","slug":"manifestacoes-contra-o-golpe-continuam-em-todo-o-pais","status":"publish","type":"post","link":"https:\/\/psol50.org.br\/manifestacoes-contra-o-golpe-continuam-em-todo-o-pais\/","title":{"rendered":"Manifesta\u00e7\u00f5es contra o golpe continuam em todo o pa\u00eds"},"content":{"rendered":"<p>Ap\u00f3s as violentas repress\u00f5es policiais que aconteceram em todo o pa\u00eds ontem, a Frente Povo sem Medo<span style=\"color: #3366ff\"><a style=\"color: #3366ff\" href=\"https:\/\/www.facebook.com\/events\/678364002313771\/\"> articula uma nova manifesta\u00e7\u00e3o<\/a><\/span>. O protesto Ocupe a Paulista Contra o Golpe est\u00e1 marcado para o pr\u00f3ximo domingo (4) \u00e0s 9h, na frente da Fiesp, em S\u00e3o Paulo. \u00a0No evento, 11 mil pessoas marcaram presen\u00e7a e outras 15 mil est\u00e3o interessadas. A Secretaria de Seguran\u00e7a P\u00fablica da cidade proibiu protestos na data alegando que a passagem da Tocha Paral\u00edmpica poderia ser prejudicada, o que causou revolta.\u00a0A Frente publicou tamb\u00e9m uma nota de rep\u00fadio aos acontecimentos de ontem:<\/p>\n<p>&#8220;A frente Povo Sem Medo esteve presente nos atos pelo pa\u00eds contra o golpe que se consumou no dia 31\/08 e pelo Fora Temer!<br \/>\nFoi um dia tomado pela indigna\u00e7\u00e3o popular. Temer n\u00e3o tem legitimidade para governar!<br \/>\nMais uma vez a policia militar agiu com viol\u00eancia desmedida, deixando dezenas de pessoas feridas!<span class=\"text_exposed_show\"><br \/>\nN\u00e3o ir\u00e3o nos barrar, a nossa luta \u00e9 em defesa da democracia, dos direitos e da liberdade!<br \/>\nSomos solid\u00e1rios com as vitimas diretas da viol\u00eancia e reafirmamos nosso compromisso com a luta!<br \/>\nSeguiremos na batalha que apenas se inicia pela radicaliza\u00e7\u00e3o da democracia e por justi\u00e7a social!<br \/>\nN\u00e3o nos calar\u00e3o!<br \/>\nN\u00e3o passar\u00e3o!<br \/>\nAqui est\u00e1 sem medo de lutar!&#8221;<br \/>\n<\/span><span style=\"color: #3366ff\"><br \/>\n<\/span><strong>Leia mais: <a href=\"http:\/\/www.psol50.org.br\/blog\/2016\/09\/01\/o-golpe-reprime-as-ruas\/\"><em>O golpe reprime as ruas<\/em><\/a><\/strong><\/p>\n<p>&nbsp;<\/p>\n<p>Em Bras\u00edlia, est\u00e1 marcada para hoje uma manifesta\u00e7\u00e3o contra Temer <span style=\"color: #3366ff\"><a style=\"color: #3366ff\" href=\"https:\/\/www.facebook.com\/events\/1646736385616323\/\">na estreia de Aquarius<\/a><\/span>. Na apresenta\u00e7\u00e3o\u00a0do filme no Festival de Cannes, a produ\u00e7\u00e3o e o elenco ergueram cartazes denunciando o golpe de estado em curso.\u00a0A indigna\u00e7\u00e3o da equipe\u00a0foi causada\u00a0com a extin\u00e7\u00e3o do Minist\u00e9rio da Cultura , logo que Temer assumiu o governo interinamente.\u00a0Outros protestos acontecem hoje\u00a0no restante do pa\u00eds, confira:<\/p>\n<p>Cear\u00e1<br \/>\n<span style=\"color: #3366ff\"><a style=\"color: #3366ff\" href=\"http:\/\/bit.ly\/2bN4UfV\">Fortaleza<\/a>\u00a0<\/span>01\/09 &#8211; 17h<\/p>\n<p>Minas Gerais<br \/>\n<span style=\"color: #3366ff\"><a style=\"color: #3366ff\" href=\"http:\/\/bit.ly\/2bLXTu9\">Juiz de Fora<\/a><\/span>\u00a001\/09 &#8211; 18h<\/p>\n<p>Paran\u00e1<br \/>\n<span style=\"color: #3366ff\"><a style=\"color: #3366ff\" href=\"http:\/\/bit.ly\/2c7TkMY\">Curitiba<\/a>\u00a0<\/span>01\/09 &#8211; 18h<\/p>\n<p>Rio Grande do Sul<br \/>\n<span style=\"color: #3366ff\"><a style=\"color: #3366ff\" href=\"http:\/\/bit.ly\/2bYmajc\">Porto Alegre<\/a><\/span>\u00a001\/09 &#8211; 18h<\/p>\n<p>S\u00e3o Paulo<br \/>\n<span style=\"color: #3366ff\"><a style=\"color: #3366ff\" href=\"http:\/\/bit.ly\/2ctLKzt\">Santos<\/a><\/span>\u00a001\/09 &#8211; 18h<br \/>\n<span style=\"color: #3366ff\"><a style=\"color: #3366ff\" href=\"http:\/\/bit.ly\/2cc19jm\">S\u00e3o Paulo<\/a>\u00a0<\/span>01\/09 &#8211; 18h<br \/>\n<span style=\"color: #3366ff\"><a style=\"color: #3366ff\" href=\"https:\/\/www.facebook.com\/events\/1016671645112744\/\">Campinas<\/a><\/span>\u00a001\/09 &#8211; 17h<\/p>\n","protected":false},"excerpt":{"rendered":"<p>Ap\u00f3s as violentas repress\u00f5es policiais que aconteceram em todo o pa\u00eds ontem, a Frente Povo sem Medo articula uma nova manifesta\u00e7\u00e3o. O protesto Ocupe a Paulista Contra o Golpe est\u00e1 marcado para o pr\u00f3ximo domingo (4) \u00e0s 9h, na frente da Fiesp, em S\u00e3o Paulo. \u00a0No evento, 11 mil pessoas marcaram presen\u00e7a e outras 15 [&hellip;]<\/p>\n","protected":false},"author":2,"featured_media":13594,"comment_status":"open","ping_status":"open","sticky":false,"template":"","format":"standard","meta":{"_acf_changed":false,"footnotes":""},"categories":[1882,6],"tags":[1878,151,314,1748,4509,22,1714],"class_list":{"0":"post-13579","1":"post","2":"type-post","3":"status-publish","4":"format-standard","5":"has-post-thumbnail","7":"category-brasil","8":"category-noticias","9":"tag-frente-povo-sem-medo","10":"tag-golpe","11":"tag-manifestacoes","12":"tag-michel-temer","13":"tag-ocupe-a-paulista-contra-o-golpe","14":"tag-psol","15":"tag-repressao-policial"},"acf":[],"yoast_head":"<!-- This site is optimized with the Yoast SEO plugin v26.5 - https:\/\/yoast.com\/wordpress\/plugins\/seo\/ -->\n<title>Manifesta\u00e7\u00f5es contra o golpe continuam em todo o pa\u00eds - PSOL 50<\/title>\n<meta name=\"robots\" content=\"index, follow, max-snippet:-1, max-image-preview:large, max-video-preview:-1\" \/>\n<link rel=\"canonical\" href=\"https:\/\/psol50.org.br\/manifestacoes-contra-o-golpe-continuam-em-todo-o-pais\/\" \/>\n<meta property=\"og:locale\" content=\"pt_BR\" \/>\n<meta property=\"og:type\" content=\"article\" \/>\n<meta property=\"og:title\" content=\"Manifesta\u00e7\u00f5es contra o golpe continuam em todo o pa\u00eds - PSOL 50\" \/>\n<meta property=\"og:description\" content=\"Ap\u00f3s as violentas repress\u00f5es policiais que aconteceram em todo o pa\u00eds ontem, a Frente Povo sem Medo articula uma nova manifesta\u00e7\u00e3o. O protesto Ocupe a Paulista Contra o Golpe est\u00e1 marcado para o pr\u00f3ximo domingo (4) \u00e0s 9h, na frente da Fiesp, em S\u00e3o Paulo. \u00a0No evento, 11 mil pessoas marcaram presen\u00e7a e outras 15 [&hellip;]\" \/>\n<meta property=\"og:url\" content=\"https:\/\/psol50.org.br\/manifestacoes-contra-o-golpe-continuam-em-todo-o-pais\/\" \/>\n<meta property=\"og:site_name\" content=\"PSOL 50\" \/>\n<meta property=\"article:publisher\" content=\"https:\/\/www.facebook.com\/psol50\" \/>\n<meta property=\"article:published_time\" content=\"2016-09-01T21:27:50+00:00\" \/>\n<meta property=\"og:image\" content=\"https:\/\/psol50.org.br\/inc\/uploads\/2018\/07\/capa.png\" \/>\n\t<meta property=\"og:image:width\" content=\"1350\" \/>\n\t<meta property=\"og:image:height\" content=\"900\" \/>\n\t<meta property=\"og:image:type\" content=\"image\/png\" \/>\n<meta name=\"author\" content=\"Comunica\u00e7\u00e3o PSOL\" \/>\n<meta name=\"twitter:card\" content=\"summary_large_image\" \/>\n<meta name=\"twitter:creator\" content=\"@psol50\" \/>\n<meta name=\"twitter:site\" content=\"@psol50\" \/>\n<meta name=\"twitter:label1\" content=\"Escrito por\" \/>\n\t<meta name=\"twitter:data1\" content=\"Comunica\u00e7\u00e3o PSOL\" \/>\n\t<meta name=\"twitter:label2\" content=\"Est. tempo de leitura\" \/>\n\t<meta name=\"twitter:data2\" content=\"2 minutos\" \/>\n<script type=\"application\/ld+json\" class=\"yoast-schema-graph\">{\"@context\":\"https:\/\/schema.org\",\"@graph\":[{\"@type\":\"Article\",\"@id\":\"https:\/\/psol50.org.br\/manifestacoes-contra-o-golpe-continuam-em-todo-o-pais\/#article\",\"isPartOf\":{\"@id\":\"https:\/\/psol50.org.br\/manifestacoes-contra-o-golpe-continuam-em-todo-o-pais\/\"},\"author\":{\"name\":\"Comunica\u00e7\u00e3o PSOL\",\"@id\":\"https:\/\/psol50.org.br\/#\/schema\/person\/475dfa57d0b815993c714c2e96491fcd\"},\"headline\":\"Manifesta\u00e7\u00f5es contra o golpe continuam em todo o pa\u00eds\",\"datePublished\":\"2016-09-01T21:27:50+00:00\",\"mainEntityOfPage\":{\"@id\":\"https:\/\/psol50.org.br\/manifestacoes-contra-o-golpe-continuam-em-todo-o-pais\/\"},\"wordCount\":356,\"commentCount\":0,\"publisher\":{\"@id\":\"https:\/\/psol50.org.br\/#organization\"},\"image\":{\"@id\":\"https:\/\/psol50.org.br\/manifestacoes-contra-o-golpe-continuam-em-todo-o-pais\/#primaryimage\"},\"thumbnailUrl\":\"\",\"keywords\":[\"Frente Povo Sem Medo\",\"golpe\",\"manifesta\u00e7\u00f5es\",\"Michel Temer\",\"Ocupe a Paulista Contra o Golpe\",\"PSOL\",\"repress\u00e3o policial\"],\"articleSection\":[\"Brasil\",\"Not\u00edcias\"],\"inLanguage\":\"pt-BR\",\"potentialAction\":[{\"@type\":\"CommentAction\",\"name\":\"Comment\",\"target\":[\"https:\/\/psol50.org.br\/manifestacoes-contra-o-golpe-continuam-em-todo-o-pais\/#respond\"]}]},{\"@type\":\"WebPage\",\"@id\":\"https:\/\/psol50.org.br\/manifestacoes-contra-o-golpe-continuam-em-todo-o-pais\/\",\"url\":\"https:\/\/psol50.org.br\/manifestacoes-contra-o-golpe-continuam-em-todo-o-pais\/\",\"name\":\"Manifesta\u00e7\u00f5es contra o golpe continuam em todo o pa\u00eds - PSOL 50\",\"isPartOf\":{\"@id\":\"https:\/\/psol50.org.br\/#website\"},\"primaryImageOfPage\":{\"@id\":\"https:\/\/psol50.org.br\/manifestacoes-contra-o-golpe-continuam-em-todo-o-pais\/#primaryimage\"},\"image\":{\"@id\":\"https:\/\/psol50.org.br\/manifestacoes-contra-o-golpe-continuam-em-todo-o-pais\/#primaryimage\"},\"thumbnailUrl\":\"\",\"datePublished\":\"2016-09-01T21:27:50+00:00\",\"breadcrumb\":{\"@id\":\"https:\/\/psol50.org.br\/manifestacoes-contra-o-golpe-continuam-em-todo-o-pais\/#breadcrumb\"},\"inLanguage\":\"pt-BR\",\"potentialAction\":[{\"@type\":\"ReadAction\",\"target\":[\"https:\/\/psol50.org.br\/manifestacoes-contra-o-golpe-continuam-em-todo-o-pais\/\"]}]},{\"@type\":\"ImageObject\",\"inLanguage\":\"pt-BR\",\"@id\":\"https:\/\/psol50.org.br\/manifestacoes-contra-o-golpe-continuam-em-todo-o-pais\/#primaryimage\",\"url\":\"\",\"contentUrl\":\"\"},{\"@type\":\"BreadcrumbList\",\"@id\":\"https:\/\/psol50.org.br\/manifestacoes-contra-o-golpe-continuam-em-todo-o-pais\/#breadcrumb\",\"itemListElement\":[{\"@type\":\"ListItem\",\"position\":1,\"name\":\"In\u00edcio\",\"item\":\"https:\/\/psol50.org.br\/\"},{\"@type\":\"ListItem\",\"position\":2,\"name\":\"Manifesta\u00e7\u00f5es contra o golpe continuam em todo o pa\u00eds\"}]},{\"@type\":\"WebSite\",\"@id\":\"https:\/\/psol50.org.br\/#website\",\"url\":\"https:\/\/psol50.org.br\/\",\"name\":\"PSOL 50\",\"description\":\"Site oficial do Partido Socialismo e Liberdade\",\"publisher\":{\"@id\":\"https:\/\/psol50.org.br\/#organization\"},\"alternateName\":\"PSOL50\",\"potentialAction\":[{\"@type\":\"SearchAction\",\"target\":{\"@type\":\"EntryPoint\",\"urlTemplate\":\"https:\/\/psol50.org.br\/?s={search_term_string}\"},\"query-input\":{\"@type\":\"PropertyValueSpecification\",\"valueRequired\":true,\"valueName\":\"search_term_string\"}}],\"inLanguage\":\"pt-BR\"},{\"@type\":\"Organization\",\"@id\":\"https:\/\/psol50.org.br\/#organization\",\"name\":\"PSOL 50\",\"alternateName\":\"PSOL 50\",\"url\":\"https:\/\/psol50.org.br\/\",\"logo\":{\"@type\":\"ImageObject\",\"inLanguage\":\"pt-BR\",\"@id\":\"https:\/\/psol50.org.br\/#\/schema\/logo\/image\/\",\"url\":\"https:\/\/psol50.org.br\/inc\/uploads\/2018\/07\/capa.png\",\"contentUrl\":\"https:\/\/psol50.org.br\/inc\/uploads\/2018\/07\/capa.png\",\"width\":1350,\"height\":900,\"caption\":\"PSOL 50\"},\"image\":{\"@id\":\"https:\/\/psol50.org.br\/#\/schema\/logo\/image\/\"},\"sameAs\":[\"https:\/\/www.facebook.com\/psol50\",\"https:\/\/x.com\/psol50\",\"https:\/\/www.instagram.com\/psol50\/\",\"https:\/\/www.youtube.com\/channel\/UC7SnJS5o1os7a6CaiNabzcg\"]},{\"@type\":\"Person\",\"@id\":\"https:\/\/psol50.org.br\/#\/schema\/person\/475dfa57d0b815993c714c2e96491fcd\",\"name\":\"Comunica\u00e7\u00e3o PSOL\",\"image\":{\"@type\":\"ImageObject\",\"inLanguage\":\"pt-BR\",\"@id\":\"https:\/\/psol50.org.br\/#\/schema\/person\/image\/\",\"url\":\"https:\/\/secure.gravatar.com\/avatar\/b34fc4f4e468a4e51785917065a3db57b841f5c95dba6ad8c73aaf8f66f8f9bf?s=96&d=mm&r=g\",\"contentUrl\":\"https:\/\/secure.gravatar.com\/avatar\/b34fc4f4e468a4e51785917065a3db57b841f5c95dba6ad8c73aaf8f66f8f9bf?s=96&d=mm&r=g\",\"caption\":\"Comunica\u00e7\u00e3o PSOL\"}}]}<\/script>\n<!-- \/ Yoast SEO plugin. -->","yoast_head_json":{"title":"Manifesta\u00e7\u00f5es contra o golpe continuam em todo o pa\u00eds - PSOL 50","robots":{"index":"index","follow":"follow","max-snippet":"max-snippet:-1","max-image-preview":"max-image-preview:large","max-video-preview":"max-video-preview:-1"},"canonical":"https:\/\/psol50.org.br\/manifestacoes-contra-o-golpe-continuam-em-todo-o-pais\/","og_locale":"pt_BR","og_type":"article","og_title":"Manifesta\u00e7\u00f5es contra o golpe continuam em todo o pa\u00eds - PSOL 50","og_description":"Ap\u00f3s as violentas repress\u00f5es policiais que aconteceram em todo o pa\u00eds ontem, a Frente Povo sem Medo articula uma nova manifesta\u00e7\u00e3o. O protesto Ocupe a Paulista Contra o Golpe est\u00e1 marcado para o pr\u00f3ximo domingo (4) \u00e0s 9h, na frente da Fiesp, em S\u00e3o Paulo. \u00a0No evento, 11 mil pessoas marcaram presen\u00e7a e outras 15 [&hellip;]","og_url":"https:\/\/psol50.org.br\/manifestacoes-contra-o-golpe-continuam-em-todo-o-pais\/","og_site_name":"PSOL 50","article_publisher":"https:\/\/www.facebook.com\/psol50","article_published_time":"2016-09-01T21:27:50+00:00","og_image":[{"width":1350,"height":900,"url":"https:\/\/psol50.org.br\/inc\/uploads\/2018\/07\/capa.png","type":"image\/png"}],"author":"Comunica\u00e7\u00e3o PSOL","twitter_card":"summary_large_image","twitter_creator":"@psol50","twitter_site":"@psol50","twitter_misc":{"Escrito por":"Comunica\u00e7\u00e3o PSOL","Est. tempo de leitura":"2 minutos"},"schema":{"@context":"https:\/\/schema.org","@graph":[{"@type":"Article","@id":"https:\/\/psol50.org.br\/manifestacoes-contra-o-golpe-continuam-em-todo-o-pais\/#article","isPartOf":{"@id":"https:\/\/psol50.org.br\/manifestacoes-contra-o-golpe-continuam-em-todo-o-pais\/"},"author":{"name":"Comunica\u00e7\u00e3o PSOL","@id":"https:\/\/psol50.org.br\/#\/schema\/person\/475dfa57d0b815993c714c2e96491fcd"},"headline":"Manifesta\u00e7\u00f5es contra o golpe continuam em todo o pa\u00eds","datePublished":"2016-09-01T21:27:50+00:00","mainEntityOfPage":{"@id":"https:\/\/psol50.org.br\/manifestacoes-contra-o-golpe-continuam-em-todo-o-pais\/"},"wordCount":356,"commentCount":0,"publisher":{"@id":"https:\/\/psol50.org.br\/#organization"},"image":{"@id":"https:\/\/psol50.org.br\/manifestacoes-contra-o-golpe-continuam-em-todo-o-pais\/#primaryimage"},"thumbnailUrl":"","keywords":["Frente Povo Sem Medo","golpe","manifesta\u00e7\u00f5es","Michel Temer","Ocupe a Paulista Contra o Golpe","PSOL","repress\u00e3o policial"],"articleSection":["Brasil","Not\u00edcias"],"inLanguage":"pt-BR","potentialAction":[{"@type":"CommentAction","name":"Comment","target":["https:\/\/psol50.org.br\/manifestacoes-contra-o-golpe-continuam-em-todo-o-pais\/#respond"]}]},{"@type":"WebPage","@id":"https:\/\/psol50.org.br\/manifestacoes-contra-o-golpe-continuam-em-todo-o-pais\/","url":"https:\/\/psol50.org.br\/manifestacoes-contra-o-golpe-continuam-em-todo-o-pais\/","name":"Manifesta\u00e7\u00f5es contra o golpe continuam em todo o pa\u00eds - PSOL 50","isPartOf":{"@id":"https:\/\/psol50.org.br\/#website"},"primaryImageOfPage":{"@id":"https:\/\/psol50.org.br\/manifestacoes-contra-o-golpe-continuam-em-todo-o-pais\/#primaryimage"},"image":{"@id":"https:\/\/psol50.org.br\/manifestacoes-contra-o-golpe-continuam-em-todo-o-pais\/#primaryimage"},"thumbnailUrl":"","datePublished":"2016-09-01T21:27:50+00:00","breadcrumb":{"@id":"https:\/\/psol50.org.br\/manifestacoes-contra-o-golpe-continuam-em-todo-o-pais\/#breadcrumb"},"inLanguage":"pt-BR","potentialAction":[{"@type":"ReadAction","target":["https:\/\/psol50.org.br\/manifestacoes-contra-o-golpe-continuam-em-todo-o-pais\/"]}]},{"@type":"ImageObject","inLanguage":"pt-BR","@id":"https:\/\/psol50.org.br\/manifestacoes-contra-o-golpe-continuam-em-todo-o-pais\/#primaryimage","url":"","contentUrl":""},{"@type":"BreadcrumbList","@id":"https:\/\/psol50.org.br\/manifestacoes-contra-o-golpe-continuam-em-todo-o-pais\/#breadcrumb","itemListElement":[{"@type":"ListItem","position":1,"name":"In\u00edcio","item":"https:\/\/psol50.org.br\/"},{"@type":"ListItem","position":2,"name":"Manifesta\u00e7\u00f5es contra o golpe continuam em todo o pa\u00eds"}]},{"@type":"WebSite","@id":"https:\/\/psol50.org.br\/#website","url":"https:\/\/psol50.org.br\/","name":"PSOL 50","description":"Site oficial do Partido Socialismo e Liberdade","publisher":{"@id":"https:\/\/psol50.org.br\/#organization"},"alternateName":"PSOL50","potentialAction":[{"@type":"SearchAction","target":{"@type":"EntryPoint","urlTemplate":"https:\/\/psol50.org.br\/?s={search_term_string}"},"query-input":{"@type":"PropertyValueSpecification","valueRequired":true,"valueName":"search_term_string"}}],"inLanguage":"pt-BR"},{"@type":"Organization","@id":"https:\/\/psol50.org.br\/#organization","name":"PSOL 50","alternateName":"PSOL 50","url":"https:\/\/psol50.org.br\/","logo":{"@type":"ImageObject","inLanguage":"pt-BR","@id":"https:\/\/psol50.org.br\/#\/schema\/logo\/image\/","url":"https:\/\/psol50.org.br\/inc\/uploads\/2018\/07\/capa.png","contentUrl":"https:\/\/psol50.org.br\/inc\/uploads\/2018\/07\/capa.png","width":1350,"height":900,"caption":"PSOL 50"},"image":{"@id":"https:\/\/psol50.org.br\/#\/schema\/logo\/image\/"},"sameAs":["https:\/\/www.facebook.com\/psol50","https:\/\/x.com\/psol50","https:\/\/www.instagram.com\/psol50\/","https:\/\/www.youtube.com\/channel\/UC7SnJS5o1os7a6CaiNabzcg"]},{"@type":"Person","@id":"https:\/\/psol50.org.br\/#\/schema\/person\/475dfa57d0b815993c714c2e96491fcd","name":"Comunica\u00e7\u00e3o PSOL","image":{"@type":"ImageObject","inLanguage":"pt-BR","@id":"https:\/\/psol50.org.br\/#\/schema\/person\/image\/","url":"https:\/\/secure.gravatar.com\/avatar\/b34fc4f4e468a4e51785917065a3db57b841f5c95dba6ad8c73aaf8f66f8f9bf?s=96&d=mm&r=g","contentUrl":"https:\/\/secure.gravatar.com\/avatar\/b34fc4f4e468a4e51785917065a3db57b841f5c95dba6ad8c73aaf8f66f8f9bf?s=96&d=mm&r=g","caption":"Comunica\u00e7\u00e3o PSOL"}}]}},"_links":{"self":[{"href":"https:\/\/psol50.org.br\/rest\/wp\/v2\/posts\/13579","targetHints":{"allow":["GET"]}}],"collection":[{"href":"https:\/\/psol50.org.br\/rest\/wp\/v2\/posts"}],"about":[{"href":"https:\/\/psol50.org.br\/rest\/wp\/v2\/types\/post"}],"author":[{"embeddable":true,"href":"https:\/\/psol50.org.br\/rest\/wp\/v2\/users\/2"}],"replies":[{"embeddable":true,"href":"https:\/\/psol50.org.br\/rest\/wp\/v2\/comments?post=13579"}],"version-history":[{"count":0,"href":"https:\/\/psol50.org.br\/rest\/wp\/v2\/posts\/13579\/revisions"}],"wp:featuredmedia":[{"embeddable":true,"href":"https:\/\/psol50.org.br\/rest\/"}],"wp:attachment":[{"href":"https:\/\/psol50.org.br\/rest\/wp\/v2\/media?parent=13579"}],"wp:term":[{"taxonomy":"category","embeddable":true,"href":"https:\/\/psol50.org.br\/rest\/wp\/v2\/categories?post=13579"},{"taxonomy":"post_tag","embeddable":true,"href":"https:\/\/psol50.org.br\/rest\/wp\/v2\/tags?post=13579"}],"curies":[{"name":"wp","href":"https:\/\/api.w.org\/{rel}","templated":true}]}}