{"id":1359,"date":"2009-01-14T00:00:00","date_gmt":"2009-01-14T00:00:00","guid":{"rendered":"http:\/\/psol50.org.br\/arquivo\/2009\/01\/14\/rs-gauchos-marcham-pela-paz-em-gaza\/"},"modified":"2009-01-14T00:00:00","modified_gmt":"2009-01-14T00:00:00","slug":"rs-gauchos-marcham-pela-paz-em-gaza","status":"publish","type":"post","link":"https:\/\/psol50.org.br\/rs-gauchos-marcham-pela-paz-em-gaza\/","title":{"rendered":"(RS) Ga\u00fachos marcham pela paz em Gaza"},"content":{"rendered":"<p>Nesta ter\u00e7a-feira, 13, cerca de mil pessoas vindas de diversas cidades participaram de uma grande passeata pelo centro de Porto Alegre para pedir que o ex\u00e9rcito israelense pare com o massacre de palestinos na Faixa de Gaza. A marcha teve in\u00edcio ap\u00f3s a cerim\u00f4nia de renova\u00e7\u00e3o do Comit\u00ea de Solidariedade ao Povo Palestino no Rio Grande do Sul, ocorrida no plenarinho da Assembl\u00e9ia Legislativa do Estado. Comp\u00f5em o grupo partidos pol\u00edticos de esquerda, centrais sindicais e organiza\u00e7\u00f5es palestinas. Durante o ato, a presidente regional da Sociedade \u00c1rabe-Palestina, F\u00e1tima Ahmad Ali, leu o manifesto do Comit\u00ea.<\/p>\n<p><!--more--><\/p>\n<p>A caminhada partiu em seguida da Pra\u00e7a da Matriz at\u00e9 a Esquina Democr\u00e1tica, onde os manifestantes deitaram-se sobre uma grande bandeira palestina, representando os mortos deixados pelos ataques israelenses. Tamb\u00e9m foram queimadas bandeiras de Israel e dos Estados Unidos, num ato simb\u00f3lico contra o imperialismo. A manifesta\u00e7\u00e3o se encerrou com as falas de representantes das entidades que integram o Comit\u00ea, entre eles, o presidente estadual do PSOL, Roberto Robaina, e o l\u00edder da bancada na C\u00e2mara de Porto Alegre, Pedro Ruas.<\/p>\n<p>Leia o manifesto:<\/p>\n<div class=\"stick\">\n<p>Em 1947, o Conselho de Seguran\u00e7a da ONU aprovou a partilha que dividiu a hist\u00f3rica Palestina em dois estados (Israel e Palestina). Quase 800 mil palestinos foram expulsos de forma brutal e sangrenta de suas terras, vilas e lares. Sessenta anos ap\u00f3s, o povo palestino continua resistindo \u00e0 ocupa\u00e7\u00e3o israelita-sionista, mesmo condenado a sobreviver em campos de concentra\u00e7\u00e3o dentro de 17,2% do que lhes restou de suas terras, ou a ser cidad\u00e3os de segunda categoria dentro das fronteiras de Israel.<\/p>\n<p>O que acontece na Palestina?<\/p>\n<p>A na\u00e7\u00e3o palestina sofre um verdadeiro regime de Apartheid: cidades cercadas por muros e arames farpados, mais de 600 postos de controle que impedem a livre circula\u00e7\u00e3o, servindo como instrumentos de castigo coletivo \u00e0 popula\u00e7\u00e3o. A constru\u00e7\u00e3o promovida por Israel de assentamentos ilegais, os mais de 10 mil presos pol\u00edticos nos c\u00e1rceres israelenses, a \u201cocidentaliza\u00e7\u00e3o\u201d de Jerusal\u00e9m Oriental, mostram que Israel ocupa a Palestina, militar, econ\u00f4mica e politicamente.<\/p>\n<p>Quem s\u00e3o os palestinos?<\/p>\n<p>Os palestinos s\u00e3o aproximadamente 9 milh\u00f5es. Quatro milh\u00f5es vivem na Jord\u00e2nia, S\u00edria, L\u00edbano e outros paises \u00e1rabes onde sobrevivem em campos de refugiados. Um milh\u00e3o de palestinos encontram-se em di\u00e1spora nos mais diferentes pa\u00edses. Mais 4 milh\u00f5es vivem nos territ\u00f3rios ocupados da Palestina, Cisjord\u00e2nia, Faixa de Gaza e Israel. Os palestinos vivem sob a pol\u00edtica segregacionista do governo de Israel, que det\u00e9m o controle do fornecimento de \u00e1gua, eletricidade e combust\u00edveis. A movimenta\u00e7\u00e3o dos palestinos \u00e9 severamente controlada por 600 barreiras militares, Muro da Vergonha com 700km de comprimento e 8m de altura, que corta e cerca a Palestina. Israel controla todas as fronteiras, n\u00e3o permitindo o retorno dos palestinos. A Faixa de Gaza \u00e9 a \u00e1rea de maior densidade populacional do planeta, com cerca de 4 mil habitantes por quil\u00f4metro quadrado.<\/p>\n<p>O massacre<\/p>\n<p>Desde o dia 27 de dezembro de 2008, o ex\u00e9rcito de Israel vem promovendo um novo massacre. N\u00e3o podemos chamar de guerra a esta carnificina, onde o quarto maior ex\u00e9rcito mundial executa indistintamente crian\u00e7as e mulheres com o p\u00edfio argumento de que combate as for\u00e7as do Hamas. Esta agress\u00e3o criminal \u00e9 contra o povo palestino, suas casas, escolas, mesquitas, hospitais, crian\u00e7as, mulheres e anci\u00f5es. Terrorismo, para Israel, \u00e9 qualquer ato de resist\u00eancia, \u00e9 qualquer \u00e1rabe que n\u00e3o se submeta aos ditames dos invasores.<\/p>\n<p>As verdadeiras raz\u00f5es da barb\u00e1rie<\/p>\n<p>\u00c0s v\u00e9speras das elei\u00e7\u00f5es em Israel, o governo sionista lan\u00e7a os violentos ataques ao povo palestino com a inten\u00e7\u00e3o de promover eleitoralmente seus partidos \u00e0s custas do sangue de inocentes. Ao mesmo tempo que busca, atrav\u00e9s da for\u00e7a, dividir a na\u00e7\u00e3o palestina e seus representantes, para impedir a cria\u00e7\u00e3o de um Estado Palestino livre e soberano.<\/p>\n<p>O Comit\u00ea de Solidariedade ao Povo Palestino\/RS convoca<\/p>\n<p>A todos os democratas do mundo a denunciar esta monstruosidade e combater, de todas as formas poss\u00edveis, as atrocidades do governo de Israel e seu comparsas imperialistas, os EUA, com sua pol\u00edtica de domina\u00e7\u00e3o opressiva, massacrando povos do Oriente M\u00e9dio, como Iraque, Afeganist\u00e3o, Palestina, L\u00edbano&#8230;<\/p>\n<p>1- FIM IMEDIATO DOS ATAQUES E AGRESS\u00d5ES AO POVO PALESTINO;<\/p>\n<p>2- RETIRADA INCONDICIONAL DAS TROPAS ISRAELENSES E LEVANTAMENTO DO CERCO A GAZA;<\/p>\n<p>3- ABERTURA DAS PASSAGENS PARA AJUDA HUMANIT\u00c1RIA;<\/p>\n<p>4- FIM DA OCUPA\u00c7\u00c3O MILITAR DO TERRIT\u00d3RIO PALESTINO;<\/p>\n<p>5- POR UM ESTADO PALESTINO LIVRE, LAICO, SOBERANO E VI\u00c1VEL.<\/p>\n<p>Entidades e personalidades participantes<\/p>\n<p>Federa\u00e7\u00e3o \u00c1rabe-Palestina do Brasil &#8211; FEPAL, Centro Brasileiro de Defesa da Soberania dos Povos e Luta Pela Paz &#8211; CEBRAPAZ, Sociedade Arabe Palestina do RS, PSOL, PCdoB, PCB, PSTU, PT, Mov. Avan\u00e7ando Sindical, Juventude Avan\u00e7ando, Comit\u00ea pela Liberta\u00e7\u00e3o da Palestina, Uni\u00e3o da Juventude Socialista, Uni\u00e3o da Juventude Comunista, Uni\u00e3o Brasileira dos Estudantes Secundaristas, Sociedade Palestina, SEMAPI, CUT\/RS, CTB\/RS, CONLUTAS\/RS, OAB\/RS, SINDIPETRO\/RS, Associa\u00e7\u00e3o Cultural Jos\u00e9 Mart\u00ed, Associa\u00e7\u00e3o de M\u00e9dicos e Amigos de Cuba, Deputada Federal Luciana Genro, Deputada Federal Manuela D\u00e1vila, Deputado Estadual Ad\u00e3o Villaverde, Vereadora Fernanda Melchionna, Vereador Pedro Ruas, Gab. Dep. Est. Marisa Formolo, Gab. Dep. Est. Raul Carrion, Gab. Dep. Fed. Maria do Ros\u00e1rio, Gab. Dep. Est. Dionilso Marcon, Gab. Dep. Fed. Ad\u00e3o Pretto, Movimento dos Trabalhadores Sem Terra, Uni\u00e3o das Associa\u00e7\u00f5es de Moradores de Porto Alegre, Corrente Comunista Luiz Carlos Prestes, Clube de Cultura, Sindicato dos Assistentes Sociais.<\/p>\n<\/div>\n<p><i>Foto: Hugo Scotte<\/i><\/p>\n","protected":false},"excerpt":{"rendered":"<p>Nesta ter\u00e7a-feira, 13, cerca de mil pessoas vindas de diversas cidades participaram de uma grande passeata pelo centro de Porto Alegre para pedir que o ex\u00e9rcito israelense pare com o massacre de palestinos na Faixa de Gaza. A marcha teve in\u00edcio ap\u00f3s a cerim\u00f4nia de renova\u00e7\u00e3o do Comit\u00ea de Solidariedade ao Povo Palestino no Rio [&hellip;]<\/p>\n","protected":false},"author":2,"featured_media":0,"comment_status":"open","ping_status":"open","sticky":false,"template":"","format":"standard","meta":{"_acf_changed":false,"footnotes":""},"categories":[4766],"tags":[],"class_list":{"0":"post-1359","1":"post","2":"type-post","3":"status-publish","4":"format-standard","6":"category-arquivo"},"acf":[],"yoast_head":"<!-- This site is optimized with the Yoast SEO plugin v26.5 - https:\/\/yoast.com\/wordpress\/plugins\/seo\/ -->\n<title>(RS) Ga\u00fachos marcham pela paz em Gaza - PSOL 50<\/title>\n<meta name=\"robots\" content=\"index, follow, max-snippet:-1, max-image-preview:large, max-video-preview:-1\" \/>\n<link rel=\"canonical\" href=\"https:\/\/psol50.org.br\/rs-gauchos-marcham-pela-paz-em-gaza\/\" \/>\n<meta property=\"og:locale\" content=\"pt_BR\" \/>\n<meta property=\"og:type\" content=\"article\" \/>\n<meta property=\"og:title\" content=\"(RS) Ga\u00fachos marcham pela paz em Gaza - PSOL 50\" \/>\n<meta property=\"og:description\" content=\"Nesta ter\u00e7a-feira, 13, cerca de mil pessoas vindas de diversas cidades participaram de uma grande passeata pelo centro de Porto Alegre para pedir que o ex\u00e9rcito israelense pare com o massacre de palestinos na Faixa de Gaza. A marcha teve in\u00edcio ap\u00f3s a cerim\u00f4nia de renova\u00e7\u00e3o do Comit\u00ea de Solidariedade ao Povo Palestino no Rio [&hellip;]\" \/>\n<meta property=\"og:url\" content=\"https:\/\/psol50.org.br\/rs-gauchos-marcham-pela-paz-em-gaza\/\" \/>\n<meta property=\"og:site_name\" content=\"PSOL 50\" \/>\n<meta property=\"article:publisher\" content=\"https:\/\/www.facebook.com\/psol50\" \/>\n<meta property=\"article:published_time\" content=\"2009-01-14T00:00:00+00:00\" \/>\n<meta property=\"og:image\" content=\"https:\/\/psol50.org.br\/inc\/uploads\/2018\/07\/capa.png\" \/>\n\t<meta property=\"og:image:width\" content=\"1350\" \/>\n\t<meta property=\"og:image:height\" content=\"900\" \/>\n\t<meta property=\"og:image:type\" content=\"image\/png\" \/>\n<meta name=\"author\" content=\"Comunica\u00e7\u00e3o PSOL\" \/>\n<meta name=\"twitter:card\" content=\"summary_large_image\" \/>\n<meta name=\"twitter:creator\" content=\"@psol50\" \/>\n<meta name=\"twitter:site\" content=\"@psol50\" \/>\n<meta name=\"twitter:label1\" content=\"Escrito por\" \/>\n\t<meta name=\"twitter:data1\" content=\"Comunica\u00e7\u00e3o PSOL\" \/>\n\t<meta name=\"twitter:label2\" content=\"Est. tempo de leitura\" \/>\n\t<meta name=\"twitter:data2\" content=\"5 minutos\" \/>\n<script type=\"application\/ld+json\" class=\"yoast-schema-graph\">{\"@context\":\"https:\/\/schema.org\",\"@graph\":[{\"@type\":\"Article\",\"@id\":\"https:\/\/psol50.org.br\/rs-gauchos-marcham-pela-paz-em-gaza\/#article\",\"isPartOf\":{\"@id\":\"https:\/\/psol50.org.br\/rs-gauchos-marcham-pela-paz-em-gaza\/\"},\"author\":{\"name\":\"Comunica\u00e7\u00e3o PSOL\",\"@id\":\"https:\/\/psol50.org.br\/#\/schema\/person\/475dfa57d0b815993c714c2e96491fcd\"},\"headline\":\"(RS) Ga\u00fachos marcham pela paz em Gaza\",\"datePublished\":\"2009-01-14T00:00:00+00:00\",\"mainEntityOfPage\":{\"@id\":\"https:\/\/psol50.org.br\/rs-gauchos-marcham-pela-paz-em-gaza\/\"},\"wordCount\":957,\"commentCount\":0,\"publisher\":{\"@id\":\"https:\/\/psol50.org.br\/#organization\"},\"articleSection\":[\"Arquivo\"],\"inLanguage\":\"pt-BR\",\"potentialAction\":[{\"@type\":\"CommentAction\",\"name\":\"Comment\",\"target\":[\"https:\/\/psol50.org.br\/rs-gauchos-marcham-pela-paz-em-gaza\/#respond\"]}]},{\"@type\":\"WebPage\",\"@id\":\"https:\/\/psol50.org.br\/rs-gauchos-marcham-pela-paz-em-gaza\/\",\"url\":\"https:\/\/psol50.org.br\/rs-gauchos-marcham-pela-paz-em-gaza\/\",\"name\":\"(RS) Ga\u00fachos marcham pela paz em Gaza - PSOL 50\",\"isPartOf\":{\"@id\":\"https:\/\/psol50.org.br\/#website\"},\"datePublished\":\"2009-01-14T00:00:00+00:00\",\"breadcrumb\":{\"@id\":\"https:\/\/psol50.org.br\/rs-gauchos-marcham-pela-paz-em-gaza\/#breadcrumb\"},\"inLanguage\":\"pt-BR\",\"potentialAction\":[{\"@type\":\"ReadAction\",\"target\":[\"https:\/\/psol50.org.br\/rs-gauchos-marcham-pela-paz-em-gaza\/\"]}]},{\"@type\":\"BreadcrumbList\",\"@id\":\"https:\/\/psol50.org.br\/rs-gauchos-marcham-pela-paz-em-gaza\/#breadcrumb\",\"itemListElement\":[{\"@type\":\"ListItem\",\"position\":1,\"name\":\"In\u00edcio\",\"item\":\"https:\/\/psol50.org.br\/\"},{\"@type\":\"ListItem\",\"position\":2,\"name\":\"(RS) Ga\u00fachos marcham pela paz em Gaza\"}]},{\"@type\":\"WebSite\",\"@id\":\"https:\/\/psol50.org.br\/#website\",\"url\":\"https:\/\/psol50.org.br\/\",\"name\":\"PSOL 50\",\"description\":\"Site oficial do Partido Socialismo e Liberdade\",\"publisher\":{\"@id\":\"https:\/\/psol50.org.br\/#organization\"},\"alternateName\":\"PSOL50\",\"potentialAction\":[{\"@type\":\"SearchAction\",\"target\":{\"@type\":\"EntryPoint\",\"urlTemplate\":\"https:\/\/psol50.org.br\/?s={search_term_string}\"},\"query-input\":{\"@type\":\"PropertyValueSpecification\",\"valueRequired\":true,\"valueName\":\"search_term_string\"}}],\"inLanguage\":\"pt-BR\"},{\"@type\":\"Organization\",\"@id\":\"https:\/\/psol50.org.br\/#organization\",\"name\":\"PSOL 50\",\"alternateName\":\"PSOL 50\",\"url\":\"https:\/\/psol50.org.br\/\",\"logo\":{\"@type\":\"ImageObject\",\"inLanguage\":\"pt-BR\",\"@id\":\"https:\/\/psol50.org.br\/#\/schema\/logo\/image\/\",\"url\":\"https:\/\/psol50.org.br\/inc\/uploads\/2018\/07\/capa.png\",\"contentUrl\":\"https:\/\/psol50.org.br\/inc\/uploads\/2018\/07\/capa.png\",\"width\":1350,\"height\":900,\"caption\":\"PSOL 50\"},\"image\":{\"@id\":\"https:\/\/psol50.org.br\/#\/schema\/logo\/image\/\"},\"sameAs\":[\"https:\/\/www.facebook.com\/psol50\",\"https:\/\/x.com\/psol50\",\"https:\/\/www.instagram.com\/psol50\/\",\"https:\/\/www.youtube.com\/channel\/UC7SnJS5o1os7a6CaiNabzcg\"]},{\"@type\":\"Person\",\"@id\":\"https:\/\/psol50.org.br\/#\/schema\/person\/475dfa57d0b815993c714c2e96491fcd\",\"name\":\"Comunica\u00e7\u00e3o PSOL\",\"image\":{\"@type\":\"ImageObject\",\"inLanguage\":\"pt-BR\",\"@id\":\"https:\/\/psol50.org.br\/#\/schema\/person\/image\/\",\"url\":\"https:\/\/secure.gravatar.com\/avatar\/b34fc4f4e468a4e51785917065a3db57b841f5c95dba6ad8c73aaf8f66f8f9bf?s=96&d=mm&r=g\",\"contentUrl\":\"https:\/\/secure.gravatar.com\/avatar\/b34fc4f4e468a4e51785917065a3db57b841f5c95dba6ad8c73aaf8f66f8f9bf?s=96&d=mm&r=g\",\"caption\":\"Comunica\u00e7\u00e3o PSOL\"}}]}<\/script>\n<!-- \/ Yoast SEO plugin. -->","yoast_head_json":{"title":"(RS) Ga\u00fachos marcham pela paz em Gaza - PSOL 50","robots":{"index":"index","follow":"follow","max-snippet":"max-snippet:-1","max-image-preview":"max-image-preview:large","max-video-preview":"max-video-preview:-1"},"canonical":"https:\/\/psol50.org.br\/rs-gauchos-marcham-pela-paz-em-gaza\/","og_locale":"pt_BR","og_type":"article","og_title":"(RS) Ga\u00fachos marcham pela paz em Gaza - PSOL 50","og_description":"Nesta ter\u00e7a-feira, 13, cerca de mil pessoas vindas de diversas cidades participaram de uma grande passeata pelo centro de Porto Alegre para pedir que o ex\u00e9rcito israelense pare com o massacre de palestinos na Faixa de Gaza. A marcha teve in\u00edcio ap\u00f3s a cerim\u00f4nia de renova\u00e7\u00e3o do Comit\u00ea de Solidariedade ao Povo Palestino no Rio [&hellip;]","og_url":"https:\/\/psol50.org.br\/rs-gauchos-marcham-pela-paz-em-gaza\/","og_site_name":"PSOL 50","article_publisher":"https:\/\/www.facebook.com\/psol50","article_published_time":"2009-01-14T00:00:00+00:00","og_image":[{"width":1350,"height":900,"url":"https:\/\/psol50.org.br\/inc\/uploads\/2018\/07\/capa.png","type":"image\/png"}],"author":"Comunica\u00e7\u00e3o PSOL","twitter_card":"summary_large_image","twitter_creator":"@psol50","twitter_site":"@psol50","twitter_misc":{"Escrito por":"Comunica\u00e7\u00e3o PSOL","Est. tempo de leitura":"5 minutos"},"schema":{"@context":"https:\/\/schema.org","@graph":[{"@type":"Article","@id":"https:\/\/psol50.org.br\/rs-gauchos-marcham-pela-paz-em-gaza\/#article","isPartOf":{"@id":"https:\/\/psol50.org.br\/rs-gauchos-marcham-pela-paz-em-gaza\/"},"author":{"name":"Comunica\u00e7\u00e3o PSOL","@id":"https:\/\/psol50.org.br\/#\/schema\/person\/475dfa57d0b815993c714c2e96491fcd"},"headline":"(RS) Ga\u00fachos marcham pela paz em Gaza","datePublished":"2009-01-14T00:00:00+00:00","mainEntityOfPage":{"@id":"https:\/\/psol50.org.br\/rs-gauchos-marcham-pela-paz-em-gaza\/"},"wordCount":957,"commentCount":0,"publisher":{"@id":"https:\/\/psol50.org.br\/#organization"},"articleSection":["Arquivo"],"inLanguage":"pt-BR","potentialAction":[{"@type":"CommentAction","name":"Comment","target":["https:\/\/psol50.org.br\/rs-gauchos-marcham-pela-paz-em-gaza\/#respond"]}]},{"@type":"WebPage","@id":"https:\/\/psol50.org.br\/rs-gauchos-marcham-pela-paz-em-gaza\/","url":"https:\/\/psol50.org.br\/rs-gauchos-marcham-pela-paz-em-gaza\/","name":"(RS) Ga\u00fachos marcham pela paz em Gaza - PSOL 50","isPartOf":{"@id":"https:\/\/psol50.org.br\/#website"},"datePublished":"2009-01-14T00:00:00+00:00","breadcrumb":{"@id":"https:\/\/psol50.org.br\/rs-gauchos-marcham-pela-paz-em-gaza\/#breadcrumb"},"inLanguage":"pt-BR","potentialAction":[{"@type":"ReadAction","target":["https:\/\/psol50.org.br\/rs-gauchos-marcham-pela-paz-em-gaza\/"]}]},{"@type":"BreadcrumbList","@id":"https:\/\/psol50.org.br\/rs-gauchos-marcham-pela-paz-em-gaza\/#breadcrumb","itemListElement":[{"@type":"ListItem","position":1,"name":"In\u00edcio","item":"https:\/\/psol50.org.br\/"},{"@type":"ListItem","position":2,"name":"(RS) Ga\u00fachos marcham pela paz em Gaza"}]},{"@type":"WebSite","@id":"https:\/\/psol50.org.br\/#website","url":"https:\/\/psol50.org.br\/","name":"PSOL 50","description":"Site oficial do Partido Socialismo e Liberdade","publisher":{"@id":"https:\/\/psol50.org.br\/#organization"},"alternateName":"PSOL50","potentialAction":[{"@type":"SearchAction","target":{"@type":"EntryPoint","urlTemplate":"https:\/\/psol50.org.br\/?s={search_term_string}"},"query-input":{"@type":"PropertyValueSpecification","valueRequired":true,"valueName":"search_term_string"}}],"inLanguage":"pt-BR"},{"@type":"Organization","@id":"https:\/\/psol50.org.br\/#organization","name":"PSOL 50","alternateName":"PSOL 50","url":"https:\/\/psol50.org.br\/","logo":{"@type":"ImageObject","inLanguage":"pt-BR","@id":"https:\/\/psol50.org.br\/#\/schema\/logo\/image\/","url":"https:\/\/psol50.org.br\/inc\/uploads\/2018\/07\/capa.png","contentUrl":"https:\/\/psol50.org.br\/inc\/uploads\/2018\/07\/capa.png","width":1350,"height":900,"caption":"PSOL 50"},"image":{"@id":"https:\/\/psol50.org.br\/#\/schema\/logo\/image\/"},"sameAs":["https:\/\/www.facebook.com\/psol50","https:\/\/x.com\/psol50","https:\/\/www.instagram.com\/psol50\/","https:\/\/www.youtube.com\/channel\/UC7SnJS5o1os7a6CaiNabzcg"]},{"@type":"Person","@id":"https:\/\/psol50.org.br\/#\/schema\/person\/475dfa57d0b815993c714c2e96491fcd","name":"Comunica\u00e7\u00e3o PSOL","image":{"@type":"ImageObject","inLanguage":"pt-BR","@id":"https:\/\/psol50.org.br\/#\/schema\/person\/image\/","url":"https:\/\/secure.gravatar.com\/avatar\/b34fc4f4e468a4e51785917065a3db57b841f5c95dba6ad8c73aaf8f66f8f9bf?s=96&d=mm&r=g","contentUrl":"https:\/\/secure.gravatar.com\/avatar\/b34fc4f4e468a4e51785917065a3db57b841f5c95dba6ad8c73aaf8f66f8f9bf?s=96&d=mm&r=g","caption":"Comunica\u00e7\u00e3o PSOL"}}]}},"_links":{"self":[{"href":"https:\/\/psol50.org.br\/rest\/wp\/v2\/posts\/1359","targetHints":{"allow":["GET"]}}],"collection":[{"href":"https:\/\/psol50.org.br\/rest\/wp\/v2\/posts"}],"about":[{"href":"https:\/\/psol50.org.br\/rest\/wp\/v2\/types\/post"}],"author":[{"embeddable":true,"href":"https:\/\/psol50.org.br\/rest\/wp\/v2\/users\/2"}],"replies":[{"embeddable":true,"href":"https:\/\/psol50.org.br\/rest\/wp\/v2\/comments?post=1359"}],"version-history":[{"count":0,"href":"https:\/\/psol50.org.br\/rest\/wp\/v2\/posts\/1359\/revisions"}],"wp:attachment":[{"href":"https:\/\/psol50.org.br\/rest\/wp\/v2\/media?parent=1359"}],"wp:term":[{"taxonomy":"category","embeddable":true,"href":"https:\/\/psol50.org.br\/rest\/wp\/v2\/categories?post=1359"},{"taxonomy":"post_tag","embeddable":true,"href":"https:\/\/psol50.org.br\/rest\/wp\/v2\/tags?post=1359"}],"curies":[{"name":"wp","href":"https:\/\/api.w.org\/{rel}","templated":true}]}}