{"id":13612,"date":"2016-09-02T12:32:53","date_gmt":"2016-09-02T12:32:53","guid":{"rendered":"http:\/\/www.psol50.org.br\/?p=13612"},"modified":"2016-09-02T12:32:53","modified_gmt":"2016-09-02T12:32:53","slug":"temer-publica-mp-que-coloca-em-risco-o-carater-publico-da-ebc","status":"publish","type":"post","link":"https:\/\/psol50.org.br\/temer-publica-mp-que-coloca-em-risco-o-carater-publico-da-ebc\/","title":{"rendered":"Temer publica MP que coloca em risco o car\u00e1ter p\u00fablico da EBC"},"content":{"rendered":"<p style=\"text-align: left\">Pouco mais de 24 horas depois de tomar posse como presidente da\u00a0Rep\u00fablica, Michel Temer j\u00e1 aplicou o primeiro retrocesso do seu governo ileg\u00edtimo. O alvo de sua primeira canetada\u00a0foi\u00a0a EBC (Empresa Brasil de Comunica\u00e7\u00e3o) e o projeto de comunica\u00e7\u00e3o p\u00fablica em desenvolvimento no pa\u00eds.\u00a0O Di\u00e1rio Oficial da Uni\u00e3o desta sexta-feira (02) traz a <a href=\"http:\/\/pesquisa.in.gov.br\/imprensa\/jsp\/visualiza\/index.jsp?jornal=1&amp;pagina=2&amp;data=02\/09\/2016\" target=\"_blank\" rel=\"noopener\"><strong>Medida Provis\u00f3ria n\u00ba 744, de 1\u00ba de setembro de 2016<\/strong><\/a>, que altera a Lei n\u00ba 11.652, de 7 de abril de 2008, que que criou a empresa.<\/p>\n<p style=\"text-align: left\">Entre as medidas, a MP acaba com o Conselho Curador da empresa, uma das principais conquistas dos movimentos sociais que atuam no campo da comunica\u00e7\u00e3o, que sempre lutaram por esse modelo de gest\u00e3o com participa\u00e7\u00e3o da sociedade civil.<\/p>\n<p><img loading=\"lazy\" decoding=\"async\" class=\"size-full wp-image-13613 aligncenter\" src=\"http:\/\/www.psol50.org.br\/inc\/uploads\/2016\/09\/MP-EBC.jpg\" alt=\"MP EBC\" width=\"860\" height=\"514\" srcset=\"https:\/\/psol50.org.br\/inc\/uploads\/2016\/09\/MP-EBC.jpg 860w, https:\/\/psol50.org.br\/inc\/uploads\/2016\/09\/MP-EBC-300x179.jpg 300w, https:\/\/psol50.org.br\/inc\/uploads\/2016\/09\/MP-EBC-768x459.jpg 768w, https:\/\/psol50.org.br\/inc\/uploads\/2016\/09\/MP-EBC-150x90.jpg 150w, https:\/\/psol50.org.br\/inc\/uploads\/2016\/09\/MP-EBC-696x416.jpg 696w\" sizes=\"auto, (max-width: 860px) 100vw, 860px\" \/><\/p>\n<p>Outro retrocesso contido na MP de Temer \u00e9 o fim do mandato de diretor-presidente, que, pelo modelo antigo, s\u00f3 poderia ser destitu\u00eddo por dois votos de desconfian\u00e7a do Conselho Curador. Com essa altera\u00e7\u00e3o, o comando da empresa ficar\u00e1 totalmente ref\u00e9m das nomea\u00e7\u00f5es e exonera\u00e7\u00f5es da Presid\u00eancia da Rep\u00fablica. Na mesma concep\u00e7\u00e3o de dar maior poder de inger\u00eancia ao governo nos ve\u00edculos da EBC, a nova legisla\u00e7\u00e3o acaba com o artigo que reafirma a autonomia em rela\u00e7\u00e3o ao governo federal para definir produ\u00e7\u00e3o, programa\u00e7\u00e3o e distribui\u00e7\u00e3o de conte\u00fado no sistema p\u00fablico de radiodifus\u00e3o.<\/p>\n<p>Para Jonas Valente, coordenador geral do Sindicato dos Jornalistas Profissionais do DF e jornalista concursado da TV Brasil, com o discurso de &#8220;atacar o partidarismo e o aparelhamento pelo governo&#8221;, o governo ileg\u00edtimo de Temer retira os principais mecanismos que protegiam a empresa &#8211; com todos os seus defeitos e limites &#8211; deste mesmo partidarismo e aparelhamento pelo governo.<\/p>\n<p>\u201cA MP escancara o que o governo Temer queria: extirpar o diretor-presidente indicado na \u00e9poca de Dilma Rousseff, acabar com a participa\u00e7\u00e3o social na empresa e atacar os instrumentos concretos que configuravam o seu car\u00e1ter p\u00fablico. Mesmo que os objetivos da Lei n\u00e3o tenham sido alterados, e que bom que n\u00e3o foram, na pr\u00e1tica a MP abre a porteira para a EBC voltar a fazer comunica\u00e7\u00e3o governamental\u201d, ressalta.<\/p>\n<p>O jornalista lembra o trabalho das entidades sindicais das categorias que atuam na EBC (jornalistas e radialistas) e da Comiss\u00e3o de Empregados, que sempre apontaram as cr\u00edticas necess\u00e1rias \u00e0s gest\u00f5es anteriores, mas chama a aten\u00e7\u00e3o para as pol\u00edticas do novo governo, que colocam em risco o car\u00e1ter p\u00fablico da EBC. \u201cN\u00e3o que n\u00e3o houvesse problemas nas gest\u00f5es anteriores. Eles ocorreram e foram muito denunciados pela sociedade civil e pelos trabalhadores. N\u00e3o se trata aqui de defender gest\u00e3o x ou y, mas constatar que o ato desmonta o car\u00e1ter p\u00fablico da empresa\u201d.<\/p>\n","protected":false},"excerpt":{"rendered":"<p>Pouco mais de 24 horas depois de tomar posse como presidente da\u00a0Rep\u00fablica, Michel Temer j\u00e1 aplicou o primeiro retrocesso do seu governo ileg\u00edtimo. O alvo de sua primeira canetada\u00a0foi\u00a0a EBC (Empresa Brasil de Comunica\u00e7\u00e3o) e o projeto de comunica\u00e7\u00e3o p\u00fablica em desenvolvimento no pa\u00eds.\u00a0O Di\u00e1rio Oficial da Uni\u00e3o desta sexta-feira (02) traz a Medida Provis\u00f3ria [&hellip;]<\/p>\n","protected":false},"author":2,"featured_media":12402,"comment_status":"open","ping_status":"open","sticky":false,"template":"","format":"standard","meta":{"_acf_changed":false,"footnotes":""},"categories":[1882,1104,6],"tags":[730,2880,731,3821,2169,4510,1423,1748,2881,4511,734],"class_list":{"0":"post-13612","1":"post","2":"type-post","3":"status-publish","4":"format-standard","5":"has-post-thumbnail","7":"category-brasil","8":"category-movimento","9":"category-noticias","10":"tag-comunicacao-publica","11":"tag-conselho-curador","12":"tag-ebc","13":"tag-empresa-brasil-de-comunicacao","14":"tag-fora-temer","15":"tag-jonas-valente","16":"tag-medida-provisoria","17":"tag-michel-temer","18":"tag-mp-744","19":"tag-sindicato-dos-jornalistas-profissionais-do-df","20":"tag-tv-brasil"},"acf":[],"yoast_head":"<!-- This site is optimized with the Yoast SEO plugin v26.5 - https:\/\/yoast.com\/wordpress\/plugins\/seo\/ -->\n<title>Temer publica MP que coloca em risco o car\u00e1ter p\u00fablico da EBC - PSOL 50<\/title>\n<meta name=\"robots\" content=\"index, follow, max-snippet:-1, max-image-preview:large, max-video-preview:-1\" \/>\n<link rel=\"canonical\" href=\"https:\/\/psol50.org.br\/temer-publica-mp-que-coloca-em-risco-o-carater-publico-da-ebc\/\" \/>\n<meta property=\"og:locale\" content=\"pt_BR\" \/>\n<meta property=\"og:type\" content=\"article\" \/>\n<meta property=\"og:title\" content=\"Temer publica MP que coloca em risco o car\u00e1ter p\u00fablico da EBC - PSOL 50\" \/>\n<meta property=\"og:description\" content=\"Pouco mais de 24 horas depois de tomar posse como presidente da\u00a0Rep\u00fablica, Michel Temer j\u00e1 aplicou o primeiro retrocesso do seu governo ileg\u00edtimo. O alvo de sua primeira canetada\u00a0foi\u00a0a EBC (Empresa Brasil de Comunica\u00e7\u00e3o) e o projeto de comunica\u00e7\u00e3o p\u00fablica em desenvolvimento no pa\u00eds.\u00a0O Di\u00e1rio Oficial da Uni\u00e3o desta sexta-feira (02) traz a Medida Provis\u00f3ria [&hellip;]\" \/>\n<meta property=\"og:url\" content=\"https:\/\/psol50.org.br\/temer-publica-mp-que-coloca-em-risco-o-carater-publico-da-ebc\/\" \/>\n<meta property=\"og:site_name\" content=\"PSOL 50\" \/>\n<meta property=\"article:publisher\" content=\"https:\/\/www.facebook.com\/psol50\" \/>\n<meta property=\"article:published_time\" content=\"2016-09-02T12:32:53+00:00\" \/>\n<meta property=\"og:image\" content=\"https:\/\/psol50.org.br\/inc\/uploads\/2016\/05\/Reporter-Brasil-1.jpg\" \/>\n\t<meta property=\"og:image:width\" content=\"1350\" \/>\n\t<meta property=\"og:image:height\" content=\"900\" \/>\n\t<meta property=\"og:image:type\" content=\"image\/jpeg\" \/>\n<meta name=\"author\" content=\"Comunica\u00e7\u00e3o PSOL\" \/>\n<meta name=\"twitter:card\" content=\"summary_large_image\" \/>\n<meta name=\"twitter:creator\" content=\"@psol50\" \/>\n<meta name=\"twitter:site\" content=\"@psol50\" \/>\n<meta name=\"twitter:label1\" content=\"Escrito por\" \/>\n\t<meta name=\"twitter:data1\" content=\"Comunica\u00e7\u00e3o PSOL\" \/>\n\t<meta name=\"twitter:label2\" content=\"Est. tempo de leitura\" \/>\n\t<meta name=\"twitter:data2\" content=\"2 minutos\" \/>\n<script type=\"application\/ld+json\" class=\"yoast-schema-graph\">{\"@context\":\"https:\/\/schema.org\",\"@graph\":[{\"@type\":\"Article\",\"@id\":\"https:\/\/psol50.org.br\/temer-publica-mp-que-coloca-em-risco-o-carater-publico-da-ebc\/#article\",\"isPartOf\":{\"@id\":\"https:\/\/psol50.org.br\/temer-publica-mp-que-coloca-em-risco-o-carater-publico-da-ebc\/\"},\"author\":{\"name\":\"Comunica\u00e7\u00e3o PSOL\",\"@id\":\"https:\/\/psol50.org.br\/#\/schema\/person\/475dfa57d0b815993c714c2e96491fcd\"},\"headline\":\"Temer publica MP que coloca em risco o car\u00e1ter p\u00fablico da EBC\",\"datePublished\":\"2016-09-02T12:32:53+00:00\",\"mainEntityOfPage\":{\"@id\":\"https:\/\/psol50.org.br\/temer-publica-mp-que-coloca-em-risco-o-carater-publico-da-ebc\/\"},\"wordCount\":491,\"commentCount\":0,\"publisher\":{\"@id\":\"https:\/\/psol50.org.br\/#organization\"},\"image\":{\"@id\":\"https:\/\/psol50.org.br\/temer-publica-mp-que-coloca-em-risco-o-carater-publico-da-ebc\/#primaryimage\"},\"thumbnailUrl\":\"https:\/\/psol50.org.br\/inc\/uploads\/2016\/05\/Reporter-Brasil-1.jpg\",\"keywords\":[\"comunica\u00e7\u00e3o p\u00fablica\",\"Conselho Curador\",\"EBC\",\"Empresa Brasil de Comunica\u00e7\u00e3o\",\"Fora Temer\",\"Jonas Valente\",\"medida provis\u00f3ria\",\"Michel Temer\",\"MP 744\",\"Sindicato dos Jornalistas Profissionais do DF\",\"TV Brasil\"],\"articleSection\":[\"Brasil\",\"Movimento\",\"Not\u00edcias\"],\"inLanguage\":\"pt-BR\",\"potentialAction\":[{\"@type\":\"CommentAction\",\"name\":\"Comment\",\"target\":[\"https:\/\/psol50.org.br\/temer-publica-mp-que-coloca-em-risco-o-carater-publico-da-ebc\/#respond\"]}]},{\"@type\":\"WebPage\",\"@id\":\"https:\/\/psol50.org.br\/temer-publica-mp-que-coloca-em-risco-o-carater-publico-da-ebc\/\",\"url\":\"https:\/\/psol50.org.br\/temer-publica-mp-que-coloca-em-risco-o-carater-publico-da-ebc\/\",\"name\":\"Temer publica MP que coloca em risco o car\u00e1ter p\u00fablico da EBC - PSOL 50\",\"isPartOf\":{\"@id\":\"https:\/\/psol50.org.br\/#website\"},\"primaryImageOfPage\":{\"@id\":\"https:\/\/psol50.org.br\/temer-publica-mp-que-coloca-em-risco-o-carater-publico-da-ebc\/#primaryimage\"},\"image\":{\"@id\":\"https:\/\/psol50.org.br\/temer-publica-mp-que-coloca-em-risco-o-carater-publico-da-ebc\/#primaryimage\"},\"thumbnailUrl\":\"https:\/\/psol50.org.br\/inc\/uploads\/2016\/05\/Reporter-Brasil-1.jpg\",\"datePublished\":\"2016-09-02T12:32:53+00:00\",\"breadcrumb\":{\"@id\":\"https:\/\/psol50.org.br\/temer-publica-mp-que-coloca-em-risco-o-carater-publico-da-ebc\/#breadcrumb\"},\"inLanguage\":\"pt-BR\",\"potentialAction\":[{\"@type\":\"ReadAction\",\"target\":[\"https:\/\/psol50.org.br\/temer-publica-mp-que-coloca-em-risco-o-carater-publico-da-ebc\/\"]}]},{\"@type\":\"ImageObject\",\"inLanguage\":\"pt-BR\",\"@id\":\"https:\/\/psol50.org.br\/temer-publica-mp-que-coloca-em-risco-o-carater-publico-da-ebc\/#primaryimage\",\"url\":\"https:\/\/psol50.org.br\/inc\/uploads\/2016\/05\/Reporter-Brasil-1.jpg\",\"contentUrl\":\"https:\/\/psol50.org.br\/inc\/uploads\/2016\/05\/Reporter-Brasil-1.jpg\",\"width\":1350,\"height\":900},{\"@type\":\"BreadcrumbList\",\"@id\":\"https:\/\/psol50.org.br\/temer-publica-mp-que-coloca-em-risco-o-carater-publico-da-ebc\/#breadcrumb\",\"itemListElement\":[{\"@type\":\"ListItem\",\"position\":1,\"name\":\"In\u00edcio\",\"item\":\"https:\/\/psol50.org.br\/\"},{\"@type\":\"ListItem\",\"position\":2,\"name\":\"Temer publica MP que coloca em risco o car\u00e1ter p\u00fablico da EBC\"}]},{\"@type\":\"WebSite\",\"@id\":\"https:\/\/psol50.org.br\/#website\",\"url\":\"https:\/\/psol50.org.br\/\",\"name\":\"PSOL 50\",\"description\":\"Site oficial do Partido Socialismo e Liberdade\",\"publisher\":{\"@id\":\"https:\/\/psol50.org.br\/#organization\"},\"alternateName\":\"PSOL50\",\"potentialAction\":[{\"@type\":\"SearchAction\",\"target\":{\"@type\":\"EntryPoint\",\"urlTemplate\":\"https:\/\/psol50.org.br\/?s={search_term_string}\"},\"query-input\":{\"@type\":\"PropertyValueSpecification\",\"valueRequired\":true,\"valueName\":\"search_term_string\"}}],\"inLanguage\":\"pt-BR\"},{\"@type\":\"Organization\",\"@id\":\"https:\/\/psol50.org.br\/#organization\",\"name\":\"PSOL 50\",\"alternateName\":\"PSOL 50\",\"url\":\"https:\/\/psol50.org.br\/\",\"logo\":{\"@type\":\"ImageObject\",\"inLanguage\":\"pt-BR\",\"@id\":\"https:\/\/psol50.org.br\/#\/schema\/logo\/image\/\",\"url\":\"https:\/\/psol50.org.br\/inc\/uploads\/2018\/07\/capa.png\",\"contentUrl\":\"https:\/\/psol50.org.br\/inc\/uploads\/2018\/07\/capa.png\",\"width\":1350,\"height\":900,\"caption\":\"PSOL 50\"},\"image\":{\"@id\":\"https:\/\/psol50.org.br\/#\/schema\/logo\/image\/\"},\"sameAs\":[\"https:\/\/www.facebook.com\/psol50\",\"https:\/\/x.com\/psol50\",\"https:\/\/www.instagram.com\/psol50\/\",\"https:\/\/www.youtube.com\/channel\/UC7SnJS5o1os7a6CaiNabzcg\"]},{\"@type\":\"Person\",\"@id\":\"https:\/\/psol50.org.br\/#\/schema\/person\/475dfa57d0b815993c714c2e96491fcd\",\"name\":\"Comunica\u00e7\u00e3o PSOL\",\"image\":{\"@type\":\"ImageObject\",\"inLanguage\":\"pt-BR\",\"@id\":\"https:\/\/psol50.org.br\/#\/schema\/person\/image\/\",\"url\":\"https:\/\/secure.gravatar.com\/avatar\/b34fc4f4e468a4e51785917065a3db57b841f5c95dba6ad8c73aaf8f66f8f9bf?s=96&d=mm&r=g\",\"contentUrl\":\"https:\/\/secure.gravatar.com\/avatar\/b34fc4f4e468a4e51785917065a3db57b841f5c95dba6ad8c73aaf8f66f8f9bf?s=96&d=mm&r=g\",\"caption\":\"Comunica\u00e7\u00e3o PSOL\"}}]}<\/script>\n<!-- \/ Yoast SEO plugin. -->","yoast_head_json":{"title":"Temer publica MP que coloca em risco o car\u00e1ter p\u00fablico da EBC - PSOL 50","robots":{"index":"index","follow":"follow","max-snippet":"max-snippet:-1","max-image-preview":"max-image-preview:large","max-video-preview":"max-video-preview:-1"},"canonical":"https:\/\/psol50.org.br\/temer-publica-mp-que-coloca-em-risco-o-carater-publico-da-ebc\/","og_locale":"pt_BR","og_type":"article","og_title":"Temer publica MP que coloca em risco o car\u00e1ter p\u00fablico da EBC - PSOL 50","og_description":"Pouco mais de 24 horas depois de tomar posse como presidente da\u00a0Rep\u00fablica, Michel Temer j\u00e1 aplicou o primeiro retrocesso do seu governo ileg\u00edtimo. O alvo de sua primeira canetada\u00a0foi\u00a0a EBC (Empresa Brasil de Comunica\u00e7\u00e3o) e o projeto de comunica\u00e7\u00e3o p\u00fablica em desenvolvimento no pa\u00eds.\u00a0O Di\u00e1rio Oficial da Uni\u00e3o desta sexta-feira (02) traz a Medida Provis\u00f3ria [&hellip;]","og_url":"https:\/\/psol50.org.br\/temer-publica-mp-que-coloca-em-risco-o-carater-publico-da-ebc\/","og_site_name":"PSOL 50","article_publisher":"https:\/\/www.facebook.com\/psol50","article_published_time":"2016-09-02T12:32:53+00:00","og_image":[{"width":1350,"height":900,"url":"https:\/\/psol50.org.br\/inc\/uploads\/2016\/05\/Reporter-Brasil-1.jpg","type":"image\/jpeg"}],"author":"Comunica\u00e7\u00e3o PSOL","twitter_card":"summary_large_image","twitter_creator":"@psol50","twitter_site":"@psol50","twitter_misc":{"Escrito por":"Comunica\u00e7\u00e3o PSOL","Est. tempo de leitura":"2 minutos"},"schema":{"@context":"https:\/\/schema.org","@graph":[{"@type":"Article","@id":"https:\/\/psol50.org.br\/temer-publica-mp-que-coloca-em-risco-o-carater-publico-da-ebc\/#article","isPartOf":{"@id":"https:\/\/psol50.org.br\/temer-publica-mp-que-coloca-em-risco-o-carater-publico-da-ebc\/"},"author":{"name":"Comunica\u00e7\u00e3o PSOL","@id":"https:\/\/psol50.org.br\/#\/schema\/person\/475dfa57d0b815993c714c2e96491fcd"},"headline":"Temer publica MP que coloca em risco o car\u00e1ter p\u00fablico da EBC","datePublished":"2016-09-02T12:32:53+00:00","mainEntityOfPage":{"@id":"https:\/\/psol50.org.br\/temer-publica-mp-que-coloca-em-risco-o-carater-publico-da-ebc\/"},"wordCount":491,"commentCount":0,"publisher":{"@id":"https:\/\/psol50.org.br\/#organization"},"image":{"@id":"https:\/\/psol50.org.br\/temer-publica-mp-que-coloca-em-risco-o-carater-publico-da-ebc\/#primaryimage"},"thumbnailUrl":"https:\/\/psol50.org.br\/inc\/uploads\/2016\/05\/Reporter-Brasil-1.jpg","keywords":["comunica\u00e7\u00e3o p\u00fablica","Conselho Curador","EBC","Empresa Brasil de Comunica\u00e7\u00e3o","Fora Temer","Jonas Valente","medida provis\u00f3ria","Michel Temer","MP 744","Sindicato dos Jornalistas Profissionais do DF","TV Brasil"],"articleSection":["Brasil","Movimento","Not\u00edcias"],"inLanguage":"pt-BR","potentialAction":[{"@type":"CommentAction","name":"Comment","target":["https:\/\/psol50.org.br\/temer-publica-mp-que-coloca-em-risco-o-carater-publico-da-ebc\/#respond"]}]},{"@type":"WebPage","@id":"https:\/\/psol50.org.br\/temer-publica-mp-que-coloca-em-risco-o-carater-publico-da-ebc\/","url":"https:\/\/psol50.org.br\/temer-publica-mp-que-coloca-em-risco-o-carater-publico-da-ebc\/","name":"Temer publica MP que coloca em risco o car\u00e1ter p\u00fablico da EBC - PSOL 50","isPartOf":{"@id":"https:\/\/psol50.org.br\/#website"},"primaryImageOfPage":{"@id":"https:\/\/psol50.org.br\/temer-publica-mp-que-coloca-em-risco-o-carater-publico-da-ebc\/#primaryimage"},"image":{"@id":"https:\/\/psol50.org.br\/temer-publica-mp-que-coloca-em-risco-o-carater-publico-da-ebc\/#primaryimage"},"thumbnailUrl":"https:\/\/psol50.org.br\/inc\/uploads\/2016\/05\/Reporter-Brasil-1.jpg","datePublished":"2016-09-02T12:32:53+00:00","breadcrumb":{"@id":"https:\/\/psol50.org.br\/temer-publica-mp-que-coloca-em-risco-o-carater-publico-da-ebc\/#breadcrumb"},"inLanguage":"pt-BR","potentialAction":[{"@type":"ReadAction","target":["https:\/\/psol50.org.br\/temer-publica-mp-que-coloca-em-risco-o-carater-publico-da-ebc\/"]}]},{"@type":"ImageObject","inLanguage":"pt-BR","@id":"https:\/\/psol50.org.br\/temer-publica-mp-que-coloca-em-risco-o-carater-publico-da-ebc\/#primaryimage","url":"https:\/\/psol50.org.br\/inc\/uploads\/2016\/05\/Reporter-Brasil-1.jpg","contentUrl":"https:\/\/psol50.org.br\/inc\/uploads\/2016\/05\/Reporter-Brasil-1.jpg","width":1350,"height":900},{"@type":"BreadcrumbList","@id":"https:\/\/psol50.org.br\/temer-publica-mp-que-coloca-em-risco-o-carater-publico-da-ebc\/#breadcrumb","itemListElement":[{"@type":"ListItem","position":1,"name":"In\u00edcio","item":"https:\/\/psol50.org.br\/"},{"@type":"ListItem","position":2,"name":"Temer publica MP que coloca em risco o car\u00e1ter p\u00fablico da EBC"}]},{"@type":"WebSite","@id":"https:\/\/psol50.org.br\/#website","url":"https:\/\/psol50.org.br\/","name":"PSOL 50","description":"Site oficial do Partido Socialismo e Liberdade","publisher":{"@id":"https:\/\/psol50.org.br\/#organization"},"alternateName":"PSOL50","potentialAction":[{"@type":"SearchAction","target":{"@type":"EntryPoint","urlTemplate":"https:\/\/psol50.org.br\/?s={search_term_string}"},"query-input":{"@type":"PropertyValueSpecification","valueRequired":true,"valueName":"search_term_string"}}],"inLanguage":"pt-BR"},{"@type":"Organization","@id":"https:\/\/psol50.org.br\/#organization","name":"PSOL 50","alternateName":"PSOL 50","url":"https:\/\/psol50.org.br\/","logo":{"@type":"ImageObject","inLanguage":"pt-BR","@id":"https:\/\/psol50.org.br\/#\/schema\/logo\/image\/","url":"https:\/\/psol50.org.br\/inc\/uploads\/2018\/07\/capa.png","contentUrl":"https:\/\/psol50.org.br\/inc\/uploads\/2018\/07\/capa.png","width":1350,"height":900,"caption":"PSOL 50"},"image":{"@id":"https:\/\/psol50.org.br\/#\/schema\/logo\/image\/"},"sameAs":["https:\/\/www.facebook.com\/psol50","https:\/\/x.com\/psol50","https:\/\/www.instagram.com\/psol50\/","https:\/\/www.youtube.com\/channel\/UC7SnJS5o1os7a6CaiNabzcg"]},{"@type":"Person","@id":"https:\/\/psol50.org.br\/#\/schema\/person\/475dfa57d0b815993c714c2e96491fcd","name":"Comunica\u00e7\u00e3o PSOL","image":{"@type":"ImageObject","inLanguage":"pt-BR","@id":"https:\/\/psol50.org.br\/#\/schema\/person\/image\/","url":"https:\/\/secure.gravatar.com\/avatar\/b34fc4f4e468a4e51785917065a3db57b841f5c95dba6ad8c73aaf8f66f8f9bf?s=96&d=mm&r=g","contentUrl":"https:\/\/secure.gravatar.com\/avatar\/b34fc4f4e468a4e51785917065a3db57b841f5c95dba6ad8c73aaf8f66f8f9bf?s=96&d=mm&r=g","caption":"Comunica\u00e7\u00e3o PSOL"}}]}},"_links":{"self":[{"href":"https:\/\/psol50.org.br\/rest\/wp\/v2\/posts\/13612","targetHints":{"allow":["GET"]}}],"collection":[{"href":"https:\/\/psol50.org.br\/rest\/wp\/v2\/posts"}],"about":[{"href":"https:\/\/psol50.org.br\/rest\/wp\/v2\/types\/post"}],"author":[{"embeddable":true,"href":"https:\/\/psol50.org.br\/rest\/wp\/v2\/users\/2"}],"replies":[{"embeddable":true,"href":"https:\/\/psol50.org.br\/rest\/wp\/v2\/comments?post=13612"}],"version-history":[{"count":0,"href":"https:\/\/psol50.org.br\/rest\/wp\/v2\/posts\/13612\/revisions"}],"wp:featuredmedia":[{"embeddable":true,"href":"https:\/\/psol50.org.br\/rest\/wp\/v2\/media\/12402"}],"wp:attachment":[{"href":"https:\/\/psol50.org.br\/rest\/wp\/v2\/media?parent=13612"}],"wp:term":[{"taxonomy":"category","embeddable":true,"href":"https:\/\/psol50.org.br\/rest\/wp\/v2\/categories?post=13612"},{"taxonomy":"post_tag","embeddable":true,"href":"https:\/\/psol50.org.br\/rest\/wp\/v2\/tags?post=13612"}],"curies":[{"name":"wp","href":"https:\/\/api.w.org\/{rel}","templated":true}]}}