{"id":1363,"date":"2006-07-07T00:00:00","date_gmt":"2006-07-07T00:00:00","guid":{"rendered":"http:\/\/psol50.org.br\/arquivo\/2006\/07\/07\/campanha-comeca-pelo-rio-de-janeiro\/"},"modified":"2006-07-07T00:00:00","modified_gmt":"2006-07-07T00:00:00","slug":"campanha-comeca-pelo-rio-de-janeiro","status":"publish","type":"post","link":"https:\/\/psol50.org.br\/campanha-comeca-pelo-rio-de-janeiro\/","title":{"rendered":"Campanha come\u00e7a pelo Rio de Janeiro"},"content":{"rendered":"<p><img loading=\"lazy\" decoding=\"async\" width=\"60\" vspace=\"5\" hspace=\"5\" height=\"70\" border=\"0\" align=\"left\" src=\"images\/stories\/campanha\/060707rj.jpg\" alt=\"Helo\u00edsa Helena e Milton Temer\" title=\"Helo\u00edsa Helena e Milton Temer\" \/>Candidata do P-SOL &agrave; Presid&ecirc;ncia, a senadora Helo\u00edsa Helena (AL) escolheu o Rio para iniciar sua campanha e mandou ontem um recado para o presidente Lula e o tucano Geraldo Alckmin. &quot;N\u00f3s vamos dar um trabalho danado. Queremos que venham os debates para desmascararmos a fraude pol\u00edtica desses homenzinhos, desse tal desse Alckmin e esse tal desse Lula&quot;, discursou, num com\u00edcio no centro.<\/p>\n<p><!--more--><\/p>\n<p>Helo\u00edsa chegou &agrave; concentra&ccedil;&atilde;o dos militantes do PSOL na Candel\u00e1ria<br \/>\nlogo antes do meio-dia e seguiu em caminhada pela Avenida Rio Branco<br \/>\nat\u00e9 a Cinel&acirc;ndia. Ao lado dela estavam ex-petistas como o deputado<br \/>\nChico Alencar (RJ), o ex-deputado Milton Temer, que concorre ao governo<br \/>\ndo Rio, e o deputado Bab\u00e1 (PA). Um grupo de servidores da sa\u00fade que<br \/>\nfazia protesto contra a terceiriza&ccedil;&atilde;o em hospitais engordou a passeata,<br \/>\nque ocupou duas faixas da avenida com cerca de 500 pessoas, na<br \/>\nestimativa da Pol\u00edcia Militar.<\/p>\n<p>&#8211; Escolhi a Candel\u00e1ria porque esse local viu o sangue das crian&ccedil;as<br \/>\npobres de uma chacina que marcou a alma do povo brasileiro &#8211; disse a<br \/>\nsenadora, referindo-se ao assassinato de oito crian&ccedil;as em 1993.<\/p>\n<p>&quot;Sinto-me honrada em ser a primeira mulher brasileira a disputar a<br \/>\nPresid&ecirc;ncia. Tenho orgulho porque sei que estou representando as<br \/>\nmulheres brasileiras que n&atilde;o aceitam a trai&ccedil;&atilde;o, a roubalheira e a<br \/>\nmentira&quot;, disse Helo\u00edsa. &quot;N&atilde;o \u00e9 uma coisa qualquer enfrentar dois<br \/>\nsenhores, dois homens poderos\u00edssimos financiados pelo dinheiro p\u00fablico<br \/>\nroubado ou pelos banqueiros&quot;, disse, referindo-se a Lula e Alckmin, sem<br \/>\ncit\u00e1-los.<\/p>\n<p>A<br \/>\nsenadora refor&ccedil;ou que sua candidatura &ldquo;\u00e9 compromisso para que o Brasil<br \/>\npossa ver na Presid&ecirc;ncia uma mulher que n&atilde;o aceita roubalheira, mentira<br \/>\ne trai&ccedil;&atilde;o&rdquo;.\n<\/p>\n<p>\nDa escadaria da C&acirc;mara Municipal do Rio, ap\u00f3s uma passeata pelo centro<br \/>\nda cidade, a senadora falou de sertanejos pobres<br \/>\nquando crian&ccedil;as que, em contato com os mais ricos, acabam por &quot;mudar de<br \/>\nlado&quot;.<\/p>\n<p>\n&quot;Tem muita gente que teve uma inf&acirc;ncia pobre e depois se vendeu ao<br \/>\nricos e poderosos. Eu tive uma inf&acirc;ncia pobre, a dor e o sofrimento da<br \/>\nnossa inf&acirc;ncia no sert&atilde;o de Alagoas. Mas, quando pisei no territ\u00f3rio da<br \/>\nburguesia, no territ\u00f3rio dos grandes e poderosos, eu n&atilde;o me vendi, n&atilde;o<br \/>\nme dobrei, n&atilde;o mudei de lado&quot;, afirmou a senadora.<\/p>\n<p>Helo\u00edsa Helena qualificou como &quot;sabotadores do desenvolvimento<br \/>\necon&ocirc;mico&quot; e &quot;moleques do capital financeiro&quot; os governos de Lula e de<br \/>\nseu antecessor, o tucano Fernando Henrique Cardoso (1995-2002).<\/p>\n","protected":false},"excerpt":{"rendered":"<p>Candidata do P-SOL &agrave; Presid&ecirc;ncia, a senadora Helo\u00edsa Helena (AL) escolheu o Rio para iniciar sua campanha e mandou ontem um recado para o presidente Lula e o tucano Geraldo Alckmin. &quot;N\u00f3s vamos dar um trabalho danado. Queremos que venham os debates para desmascararmos a fraude pol\u00edtica desses homenzinhos, desse tal desse Alckmin e esse [&hellip;]<\/p>\n","protected":false},"author":2,"featured_media":0,"comment_status":"open","ping_status":"open","sticky":false,"template":"","format":"standard","meta":{"_acf_changed":false,"footnotes":""},"categories":[4766,4505],"tags":[4980],"class_list":{"0":"post-1363","1":"post","2":"type-post","3":"status-publish","4":"format-standard","6":"category-arquivo","7":"category-eleicoes-2006","8":"tag-eleicoes-2006"},"acf":[],"yoast_head":"<!-- This site is optimized with the Yoast SEO plugin v26.5 - https:\/\/yoast.com\/wordpress\/plugins\/seo\/ -->\n<title>Campanha come\u00e7a pelo Rio de Janeiro - PSOL 50<\/title>\n<meta name=\"robots\" content=\"index, follow, max-snippet:-1, max-image-preview:large, max-video-preview:-1\" \/>\n<link rel=\"canonical\" href=\"https:\/\/psol50.org.br\/campanha-comeca-pelo-rio-de-janeiro\/\" \/>\n<meta property=\"og:locale\" content=\"pt_BR\" \/>\n<meta property=\"og:type\" content=\"article\" \/>\n<meta property=\"og:title\" content=\"Campanha come\u00e7a pelo Rio de Janeiro - PSOL 50\" \/>\n<meta property=\"og:description\" content=\"Candidata do P-SOL &agrave; Presid&ecirc;ncia, a senadora Helo\u00edsa Helena (AL) escolheu o Rio para iniciar sua campanha e mandou ontem um recado para o presidente Lula e o tucano Geraldo Alckmin. &quot;N\u00f3s vamos dar um trabalho danado. Queremos que venham os debates para desmascararmos a fraude pol\u00edtica desses homenzinhos, desse tal desse Alckmin e esse [&hellip;]\" \/>\n<meta property=\"og:url\" content=\"https:\/\/psol50.org.br\/campanha-comeca-pelo-rio-de-janeiro\/\" \/>\n<meta property=\"og:site_name\" content=\"PSOL 50\" \/>\n<meta property=\"article:publisher\" content=\"https:\/\/www.facebook.com\/psol50\" \/>\n<meta property=\"article:published_time\" content=\"2006-07-07T00:00:00+00:00\" \/>\n<meta property=\"og:image\" content=\"http:\/\/images\/stories\/campanha\/060707rj.jpg\" \/>\n<meta name=\"author\" content=\"Comunica\u00e7\u00e3o PSOL\" \/>\n<meta name=\"twitter:card\" content=\"summary_large_image\" \/>\n<meta name=\"twitter:creator\" content=\"@psol50\" \/>\n<meta name=\"twitter:site\" content=\"@psol50\" \/>\n<meta name=\"twitter:label1\" content=\"Escrito por\" \/>\n\t<meta name=\"twitter:data1\" content=\"Comunica\u00e7\u00e3o PSOL\" \/>\n\t<meta name=\"twitter:label2\" content=\"Est. tempo de leitura\" \/>\n\t<meta name=\"twitter:data2\" content=\"2 minutos\" \/>\n<script type=\"application\/ld+json\" class=\"yoast-schema-graph\">{\"@context\":\"https:\/\/schema.org\",\"@graph\":[{\"@type\":\"Article\",\"@id\":\"https:\/\/psol50.org.br\/campanha-comeca-pelo-rio-de-janeiro\/#article\",\"isPartOf\":{\"@id\":\"https:\/\/psol50.org.br\/campanha-comeca-pelo-rio-de-janeiro\/\"},\"author\":{\"name\":\"Comunica\u00e7\u00e3o PSOL\",\"@id\":\"https:\/\/psol50.org.br\/#\/schema\/person\/475dfa57d0b815993c714c2e96491fcd\"},\"headline\":\"Campanha come\u00e7a pelo Rio de Janeiro\",\"datePublished\":\"2006-07-07T00:00:00+00:00\",\"mainEntityOfPage\":{\"@id\":\"https:\/\/psol50.org.br\/campanha-comeca-pelo-rio-de-janeiro\/\"},\"wordCount\":477,\"commentCount\":0,\"publisher\":{\"@id\":\"https:\/\/psol50.org.br\/#organization\"},\"keywords\":[\"Elei\u00e7\u00f5es 2006\"],\"articleSection\":[\"Arquivo\",\"ELEI\u00c7\u00d5ES 2006\"],\"inLanguage\":\"pt-BR\",\"potentialAction\":[{\"@type\":\"CommentAction\",\"name\":\"Comment\",\"target\":[\"https:\/\/psol50.org.br\/campanha-comeca-pelo-rio-de-janeiro\/#respond\"]}]},{\"@type\":\"WebPage\",\"@id\":\"https:\/\/psol50.org.br\/campanha-comeca-pelo-rio-de-janeiro\/\",\"url\":\"https:\/\/psol50.org.br\/campanha-comeca-pelo-rio-de-janeiro\/\",\"name\":\"Campanha come\u00e7a pelo Rio de Janeiro - PSOL 50\",\"isPartOf\":{\"@id\":\"https:\/\/psol50.org.br\/#website\"},\"datePublished\":\"2006-07-07T00:00:00+00:00\",\"breadcrumb\":{\"@id\":\"https:\/\/psol50.org.br\/campanha-comeca-pelo-rio-de-janeiro\/#breadcrumb\"},\"inLanguage\":\"pt-BR\",\"potentialAction\":[{\"@type\":\"ReadAction\",\"target\":[\"https:\/\/psol50.org.br\/campanha-comeca-pelo-rio-de-janeiro\/\"]}]},{\"@type\":\"BreadcrumbList\",\"@id\":\"https:\/\/psol50.org.br\/campanha-comeca-pelo-rio-de-janeiro\/#breadcrumb\",\"itemListElement\":[{\"@type\":\"ListItem\",\"position\":1,\"name\":\"In\u00edcio\",\"item\":\"https:\/\/psol50.org.br\/\"},{\"@type\":\"ListItem\",\"position\":2,\"name\":\"Campanha come\u00e7a pelo Rio de Janeiro\"}]},{\"@type\":\"WebSite\",\"@id\":\"https:\/\/psol50.org.br\/#website\",\"url\":\"https:\/\/psol50.org.br\/\",\"name\":\"PSOL 50\",\"description\":\"Site oficial do Partido Socialismo e Liberdade\",\"publisher\":{\"@id\":\"https:\/\/psol50.org.br\/#organization\"},\"alternateName\":\"PSOL50\",\"potentialAction\":[{\"@type\":\"SearchAction\",\"target\":{\"@type\":\"EntryPoint\",\"urlTemplate\":\"https:\/\/psol50.org.br\/?s={search_term_string}\"},\"query-input\":{\"@type\":\"PropertyValueSpecification\",\"valueRequired\":true,\"valueName\":\"search_term_string\"}}],\"inLanguage\":\"pt-BR\"},{\"@type\":\"Organization\",\"@id\":\"https:\/\/psol50.org.br\/#organization\",\"name\":\"PSOL 50\",\"alternateName\":\"PSOL 50\",\"url\":\"https:\/\/psol50.org.br\/\",\"logo\":{\"@type\":\"ImageObject\",\"inLanguage\":\"pt-BR\",\"@id\":\"https:\/\/psol50.org.br\/#\/schema\/logo\/image\/\",\"url\":\"https:\/\/psol50.org.br\/inc\/uploads\/2018\/07\/capa.png\",\"contentUrl\":\"https:\/\/psol50.org.br\/inc\/uploads\/2018\/07\/capa.png\",\"width\":1350,\"height\":900,\"caption\":\"PSOL 50\"},\"image\":{\"@id\":\"https:\/\/psol50.org.br\/#\/schema\/logo\/image\/\"},\"sameAs\":[\"https:\/\/www.facebook.com\/psol50\",\"https:\/\/x.com\/psol50\",\"https:\/\/www.instagram.com\/psol50\/\",\"https:\/\/www.youtube.com\/channel\/UC7SnJS5o1os7a6CaiNabzcg\"]},{\"@type\":\"Person\",\"@id\":\"https:\/\/psol50.org.br\/#\/schema\/person\/475dfa57d0b815993c714c2e96491fcd\",\"name\":\"Comunica\u00e7\u00e3o PSOL\",\"image\":{\"@type\":\"ImageObject\",\"inLanguage\":\"pt-BR\",\"@id\":\"https:\/\/psol50.org.br\/#\/schema\/person\/image\/\",\"url\":\"https:\/\/secure.gravatar.com\/avatar\/b34fc4f4e468a4e51785917065a3db57b841f5c95dba6ad8c73aaf8f66f8f9bf?s=96&d=mm&r=g\",\"contentUrl\":\"https:\/\/secure.gravatar.com\/avatar\/b34fc4f4e468a4e51785917065a3db57b841f5c95dba6ad8c73aaf8f66f8f9bf?s=96&d=mm&r=g\",\"caption\":\"Comunica\u00e7\u00e3o PSOL\"}}]}<\/script>\n<!-- \/ Yoast SEO plugin. -->","yoast_head_json":{"title":"Campanha come\u00e7a pelo Rio de Janeiro - PSOL 50","robots":{"index":"index","follow":"follow","max-snippet":"max-snippet:-1","max-image-preview":"max-image-preview:large","max-video-preview":"max-video-preview:-1"},"canonical":"https:\/\/psol50.org.br\/campanha-comeca-pelo-rio-de-janeiro\/","og_locale":"pt_BR","og_type":"article","og_title":"Campanha come\u00e7a pelo Rio de Janeiro - PSOL 50","og_description":"Candidata do P-SOL &agrave; Presid&ecirc;ncia, a senadora Helo\u00edsa Helena (AL) escolheu o Rio para iniciar sua campanha e mandou ontem um recado para o presidente Lula e o tucano Geraldo Alckmin. &quot;N\u00f3s vamos dar um trabalho danado. Queremos que venham os debates para desmascararmos a fraude pol\u00edtica desses homenzinhos, desse tal desse Alckmin e esse [&hellip;]","og_url":"https:\/\/psol50.org.br\/campanha-comeca-pelo-rio-de-janeiro\/","og_site_name":"PSOL 50","article_publisher":"https:\/\/www.facebook.com\/psol50","article_published_time":"2006-07-07T00:00:00+00:00","og_image":[{"url":"images\/stories\/campanha\/060707rj.jpg","type":"","width":"","height":""}],"author":"Comunica\u00e7\u00e3o PSOL","twitter_card":"summary_large_image","twitter_creator":"@psol50","twitter_site":"@psol50","twitter_misc":{"Escrito por":"Comunica\u00e7\u00e3o PSOL","Est. tempo de leitura":"2 minutos"},"schema":{"@context":"https:\/\/schema.org","@graph":[{"@type":"Article","@id":"https:\/\/psol50.org.br\/campanha-comeca-pelo-rio-de-janeiro\/#article","isPartOf":{"@id":"https:\/\/psol50.org.br\/campanha-comeca-pelo-rio-de-janeiro\/"},"author":{"name":"Comunica\u00e7\u00e3o PSOL","@id":"https:\/\/psol50.org.br\/#\/schema\/person\/475dfa57d0b815993c714c2e96491fcd"},"headline":"Campanha come\u00e7a pelo Rio de Janeiro","datePublished":"2006-07-07T00:00:00+00:00","mainEntityOfPage":{"@id":"https:\/\/psol50.org.br\/campanha-comeca-pelo-rio-de-janeiro\/"},"wordCount":477,"commentCount":0,"publisher":{"@id":"https:\/\/psol50.org.br\/#organization"},"keywords":["Elei\u00e7\u00f5es 2006"],"articleSection":["Arquivo","ELEI\u00c7\u00d5ES 2006"],"inLanguage":"pt-BR","potentialAction":[{"@type":"CommentAction","name":"Comment","target":["https:\/\/psol50.org.br\/campanha-comeca-pelo-rio-de-janeiro\/#respond"]}]},{"@type":"WebPage","@id":"https:\/\/psol50.org.br\/campanha-comeca-pelo-rio-de-janeiro\/","url":"https:\/\/psol50.org.br\/campanha-comeca-pelo-rio-de-janeiro\/","name":"Campanha come\u00e7a pelo Rio de Janeiro - PSOL 50","isPartOf":{"@id":"https:\/\/psol50.org.br\/#website"},"datePublished":"2006-07-07T00:00:00+00:00","breadcrumb":{"@id":"https:\/\/psol50.org.br\/campanha-comeca-pelo-rio-de-janeiro\/#breadcrumb"},"inLanguage":"pt-BR","potentialAction":[{"@type":"ReadAction","target":["https:\/\/psol50.org.br\/campanha-comeca-pelo-rio-de-janeiro\/"]}]},{"@type":"BreadcrumbList","@id":"https:\/\/psol50.org.br\/campanha-comeca-pelo-rio-de-janeiro\/#breadcrumb","itemListElement":[{"@type":"ListItem","position":1,"name":"In\u00edcio","item":"https:\/\/psol50.org.br\/"},{"@type":"ListItem","position":2,"name":"Campanha come\u00e7a pelo Rio de Janeiro"}]},{"@type":"WebSite","@id":"https:\/\/psol50.org.br\/#website","url":"https:\/\/psol50.org.br\/","name":"PSOL 50","description":"Site oficial do Partido Socialismo e Liberdade","publisher":{"@id":"https:\/\/psol50.org.br\/#organization"},"alternateName":"PSOL50","potentialAction":[{"@type":"SearchAction","target":{"@type":"EntryPoint","urlTemplate":"https:\/\/psol50.org.br\/?s={search_term_string}"},"query-input":{"@type":"PropertyValueSpecification","valueRequired":true,"valueName":"search_term_string"}}],"inLanguage":"pt-BR"},{"@type":"Organization","@id":"https:\/\/psol50.org.br\/#organization","name":"PSOL 50","alternateName":"PSOL 50","url":"https:\/\/psol50.org.br\/","logo":{"@type":"ImageObject","inLanguage":"pt-BR","@id":"https:\/\/psol50.org.br\/#\/schema\/logo\/image\/","url":"https:\/\/psol50.org.br\/inc\/uploads\/2018\/07\/capa.png","contentUrl":"https:\/\/psol50.org.br\/inc\/uploads\/2018\/07\/capa.png","width":1350,"height":900,"caption":"PSOL 50"},"image":{"@id":"https:\/\/psol50.org.br\/#\/schema\/logo\/image\/"},"sameAs":["https:\/\/www.facebook.com\/psol50","https:\/\/x.com\/psol50","https:\/\/www.instagram.com\/psol50\/","https:\/\/www.youtube.com\/channel\/UC7SnJS5o1os7a6CaiNabzcg"]},{"@type":"Person","@id":"https:\/\/psol50.org.br\/#\/schema\/person\/475dfa57d0b815993c714c2e96491fcd","name":"Comunica\u00e7\u00e3o PSOL","image":{"@type":"ImageObject","inLanguage":"pt-BR","@id":"https:\/\/psol50.org.br\/#\/schema\/person\/image\/","url":"https:\/\/secure.gravatar.com\/avatar\/b34fc4f4e468a4e51785917065a3db57b841f5c95dba6ad8c73aaf8f66f8f9bf?s=96&d=mm&r=g","contentUrl":"https:\/\/secure.gravatar.com\/avatar\/b34fc4f4e468a4e51785917065a3db57b841f5c95dba6ad8c73aaf8f66f8f9bf?s=96&d=mm&r=g","caption":"Comunica\u00e7\u00e3o PSOL"}}]}},"_links":{"self":[{"href":"https:\/\/psol50.org.br\/rest\/wp\/v2\/posts\/1363","targetHints":{"allow":["GET"]}}],"collection":[{"href":"https:\/\/psol50.org.br\/rest\/wp\/v2\/posts"}],"about":[{"href":"https:\/\/psol50.org.br\/rest\/wp\/v2\/types\/post"}],"author":[{"embeddable":true,"href":"https:\/\/psol50.org.br\/rest\/wp\/v2\/users\/2"}],"replies":[{"embeddable":true,"href":"https:\/\/psol50.org.br\/rest\/wp\/v2\/comments?post=1363"}],"version-history":[{"count":0,"href":"https:\/\/psol50.org.br\/rest\/wp\/v2\/posts\/1363\/revisions"}],"wp:attachment":[{"href":"https:\/\/psol50.org.br\/rest\/wp\/v2\/media?parent=1363"}],"wp:term":[{"taxonomy":"category","embeddable":true,"href":"https:\/\/psol50.org.br\/rest\/wp\/v2\/categories?post=1363"},{"taxonomy":"post_tag","embeddable":true,"href":"https:\/\/psol50.org.br\/rest\/wp\/v2\/tags?post=1363"}],"curies":[{"name":"wp","href":"https:\/\/api.w.org\/{rel}","templated":true}]}}