{"id":13668,"date":"2016-09-05T13:50:26","date_gmt":"2016-09-05T13:50:26","guid":{"rendered":"http:\/\/www.psol50.org.br\/?p=13668"},"modified":"2016-09-05T13:50:26","modified_gmt":"2016-09-05T13:50:26","slug":"diretas-ja-e-fora-temer-dao-o-tom-dos-atos-desse-domingo-pm-paulista-reprime-manifestantes","status":"publish","type":"post","link":"https:\/\/psol50.org.br\/diretas-ja-e-fora-temer-dao-o-tom-dos-atos-desse-domingo-pm-paulista-reprime-manifestantes\/","title":{"rendered":"Diretas j\u00e1 e fora Temer d\u00e3o o tom dos atos desse domingo; PM paulista reprime manifestantes"},"content":{"rendered":"<p>Um mar de gente tomou conta da Avenida Paulista, nesse domingo (04), em mais um grande ato em S\u00e3o Paulo desde que o presidente ileg\u00edtimo Michel Temer assumiu o Pal\u00e1cio do Planalto, ap\u00f3s a confirma\u00e7\u00e3o do impeachment pelo Senado Federal na \u00faltima quarta-feira (31). Cerca de 100 mil pessoas, entre jovens, adolescentes, trabalhadores de v\u00e1rios setores, militantes sociais e sindicais, pais e m\u00e3es com crian\u00e7as de colo se juntaram no final da tarde, na manifesta\u00e7\u00e3o convocada pelas frentes Povo Sem Medo e Brasil Popular, para dizerem que n\u00e3o reconhecem o governo Temer e que muito menos v\u00e3o aceitar as pol\u00edticas de ajuste e de retirada de direitos, j\u00e1 anunciadas e encaminhadas pelo novo presidente. Na pauta, a convoca\u00e7\u00e3o de novas elei\u00e7\u00f5es para presidente. Militantes do PSOL marcaram presen\u00e7a, assim como a candidata \u00e0 prefeitura Luiza Erundina e o candidato a vice Ivan Valente.<\/p>\n<p><img loading=\"lazy\" decoding=\"async\" class=\" wp-image-13669 aligncenter\" src=\"http:\/\/www.psol50.org.br\/inc\/uploads\/2016\/09\/S\u00e3o-Paulo-2-Nunah.jpg\" alt=\"S\u00e3o Paulo 2 - Nunah\" width=\"656\" height=\"436\" \/><\/p>\n<p>O dirigente nacional do MTST (Movimento dos Trabalhadores Sem Teto) Guilherme Boulos ressaltou que o povo vai seguir tomando conta das ruas denunciando o golpe parlamentar e o \u201cprograma de devassa\u201d nos direitos imposto por Temer. \u201cAqueles que acham que a hist\u00f3ria acabou no Senado na semana passada est\u00e3o muito enganados. Agora acabou aquele cap\u00edtulo, do parlamento. Ali\u00e1s, um parlamento sem legitimidade para definir os destinos do pa\u00eds. Agora \u00e9 o cap\u00edtulo das ruas\u201d (<a href=\"https:\/\/www.facebook.com\/midiaNINJA\/videos\/714116595413155\/\" target=\"_blank\" rel=\"noopener\"><strong>confira no v\u00eddeo<\/strong><\/a>).<\/p>\n<p>No Rio de Janeiro, milhares se concentraram no final da manh\u00e3 em Copacabana, de onde sa\u00edram em caminhada pela Avenida Atl\u00e2ntica, rumo ao antigo Canec\u00e3o, onde est\u00e1 o\u00a0<a href=\"https:\/\/www.facebook.com\/OcupaMincRJ\/\">Ocupa MinC RJ<\/a>, movimento de ocupa\u00e7\u00e3o e resist\u00eancia contra o impeachment h\u00e1 mais de 100 dias. Militantes do PSOL e candidatos nas elei\u00e7\u00f5es de outubro se juntaram \u00e0 manifesta\u00e7\u00e3o. &#8220;Eu acho que nesse momento, a \u00fanica coisa que pode salvar o processo democr\u00e1tico \u00e9 convocar uma elei\u00e7\u00e3o direta pra presid\u00eancia da Rep\u00fablica&#8221;, disse o nosso candidato a prefeito, Marcelo Freixo (<strong><a href=\"https:\/\/www.facebook.com\/midiaNINJA\/videos\/714144082077073\/\" target=\"_blank\" rel=\"noopener\">confira a sua fala completa<\/a><\/strong>).<\/p>\n<p>&nbsp;<\/p>\n<p><img loading=\"lazy\" decoding=\"async\" class=\"wp-image-13670 aligncenter\" src=\"http:\/\/www.psol50.org.br\/inc\/uploads\/2016\/09\/Rio-1-Ninja.jpg\" alt=\"Rio 1 - Ninja\" width=\"762\" height=\"508\" \/><br \/>\nEm outras capitais, como Salvador e Curitiba, tamb\u00e9m ocorreram atos pelo Fora Temer. De forma unificada, como se estivessem ocorrendo no mesmo espa\u00e7o, todas pediram diretas j\u00e1 para elei\u00e7\u00f5es presidenciais.<\/p>\n<p>O presidente nacional do PSOL, Luiz Ara\u00fajo, avalia que os atos desse domingo mostraram a vitalidade da rea\u00e7\u00e3o contra esse golpe institucional que ocorreu no pa\u00eds. \u201cInfelizmente a postura do governo \u00e9 menosprezar a for\u00e7a e a rea\u00e7\u00e3o contr\u00e1ria ao que ele est\u00e1 prometendo e j\u00e1 est\u00e1 fazendo contra os direitos dos trabalhadores. Dizer que foram 40 ou 50 pessoas ridicularizou e minimizou a rea\u00e7\u00e3o do povo. Mas o que n\u00f3s vimos ontem foram 100 mil pessoas na Avenida Paulista e foi a for\u00e7a da popula\u00e7\u00e3o que quer elei\u00e7\u00f5es diretas e que n\u00e3o aceitam que se consolide o governo ileg\u00edtimo. O PSOL esteve presente, nas pessoas da nossa candidata Luiza Erundina e de seu vice Ivan Valente, em S\u00e3o Paulo, e de Marcelo Freixo, no Rio, e a nossa milit\u00e2ncia estar\u00e1 presente em todos os atos estimulando as diretas j\u00e1\u201d.<\/p>\n<p><strong>Repress\u00e3o<br \/>\n<\/strong>Em S\u00e3o Paulo, mais uma vez a Pol\u00edcia Militar de Geraldo Alckmin, aliado de Temer, atuou para reprimir milhares de pessoas que foram \u00e0s ruas. Os cerca 100 mil manifestantes se concentraram no Masp e marcharam at\u00e9 o Largo da Batata, numa manifesta\u00e7\u00e3o tranquila ao longo de seu percurso at\u00e9 a PM dar in\u00edcio a a\u00e7\u00f5es gratuitas de repress\u00e3o. As pessoas j\u00e1 estavam se dispersando do ato, a caminho da esta\u00e7\u00e3o de\u00a0metr\u00f4 Faria Lima, em frente ao Largo da Batata, quando policiais come\u00e7aram a jogar bombas de g\u00e1s lacrimog\u00eanio para dispersar o fluxo dentro e fora da esta\u00e7\u00e3o.<\/p>\n<p><img loading=\"lazy\" decoding=\"async\" class=\"wp-image-13671 alignright\" src=\"http:\/\/www.psol50.org.br\/inc\/uploads\/2016\/09\/S\u00e3o-Paulo-2-Ninja.jpg\" alt=\"S\u00e3o Paulo 2 - Ninja\" width=\"567\" height=\"378\" \/>Relatos de pessoas que estavam no local e presenciaram as cenas afirmam que muitos passaram mal em rea\u00e7\u00e3o ao g\u00e1s, incluindo idosos. Mesmo sem muita rea\u00e7\u00e3o, a Pol\u00edcia seguiu jogando mais bombas. A militante do PSOL Nunah Alle, que acompanhou a manifesta\u00e7\u00e3o desde o seu in\u00edcio, registrou as cenas da barb\u00e1rie promovida gratuitamente pela pol\u00edcia.<\/p>\n<p>O <a href=\"https:\/\/www.facebook.com\/psol50oficial\/videos\/599081860253452\/\" target=\"_blank\" rel=\"noopener\"><strong>fot\u00f3grafo Maur\u00edcio Camargo foi encurralado pela <\/strong><\/a>PM junto com um grupo de profissionais de m\u00eddia que cobria o ato. &#8220;Ele apontou pra gente e falou &#8216;vaza, vaza!'&#8221;, relatou o profissional a Nunah Alle. Conforme ela relatou, a pol\u00edcia jogou bomba de efeito moral e depois mirou em sua perna, atingindo-o com uma bala de borracha.<\/p>\n<p>A BBC Brasil tamb\u00e9m registrou quando o seu <strong><a href=\"https:\/\/www.facebook.com\/psol50oficial\/posts\/599100753584896\" target=\"_blank\" rel=\"noopener\">rep\u00f3rter Felipe Souza foi agredido <\/a><\/strong>com golpes de cassetete pelos policiais, mesmo identificado e gritando que era da imprensa.<\/p>\n<p>J\u00e1 o site alternativo Democratiza tamb\u00e9m mostrou a cena de <a href=\"https:\/\/www.facebook.com\/psol50oficial\/posts\/599097493585222\" target=\"_blank\" rel=\"noopener\"><strong>um manifestante sendo detido e colocado dentro de um caminh\u00e3o da pol\u00edcia<\/strong><\/a>. Informa\u00e7\u00f5es repassadas por ve\u00edculos de m\u00eddia alternativos que estavam\u00a0na delegacia d\u00e3o conta que o manifestante chegou com ferimentos ao local.<\/p>\n<p>Antes mesmo de a manifesta\u00e7\u00e3o come\u00e7ar, a PM deteve 20 jovens sem qualquer motivo que justificasse tal ato. Advogados populares foram impedidos de acompanhar os menores de idade at\u00e9 a delegacia. <a href=\"https:\/\/www.facebook.com\/psol50oficial\/videos\/599077700253868\/?video_source=pages_finch_thumbnail_video\" target=\"_blank\" rel=\"noopener\"><strong>Confira mais no relato de uma advogada<\/strong><\/a>.<\/p>\n<p><strong>Novo ato na quinta-feira<br \/>\n<\/strong>Com a disposi\u00e7\u00e3o de permanecer nas ruas exigindo o fora Temer e reivindicando diretas j\u00e1 para elei\u00e7\u00f5es presidenciais, a frente Povo Sem Medo promover\u00e1 um novo ato em S\u00e3o Paulo na pr\u00f3xima quinta-feira (08), \u00e0s 17h, no Largo da Batata. N\u00e3o ser\u00e1 a barb\u00e1rie promovida &#8211; novamente &#8211; pela Pol\u00edcia Militar do estado de S\u00e3o Paulo que manchar\u00e1 a for\u00e7a das manifesta\u00e7\u00f5es, que s\u00f3 aumentam.<\/p>\n<p><a href=\"https:\/\/www.facebook.com\/events\/1076342032463162\/\" target=\"_blank\" rel=\"noopener\"><strong>Acesse o evento sobre o ato no facebook, confirme presen\u00e7a e ajude a divulgar<\/strong><\/a>.<\/p>\n","protected":false},"excerpt":{"rendered":"<p>Um mar de gente tomou conta da Avenida Paulista, nesse domingo (04), em mais um grande ato em S\u00e3o Paulo desde que o presidente ileg\u00edtimo Michel Temer assumiu o Pal\u00e1cio do Planalto, ap\u00f3s a confirma\u00e7\u00e3o do impeachment pelo Senado Federal na \u00faltima quarta-feira (31). Cerca de 100 mil pessoas, entre jovens, adolescentes, trabalhadores de v\u00e1rios [&hellip;]<\/p>\n","protected":false},"author":2,"featured_media":13672,"comment_status":"open","ping_status":"open","sticky":false,"template":"","format":"standard","meta":{"_acf_changed":false,"footnotes":""},"categories":[1882,1104,6],"tags":[313,1866,2891,2169,1878,314,114,1657,162,117],"class_list":{"0":"post-13668","1":"post","2":"type-post","3":"status-publish","4":"format-standard","5":"has-post-thumbnail","7":"category-brasil","8":"category-movimento","9":"category-noticias","10":"tag-atos","11":"tag-curitiba","12":"tag-diretas-ja","13":"tag-fora-temer","14":"tag-frente-povo-sem-medo","15":"tag-manifestacoes","16":"tag-pm","17":"tag-repressao","18":"tag-rio-de-janeiro","19":"tag-sao-paulo"},"acf":[],"yoast_head":"<!-- This site is optimized with the Yoast SEO plugin v26.5 - https:\/\/yoast.com\/wordpress\/plugins\/seo\/ -->\n<title>Diretas j\u00e1 e fora Temer d\u00e3o o tom dos atos desse domingo; PM paulista reprime manifestantes - PSOL 50<\/title>\n<meta name=\"robots\" content=\"index, follow, max-snippet:-1, max-image-preview:large, max-video-preview:-1\" \/>\n<link rel=\"canonical\" href=\"https:\/\/psol50.org.br\/diretas-ja-e-fora-temer-dao-o-tom-dos-atos-desse-domingo-pm-paulista-reprime-manifestantes\/\" \/>\n<meta property=\"og:locale\" content=\"pt_BR\" \/>\n<meta property=\"og:type\" content=\"article\" \/>\n<meta property=\"og:title\" content=\"Diretas j\u00e1 e fora Temer d\u00e3o o tom dos atos desse domingo; PM paulista reprime manifestantes - PSOL 50\" \/>\n<meta property=\"og:description\" content=\"Um mar de gente tomou conta da Avenida Paulista, nesse domingo (04), em mais um grande ato em S\u00e3o Paulo desde que o presidente ileg\u00edtimo Michel Temer assumiu o Pal\u00e1cio do Planalto, ap\u00f3s a confirma\u00e7\u00e3o do impeachment pelo Senado Federal na \u00faltima quarta-feira (31). Cerca de 100 mil pessoas, entre jovens, adolescentes, trabalhadores de v\u00e1rios [&hellip;]\" \/>\n<meta property=\"og:url\" content=\"https:\/\/psol50.org.br\/diretas-ja-e-fora-temer-dao-o-tom-dos-atos-desse-domingo-pm-paulista-reprime-manifestantes\/\" \/>\n<meta property=\"og:site_name\" content=\"PSOL 50\" \/>\n<meta property=\"article:publisher\" content=\"https:\/\/www.facebook.com\/psol50\" \/>\n<meta property=\"article:published_time\" content=\"2016-09-05T13:50:26+00:00\" \/>\n<meta property=\"og:image\" content=\"https:\/\/psol50.org.br\/inc\/uploads\/2018\/07\/capa.png\" \/>\n\t<meta property=\"og:image:width\" content=\"1350\" \/>\n\t<meta property=\"og:image:height\" content=\"900\" \/>\n\t<meta property=\"og:image:type\" content=\"image\/png\" \/>\n<meta name=\"author\" content=\"Comunica\u00e7\u00e3o PSOL\" \/>\n<meta name=\"twitter:card\" content=\"summary_large_image\" \/>\n<meta name=\"twitter:creator\" content=\"@psol50\" \/>\n<meta name=\"twitter:site\" content=\"@psol50\" \/>\n<meta name=\"twitter:label1\" content=\"Escrito por\" \/>\n\t<meta name=\"twitter:data1\" content=\"Comunica\u00e7\u00e3o PSOL\" \/>\n\t<meta name=\"twitter:label2\" content=\"Est. tempo de leitura\" \/>\n\t<meta name=\"twitter:data2\" content=\"5 minutos\" \/>\n<script type=\"application\/ld+json\" class=\"yoast-schema-graph\">{\"@context\":\"https:\/\/schema.org\",\"@graph\":[{\"@type\":\"Article\",\"@id\":\"https:\/\/psol50.org.br\/diretas-ja-e-fora-temer-dao-o-tom-dos-atos-desse-domingo-pm-paulista-reprime-manifestantes\/#article\",\"isPartOf\":{\"@id\":\"https:\/\/psol50.org.br\/diretas-ja-e-fora-temer-dao-o-tom-dos-atos-desse-domingo-pm-paulista-reprime-manifestantes\/\"},\"author\":{\"name\":\"Comunica\u00e7\u00e3o PSOL\",\"@id\":\"https:\/\/psol50.org.br\/#\/schema\/person\/475dfa57d0b815993c714c2e96491fcd\"},\"headline\":\"Diretas j\u00e1 e fora Temer d\u00e3o o tom dos atos desse domingo; PM paulista reprime manifestantes\",\"datePublished\":\"2016-09-05T13:50:26+00:00\",\"mainEntityOfPage\":{\"@id\":\"https:\/\/psol50.org.br\/diretas-ja-e-fora-temer-dao-o-tom-dos-atos-desse-domingo-pm-paulista-reprime-manifestantes\/\"},\"wordCount\":985,\"commentCount\":0,\"publisher\":{\"@id\":\"https:\/\/psol50.org.br\/#organization\"},\"image\":{\"@id\":\"https:\/\/psol50.org.br\/diretas-ja-e-fora-temer-dao-o-tom-dos-atos-desse-domingo-pm-paulista-reprime-manifestantes\/#primaryimage\"},\"thumbnailUrl\":\"\",\"keywords\":[\"atos\",\"Curitiba\",\"diretas j\u00e1\",\"Fora Temer\",\"Frente Povo Sem Medo\",\"manifesta\u00e7\u00f5es\",\"PM\",\"Repress\u00e3o\",\"Rio de Janeiro\",\"S\u00e3o Paulo\"],\"articleSection\":[\"Brasil\",\"Movimento\",\"Not\u00edcias\"],\"inLanguage\":\"pt-BR\",\"potentialAction\":[{\"@type\":\"CommentAction\",\"name\":\"Comment\",\"target\":[\"https:\/\/psol50.org.br\/diretas-ja-e-fora-temer-dao-o-tom-dos-atos-desse-domingo-pm-paulista-reprime-manifestantes\/#respond\"]}]},{\"@type\":\"WebPage\",\"@id\":\"https:\/\/psol50.org.br\/diretas-ja-e-fora-temer-dao-o-tom-dos-atos-desse-domingo-pm-paulista-reprime-manifestantes\/\",\"url\":\"https:\/\/psol50.org.br\/diretas-ja-e-fora-temer-dao-o-tom-dos-atos-desse-domingo-pm-paulista-reprime-manifestantes\/\",\"name\":\"Diretas j\u00e1 e fora Temer d\u00e3o o tom dos atos desse domingo; PM paulista reprime manifestantes - PSOL 50\",\"isPartOf\":{\"@id\":\"https:\/\/psol50.org.br\/#website\"},\"primaryImageOfPage\":{\"@id\":\"https:\/\/psol50.org.br\/diretas-ja-e-fora-temer-dao-o-tom-dos-atos-desse-domingo-pm-paulista-reprime-manifestantes\/#primaryimage\"},\"image\":{\"@id\":\"https:\/\/psol50.org.br\/diretas-ja-e-fora-temer-dao-o-tom-dos-atos-desse-domingo-pm-paulista-reprime-manifestantes\/#primaryimage\"},\"thumbnailUrl\":\"\",\"datePublished\":\"2016-09-05T13:50:26+00:00\",\"breadcrumb\":{\"@id\":\"https:\/\/psol50.org.br\/diretas-ja-e-fora-temer-dao-o-tom-dos-atos-desse-domingo-pm-paulista-reprime-manifestantes\/#breadcrumb\"},\"inLanguage\":\"pt-BR\",\"potentialAction\":[{\"@type\":\"ReadAction\",\"target\":[\"https:\/\/psol50.org.br\/diretas-ja-e-fora-temer-dao-o-tom-dos-atos-desse-domingo-pm-paulista-reprime-manifestantes\/\"]}]},{\"@type\":\"ImageObject\",\"inLanguage\":\"pt-BR\",\"@id\":\"https:\/\/psol50.org.br\/diretas-ja-e-fora-temer-dao-o-tom-dos-atos-desse-domingo-pm-paulista-reprime-manifestantes\/#primaryimage\",\"url\":\"\",\"contentUrl\":\"\"},{\"@type\":\"BreadcrumbList\",\"@id\":\"https:\/\/psol50.org.br\/diretas-ja-e-fora-temer-dao-o-tom-dos-atos-desse-domingo-pm-paulista-reprime-manifestantes\/#breadcrumb\",\"itemListElement\":[{\"@type\":\"ListItem\",\"position\":1,\"name\":\"In\u00edcio\",\"item\":\"https:\/\/psol50.org.br\/\"},{\"@type\":\"ListItem\",\"position\":2,\"name\":\"Diretas j\u00e1 e fora Temer d\u00e3o o tom dos atos desse domingo; PM paulista reprime manifestantes\"}]},{\"@type\":\"WebSite\",\"@id\":\"https:\/\/psol50.org.br\/#website\",\"url\":\"https:\/\/psol50.org.br\/\",\"name\":\"PSOL 50\",\"description\":\"Site oficial do Partido Socialismo e Liberdade\",\"publisher\":{\"@id\":\"https:\/\/psol50.org.br\/#organization\"},\"alternateName\":\"PSOL50\",\"potentialAction\":[{\"@type\":\"SearchAction\",\"target\":{\"@type\":\"EntryPoint\",\"urlTemplate\":\"https:\/\/psol50.org.br\/?s={search_term_string}\"},\"query-input\":{\"@type\":\"PropertyValueSpecification\",\"valueRequired\":true,\"valueName\":\"search_term_string\"}}],\"inLanguage\":\"pt-BR\"},{\"@type\":\"Organization\",\"@id\":\"https:\/\/psol50.org.br\/#organization\",\"name\":\"PSOL 50\",\"alternateName\":\"PSOL 50\",\"url\":\"https:\/\/psol50.org.br\/\",\"logo\":{\"@type\":\"ImageObject\",\"inLanguage\":\"pt-BR\",\"@id\":\"https:\/\/psol50.org.br\/#\/schema\/logo\/image\/\",\"url\":\"https:\/\/psol50.org.br\/inc\/uploads\/2018\/07\/capa.png\",\"contentUrl\":\"https:\/\/psol50.org.br\/inc\/uploads\/2018\/07\/capa.png\",\"width\":1350,\"height\":900,\"caption\":\"PSOL 50\"},\"image\":{\"@id\":\"https:\/\/psol50.org.br\/#\/schema\/logo\/image\/\"},\"sameAs\":[\"https:\/\/www.facebook.com\/psol50\",\"https:\/\/x.com\/psol50\",\"https:\/\/www.instagram.com\/psol50\/\",\"https:\/\/www.youtube.com\/channel\/UC7SnJS5o1os7a6CaiNabzcg\"]},{\"@type\":\"Person\",\"@id\":\"https:\/\/psol50.org.br\/#\/schema\/person\/475dfa57d0b815993c714c2e96491fcd\",\"name\":\"Comunica\u00e7\u00e3o PSOL\",\"image\":{\"@type\":\"ImageObject\",\"inLanguage\":\"pt-BR\",\"@id\":\"https:\/\/psol50.org.br\/#\/schema\/person\/image\/\",\"url\":\"https:\/\/secure.gravatar.com\/avatar\/b34fc4f4e468a4e51785917065a3db57b841f5c95dba6ad8c73aaf8f66f8f9bf?s=96&d=mm&r=g\",\"contentUrl\":\"https:\/\/secure.gravatar.com\/avatar\/b34fc4f4e468a4e51785917065a3db57b841f5c95dba6ad8c73aaf8f66f8f9bf?s=96&d=mm&r=g\",\"caption\":\"Comunica\u00e7\u00e3o PSOL\"}}]}<\/script>\n<!-- \/ Yoast SEO plugin. -->","yoast_head_json":{"title":"Diretas j\u00e1 e fora Temer d\u00e3o o tom dos atos desse domingo; PM paulista reprime manifestantes - PSOL 50","robots":{"index":"index","follow":"follow","max-snippet":"max-snippet:-1","max-image-preview":"max-image-preview:large","max-video-preview":"max-video-preview:-1"},"canonical":"https:\/\/psol50.org.br\/diretas-ja-e-fora-temer-dao-o-tom-dos-atos-desse-domingo-pm-paulista-reprime-manifestantes\/","og_locale":"pt_BR","og_type":"article","og_title":"Diretas j\u00e1 e fora Temer d\u00e3o o tom dos atos desse domingo; PM paulista reprime manifestantes - PSOL 50","og_description":"Um mar de gente tomou conta da Avenida Paulista, nesse domingo (04), em mais um grande ato em S\u00e3o Paulo desde que o presidente ileg\u00edtimo Michel Temer assumiu o Pal\u00e1cio do Planalto, ap\u00f3s a confirma\u00e7\u00e3o do impeachment pelo Senado Federal na \u00faltima quarta-feira (31). Cerca de 100 mil pessoas, entre jovens, adolescentes, trabalhadores de v\u00e1rios [&hellip;]","og_url":"https:\/\/psol50.org.br\/diretas-ja-e-fora-temer-dao-o-tom-dos-atos-desse-domingo-pm-paulista-reprime-manifestantes\/","og_site_name":"PSOL 50","article_publisher":"https:\/\/www.facebook.com\/psol50","article_published_time":"2016-09-05T13:50:26+00:00","og_image":[{"width":1350,"height":900,"url":"https:\/\/psol50.org.br\/inc\/uploads\/2018\/07\/capa.png","type":"image\/png"}],"author":"Comunica\u00e7\u00e3o PSOL","twitter_card":"summary_large_image","twitter_creator":"@psol50","twitter_site":"@psol50","twitter_misc":{"Escrito por":"Comunica\u00e7\u00e3o PSOL","Est. tempo de leitura":"5 minutos"},"schema":{"@context":"https:\/\/schema.org","@graph":[{"@type":"Article","@id":"https:\/\/psol50.org.br\/diretas-ja-e-fora-temer-dao-o-tom-dos-atos-desse-domingo-pm-paulista-reprime-manifestantes\/#article","isPartOf":{"@id":"https:\/\/psol50.org.br\/diretas-ja-e-fora-temer-dao-o-tom-dos-atos-desse-domingo-pm-paulista-reprime-manifestantes\/"},"author":{"name":"Comunica\u00e7\u00e3o PSOL","@id":"https:\/\/psol50.org.br\/#\/schema\/person\/475dfa57d0b815993c714c2e96491fcd"},"headline":"Diretas j\u00e1 e fora Temer d\u00e3o o tom dos atos desse domingo; PM paulista reprime manifestantes","datePublished":"2016-09-05T13:50:26+00:00","mainEntityOfPage":{"@id":"https:\/\/psol50.org.br\/diretas-ja-e-fora-temer-dao-o-tom-dos-atos-desse-domingo-pm-paulista-reprime-manifestantes\/"},"wordCount":985,"commentCount":0,"publisher":{"@id":"https:\/\/psol50.org.br\/#organization"},"image":{"@id":"https:\/\/psol50.org.br\/diretas-ja-e-fora-temer-dao-o-tom-dos-atos-desse-domingo-pm-paulista-reprime-manifestantes\/#primaryimage"},"thumbnailUrl":"","keywords":["atos","Curitiba","diretas j\u00e1","Fora Temer","Frente Povo Sem Medo","manifesta\u00e7\u00f5es","PM","Repress\u00e3o","Rio de Janeiro","S\u00e3o Paulo"],"articleSection":["Brasil","Movimento","Not\u00edcias"],"inLanguage":"pt-BR","potentialAction":[{"@type":"CommentAction","name":"Comment","target":["https:\/\/psol50.org.br\/diretas-ja-e-fora-temer-dao-o-tom-dos-atos-desse-domingo-pm-paulista-reprime-manifestantes\/#respond"]}]},{"@type":"WebPage","@id":"https:\/\/psol50.org.br\/diretas-ja-e-fora-temer-dao-o-tom-dos-atos-desse-domingo-pm-paulista-reprime-manifestantes\/","url":"https:\/\/psol50.org.br\/diretas-ja-e-fora-temer-dao-o-tom-dos-atos-desse-domingo-pm-paulista-reprime-manifestantes\/","name":"Diretas j\u00e1 e fora Temer d\u00e3o o tom dos atos desse domingo; PM paulista reprime manifestantes - PSOL 50","isPartOf":{"@id":"https:\/\/psol50.org.br\/#website"},"primaryImageOfPage":{"@id":"https:\/\/psol50.org.br\/diretas-ja-e-fora-temer-dao-o-tom-dos-atos-desse-domingo-pm-paulista-reprime-manifestantes\/#primaryimage"},"image":{"@id":"https:\/\/psol50.org.br\/diretas-ja-e-fora-temer-dao-o-tom-dos-atos-desse-domingo-pm-paulista-reprime-manifestantes\/#primaryimage"},"thumbnailUrl":"","datePublished":"2016-09-05T13:50:26+00:00","breadcrumb":{"@id":"https:\/\/psol50.org.br\/diretas-ja-e-fora-temer-dao-o-tom-dos-atos-desse-domingo-pm-paulista-reprime-manifestantes\/#breadcrumb"},"inLanguage":"pt-BR","potentialAction":[{"@type":"ReadAction","target":["https:\/\/psol50.org.br\/diretas-ja-e-fora-temer-dao-o-tom-dos-atos-desse-domingo-pm-paulista-reprime-manifestantes\/"]}]},{"@type":"ImageObject","inLanguage":"pt-BR","@id":"https:\/\/psol50.org.br\/diretas-ja-e-fora-temer-dao-o-tom-dos-atos-desse-domingo-pm-paulista-reprime-manifestantes\/#primaryimage","url":"","contentUrl":""},{"@type":"BreadcrumbList","@id":"https:\/\/psol50.org.br\/diretas-ja-e-fora-temer-dao-o-tom-dos-atos-desse-domingo-pm-paulista-reprime-manifestantes\/#breadcrumb","itemListElement":[{"@type":"ListItem","position":1,"name":"In\u00edcio","item":"https:\/\/psol50.org.br\/"},{"@type":"ListItem","position":2,"name":"Diretas j\u00e1 e fora Temer d\u00e3o o tom dos atos desse domingo; PM paulista reprime manifestantes"}]},{"@type":"WebSite","@id":"https:\/\/psol50.org.br\/#website","url":"https:\/\/psol50.org.br\/","name":"PSOL 50","description":"Site oficial do Partido Socialismo e Liberdade","publisher":{"@id":"https:\/\/psol50.org.br\/#organization"},"alternateName":"PSOL50","potentialAction":[{"@type":"SearchAction","target":{"@type":"EntryPoint","urlTemplate":"https:\/\/psol50.org.br\/?s={search_term_string}"},"query-input":{"@type":"PropertyValueSpecification","valueRequired":true,"valueName":"search_term_string"}}],"inLanguage":"pt-BR"},{"@type":"Organization","@id":"https:\/\/psol50.org.br\/#organization","name":"PSOL 50","alternateName":"PSOL 50","url":"https:\/\/psol50.org.br\/","logo":{"@type":"ImageObject","inLanguage":"pt-BR","@id":"https:\/\/psol50.org.br\/#\/schema\/logo\/image\/","url":"https:\/\/psol50.org.br\/inc\/uploads\/2018\/07\/capa.png","contentUrl":"https:\/\/psol50.org.br\/inc\/uploads\/2018\/07\/capa.png","width":1350,"height":900,"caption":"PSOL 50"},"image":{"@id":"https:\/\/psol50.org.br\/#\/schema\/logo\/image\/"},"sameAs":["https:\/\/www.facebook.com\/psol50","https:\/\/x.com\/psol50","https:\/\/www.instagram.com\/psol50\/","https:\/\/www.youtube.com\/channel\/UC7SnJS5o1os7a6CaiNabzcg"]},{"@type":"Person","@id":"https:\/\/psol50.org.br\/#\/schema\/person\/475dfa57d0b815993c714c2e96491fcd","name":"Comunica\u00e7\u00e3o PSOL","image":{"@type":"ImageObject","inLanguage":"pt-BR","@id":"https:\/\/psol50.org.br\/#\/schema\/person\/image\/","url":"https:\/\/secure.gravatar.com\/avatar\/b34fc4f4e468a4e51785917065a3db57b841f5c95dba6ad8c73aaf8f66f8f9bf?s=96&d=mm&r=g","contentUrl":"https:\/\/secure.gravatar.com\/avatar\/b34fc4f4e468a4e51785917065a3db57b841f5c95dba6ad8c73aaf8f66f8f9bf?s=96&d=mm&r=g","caption":"Comunica\u00e7\u00e3o PSOL"}}]}},"_links":{"self":[{"href":"https:\/\/psol50.org.br\/rest\/wp\/v2\/posts\/13668","targetHints":{"allow":["GET"]}}],"collection":[{"href":"https:\/\/psol50.org.br\/rest\/wp\/v2\/posts"}],"about":[{"href":"https:\/\/psol50.org.br\/rest\/wp\/v2\/types\/post"}],"author":[{"embeddable":true,"href":"https:\/\/psol50.org.br\/rest\/wp\/v2\/users\/2"}],"replies":[{"embeddable":true,"href":"https:\/\/psol50.org.br\/rest\/wp\/v2\/comments?post=13668"}],"version-history":[{"count":0,"href":"https:\/\/psol50.org.br\/rest\/wp\/v2\/posts\/13668\/revisions"}],"wp:featuredmedia":[{"embeddable":true,"href":"https:\/\/psol50.org.br\/rest\/"}],"wp:attachment":[{"href":"https:\/\/psol50.org.br\/rest\/wp\/v2\/media?parent=13668"}],"wp:term":[{"taxonomy":"category","embeddable":true,"href":"https:\/\/psol50.org.br\/rest\/wp\/v2\/categories?post=13668"},{"taxonomy":"post_tag","embeddable":true,"href":"https:\/\/psol50.org.br\/rest\/wp\/v2\/tags?post=13668"}],"curies":[{"name":"wp","href":"https:\/\/api.w.org\/{rel}","templated":true}]}}