{"id":1367,"date":"2010-06-10T00:00:00","date_gmt":"2010-06-10T00:00:00","guid":{"rendered":"http:\/\/psol50.org.br\/arquivo\/2010\/06\/10\/plinio-escreve-nota-em-apoio-ao-movimento-contra-reducao-das-tarifas-em-florianopolis\/"},"modified":"2010-06-10T00:00:00","modified_gmt":"2010-06-10T00:00:00","slug":"plinio-escreve-nota-em-apoio-ao-movimento-contra-reducao-das-tarifas-em-florianopolis","status":"publish","type":"post","link":"https:\/\/psol50.org.br\/plinio-escreve-nota-em-apoio-ao-movimento-contra-reducao-das-tarifas-em-florianopolis\/","title":{"rendered":"Pl\u00ednio escreve nota em apoio ao movimento contra redu\u00e7\u00e3o das tarifas em Florian\u00f3polis"},"content":{"rendered":"<p><a rel=\"attachment wp-att-3008\" href=\"http:\/\/psol50.org.br\/?attachment_id=3008\"><img loading=\"lazy\" decoding=\"async\" class=\"alignleft size-full wp-image-3008\" style=\"margin-left: 5px;margin-right: 5px\" title=\"nota-pl\u00ednio-215x300\" src=\"http:\/\/psol50.org.br\/files\/2010\/06\/nota-pl\u00ednio-215x300.jpg\" alt=\"\" width=\"215\" height=\"300\" \/><\/a>Cerca de 10 estudantes foram presos no dia 27 de maio de 2010 por conta dos protestos contra aumento das tarifas de \u00f4nibus em Florian\u00f3polis. Nesta data, o presidente da Associa\u00e7\u00e3o Brasileira de Reforma Agr\u00e1ria (Abra), Pl\u00ednio de Arruda Sampaio, estava em Florian\u00f3polis. Na ocasi\u00e3o, ele foi contatado pelo movimento para que mandasse uma mensagem de apoio e solidariedade contra as pris\u00f5es dos manifestantes.<\/p>\n<p>Pl\u00ednio, que palestrava no semin\u00e1rio \u201cDesafios do Socialismo\u201d, na UFSC, escreveu uma nota de pr\u00f3prio punho, repudiando a a\u00e7\u00e3o policial. A nota foi subscrita pelo presidente do PSOL-SC, Afr\u00e2nio Boppr\u00e9.<\/p>\n<p>Dias depois, a Pol\u00edcia Militar invadiu a UDESC, comprovando o abuso de autoridade e os desmandos do governo na repress\u00e3o ao leg\u00edtimo movimento organizado.<\/p>\n<p>A nota s\u00f3 \u00e9 divulgada agora pois estava em poder do Diret\u00f3rio Central dos Estudantes (DCE) da UFSC, que digitalizou o documento.<\/p>\n<p>Leia a nota de apoio de Pl\u00ednio aos estudantes de Florian\u00f3polis<\/p>\n<p>\u00c0 autoridade policial a cargo da repress\u00e3o aos estudantes catarinenses<\/p>\n<p>Estive por uns momentos na manifesta\u00e7\u00e3o dos estudantes contra o aumento das passagens de \u00f4nibus. N\u00e3o vi nenhuma conduta que ultrapasse os direitos constitucionais destes jovens.<br \/>\n\u00c9 absolutamente inconstitucional o expediente de fraudar as disposi\u00e7\u00f5es legais que regulam o tratamento policial em rela\u00e7\u00e3o aos menores de idade, colocando-s dentro dos ve\u00edculos de Pol\u00edcia, sem lev\u00e1-los \u00e0 delegacia, onde certamente ser\u00e3o soltos.<br \/>\nFa\u00e7o esta declara\u00e7\u00e3o como cidad\u00e3o brasileiro e como homem p\u00fablico e n\u00e3o posso admitir que a Pol\u00edcia\u00a0 \u2013 uma institui\u00e7\u00e3o do estado \u2013 se arrogue o direito de substituir a Constitui\u00e7\u00e3o.<\/p>\n<p>Florian\u00f3polis, 27 de maio de 2010<br \/>\nPl\u00ednio de Arruda Sampaio<br \/>\nAfr\u00e2nio Boppr\u00e9<\/p>\n","protected":false},"excerpt":{"rendered":"<p>Cerca de 10 estudantes foram presos no dia 27 de maio de 2010 por conta dos protestos contra aumento das tarifas de \u00f4nibus em Florian\u00f3polis. Nesta data, o presidente da Associa\u00e7\u00e3o Brasileira de Reforma Agr\u00e1ria (Abra), Pl\u00ednio de Arruda Sampaio, estava em Florian\u00f3polis. Na ocasi\u00e3o, ele foi contatado pelo movimento para que mandasse uma mensagem [&hellip;]<\/p>\n","protected":false},"author":2,"featured_media":0,"comment_status":"open","ping_status":"open","sticky":false,"template":"","format":"standard","meta":{"_acf_changed":false,"footnotes":""},"categories":[4766],"tags":[],"class_list":{"0":"post-1367","1":"post","2":"type-post","3":"status-publish","4":"format-standard","6":"category-arquivo"},"acf":[],"yoast_head":"<!-- This site is optimized with the Yoast SEO plugin v26.5 - https:\/\/yoast.com\/wordpress\/plugins\/seo\/ -->\n<title>Pl\u00ednio escreve nota em apoio ao movimento contra redu\u00e7\u00e3o das tarifas em Florian\u00f3polis - PSOL 50<\/title>\n<meta name=\"robots\" content=\"index, follow, max-snippet:-1, max-image-preview:large, max-video-preview:-1\" \/>\n<link rel=\"canonical\" href=\"https:\/\/psol50.org.br\/plinio-escreve-nota-em-apoio-ao-movimento-contra-reducao-das-tarifas-em-florianopolis\/\" \/>\n<meta property=\"og:locale\" content=\"pt_BR\" \/>\n<meta property=\"og:type\" content=\"article\" \/>\n<meta property=\"og:title\" content=\"Pl\u00ednio escreve nota em apoio ao movimento contra redu\u00e7\u00e3o das tarifas em Florian\u00f3polis - PSOL 50\" \/>\n<meta property=\"og:description\" content=\"Cerca de 10 estudantes foram presos no dia 27 de maio de 2010 por conta dos protestos contra aumento das tarifas de \u00f4nibus em Florian\u00f3polis. Nesta data, o presidente da Associa\u00e7\u00e3o Brasileira de Reforma Agr\u00e1ria (Abra), Pl\u00ednio de Arruda Sampaio, estava em Florian\u00f3polis. Na ocasi\u00e3o, ele foi contatado pelo movimento para que mandasse uma mensagem [&hellip;]\" \/>\n<meta property=\"og:url\" content=\"https:\/\/psol50.org.br\/plinio-escreve-nota-em-apoio-ao-movimento-contra-reducao-das-tarifas-em-florianopolis\/\" \/>\n<meta property=\"og:site_name\" content=\"PSOL 50\" \/>\n<meta property=\"article:publisher\" content=\"https:\/\/www.facebook.com\/psol50\" \/>\n<meta property=\"article:published_time\" content=\"2010-06-10T00:00:00+00:00\" \/>\n<meta property=\"og:image\" content=\"http:\/\/psol50.org.br\/files\/2010\/06\/nota-pl\u00ednio-215x300.jpg\" \/>\n<meta name=\"author\" content=\"Comunica\u00e7\u00e3o PSOL\" \/>\n<meta name=\"twitter:card\" content=\"summary_large_image\" \/>\n<meta name=\"twitter:creator\" content=\"@psol50\" \/>\n<meta name=\"twitter:site\" content=\"@psol50\" \/>\n<meta name=\"twitter:label1\" content=\"Escrito por\" \/>\n\t<meta name=\"twitter:data1\" content=\"Comunica\u00e7\u00e3o PSOL\" \/>\n\t<meta name=\"twitter:label2\" content=\"Est. tempo de leitura\" \/>\n\t<meta name=\"twitter:data2\" content=\"1 minuto\" \/>\n<script type=\"application\/ld+json\" class=\"yoast-schema-graph\">{\"@context\":\"https:\/\/schema.org\",\"@graph\":[{\"@type\":\"Article\",\"@id\":\"https:\/\/psol50.org.br\/plinio-escreve-nota-em-apoio-ao-movimento-contra-reducao-das-tarifas-em-florianopolis\/#article\",\"isPartOf\":{\"@id\":\"https:\/\/psol50.org.br\/plinio-escreve-nota-em-apoio-ao-movimento-contra-reducao-das-tarifas-em-florianopolis\/\"},\"author\":{\"name\":\"Comunica\u00e7\u00e3o PSOL\",\"@id\":\"https:\/\/psol50.org.br\/#\/schema\/person\/475dfa57d0b815993c714c2e96491fcd\"},\"headline\":\"Pl\u00ednio escreve nota em apoio ao movimento contra redu\u00e7\u00e3o das tarifas em Florian\u00f3polis\",\"datePublished\":\"2010-06-10T00:00:00+00:00\",\"mainEntityOfPage\":{\"@id\":\"https:\/\/psol50.org.br\/plinio-escreve-nota-em-apoio-ao-movimento-contra-reducao-das-tarifas-em-florianopolis\/\"},\"wordCount\":308,\"commentCount\":0,\"publisher\":{\"@id\":\"https:\/\/psol50.org.br\/#organization\"},\"articleSection\":[\"Arquivo\"],\"inLanguage\":\"pt-BR\",\"potentialAction\":[{\"@type\":\"CommentAction\",\"name\":\"Comment\",\"target\":[\"https:\/\/psol50.org.br\/plinio-escreve-nota-em-apoio-ao-movimento-contra-reducao-das-tarifas-em-florianopolis\/#respond\"]}]},{\"@type\":\"WebPage\",\"@id\":\"https:\/\/psol50.org.br\/plinio-escreve-nota-em-apoio-ao-movimento-contra-reducao-das-tarifas-em-florianopolis\/\",\"url\":\"https:\/\/psol50.org.br\/plinio-escreve-nota-em-apoio-ao-movimento-contra-reducao-das-tarifas-em-florianopolis\/\",\"name\":\"Pl\u00ednio escreve nota em apoio ao movimento contra redu\u00e7\u00e3o das tarifas em Florian\u00f3polis - PSOL 50\",\"isPartOf\":{\"@id\":\"https:\/\/psol50.org.br\/#website\"},\"datePublished\":\"2010-06-10T00:00:00+00:00\",\"breadcrumb\":{\"@id\":\"https:\/\/psol50.org.br\/plinio-escreve-nota-em-apoio-ao-movimento-contra-reducao-das-tarifas-em-florianopolis\/#breadcrumb\"},\"inLanguage\":\"pt-BR\",\"potentialAction\":[{\"@type\":\"ReadAction\",\"target\":[\"https:\/\/psol50.org.br\/plinio-escreve-nota-em-apoio-ao-movimento-contra-reducao-das-tarifas-em-florianopolis\/\"]}]},{\"@type\":\"BreadcrumbList\",\"@id\":\"https:\/\/psol50.org.br\/plinio-escreve-nota-em-apoio-ao-movimento-contra-reducao-das-tarifas-em-florianopolis\/#breadcrumb\",\"itemListElement\":[{\"@type\":\"ListItem\",\"position\":1,\"name\":\"In\u00edcio\",\"item\":\"https:\/\/psol50.org.br\/\"},{\"@type\":\"ListItem\",\"position\":2,\"name\":\"Pl\u00ednio escreve nota em apoio ao movimento contra redu\u00e7\u00e3o das tarifas em Florian\u00f3polis\"}]},{\"@type\":\"WebSite\",\"@id\":\"https:\/\/psol50.org.br\/#website\",\"url\":\"https:\/\/psol50.org.br\/\",\"name\":\"PSOL 50\",\"description\":\"Site oficial do Partido Socialismo e Liberdade\",\"publisher\":{\"@id\":\"https:\/\/psol50.org.br\/#organization\"},\"alternateName\":\"PSOL50\",\"potentialAction\":[{\"@type\":\"SearchAction\",\"target\":{\"@type\":\"EntryPoint\",\"urlTemplate\":\"https:\/\/psol50.org.br\/?s={search_term_string}\"},\"query-input\":{\"@type\":\"PropertyValueSpecification\",\"valueRequired\":true,\"valueName\":\"search_term_string\"}}],\"inLanguage\":\"pt-BR\"},{\"@type\":\"Organization\",\"@id\":\"https:\/\/psol50.org.br\/#organization\",\"name\":\"PSOL 50\",\"alternateName\":\"PSOL 50\",\"url\":\"https:\/\/psol50.org.br\/\",\"logo\":{\"@type\":\"ImageObject\",\"inLanguage\":\"pt-BR\",\"@id\":\"https:\/\/psol50.org.br\/#\/schema\/logo\/image\/\",\"url\":\"https:\/\/psol50.org.br\/inc\/uploads\/2018\/07\/capa.png\",\"contentUrl\":\"https:\/\/psol50.org.br\/inc\/uploads\/2018\/07\/capa.png\",\"width\":1350,\"height\":900,\"caption\":\"PSOL 50\"},\"image\":{\"@id\":\"https:\/\/psol50.org.br\/#\/schema\/logo\/image\/\"},\"sameAs\":[\"https:\/\/www.facebook.com\/psol50\",\"https:\/\/x.com\/psol50\",\"https:\/\/www.instagram.com\/psol50\/\",\"https:\/\/www.youtube.com\/channel\/UC7SnJS5o1os7a6CaiNabzcg\"]},{\"@type\":\"Person\",\"@id\":\"https:\/\/psol50.org.br\/#\/schema\/person\/475dfa57d0b815993c714c2e96491fcd\",\"name\":\"Comunica\u00e7\u00e3o PSOL\",\"image\":{\"@type\":\"ImageObject\",\"inLanguage\":\"pt-BR\",\"@id\":\"https:\/\/psol50.org.br\/#\/schema\/person\/image\/\",\"url\":\"https:\/\/secure.gravatar.com\/avatar\/b34fc4f4e468a4e51785917065a3db57b841f5c95dba6ad8c73aaf8f66f8f9bf?s=96&d=mm&r=g\",\"contentUrl\":\"https:\/\/secure.gravatar.com\/avatar\/b34fc4f4e468a4e51785917065a3db57b841f5c95dba6ad8c73aaf8f66f8f9bf?s=96&d=mm&r=g\",\"caption\":\"Comunica\u00e7\u00e3o PSOL\"}}]}<\/script>\n<!-- \/ Yoast SEO plugin. -->","yoast_head_json":{"title":"Pl\u00ednio escreve nota em apoio ao movimento contra redu\u00e7\u00e3o das tarifas em Florian\u00f3polis - PSOL 50","robots":{"index":"index","follow":"follow","max-snippet":"max-snippet:-1","max-image-preview":"max-image-preview:large","max-video-preview":"max-video-preview:-1"},"canonical":"https:\/\/psol50.org.br\/plinio-escreve-nota-em-apoio-ao-movimento-contra-reducao-das-tarifas-em-florianopolis\/","og_locale":"pt_BR","og_type":"article","og_title":"Pl\u00ednio escreve nota em apoio ao movimento contra redu\u00e7\u00e3o das tarifas em Florian\u00f3polis - PSOL 50","og_description":"Cerca de 10 estudantes foram presos no dia 27 de maio de 2010 por conta dos protestos contra aumento das tarifas de \u00f4nibus em Florian\u00f3polis. Nesta data, o presidente da Associa\u00e7\u00e3o Brasileira de Reforma Agr\u00e1ria (Abra), Pl\u00ednio de Arruda Sampaio, estava em Florian\u00f3polis. Na ocasi\u00e3o, ele foi contatado pelo movimento para que mandasse uma mensagem [&hellip;]","og_url":"https:\/\/psol50.org.br\/plinio-escreve-nota-em-apoio-ao-movimento-contra-reducao-das-tarifas-em-florianopolis\/","og_site_name":"PSOL 50","article_publisher":"https:\/\/www.facebook.com\/psol50","article_published_time":"2010-06-10T00:00:00+00:00","og_image":[{"url":"http:\/\/psol50.org.br\/files\/2010\/06\/nota-pl\u00ednio-215x300.jpg","type":"","width":"","height":""}],"author":"Comunica\u00e7\u00e3o PSOL","twitter_card":"summary_large_image","twitter_creator":"@psol50","twitter_site":"@psol50","twitter_misc":{"Escrito por":"Comunica\u00e7\u00e3o PSOL","Est. tempo de leitura":"1 minuto"},"schema":{"@context":"https:\/\/schema.org","@graph":[{"@type":"Article","@id":"https:\/\/psol50.org.br\/plinio-escreve-nota-em-apoio-ao-movimento-contra-reducao-das-tarifas-em-florianopolis\/#article","isPartOf":{"@id":"https:\/\/psol50.org.br\/plinio-escreve-nota-em-apoio-ao-movimento-contra-reducao-das-tarifas-em-florianopolis\/"},"author":{"name":"Comunica\u00e7\u00e3o PSOL","@id":"https:\/\/psol50.org.br\/#\/schema\/person\/475dfa57d0b815993c714c2e96491fcd"},"headline":"Pl\u00ednio escreve nota em apoio ao movimento contra redu\u00e7\u00e3o das tarifas em Florian\u00f3polis","datePublished":"2010-06-10T00:00:00+00:00","mainEntityOfPage":{"@id":"https:\/\/psol50.org.br\/plinio-escreve-nota-em-apoio-ao-movimento-contra-reducao-das-tarifas-em-florianopolis\/"},"wordCount":308,"commentCount":0,"publisher":{"@id":"https:\/\/psol50.org.br\/#organization"},"articleSection":["Arquivo"],"inLanguage":"pt-BR","potentialAction":[{"@type":"CommentAction","name":"Comment","target":["https:\/\/psol50.org.br\/plinio-escreve-nota-em-apoio-ao-movimento-contra-reducao-das-tarifas-em-florianopolis\/#respond"]}]},{"@type":"WebPage","@id":"https:\/\/psol50.org.br\/plinio-escreve-nota-em-apoio-ao-movimento-contra-reducao-das-tarifas-em-florianopolis\/","url":"https:\/\/psol50.org.br\/plinio-escreve-nota-em-apoio-ao-movimento-contra-reducao-das-tarifas-em-florianopolis\/","name":"Pl\u00ednio escreve nota em apoio ao movimento contra redu\u00e7\u00e3o das tarifas em Florian\u00f3polis - PSOL 50","isPartOf":{"@id":"https:\/\/psol50.org.br\/#website"},"datePublished":"2010-06-10T00:00:00+00:00","breadcrumb":{"@id":"https:\/\/psol50.org.br\/plinio-escreve-nota-em-apoio-ao-movimento-contra-reducao-das-tarifas-em-florianopolis\/#breadcrumb"},"inLanguage":"pt-BR","potentialAction":[{"@type":"ReadAction","target":["https:\/\/psol50.org.br\/plinio-escreve-nota-em-apoio-ao-movimento-contra-reducao-das-tarifas-em-florianopolis\/"]}]},{"@type":"BreadcrumbList","@id":"https:\/\/psol50.org.br\/plinio-escreve-nota-em-apoio-ao-movimento-contra-reducao-das-tarifas-em-florianopolis\/#breadcrumb","itemListElement":[{"@type":"ListItem","position":1,"name":"In\u00edcio","item":"https:\/\/psol50.org.br\/"},{"@type":"ListItem","position":2,"name":"Pl\u00ednio escreve nota em apoio ao movimento contra redu\u00e7\u00e3o das tarifas em Florian\u00f3polis"}]},{"@type":"WebSite","@id":"https:\/\/psol50.org.br\/#website","url":"https:\/\/psol50.org.br\/","name":"PSOL 50","description":"Site oficial do Partido Socialismo e Liberdade","publisher":{"@id":"https:\/\/psol50.org.br\/#organization"},"alternateName":"PSOL50","potentialAction":[{"@type":"SearchAction","target":{"@type":"EntryPoint","urlTemplate":"https:\/\/psol50.org.br\/?s={search_term_string}"},"query-input":{"@type":"PropertyValueSpecification","valueRequired":true,"valueName":"search_term_string"}}],"inLanguage":"pt-BR"},{"@type":"Organization","@id":"https:\/\/psol50.org.br\/#organization","name":"PSOL 50","alternateName":"PSOL 50","url":"https:\/\/psol50.org.br\/","logo":{"@type":"ImageObject","inLanguage":"pt-BR","@id":"https:\/\/psol50.org.br\/#\/schema\/logo\/image\/","url":"https:\/\/psol50.org.br\/inc\/uploads\/2018\/07\/capa.png","contentUrl":"https:\/\/psol50.org.br\/inc\/uploads\/2018\/07\/capa.png","width":1350,"height":900,"caption":"PSOL 50"},"image":{"@id":"https:\/\/psol50.org.br\/#\/schema\/logo\/image\/"},"sameAs":["https:\/\/www.facebook.com\/psol50","https:\/\/x.com\/psol50","https:\/\/www.instagram.com\/psol50\/","https:\/\/www.youtube.com\/channel\/UC7SnJS5o1os7a6CaiNabzcg"]},{"@type":"Person","@id":"https:\/\/psol50.org.br\/#\/schema\/person\/475dfa57d0b815993c714c2e96491fcd","name":"Comunica\u00e7\u00e3o PSOL","image":{"@type":"ImageObject","inLanguage":"pt-BR","@id":"https:\/\/psol50.org.br\/#\/schema\/person\/image\/","url":"https:\/\/secure.gravatar.com\/avatar\/b34fc4f4e468a4e51785917065a3db57b841f5c95dba6ad8c73aaf8f66f8f9bf?s=96&d=mm&r=g","contentUrl":"https:\/\/secure.gravatar.com\/avatar\/b34fc4f4e468a4e51785917065a3db57b841f5c95dba6ad8c73aaf8f66f8f9bf?s=96&d=mm&r=g","caption":"Comunica\u00e7\u00e3o PSOL"}}]}},"_links":{"self":[{"href":"https:\/\/psol50.org.br\/rest\/wp\/v2\/posts\/1367","targetHints":{"allow":["GET"]}}],"collection":[{"href":"https:\/\/psol50.org.br\/rest\/wp\/v2\/posts"}],"about":[{"href":"https:\/\/psol50.org.br\/rest\/wp\/v2\/types\/post"}],"author":[{"embeddable":true,"href":"https:\/\/psol50.org.br\/rest\/wp\/v2\/users\/2"}],"replies":[{"embeddable":true,"href":"https:\/\/psol50.org.br\/rest\/wp\/v2\/comments?post=1367"}],"version-history":[{"count":0,"href":"https:\/\/psol50.org.br\/rest\/wp\/v2\/posts\/1367\/revisions"}],"wp:attachment":[{"href":"https:\/\/psol50.org.br\/rest\/wp\/v2\/media?parent=1367"}],"wp:term":[{"taxonomy":"category","embeddable":true,"href":"https:\/\/psol50.org.br\/rest\/wp\/v2\/categories?post=1367"},{"taxonomy":"post_tag","embeddable":true,"href":"https:\/\/psol50.org.br\/rest\/wp\/v2\/tags?post=1367"}],"curies":[{"name":"wp","href":"https:\/\/api.w.org\/{rel}","templated":true}]}}