{"id":13686,"date":"2016-09-05T19:22:09","date_gmt":"2016-09-05T19:22:09","guid":{"rendered":"http:\/\/www.psol50.org.br\/?p=13686"},"modified":"2016-09-05T19:22:09","modified_gmt":"2016-09-05T19:22:09","slug":"mst-inicia-jornada-de-lutas-unitaria-e-ocupa-ministerio-do-planejamento","status":"publish","type":"post","link":"https:\/\/psol50.org.br\/mst-inicia-jornada-de-lutas-unitaria-e-ocupa-ministerio-do-planejamento\/","title":{"rendered":"MST inicia Jornada de Lutas Unit\u00e1ria e ocupa Minist\u00e9rio do Planejamento"},"content":{"rendered":"<p style=\"text-align: justify\">O\u00a0Minist\u00e9rio do Planejamento, Or\u00e7amento e Gest\u00e3o (MPOG) foi\u00a0ocupado por cerca de 2 mil membros do MST na manh\u00e3\u00a0desta segunda-feira (05\/09), segundo a organiza\u00e7\u00e3o do evento. A a\u00e7\u00e3o faz parte da Jornada de Lutas Unit\u00e1ria dos Trabalhadores e Trabalhadoras e Povos do Campo, das \u00c1guas e das Florestas, movimento que ocorre at\u00e9 quarta-feira\u00a0e prop\u00f5e ocupa\u00e7\u00f5es simult\u00e2neas em todo o pa\u00eds. Est\u00e1 sendo montado no Minist\u00e9rio\u00a0um acampamento que deve permanecer at\u00e9 o fim da Jornada.<\/p>\n<p>O MST estima que oito\u00a0estados j\u00e1 aderiram \u00e0s manifesta\u00e7\u00f5es e o p\u00fablico ultrapassa 12 mil pessoas. No Cear\u00e1, os manifestantes ocuparam ag\u00eancias do Banco do Nordeste; j\u00e1 no Rio Grande do Sul o local escolhido foi o p\u00e1tio do Incra.<\/p>\n<p style=\"text-align: justify\">As\u00a0reivindica\u00e7\u00f5es dos trabalhadores dizem respeito a muitas das propostas do &#8220;pacote de maldades&#8221; do governo de Michel Temer, principalmente sobre a quest\u00e3o agr\u00e1ria. Al\u00e9m da sa\u00edda imediata do presidente ileg\u00edtimo, eles exigem o assentamento de 120 mil fam\u00edlias em todo o pa\u00eds e a volta do Minist\u00e9rio do Desenvolvimento Agr\u00e1rio, extinto por Temer. O MST luta ainda pela demarca\u00e7\u00e3o das terras ind\u00edgenas, amea\u00e7adas pela expans\u00e3o do agroneg\u00f3cio e a\u00e7\u00e3o de latifundi\u00e1rios. Um dos instrumentos para entregar as terras \u00e0 &#8220;bancada do boi&#8221; \u00e9 a PEC 215\/2000, que transfere ao Congresso Nacional a demarca\u00e7\u00e3o das terras ind\u00edgenas. A medida inconstitucional e o\u00a0PSOL j\u00e1 posicionou-se contr\u00e1rio \u00e0 PEC. Confira a fala do l\u00edder Ivan Valente (SP):<\/p>\n<div class=\"youtube-embed\" data-video_id=\"HJmk7bRlFAo\"><iframe loading=\"lazy\" title=\"&quot;Querem expulsar aqueles que s\u00e3o os donos das terras desde tempos imemoriais&quot;\" width=\"696\" height=\"522\" src=\"https:\/\/www.youtube.com\/embed\/HJmk7bRlFAo?list=PLVLC3i19tJDdVqJ2KYrMSqUVd91NGbIWF\" frameborder=\"0\" allow=\"accelerometer; autoplay; clipboard-write; encrypted-media; gyroscope; picture-in-picture\" allowfullscreen><\/iframe><\/div>\n<p style=\"text-align: justify\">Outro fator de revolta \u00e9 a proposta de reforma da previd\u00eancia, que estabelece\u00a0aposentadoria aos 65 anos para homens e mulheres e condiciona o benef\u00edcio mensal a\u00a0fundos de pens\u00e3o privados. O governo alega que a expectativa m\u00e9dia de vida do brasileiro ultrapassa os 75 anos, mas desconsidera a qualidade de vida que os idosos de baixa renda possuem. Segundo o MST, a crise econ\u00f4mica agravou os problemas da popula\u00e7\u00e3o do campo.<\/p>\n<p style=\"text-align: justify\">O MST divulgou tamb\u00e9m<span style=\"color: #3366ff\"><a style=\"color: #3366ff\" href=\"http:\/\/www.mst.org.br\/2016\/09\/05\/movimentos-do-campo-divulgam-manifesto-exigindo-respeito-aos-direitos-do-povo-brasileiro.html\" target=\"_blank\" rel=\"noopener\"> um manifesto<\/a><\/span>\u00a0pedindo respeito \u00e0 luta das camponesas e camponeses, al\u00e9m da defesa\u00a0da soberania nacional e da reforma agr\u00e1ria.<\/p>\n","protected":false},"excerpt":{"rendered":"<p>O\u00a0Minist\u00e9rio do Planejamento, Or\u00e7amento e Gest\u00e3o (MPOG) foi\u00a0ocupado por cerca de 2 mil membros do MST na manh\u00e3\u00a0desta segunda-feira (05\/09), segundo a organiza\u00e7\u00e3o do evento. A a\u00e7\u00e3o faz parte da Jornada de Lutas Unit\u00e1ria dos Trabalhadores e Trabalhadoras e Povos do Campo, das \u00c1guas e das Florestas, movimento que ocorre at\u00e9 quarta-feira\u00a0e prop\u00f5e ocupa\u00e7\u00f5es simult\u00e2neas [&hellip;]<\/p>\n","protected":false},"author":2,"featured_media":13687,"comment_status":"open","ping_status":"open","sticky":false,"template":"","format":"standard","meta":{"_acf_changed":false,"footnotes":""},"categories":[1882,1104,6],"tags":[3243,1235,4515,100,1481,326],"class_list":{"0":"post-13686","1":"post","2":"type-post","3":"status-publish","4":"format-standard","5":"has-post-thumbnail","7":"category-brasil","8":"category-movimento","9":"category-noticias","10":"tag-foratemer","11":"tag-assentamento","12":"tag-ministerio-do-planejamento","13":"tag-mst","14":"tag-ocupacao","15":"tag-reforma-agraria"},"acf":[],"yoast_head":"<!-- This site is optimized with the Yoast SEO plugin v26.5 - https:\/\/yoast.com\/wordpress\/plugins\/seo\/ -->\n<title>MST inicia Jornada de Lutas Unit\u00e1ria e ocupa Minist\u00e9rio do Planejamento - PSOL 50<\/title>\n<meta name=\"robots\" content=\"index, follow, max-snippet:-1, max-image-preview:large, max-video-preview:-1\" \/>\n<link rel=\"canonical\" href=\"https:\/\/psol50.org.br\/mst-inicia-jornada-de-lutas-unitaria-e-ocupa-ministerio-do-planejamento\/\" \/>\n<meta property=\"og:locale\" content=\"pt_BR\" \/>\n<meta property=\"og:type\" content=\"article\" \/>\n<meta property=\"og:title\" content=\"MST inicia Jornada de Lutas Unit\u00e1ria e ocupa Minist\u00e9rio do Planejamento - PSOL 50\" \/>\n<meta property=\"og:description\" content=\"O\u00a0Minist\u00e9rio do Planejamento, Or\u00e7amento e Gest\u00e3o (MPOG) foi\u00a0ocupado por cerca de 2 mil membros do MST na manh\u00e3\u00a0desta segunda-feira (05\/09), segundo a organiza\u00e7\u00e3o do evento. A a\u00e7\u00e3o faz parte da Jornada de Lutas Unit\u00e1ria dos Trabalhadores e Trabalhadoras e Povos do Campo, das \u00c1guas e das Florestas, movimento que ocorre at\u00e9 quarta-feira\u00a0e prop\u00f5e ocupa\u00e7\u00f5es simult\u00e2neas [&hellip;]\" \/>\n<meta property=\"og:url\" content=\"https:\/\/psol50.org.br\/mst-inicia-jornada-de-lutas-unitaria-e-ocupa-ministerio-do-planejamento\/\" \/>\n<meta property=\"og:site_name\" content=\"PSOL 50\" \/>\n<meta property=\"article:publisher\" content=\"https:\/\/www.facebook.com\/psol50\" \/>\n<meta property=\"article:published_time\" content=\"2016-09-05T19:22:09+00:00\" \/>\n<meta property=\"og:image\" content=\"https:\/\/psol50.org.br\/inc\/uploads\/2018\/07\/capa.png\" \/>\n\t<meta property=\"og:image:width\" content=\"1350\" \/>\n\t<meta property=\"og:image:height\" content=\"900\" \/>\n\t<meta property=\"og:image:type\" content=\"image\/png\" \/>\n<meta name=\"author\" content=\"Comunica\u00e7\u00e3o PSOL\" \/>\n<meta name=\"twitter:card\" content=\"summary_large_image\" \/>\n<meta name=\"twitter:creator\" content=\"@psol50\" \/>\n<meta name=\"twitter:site\" content=\"@psol50\" \/>\n<meta name=\"twitter:label1\" content=\"Escrito por\" \/>\n\t<meta name=\"twitter:data1\" content=\"Comunica\u00e7\u00e3o PSOL\" \/>\n\t<meta name=\"twitter:label2\" content=\"Est. tempo de leitura\" \/>\n\t<meta name=\"twitter:data2\" content=\"2 minutos\" \/>\n<script type=\"application\/ld+json\" class=\"yoast-schema-graph\">{\"@context\":\"https:\/\/schema.org\",\"@graph\":[{\"@type\":\"Article\",\"@id\":\"https:\/\/psol50.org.br\/mst-inicia-jornada-de-lutas-unitaria-e-ocupa-ministerio-do-planejamento\/#article\",\"isPartOf\":{\"@id\":\"https:\/\/psol50.org.br\/mst-inicia-jornada-de-lutas-unitaria-e-ocupa-ministerio-do-planejamento\/\"},\"author\":{\"name\":\"Comunica\u00e7\u00e3o PSOL\",\"@id\":\"https:\/\/psol50.org.br\/#\/schema\/person\/475dfa57d0b815993c714c2e96491fcd\"},\"headline\":\"MST inicia Jornada de Lutas Unit\u00e1ria e ocupa Minist\u00e9rio do Planejamento\",\"datePublished\":\"2016-09-05T19:22:09+00:00\",\"mainEntityOfPage\":{\"@id\":\"https:\/\/psol50.org.br\/mst-inicia-jornada-de-lutas-unitaria-e-ocupa-ministerio-do-planejamento\/\"},\"wordCount\":394,\"commentCount\":0,\"publisher\":{\"@id\":\"https:\/\/psol50.org.br\/#organization\"},\"image\":{\"@id\":\"https:\/\/psol50.org.br\/mst-inicia-jornada-de-lutas-unitaria-e-ocupa-ministerio-do-planejamento\/#primaryimage\"},\"thumbnailUrl\":\"\",\"keywords\":[\"#foratemer\",\"assentamento\",\"Minist\u00e9rio do Planejamento\",\"MST\",\"ocupa\u00e7\u00e3o\",\"reforma agr\u00e1ria\"],\"articleSection\":[\"Brasil\",\"Movimento\",\"Not\u00edcias\"],\"inLanguage\":\"pt-BR\",\"potentialAction\":[{\"@type\":\"CommentAction\",\"name\":\"Comment\",\"target\":[\"https:\/\/psol50.org.br\/mst-inicia-jornada-de-lutas-unitaria-e-ocupa-ministerio-do-planejamento\/#respond\"]}]},{\"@type\":\"WebPage\",\"@id\":\"https:\/\/psol50.org.br\/mst-inicia-jornada-de-lutas-unitaria-e-ocupa-ministerio-do-planejamento\/\",\"url\":\"https:\/\/psol50.org.br\/mst-inicia-jornada-de-lutas-unitaria-e-ocupa-ministerio-do-planejamento\/\",\"name\":\"MST inicia Jornada de Lutas Unit\u00e1ria e ocupa Minist\u00e9rio do Planejamento - PSOL 50\",\"isPartOf\":{\"@id\":\"https:\/\/psol50.org.br\/#website\"},\"primaryImageOfPage\":{\"@id\":\"https:\/\/psol50.org.br\/mst-inicia-jornada-de-lutas-unitaria-e-ocupa-ministerio-do-planejamento\/#primaryimage\"},\"image\":{\"@id\":\"https:\/\/psol50.org.br\/mst-inicia-jornada-de-lutas-unitaria-e-ocupa-ministerio-do-planejamento\/#primaryimage\"},\"thumbnailUrl\":\"\",\"datePublished\":\"2016-09-05T19:22:09+00:00\",\"breadcrumb\":{\"@id\":\"https:\/\/psol50.org.br\/mst-inicia-jornada-de-lutas-unitaria-e-ocupa-ministerio-do-planejamento\/#breadcrumb\"},\"inLanguage\":\"pt-BR\",\"potentialAction\":[{\"@type\":\"ReadAction\",\"target\":[\"https:\/\/psol50.org.br\/mst-inicia-jornada-de-lutas-unitaria-e-ocupa-ministerio-do-planejamento\/\"]}]},{\"@type\":\"ImageObject\",\"inLanguage\":\"pt-BR\",\"@id\":\"https:\/\/psol50.org.br\/mst-inicia-jornada-de-lutas-unitaria-e-ocupa-ministerio-do-planejamento\/#primaryimage\",\"url\":\"\",\"contentUrl\":\"\"},{\"@type\":\"BreadcrumbList\",\"@id\":\"https:\/\/psol50.org.br\/mst-inicia-jornada-de-lutas-unitaria-e-ocupa-ministerio-do-planejamento\/#breadcrumb\",\"itemListElement\":[{\"@type\":\"ListItem\",\"position\":1,\"name\":\"In\u00edcio\",\"item\":\"https:\/\/psol50.org.br\/\"},{\"@type\":\"ListItem\",\"position\":2,\"name\":\"MST inicia Jornada de Lutas Unit\u00e1ria e ocupa Minist\u00e9rio do Planejamento\"}]},{\"@type\":\"WebSite\",\"@id\":\"https:\/\/psol50.org.br\/#website\",\"url\":\"https:\/\/psol50.org.br\/\",\"name\":\"PSOL 50\",\"description\":\"Site oficial do Partido Socialismo e Liberdade\",\"publisher\":{\"@id\":\"https:\/\/psol50.org.br\/#organization\"},\"alternateName\":\"PSOL50\",\"potentialAction\":[{\"@type\":\"SearchAction\",\"target\":{\"@type\":\"EntryPoint\",\"urlTemplate\":\"https:\/\/psol50.org.br\/?s={search_term_string}\"},\"query-input\":{\"@type\":\"PropertyValueSpecification\",\"valueRequired\":true,\"valueName\":\"search_term_string\"}}],\"inLanguage\":\"pt-BR\"},{\"@type\":\"Organization\",\"@id\":\"https:\/\/psol50.org.br\/#organization\",\"name\":\"PSOL 50\",\"alternateName\":\"PSOL 50\",\"url\":\"https:\/\/psol50.org.br\/\",\"logo\":{\"@type\":\"ImageObject\",\"inLanguage\":\"pt-BR\",\"@id\":\"https:\/\/psol50.org.br\/#\/schema\/logo\/image\/\",\"url\":\"https:\/\/psol50.org.br\/inc\/uploads\/2018\/07\/capa.png\",\"contentUrl\":\"https:\/\/psol50.org.br\/inc\/uploads\/2018\/07\/capa.png\",\"width\":1350,\"height\":900,\"caption\":\"PSOL 50\"},\"image\":{\"@id\":\"https:\/\/psol50.org.br\/#\/schema\/logo\/image\/\"},\"sameAs\":[\"https:\/\/www.facebook.com\/psol50\",\"https:\/\/x.com\/psol50\",\"https:\/\/www.instagram.com\/psol50\/\",\"https:\/\/www.youtube.com\/channel\/UC7SnJS5o1os7a6CaiNabzcg\"]},{\"@type\":\"Person\",\"@id\":\"https:\/\/psol50.org.br\/#\/schema\/person\/475dfa57d0b815993c714c2e96491fcd\",\"name\":\"Comunica\u00e7\u00e3o PSOL\",\"image\":{\"@type\":\"ImageObject\",\"inLanguage\":\"pt-BR\",\"@id\":\"https:\/\/psol50.org.br\/#\/schema\/person\/image\/\",\"url\":\"https:\/\/secure.gravatar.com\/avatar\/b34fc4f4e468a4e51785917065a3db57b841f5c95dba6ad8c73aaf8f66f8f9bf?s=96&d=mm&r=g\",\"contentUrl\":\"https:\/\/secure.gravatar.com\/avatar\/b34fc4f4e468a4e51785917065a3db57b841f5c95dba6ad8c73aaf8f66f8f9bf?s=96&d=mm&r=g\",\"caption\":\"Comunica\u00e7\u00e3o PSOL\"}}]}<\/script>\n<!-- \/ Yoast SEO plugin. -->","yoast_head_json":{"title":"MST inicia Jornada de Lutas Unit\u00e1ria e ocupa Minist\u00e9rio do Planejamento - PSOL 50","robots":{"index":"index","follow":"follow","max-snippet":"max-snippet:-1","max-image-preview":"max-image-preview:large","max-video-preview":"max-video-preview:-1"},"canonical":"https:\/\/psol50.org.br\/mst-inicia-jornada-de-lutas-unitaria-e-ocupa-ministerio-do-planejamento\/","og_locale":"pt_BR","og_type":"article","og_title":"MST inicia Jornada de Lutas Unit\u00e1ria e ocupa Minist\u00e9rio do Planejamento - PSOL 50","og_description":"O\u00a0Minist\u00e9rio do Planejamento, Or\u00e7amento e Gest\u00e3o (MPOG) foi\u00a0ocupado por cerca de 2 mil membros do MST na manh\u00e3\u00a0desta segunda-feira (05\/09), segundo a organiza\u00e7\u00e3o do evento. A a\u00e7\u00e3o faz parte da Jornada de Lutas Unit\u00e1ria dos Trabalhadores e Trabalhadoras e Povos do Campo, das \u00c1guas e das Florestas, movimento que ocorre at\u00e9 quarta-feira\u00a0e prop\u00f5e ocupa\u00e7\u00f5es simult\u00e2neas [&hellip;]","og_url":"https:\/\/psol50.org.br\/mst-inicia-jornada-de-lutas-unitaria-e-ocupa-ministerio-do-planejamento\/","og_site_name":"PSOL 50","article_publisher":"https:\/\/www.facebook.com\/psol50","article_published_time":"2016-09-05T19:22:09+00:00","og_image":[{"width":1350,"height":900,"url":"https:\/\/psol50.org.br\/inc\/uploads\/2018\/07\/capa.png","type":"image\/png"}],"author":"Comunica\u00e7\u00e3o PSOL","twitter_card":"summary_large_image","twitter_creator":"@psol50","twitter_site":"@psol50","twitter_misc":{"Escrito por":"Comunica\u00e7\u00e3o PSOL","Est. tempo de leitura":"2 minutos"},"schema":{"@context":"https:\/\/schema.org","@graph":[{"@type":"Article","@id":"https:\/\/psol50.org.br\/mst-inicia-jornada-de-lutas-unitaria-e-ocupa-ministerio-do-planejamento\/#article","isPartOf":{"@id":"https:\/\/psol50.org.br\/mst-inicia-jornada-de-lutas-unitaria-e-ocupa-ministerio-do-planejamento\/"},"author":{"name":"Comunica\u00e7\u00e3o PSOL","@id":"https:\/\/psol50.org.br\/#\/schema\/person\/475dfa57d0b815993c714c2e96491fcd"},"headline":"MST inicia Jornada de Lutas Unit\u00e1ria e ocupa Minist\u00e9rio do Planejamento","datePublished":"2016-09-05T19:22:09+00:00","mainEntityOfPage":{"@id":"https:\/\/psol50.org.br\/mst-inicia-jornada-de-lutas-unitaria-e-ocupa-ministerio-do-planejamento\/"},"wordCount":394,"commentCount":0,"publisher":{"@id":"https:\/\/psol50.org.br\/#organization"},"image":{"@id":"https:\/\/psol50.org.br\/mst-inicia-jornada-de-lutas-unitaria-e-ocupa-ministerio-do-planejamento\/#primaryimage"},"thumbnailUrl":"","keywords":["#foratemer","assentamento","Minist\u00e9rio do Planejamento","MST","ocupa\u00e7\u00e3o","reforma agr\u00e1ria"],"articleSection":["Brasil","Movimento","Not\u00edcias"],"inLanguage":"pt-BR","potentialAction":[{"@type":"CommentAction","name":"Comment","target":["https:\/\/psol50.org.br\/mst-inicia-jornada-de-lutas-unitaria-e-ocupa-ministerio-do-planejamento\/#respond"]}]},{"@type":"WebPage","@id":"https:\/\/psol50.org.br\/mst-inicia-jornada-de-lutas-unitaria-e-ocupa-ministerio-do-planejamento\/","url":"https:\/\/psol50.org.br\/mst-inicia-jornada-de-lutas-unitaria-e-ocupa-ministerio-do-planejamento\/","name":"MST inicia Jornada de Lutas Unit\u00e1ria e ocupa Minist\u00e9rio do Planejamento - PSOL 50","isPartOf":{"@id":"https:\/\/psol50.org.br\/#website"},"primaryImageOfPage":{"@id":"https:\/\/psol50.org.br\/mst-inicia-jornada-de-lutas-unitaria-e-ocupa-ministerio-do-planejamento\/#primaryimage"},"image":{"@id":"https:\/\/psol50.org.br\/mst-inicia-jornada-de-lutas-unitaria-e-ocupa-ministerio-do-planejamento\/#primaryimage"},"thumbnailUrl":"","datePublished":"2016-09-05T19:22:09+00:00","breadcrumb":{"@id":"https:\/\/psol50.org.br\/mst-inicia-jornada-de-lutas-unitaria-e-ocupa-ministerio-do-planejamento\/#breadcrumb"},"inLanguage":"pt-BR","potentialAction":[{"@type":"ReadAction","target":["https:\/\/psol50.org.br\/mst-inicia-jornada-de-lutas-unitaria-e-ocupa-ministerio-do-planejamento\/"]}]},{"@type":"ImageObject","inLanguage":"pt-BR","@id":"https:\/\/psol50.org.br\/mst-inicia-jornada-de-lutas-unitaria-e-ocupa-ministerio-do-planejamento\/#primaryimage","url":"","contentUrl":""},{"@type":"BreadcrumbList","@id":"https:\/\/psol50.org.br\/mst-inicia-jornada-de-lutas-unitaria-e-ocupa-ministerio-do-planejamento\/#breadcrumb","itemListElement":[{"@type":"ListItem","position":1,"name":"In\u00edcio","item":"https:\/\/psol50.org.br\/"},{"@type":"ListItem","position":2,"name":"MST inicia Jornada de Lutas Unit\u00e1ria e ocupa Minist\u00e9rio do Planejamento"}]},{"@type":"WebSite","@id":"https:\/\/psol50.org.br\/#website","url":"https:\/\/psol50.org.br\/","name":"PSOL 50","description":"Site oficial do Partido Socialismo e Liberdade","publisher":{"@id":"https:\/\/psol50.org.br\/#organization"},"alternateName":"PSOL50","potentialAction":[{"@type":"SearchAction","target":{"@type":"EntryPoint","urlTemplate":"https:\/\/psol50.org.br\/?s={search_term_string}"},"query-input":{"@type":"PropertyValueSpecification","valueRequired":true,"valueName":"search_term_string"}}],"inLanguage":"pt-BR"},{"@type":"Organization","@id":"https:\/\/psol50.org.br\/#organization","name":"PSOL 50","alternateName":"PSOL 50","url":"https:\/\/psol50.org.br\/","logo":{"@type":"ImageObject","inLanguage":"pt-BR","@id":"https:\/\/psol50.org.br\/#\/schema\/logo\/image\/","url":"https:\/\/psol50.org.br\/inc\/uploads\/2018\/07\/capa.png","contentUrl":"https:\/\/psol50.org.br\/inc\/uploads\/2018\/07\/capa.png","width":1350,"height":900,"caption":"PSOL 50"},"image":{"@id":"https:\/\/psol50.org.br\/#\/schema\/logo\/image\/"},"sameAs":["https:\/\/www.facebook.com\/psol50","https:\/\/x.com\/psol50","https:\/\/www.instagram.com\/psol50\/","https:\/\/www.youtube.com\/channel\/UC7SnJS5o1os7a6CaiNabzcg"]},{"@type":"Person","@id":"https:\/\/psol50.org.br\/#\/schema\/person\/475dfa57d0b815993c714c2e96491fcd","name":"Comunica\u00e7\u00e3o PSOL","image":{"@type":"ImageObject","inLanguage":"pt-BR","@id":"https:\/\/psol50.org.br\/#\/schema\/person\/image\/","url":"https:\/\/secure.gravatar.com\/avatar\/b34fc4f4e468a4e51785917065a3db57b841f5c95dba6ad8c73aaf8f66f8f9bf?s=96&d=mm&r=g","contentUrl":"https:\/\/secure.gravatar.com\/avatar\/b34fc4f4e468a4e51785917065a3db57b841f5c95dba6ad8c73aaf8f66f8f9bf?s=96&d=mm&r=g","caption":"Comunica\u00e7\u00e3o PSOL"}}]}},"_links":{"self":[{"href":"https:\/\/psol50.org.br\/rest\/wp\/v2\/posts\/13686","targetHints":{"allow":["GET"]}}],"collection":[{"href":"https:\/\/psol50.org.br\/rest\/wp\/v2\/posts"}],"about":[{"href":"https:\/\/psol50.org.br\/rest\/wp\/v2\/types\/post"}],"author":[{"embeddable":true,"href":"https:\/\/psol50.org.br\/rest\/wp\/v2\/users\/2"}],"replies":[{"embeddable":true,"href":"https:\/\/psol50.org.br\/rest\/wp\/v2\/comments?post=13686"}],"version-history":[{"count":0,"href":"https:\/\/psol50.org.br\/rest\/wp\/v2\/posts\/13686\/revisions"}],"wp:featuredmedia":[{"embeddable":true,"href":"https:\/\/psol50.org.br\/rest\/"}],"wp:attachment":[{"href":"https:\/\/psol50.org.br\/rest\/wp\/v2\/media?parent=13686"}],"wp:term":[{"taxonomy":"category","embeddable":true,"href":"https:\/\/psol50.org.br\/rest\/wp\/v2\/categories?post=13686"},{"taxonomy":"post_tag","embeddable":true,"href":"https:\/\/psol50.org.br\/rest\/wp\/v2\/tags?post=13686"}],"curies":[{"name":"wp","href":"https:\/\/api.w.org\/{rel}","templated":true}]}}