{"id":1374,"date":"2010-06-21T00:00:00","date_gmt":"2010-06-21T00:00:00","guid":{"rendered":"http:\/\/psol50.org.br\/arquivo\/2010\/06\/21\/convencao-estadual-do-psol-homologa-candidatura-do-professor-paulo-bufalo-ao-governo-de-sp\/"},"modified":"2010-06-21T00:00:00","modified_gmt":"2010-06-21T00:00:00","slug":"convencao-estadual-do-psol-homologa-candidatura-do-professor-paulo-bufalo-ao-governo-de-sp","status":"publish","type":"post","link":"https:\/\/psol50.org.br\/convencao-estadual-do-psol-homologa-candidatura-do-professor-paulo-bufalo-ao-governo-de-sp\/","title":{"rendered":"Conven\u00e7\u00e3o estadual do PSOL homologa candidatura do Professor Paulo Bufalo ao governo de SP"},"content":{"rendered":"<figure id=\"attachment_3185\" aria-describedby=\"caption-attachment-3185\" style=\"width: 300px\" class=\"wp-caption alignleft\"><a rel=\"attachment wp-att-3185\" href=\"http:\/\/psol50.org.br\/?attachment_id=3185\"><img loading=\"lazy\" decoding=\"async\" class=\"size-medium wp-image-3185\" src=\"http:\/\/psol50.org.br\/files\/2010\/06\/BUFALO-300x168.jpg\" alt=\"Paulo Bufalo discursa na Conven\u00e7\u00e3o Estadual de SP, que homologou sua candidatura ao governo do Estado.\" width=\"300\" height=\"168\" \/><\/a><figcaption id=\"caption-attachment-3185\" class=\"wp-caption-text\">Paulo Bufalo discursa na Conven\u00e7\u00e3o Estadual de SP, que homologou sua candidatura ao governo do Estado.<\/figcaption><\/figure>\n<p>Cerca de 400 pessoas participaram da Conven\u00e7\u00e3o Eleitoral Estadual do PSOL S\u00e3o Paulo na manh\u00e3 deste s\u00e1bado, 19 de junho, no Sindicato dos Professores da Rede Municipal de S\u00e3o Paulo, no Bom Retiro \u2013 regi\u00e3o central. Durante o evento foi oficializada a candidatura de Paulo Bufalo pela legenda ao governo do Estado. Tamb\u00e9m estiveram presentes o deputado federal Ivan Valente, os deputados estaduais Raul Marcelo e Carlos Giannazi e o pr\u00e9-candidato do partido \u00e0 presid\u00eancia da Rep\u00fablica, Pl\u00ednio Arruda Sampaio.<\/p>\n<p>Com in\u00edcio \u00e0s 10h30 o evento foi aberto com as falas de Miguel Carvalho, presidente do PSOL \u2013SP, e dos tr\u00eas parlamentares que compunham a mesa. Todos enfatizaram a necessidade de organiza\u00e7\u00e3o da milit\u00e2ncia para a disputa eleitoral e ressaltaram a amplia\u00e7\u00e3o do espa\u00e7o conquistado pelo PSOL na pol\u00edtica brasileira, destacando a atua\u00e7\u00e3o do partido em n\u00edvel estadual e federal.<br \/>\nPaulo Bufalo enfatizou em seu discurso o objetivo da legenda em ampliar a bancada na Assembleia Legislativa de S\u00e3o Paulo e de garantir a continuidade do mandato de Ivan Valente na C\u00e2mara federal. \u201cN\u00e3o tenho d\u00favida que o PSOL \u00e9 o polo mais avan\u00e7ado de um projeto socialista para nosso Estado e nosso pa\u00eds\u201d, afirmou o pr\u00e9-candidato. Al\u00e9m disso, citou os pontos que basear\u00e3o sua campanha, entre eles: a reforma agr\u00e1ria, distribui\u00e7\u00e3o de renda, fim da criminaliza\u00e7\u00e3o dos movimentos sociais e da viol\u00eancia arbitr\u00e1ria do Estado contra a juventude pobre e negra, a prioriza\u00e7\u00e3o das pol\u00edticas sociais, a valoriza\u00e7\u00e3o do patrim\u00f4nio p\u00fablico que restou do processo de privatiza\u00e7\u00e3o implantado pelo governo do PSDB, entre outros.<\/p>\n<p>O evento foi fechado com a fala de Pl\u00ednio que estimulou o trabalho dos militantes presentes e homenageou Bufalo \u201c\u00c9 com o maior orgulho que digo que Paulo \u00e9 o meu candidato ao governo do Estado de S\u00e3o Paulo\u201d.<\/p>\n<p>Ap\u00f3s a conven\u00e7\u00e3o, por volta das 13h, deu-se in\u00edcio ao Semin\u00e1rio Regional Sudeste com o objetivo de debater o programa de governo que o partido apresentar\u00e1 \u00e0 sociedade brasileira nas elei\u00e7\u00f5es presidenciais de 2010. Sob o lema \u201cUm programa socialista, ecol\u00f3gico e popular para o Brasil\u201d, o PSOL est\u00e1 se mobilizando em todo o pa\u00eds nesse sentido, sendo que a atividade j\u00e1 ocorreu em tr\u00eas regi\u00f5es: Centro-Oeste (13 e 14 de maio), Nordeste (22 e 23 de maio) e Sul (28 e 29 de maio). Depois de S\u00e3o Paulo, ainda haver\u00e1 a realiza\u00e7\u00e3o na regi\u00e3o Norte (13 de julho), em Bel\u00e9m (PA). O pr\u00e9-candidato \u00e0 presid\u00eancia da rep\u00fablica pelo PSOL, Pl\u00ednio Arruda Sampaio, est\u00e1 marcando presen\u00e7a em todas as atividades, que culminar\u00e3o na realiza\u00e7\u00e3o do Semin\u00e1rio Nacional de programa de governo.<\/p>\n<p><strong>Paulo Bufalo<\/strong><br \/>\nPaulo Bufalo \u00e9 professor de escola t\u00e9cnica p\u00fablica no Centro Paula Souza. Um dos mais importantes companheiros na constru\u00e7\u00e3o e consolida\u00e7\u00e3o do PSOL no estado de S\u00e3o Paulo, \u00e9 membro da executiva estadual do partido coordenando a Secretaria de Direitos Humanos, foi vereador em Campinas por dois mandatos e tem uma longa trajet\u00f3ria junto aos movimentos sociais, na luta por reforma agr\u00e1ria, no movimento sindical, na defesa da crian\u00e7a e do adolescente e na educa\u00e7\u00e3o p\u00fablica.<\/p>\n","protected":false},"excerpt":{"rendered":"<p>Cerca de 400 pessoas participaram da Conven\u00e7\u00e3o Eleitoral Estadual do PSOL S\u00e3o Paulo na manh\u00e3 deste s\u00e1bado, 19 de junho, no Sindicato dos Professores da Rede Municipal de S\u00e3o Paulo, no Bom Retiro \u2013 regi\u00e3o central. Durante o evento foi oficializada a candidatura de Paulo Bufalo pela legenda ao governo do Estado. Tamb\u00e9m estiveram presentes [&hellip;]<\/p>\n","protected":false},"author":2,"featured_media":0,"comment_status":"open","ping_status":"open","sticky":false,"template":"","format":"standard","meta":{"_acf_changed":false,"footnotes":""},"categories":[4766,4976],"tags":[4977],"class_list":{"0":"post-1374","1":"post","2":"type-post","3":"status-publish","4":"format-standard","6":"category-arquivo","7":"category-eleicoes-2010","8":"tag-eleicoes-2010"},"acf":[],"yoast_head":"<!-- This site is optimized with the Yoast SEO plugin v26.5 - https:\/\/yoast.com\/wordpress\/plugins\/seo\/ -->\n<title>Conven\u00e7\u00e3o estadual do PSOL homologa candidatura do Professor Paulo Bufalo ao governo de SP - PSOL 50<\/title>\n<meta name=\"robots\" content=\"index, follow, max-snippet:-1, max-image-preview:large, max-video-preview:-1\" \/>\n<link rel=\"canonical\" href=\"https:\/\/psol50.org.br\/convencao-estadual-do-psol-homologa-candidatura-do-professor-paulo-bufalo-ao-governo-de-sp\/\" \/>\n<meta property=\"og:locale\" content=\"pt_BR\" \/>\n<meta property=\"og:type\" content=\"article\" \/>\n<meta property=\"og:title\" content=\"Conven\u00e7\u00e3o estadual do PSOL homologa candidatura do Professor Paulo Bufalo ao governo de SP - PSOL 50\" \/>\n<meta property=\"og:description\" content=\"Cerca de 400 pessoas participaram da Conven\u00e7\u00e3o Eleitoral Estadual do PSOL S\u00e3o Paulo na manh\u00e3 deste s\u00e1bado, 19 de junho, no Sindicato dos Professores da Rede Municipal de S\u00e3o Paulo, no Bom Retiro \u2013 regi\u00e3o central. Durante o evento foi oficializada a candidatura de Paulo Bufalo pela legenda ao governo do Estado. Tamb\u00e9m estiveram presentes [&hellip;]\" \/>\n<meta property=\"og:url\" content=\"https:\/\/psol50.org.br\/convencao-estadual-do-psol-homologa-candidatura-do-professor-paulo-bufalo-ao-governo-de-sp\/\" \/>\n<meta property=\"og:site_name\" content=\"PSOL 50\" \/>\n<meta property=\"article:publisher\" content=\"https:\/\/www.facebook.com\/psol50\" \/>\n<meta property=\"article:published_time\" content=\"2010-06-21T00:00:00+00:00\" \/>\n<meta property=\"og:image\" content=\"http:\/\/psol50.org.br\/files\/2010\/06\/BUFALO-300x168.jpg\" \/>\n<meta name=\"author\" content=\"Comunica\u00e7\u00e3o PSOL\" \/>\n<meta name=\"twitter:card\" content=\"summary_large_image\" \/>\n<meta name=\"twitter:creator\" content=\"@psol50\" \/>\n<meta name=\"twitter:site\" content=\"@psol50\" \/>\n<meta name=\"twitter:label1\" content=\"Escrito por\" \/>\n\t<meta name=\"twitter:data1\" content=\"Comunica\u00e7\u00e3o PSOL\" \/>\n\t<meta name=\"twitter:label2\" content=\"Est. tempo de leitura\" \/>\n\t<meta name=\"twitter:data2\" content=\"3 minutos\" \/>\n<script type=\"application\/ld+json\" class=\"yoast-schema-graph\">{\"@context\":\"https:\/\/schema.org\",\"@graph\":[{\"@type\":\"Article\",\"@id\":\"https:\/\/psol50.org.br\/convencao-estadual-do-psol-homologa-candidatura-do-professor-paulo-bufalo-ao-governo-de-sp\/#article\",\"isPartOf\":{\"@id\":\"https:\/\/psol50.org.br\/convencao-estadual-do-psol-homologa-candidatura-do-professor-paulo-bufalo-ao-governo-de-sp\/\"},\"author\":{\"name\":\"Comunica\u00e7\u00e3o PSOL\",\"@id\":\"https:\/\/psol50.org.br\/#\/schema\/person\/475dfa57d0b815993c714c2e96491fcd\"},\"headline\":\"Conven\u00e7\u00e3o estadual do PSOL homologa candidatura do Professor Paulo Bufalo ao governo de SP\",\"datePublished\":\"2010-06-21T00:00:00+00:00\",\"mainEntityOfPage\":{\"@id\":\"https:\/\/psol50.org.br\/convencao-estadual-do-psol-homologa-candidatura-do-professor-paulo-bufalo-ao-governo-de-sp\/\"},\"wordCount\":596,\"commentCount\":0,\"publisher\":{\"@id\":\"https:\/\/psol50.org.br\/#organization\"},\"image\":{\"@id\":\"https:\/\/psol50.org.br\/convencao-estadual-do-psol-homologa-candidatura-do-professor-paulo-bufalo-ao-governo-de-sp\/#primaryimage\"},\"thumbnailUrl\":\"http:\/\/psol50.org.br\/files\/2010\/06\/BUFALO-300x168.jpg\",\"keywords\":[\"Elei\u00e7\u00f5es 2010\"],\"articleSection\":[\"Arquivo\",\"ELEI\u00c7\u00d5ES 2010\"],\"inLanguage\":\"pt-BR\",\"potentialAction\":[{\"@type\":\"CommentAction\",\"name\":\"Comment\",\"target\":[\"https:\/\/psol50.org.br\/convencao-estadual-do-psol-homologa-candidatura-do-professor-paulo-bufalo-ao-governo-de-sp\/#respond\"]}]},{\"@type\":\"WebPage\",\"@id\":\"https:\/\/psol50.org.br\/convencao-estadual-do-psol-homologa-candidatura-do-professor-paulo-bufalo-ao-governo-de-sp\/\",\"url\":\"https:\/\/psol50.org.br\/convencao-estadual-do-psol-homologa-candidatura-do-professor-paulo-bufalo-ao-governo-de-sp\/\",\"name\":\"Conven\u00e7\u00e3o estadual do PSOL homologa candidatura do Professor Paulo Bufalo ao governo de SP - PSOL 50\",\"isPartOf\":{\"@id\":\"https:\/\/psol50.org.br\/#website\"},\"primaryImageOfPage\":{\"@id\":\"https:\/\/psol50.org.br\/convencao-estadual-do-psol-homologa-candidatura-do-professor-paulo-bufalo-ao-governo-de-sp\/#primaryimage\"},\"image\":{\"@id\":\"https:\/\/psol50.org.br\/convencao-estadual-do-psol-homologa-candidatura-do-professor-paulo-bufalo-ao-governo-de-sp\/#primaryimage\"},\"thumbnailUrl\":\"http:\/\/psol50.org.br\/files\/2010\/06\/BUFALO-300x168.jpg\",\"datePublished\":\"2010-06-21T00:00:00+00:00\",\"breadcrumb\":{\"@id\":\"https:\/\/psol50.org.br\/convencao-estadual-do-psol-homologa-candidatura-do-professor-paulo-bufalo-ao-governo-de-sp\/#breadcrumb\"},\"inLanguage\":\"pt-BR\",\"potentialAction\":[{\"@type\":\"ReadAction\",\"target\":[\"https:\/\/psol50.org.br\/convencao-estadual-do-psol-homologa-candidatura-do-professor-paulo-bufalo-ao-governo-de-sp\/\"]}]},{\"@type\":\"ImageObject\",\"inLanguage\":\"pt-BR\",\"@id\":\"https:\/\/psol50.org.br\/convencao-estadual-do-psol-homologa-candidatura-do-professor-paulo-bufalo-ao-governo-de-sp\/#primaryimage\",\"url\":\"http:\/\/psol50.org.br\/files\/2010\/06\/BUFALO-300x168.jpg\",\"contentUrl\":\"http:\/\/psol50.org.br\/files\/2010\/06\/BUFALO-300x168.jpg\"},{\"@type\":\"BreadcrumbList\",\"@id\":\"https:\/\/psol50.org.br\/convencao-estadual-do-psol-homologa-candidatura-do-professor-paulo-bufalo-ao-governo-de-sp\/#breadcrumb\",\"itemListElement\":[{\"@type\":\"ListItem\",\"position\":1,\"name\":\"In\u00edcio\",\"item\":\"https:\/\/psol50.org.br\/\"},{\"@type\":\"ListItem\",\"position\":2,\"name\":\"Conven\u00e7\u00e3o estadual do PSOL homologa candidatura do Professor Paulo Bufalo ao governo de SP\"}]},{\"@type\":\"WebSite\",\"@id\":\"https:\/\/psol50.org.br\/#website\",\"url\":\"https:\/\/psol50.org.br\/\",\"name\":\"PSOL 50\",\"description\":\"Site oficial do Partido Socialismo e Liberdade\",\"publisher\":{\"@id\":\"https:\/\/psol50.org.br\/#organization\"},\"alternateName\":\"PSOL50\",\"potentialAction\":[{\"@type\":\"SearchAction\",\"target\":{\"@type\":\"EntryPoint\",\"urlTemplate\":\"https:\/\/psol50.org.br\/?s={search_term_string}\"},\"query-input\":{\"@type\":\"PropertyValueSpecification\",\"valueRequired\":true,\"valueName\":\"search_term_string\"}}],\"inLanguage\":\"pt-BR\"},{\"@type\":\"Organization\",\"@id\":\"https:\/\/psol50.org.br\/#organization\",\"name\":\"PSOL 50\",\"alternateName\":\"PSOL 50\",\"url\":\"https:\/\/psol50.org.br\/\",\"logo\":{\"@type\":\"ImageObject\",\"inLanguage\":\"pt-BR\",\"@id\":\"https:\/\/psol50.org.br\/#\/schema\/logo\/image\/\",\"url\":\"https:\/\/psol50.org.br\/inc\/uploads\/2018\/07\/capa.png\",\"contentUrl\":\"https:\/\/psol50.org.br\/inc\/uploads\/2018\/07\/capa.png\",\"width\":1350,\"height\":900,\"caption\":\"PSOL 50\"},\"image\":{\"@id\":\"https:\/\/psol50.org.br\/#\/schema\/logo\/image\/\"},\"sameAs\":[\"https:\/\/www.facebook.com\/psol50\",\"https:\/\/x.com\/psol50\",\"https:\/\/www.instagram.com\/psol50\/\",\"https:\/\/www.youtube.com\/channel\/UC7SnJS5o1os7a6CaiNabzcg\"]},{\"@type\":\"Person\",\"@id\":\"https:\/\/psol50.org.br\/#\/schema\/person\/475dfa57d0b815993c714c2e96491fcd\",\"name\":\"Comunica\u00e7\u00e3o PSOL\",\"image\":{\"@type\":\"ImageObject\",\"inLanguage\":\"pt-BR\",\"@id\":\"https:\/\/psol50.org.br\/#\/schema\/person\/image\/\",\"url\":\"https:\/\/secure.gravatar.com\/avatar\/b34fc4f4e468a4e51785917065a3db57b841f5c95dba6ad8c73aaf8f66f8f9bf?s=96&d=mm&r=g\",\"contentUrl\":\"https:\/\/secure.gravatar.com\/avatar\/b34fc4f4e468a4e51785917065a3db57b841f5c95dba6ad8c73aaf8f66f8f9bf?s=96&d=mm&r=g\",\"caption\":\"Comunica\u00e7\u00e3o PSOL\"}}]}<\/script>\n<!-- \/ Yoast SEO plugin. -->","yoast_head_json":{"title":"Conven\u00e7\u00e3o estadual do PSOL homologa candidatura do Professor Paulo Bufalo ao governo de SP - PSOL 50","robots":{"index":"index","follow":"follow","max-snippet":"max-snippet:-1","max-image-preview":"max-image-preview:large","max-video-preview":"max-video-preview:-1"},"canonical":"https:\/\/psol50.org.br\/convencao-estadual-do-psol-homologa-candidatura-do-professor-paulo-bufalo-ao-governo-de-sp\/","og_locale":"pt_BR","og_type":"article","og_title":"Conven\u00e7\u00e3o estadual do PSOL homologa candidatura do Professor Paulo Bufalo ao governo de SP - PSOL 50","og_description":"Cerca de 400 pessoas participaram da Conven\u00e7\u00e3o Eleitoral Estadual do PSOL S\u00e3o Paulo na manh\u00e3 deste s\u00e1bado, 19 de junho, no Sindicato dos Professores da Rede Municipal de S\u00e3o Paulo, no Bom Retiro \u2013 regi\u00e3o central. Durante o evento foi oficializada a candidatura de Paulo Bufalo pela legenda ao governo do Estado. Tamb\u00e9m estiveram presentes [&hellip;]","og_url":"https:\/\/psol50.org.br\/convencao-estadual-do-psol-homologa-candidatura-do-professor-paulo-bufalo-ao-governo-de-sp\/","og_site_name":"PSOL 50","article_publisher":"https:\/\/www.facebook.com\/psol50","article_published_time":"2010-06-21T00:00:00+00:00","og_image":[{"url":"http:\/\/psol50.org.br\/files\/2010\/06\/BUFALO-300x168.jpg","type":"","width":"","height":""}],"author":"Comunica\u00e7\u00e3o PSOL","twitter_card":"summary_large_image","twitter_creator":"@psol50","twitter_site":"@psol50","twitter_misc":{"Escrito por":"Comunica\u00e7\u00e3o PSOL","Est. tempo de leitura":"3 minutos"},"schema":{"@context":"https:\/\/schema.org","@graph":[{"@type":"Article","@id":"https:\/\/psol50.org.br\/convencao-estadual-do-psol-homologa-candidatura-do-professor-paulo-bufalo-ao-governo-de-sp\/#article","isPartOf":{"@id":"https:\/\/psol50.org.br\/convencao-estadual-do-psol-homologa-candidatura-do-professor-paulo-bufalo-ao-governo-de-sp\/"},"author":{"name":"Comunica\u00e7\u00e3o PSOL","@id":"https:\/\/psol50.org.br\/#\/schema\/person\/475dfa57d0b815993c714c2e96491fcd"},"headline":"Conven\u00e7\u00e3o estadual do PSOL homologa candidatura do Professor Paulo Bufalo ao governo de SP","datePublished":"2010-06-21T00:00:00+00:00","mainEntityOfPage":{"@id":"https:\/\/psol50.org.br\/convencao-estadual-do-psol-homologa-candidatura-do-professor-paulo-bufalo-ao-governo-de-sp\/"},"wordCount":596,"commentCount":0,"publisher":{"@id":"https:\/\/psol50.org.br\/#organization"},"image":{"@id":"https:\/\/psol50.org.br\/convencao-estadual-do-psol-homologa-candidatura-do-professor-paulo-bufalo-ao-governo-de-sp\/#primaryimage"},"thumbnailUrl":"http:\/\/psol50.org.br\/files\/2010\/06\/BUFALO-300x168.jpg","keywords":["Elei\u00e7\u00f5es 2010"],"articleSection":["Arquivo","ELEI\u00c7\u00d5ES 2010"],"inLanguage":"pt-BR","potentialAction":[{"@type":"CommentAction","name":"Comment","target":["https:\/\/psol50.org.br\/convencao-estadual-do-psol-homologa-candidatura-do-professor-paulo-bufalo-ao-governo-de-sp\/#respond"]}]},{"@type":"WebPage","@id":"https:\/\/psol50.org.br\/convencao-estadual-do-psol-homologa-candidatura-do-professor-paulo-bufalo-ao-governo-de-sp\/","url":"https:\/\/psol50.org.br\/convencao-estadual-do-psol-homologa-candidatura-do-professor-paulo-bufalo-ao-governo-de-sp\/","name":"Conven\u00e7\u00e3o estadual do PSOL homologa candidatura do Professor Paulo Bufalo ao governo de SP - PSOL 50","isPartOf":{"@id":"https:\/\/psol50.org.br\/#website"},"primaryImageOfPage":{"@id":"https:\/\/psol50.org.br\/convencao-estadual-do-psol-homologa-candidatura-do-professor-paulo-bufalo-ao-governo-de-sp\/#primaryimage"},"image":{"@id":"https:\/\/psol50.org.br\/convencao-estadual-do-psol-homologa-candidatura-do-professor-paulo-bufalo-ao-governo-de-sp\/#primaryimage"},"thumbnailUrl":"http:\/\/psol50.org.br\/files\/2010\/06\/BUFALO-300x168.jpg","datePublished":"2010-06-21T00:00:00+00:00","breadcrumb":{"@id":"https:\/\/psol50.org.br\/convencao-estadual-do-psol-homologa-candidatura-do-professor-paulo-bufalo-ao-governo-de-sp\/#breadcrumb"},"inLanguage":"pt-BR","potentialAction":[{"@type":"ReadAction","target":["https:\/\/psol50.org.br\/convencao-estadual-do-psol-homologa-candidatura-do-professor-paulo-bufalo-ao-governo-de-sp\/"]}]},{"@type":"ImageObject","inLanguage":"pt-BR","@id":"https:\/\/psol50.org.br\/convencao-estadual-do-psol-homologa-candidatura-do-professor-paulo-bufalo-ao-governo-de-sp\/#primaryimage","url":"http:\/\/psol50.org.br\/files\/2010\/06\/BUFALO-300x168.jpg","contentUrl":"http:\/\/psol50.org.br\/files\/2010\/06\/BUFALO-300x168.jpg"},{"@type":"BreadcrumbList","@id":"https:\/\/psol50.org.br\/convencao-estadual-do-psol-homologa-candidatura-do-professor-paulo-bufalo-ao-governo-de-sp\/#breadcrumb","itemListElement":[{"@type":"ListItem","position":1,"name":"In\u00edcio","item":"https:\/\/psol50.org.br\/"},{"@type":"ListItem","position":2,"name":"Conven\u00e7\u00e3o estadual do PSOL homologa candidatura do Professor Paulo Bufalo ao governo de SP"}]},{"@type":"WebSite","@id":"https:\/\/psol50.org.br\/#website","url":"https:\/\/psol50.org.br\/","name":"PSOL 50","description":"Site oficial do Partido Socialismo e Liberdade","publisher":{"@id":"https:\/\/psol50.org.br\/#organization"},"alternateName":"PSOL50","potentialAction":[{"@type":"SearchAction","target":{"@type":"EntryPoint","urlTemplate":"https:\/\/psol50.org.br\/?s={search_term_string}"},"query-input":{"@type":"PropertyValueSpecification","valueRequired":true,"valueName":"search_term_string"}}],"inLanguage":"pt-BR"},{"@type":"Organization","@id":"https:\/\/psol50.org.br\/#organization","name":"PSOL 50","alternateName":"PSOL 50","url":"https:\/\/psol50.org.br\/","logo":{"@type":"ImageObject","inLanguage":"pt-BR","@id":"https:\/\/psol50.org.br\/#\/schema\/logo\/image\/","url":"https:\/\/psol50.org.br\/inc\/uploads\/2018\/07\/capa.png","contentUrl":"https:\/\/psol50.org.br\/inc\/uploads\/2018\/07\/capa.png","width":1350,"height":900,"caption":"PSOL 50"},"image":{"@id":"https:\/\/psol50.org.br\/#\/schema\/logo\/image\/"},"sameAs":["https:\/\/www.facebook.com\/psol50","https:\/\/x.com\/psol50","https:\/\/www.instagram.com\/psol50\/","https:\/\/www.youtube.com\/channel\/UC7SnJS5o1os7a6CaiNabzcg"]},{"@type":"Person","@id":"https:\/\/psol50.org.br\/#\/schema\/person\/475dfa57d0b815993c714c2e96491fcd","name":"Comunica\u00e7\u00e3o PSOL","image":{"@type":"ImageObject","inLanguage":"pt-BR","@id":"https:\/\/psol50.org.br\/#\/schema\/person\/image\/","url":"https:\/\/secure.gravatar.com\/avatar\/b34fc4f4e468a4e51785917065a3db57b841f5c95dba6ad8c73aaf8f66f8f9bf?s=96&d=mm&r=g","contentUrl":"https:\/\/secure.gravatar.com\/avatar\/b34fc4f4e468a4e51785917065a3db57b841f5c95dba6ad8c73aaf8f66f8f9bf?s=96&d=mm&r=g","caption":"Comunica\u00e7\u00e3o PSOL"}}]}},"_links":{"self":[{"href":"https:\/\/psol50.org.br\/rest\/wp\/v2\/posts\/1374","targetHints":{"allow":["GET"]}}],"collection":[{"href":"https:\/\/psol50.org.br\/rest\/wp\/v2\/posts"}],"about":[{"href":"https:\/\/psol50.org.br\/rest\/wp\/v2\/types\/post"}],"author":[{"embeddable":true,"href":"https:\/\/psol50.org.br\/rest\/wp\/v2\/users\/2"}],"replies":[{"embeddable":true,"href":"https:\/\/psol50.org.br\/rest\/wp\/v2\/comments?post=1374"}],"version-history":[{"count":0,"href":"https:\/\/psol50.org.br\/rest\/wp\/v2\/posts\/1374\/revisions"}],"wp:attachment":[{"href":"https:\/\/psol50.org.br\/rest\/wp\/v2\/media?parent=1374"}],"wp:term":[{"taxonomy":"category","embeddable":true,"href":"https:\/\/psol50.org.br\/rest\/wp\/v2\/categories?post=1374"},{"taxonomy":"post_tag","embeddable":true,"href":"https:\/\/psol50.org.br\/rest\/wp\/v2\/tags?post=1374"}],"curies":[{"name":"wp","href":"https:\/\/api.w.org\/{rel}","templated":true}]}}