{"id":1376,"date":"2010-06-23T00:00:00","date_gmt":"2010-06-23T00:00:00","guid":{"rendered":"http:\/\/psol50.org.br\/arquivo\/2010\/06\/23\/convencao-do-psol-piaui-ocorre-no-sabado\/"},"modified":"2010-06-23T00:00:00","modified_gmt":"2010-06-23T00:00:00","slug":"convencao-do-psol-piaui-ocorre-no-sabado","status":"publish","type":"post","link":"https:\/\/psol50.org.br\/convencao-do-psol-piaui-ocorre-no-sabado\/","title":{"rendered":"Conven\u00e7\u00e3o do PSOL Piau\u00ed ocorre no s\u00e1bado"},"content":{"rendered":"<p>A Comiss\u00e3o Executiva Estadual do Partido Socialismo e Liberdade no Piau\u00ed\u2013 PSOL-PI, convoca sua Conven\u00e7\u00e3o Estadual para fins de discuss\u00e3o e encaminhamentos da Pauta:<\/p>\n<ul>\n<li>Deliberar sobre alian\u00e7as e escolha de candidatos para os governos Estadual e Federal, no \u00e2mbito do Executivo e do Legislativo: Governador, Vice, Deputados Estadual e Federal, Senadores<\/li>\n<li>Analisar a conjuntura com vistas \u00e0 interven\u00e7\u00e3o no \u00e2mbito da a\u00e7\u00e3o do discurso e da pr\u00e1tica eleitoral rumo ao socialismo.<\/li>\n<li>Outros&#8230;<\/li>\n<\/ul>\n<p><strong>LOCAL: <\/strong>AUDIT\u00d3RIO DO SINDICATO DOS TRABALHADORES DA SA\u00daDE DO ESTADO DO PIAU\u00cd \u2013 SINDESPI, SITUADO \u00c0 RUA 19 DE NOVEMBRO, N\u00ba 160 &#8211; BAIRRO CENTRO-NORTE, TERESINA-PI. (Rua perpendicular \u00e0 frente do 25\u00ba BC).<\/p>\n<p><strong>DATA:<\/strong> 26 DE JUNHO DE 2010 &#8211; S\u00c1BADO<\/p>\n<p><strong>HOR\u00c1RIO:<\/strong> 15h \u2013 17h<\/p>\n","protected":false},"excerpt":{"rendered":"<p>A Comiss\u00e3o Executiva Estadual do Partido Socialismo e Liberdade no Piau\u00ed\u2013 PSOL-PI, convoca sua Conven\u00e7\u00e3o Estadual para fins de discuss\u00e3o e encaminhamentos da Pauta: Deliberar sobre alian\u00e7as e escolha de candidatos para os governos Estadual e Federal, no \u00e2mbito do Executivo e do Legislativo: Governador, Vice, Deputados Estadual e Federal, Senadores Analisar a conjuntura com [&hellip;]<\/p>\n","protected":false},"author":2,"featured_media":0,"comment_status":"open","ping_status":"open","sticky":false,"template":"","format":"standard","meta":{"_acf_changed":false,"footnotes":""},"categories":[4766,4976],"tags":[4977],"class_list":{"0":"post-1376","1":"post","2":"type-post","3":"status-publish","4":"format-standard","6":"category-arquivo","7":"category-eleicoes-2010","8":"tag-eleicoes-2010"},"acf":[],"yoast_head":"<!-- This site is optimized with the Yoast SEO plugin v26.5 - https:\/\/yoast.com\/wordpress\/plugins\/seo\/ -->\n<title>Conven\u00e7\u00e3o do PSOL Piau\u00ed ocorre no s\u00e1bado - PSOL 50<\/title>\n<meta name=\"robots\" content=\"index, follow, max-snippet:-1, max-image-preview:large, max-video-preview:-1\" \/>\n<link rel=\"canonical\" href=\"https:\/\/psol50.org.br\/convencao-do-psol-piaui-ocorre-no-sabado\/\" \/>\n<meta property=\"og:locale\" content=\"pt_BR\" \/>\n<meta property=\"og:type\" content=\"article\" \/>\n<meta property=\"og:title\" content=\"Conven\u00e7\u00e3o do PSOL Piau\u00ed ocorre no s\u00e1bado - PSOL 50\" \/>\n<meta property=\"og:description\" content=\"A Comiss\u00e3o Executiva Estadual do Partido Socialismo e Liberdade no Piau\u00ed\u2013 PSOL-PI, convoca sua Conven\u00e7\u00e3o Estadual para fins de discuss\u00e3o e encaminhamentos da Pauta: Deliberar sobre alian\u00e7as e escolha de candidatos para os governos Estadual e Federal, no \u00e2mbito do Executivo e do Legislativo: Governador, Vice, Deputados Estadual e Federal, Senadores Analisar a conjuntura com [&hellip;]\" \/>\n<meta property=\"og:url\" content=\"https:\/\/psol50.org.br\/convencao-do-psol-piaui-ocorre-no-sabado\/\" \/>\n<meta property=\"og:site_name\" content=\"PSOL 50\" \/>\n<meta property=\"article:publisher\" content=\"https:\/\/www.facebook.com\/psol50\" \/>\n<meta property=\"article:published_time\" content=\"2010-06-23T00:00:00+00:00\" \/>\n<meta property=\"og:image\" content=\"https:\/\/psol50.org.br\/inc\/uploads\/2018\/07\/capa.png\" \/>\n\t<meta property=\"og:image:width\" content=\"1350\" \/>\n\t<meta property=\"og:image:height\" content=\"900\" \/>\n\t<meta property=\"og:image:type\" content=\"image\/png\" \/>\n<meta name=\"author\" content=\"Comunica\u00e7\u00e3o PSOL\" \/>\n<meta name=\"twitter:card\" content=\"summary_large_image\" \/>\n<meta name=\"twitter:creator\" content=\"@psol50\" \/>\n<meta name=\"twitter:site\" content=\"@psol50\" \/>\n<meta name=\"twitter:label1\" content=\"Escrito por\" \/>\n\t<meta name=\"twitter:data1\" content=\"Comunica\u00e7\u00e3o PSOL\" \/>\n\t<meta name=\"twitter:label2\" content=\"Est. tempo de leitura\" \/>\n\t<meta name=\"twitter:data2\" content=\"1 minuto\" \/>\n<script type=\"application\/ld+json\" class=\"yoast-schema-graph\">{\"@context\":\"https:\/\/schema.org\",\"@graph\":[{\"@type\":\"Article\",\"@id\":\"https:\/\/psol50.org.br\/convencao-do-psol-piaui-ocorre-no-sabado\/#article\",\"isPartOf\":{\"@id\":\"https:\/\/psol50.org.br\/convencao-do-psol-piaui-ocorre-no-sabado\/\"},\"author\":{\"name\":\"Comunica\u00e7\u00e3o PSOL\",\"@id\":\"https:\/\/psol50.org.br\/#\/schema\/person\/475dfa57d0b815993c714c2e96491fcd\"},\"headline\":\"Conven\u00e7\u00e3o do PSOL Piau\u00ed ocorre no s\u00e1bado\",\"datePublished\":\"2010-06-23T00:00:00+00:00\",\"mainEntityOfPage\":{\"@id\":\"https:\/\/psol50.org.br\/convencao-do-psol-piaui-ocorre-no-sabado\/\"},\"wordCount\":127,\"commentCount\":0,\"publisher\":{\"@id\":\"https:\/\/psol50.org.br\/#organization\"},\"keywords\":[\"Elei\u00e7\u00f5es 2010\"],\"articleSection\":[\"Arquivo\",\"ELEI\u00c7\u00d5ES 2010\"],\"inLanguage\":\"pt-BR\",\"potentialAction\":[{\"@type\":\"CommentAction\",\"name\":\"Comment\",\"target\":[\"https:\/\/psol50.org.br\/convencao-do-psol-piaui-ocorre-no-sabado\/#respond\"]}]},{\"@type\":\"WebPage\",\"@id\":\"https:\/\/psol50.org.br\/convencao-do-psol-piaui-ocorre-no-sabado\/\",\"url\":\"https:\/\/psol50.org.br\/convencao-do-psol-piaui-ocorre-no-sabado\/\",\"name\":\"Conven\u00e7\u00e3o do PSOL Piau\u00ed ocorre no s\u00e1bado - PSOL 50\",\"isPartOf\":{\"@id\":\"https:\/\/psol50.org.br\/#website\"},\"datePublished\":\"2010-06-23T00:00:00+00:00\",\"breadcrumb\":{\"@id\":\"https:\/\/psol50.org.br\/convencao-do-psol-piaui-ocorre-no-sabado\/#breadcrumb\"},\"inLanguage\":\"pt-BR\",\"potentialAction\":[{\"@type\":\"ReadAction\",\"target\":[\"https:\/\/psol50.org.br\/convencao-do-psol-piaui-ocorre-no-sabado\/\"]}]},{\"@type\":\"BreadcrumbList\",\"@id\":\"https:\/\/psol50.org.br\/convencao-do-psol-piaui-ocorre-no-sabado\/#breadcrumb\",\"itemListElement\":[{\"@type\":\"ListItem\",\"position\":1,\"name\":\"In\u00edcio\",\"item\":\"https:\/\/psol50.org.br\/\"},{\"@type\":\"ListItem\",\"position\":2,\"name\":\"Conven\u00e7\u00e3o do PSOL Piau\u00ed ocorre no s\u00e1bado\"}]},{\"@type\":\"WebSite\",\"@id\":\"https:\/\/psol50.org.br\/#website\",\"url\":\"https:\/\/psol50.org.br\/\",\"name\":\"PSOL 50\",\"description\":\"Site oficial do Partido Socialismo e Liberdade\",\"publisher\":{\"@id\":\"https:\/\/psol50.org.br\/#organization\"},\"alternateName\":\"PSOL50\",\"potentialAction\":[{\"@type\":\"SearchAction\",\"target\":{\"@type\":\"EntryPoint\",\"urlTemplate\":\"https:\/\/psol50.org.br\/?s={search_term_string}\"},\"query-input\":{\"@type\":\"PropertyValueSpecification\",\"valueRequired\":true,\"valueName\":\"search_term_string\"}}],\"inLanguage\":\"pt-BR\"},{\"@type\":\"Organization\",\"@id\":\"https:\/\/psol50.org.br\/#organization\",\"name\":\"PSOL 50\",\"alternateName\":\"PSOL 50\",\"url\":\"https:\/\/psol50.org.br\/\",\"logo\":{\"@type\":\"ImageObject\",\"inLanguage\":\"pt-BR\",\"@id\":\"https:\/\/psol50.org.br\/#\/schema\/logo\/image\/\",\"url\":\"https:\/\/psol50.org.br\/inc\/uploads\/2018\/07\/capa.png\",\"contentUrl\":\"https:\/\/psol50.org.br\/inc\/uploads\/2018\/07\/capa.png\",\"width\":1350,\"height\":900,\"caption\":\"PSOL 50\"},\"image\":{\"@id\":\"https:\/\/psol50.org.br\/#\/schema\/logo\/image\/\"},\"sameAs\":[\"https:\/\/www.facebook.com\/psol50\",\"https:\/\/x.com\/psol50\",\"https:\/\/www.instagram.com\/psol50\/\",\"https:\/\/www.youtube.com\/channel\/UC7SnJS5o1os7a6CaiNabzcg\"]},{\"@type\":\"Person\",\"@id\":\"https:\/\/psol50.org.br\/#\/schema\/person\/475dfa57d0b815993c714c2e96491fcd\",\"name\":\"Comunica\u00e7\u00e3o PSOL\",\"image\":{\"@type\":\"ImageObject\",\"inLanguage\":\"pt-BR\",\"@id\":\"https:\/\/psol50.org.br\/#\/schema\/person\/image\/\",\"url\":\"https:\/\/secure.gravatar.com\/avatar\/b34fc4f4e468a4e51785917065a3db57b841f5c95dba6ad8c73aaf8f66f8f9bf?s=96&d=mm&r=g\",\"contentUrl\":\"https:\/\/secure.gravatar.com\/avatar\/b34fc4f4e468a4e51785917065a3db57b841f5c95dba6ad8c73aaf8f66f8f9bf?s=96&d=mm&r=g\",\"caption\":\"Comunica\u00e7\u00e3o PSOL\"}}]}<\/script>\n<!-- \/ Yoast SEO plugin. -->","yoast_head_json":{"title":"Conven\u00e7\u00e3o do PSOL Piau\u00ed ocorre no s\u00e1bado - PSOL 50","robots":{"index":"index","follow":"follow","max-snippet":"max-snippet:-1","max-image-preview":"max-image-preview:large","max-video-preview":"max-video-preview:-1"},"canonical":"https:\/\/psol50.org.br\/convencao-do-psol-piaui-ocorre-no-sabado\/","og_locale":"pt_BR","og_type":"article","og_title":"Conven\u00e7\u00e3o do PSOL Piau\u00ed ocorre no s\u00e1bado - PSOL 50","og_description":"A Comiss\u00e3o Executiva Estadual do Partido Socialismo e Liberdade no Piau\u00ed\u2013 PSOL-PI, convoca sua Conven\u00e7\u00e3o Estadual para fins de discuss\u00e3o e encaminhamentos da Pauta: Deliberar sobre alian\u00e7as e escolha de candidatos para os governos Estadual e Federal, no \u00e2mbito do Executivo e do Legislativo: Governador, Vice, Deputados Estadual e Federal, Senadores Analisar a conjuntura com [&hellip;]","og_url":"https:\/\/psol50.org.br\/convencao-do-psol-piaui-ocorre-no-sabado\/","og_site_name":"PSOL 50","article_publisher":"https:\/\/www.facebook.com\/psol50","article_published_time":"2010-06-23T00:00:00+00:00","og_image":[{"width":1350,"height":900,"url":"https:\/\/psol50.org.br\/inc\/uploads\/2018\/07\/capa.png","type":"image\/png"}],"author":"Comunica\u00e7\u00e3o PSOL","twitter_card":"summary_large_image","twitter_creator":"@psol50","twitter_site":"@psol50","twitter_misc":{"Escrito por":"Comunica\u00e7\u00e3o PSOL","Est. tempo de leitura":"1 minuto"},"schema":{"@context":"https:\/\/schema.org","@graph":[{"@type":"Article","@id":"https:\/\/psol50.org.br\/convencao-do-psol-piaui-ocorre-no-sabado\/#article","isPartOf":{"@id":"https:\/\/psol50.org.br\/convencao-do-psol-piaui-ocorre-no-sabado\/"},"author":{"name":"Comunica\u00e7\u00e3o PSOL","@id":"https:\/\/psol50.org.br\/#\/schema\/person\/475dfa57d0b815993c714c2e96491fcd"},"headline":"Conven\u00e7\u00e3o do PSOL Piau\u00ed ocorre no s\u00e1bado","datePublished":"2010-06-23T00:00:00+00:00","mainEntityOfPage":{"@id":"https:\/\/psol50.org.br\/convencao-do-psol-piaui-ocorre-no-sabado\/"},"wordCount":127,"commentCount":0,"publisher":{"@id":"https:\/\/psol50.org.br\/#organization"},"keywords":["Elei\u00e7\u00f5es 2010"],"articleSection":["Arquivo","ELEI\u00c7\u00d5ES 2010"],"inLanguage":"pt-BR","potentialAction":[{"@type":"CommentAction","name":"Comment","target":["https:\/\/psol50.org.br\/convencao-do-psol-piaui-ocorre-no-sabado\/#respond"]}]},{"@type":"WebPage","@id":"https:\/\/psol50.org.br\/convencao-do-psol-piaui-ocorre-no-sabado\/","url":"https:\/\/psol50.org.br\/convencao-do-psol-piaui-ocorre-no-sabado\/","name":"Conven\u00e7\u00e3o do PSOL Piau\u00ed ocorre no s\u00e1bado - PSOL 50","isPartOf":{"@id":"https:\/\/psol50.org.br\/#website"},"datePublished":"2010-06-23T00:00:00+00:00","breadcrumb":{"@id":"https:\/\/psol50.org.br\/convencao-do-psol-piaui-ocorre-no-sabado\/#breadcrumb"},"inLanguage":"pt-BR","potentialAction":[{"@type":"ReadAction","target":["https:\/\/psol50.org.br\/convencao-do-psol-piaui-ocorre-no-sabado\/"]}]},{"@type":"BreadcrumbList","@id":"https:\/\/psol50.org.br\/convencao-do-psol-piaui-ocorre-no-sabado\/#breadcrumb","itemListElement":[{"@type":"ListItem","position":1,"name":"In\u00edcio","item":"https:\/\/psol50.org.br\/"},{"@type":"ListItem","position":2,"name":"Conven\u00e7\u00e3o do PSOL Piau\u00ed ocorre no s\u00e1bado"}]},{"@type":"WebSite","@id":"https:\/\/psol50.org.br\/#website","url":"https:\/\/psol50.org.br\/","name":"PSOL 50","description":"Site oficial do Partido Socialismo e Liberdade","publisher":{"@id":"https:\/\/psol50.org.br\/#organization"},"alternateName":"PSOL50","potentialAction":[{"@type":"SearchAction","target":{"@type":"EntryPoint","urlTemplate":"https:\/\/psol50.org.br\/?s={search_term_string}"},"query-input":{"@type":"PropertyValueSpecification","valueRequired":true,"valueName":"search_term_string"}}],"inLanguage":"pt-BR"},{"@type":"Organization","@id":"https:\/\/psol50.org.br\/#organization","name":"PSOL 50","alternateName":"PSOL 50","url":"https:\/\/psol50.org.br\/","logo":{"@type":"ImageObject","inLanguage":"pt-BR","@id":"https:\/\/psol50.org.br\/#\/schema\/logo\/image\/","url":"https:\/\/psol50.org.br\/inc\/uploads\/2018\/07\/capa.png","contentUrl":"https:\/\/psol50.org.br\/inc\/uploads\/2018\/07\/capa.png","width":1350,"height":900,"caption":"PSOL 50"},"image":{"@id":"https:\/\/psol50.org.br\/#\/schema\/logo\/image\/"},"sameAs":["https:\/\/www.facebook.com\/psol50","https:\/\/x.com\/psol50","https:\/\/www.instagram.com\/psol50\/","https:\/\/www.youtube.com\/channel\/UC7SnJS5o1os7a6CaiNabzcg"]},{"@type":"Person","@id":"https:\/\/psol50.org.br\/#\/schema\/person\/475dfa57d0b815993c714c2e96491fcd","name":"Comunica\u00e7\u00e3o PSOL","image":{"@type":"ImageObject","inLanguage":"pt-BR","@id":"https:\/\/psol50.org.br\/#\/schema\/person\/image\/","url":"https:\/\/secure.gravatar.com\/avatar\/b34fc4f4e468a4e51785917065a3db57b841f5c95dba6ad8c73aaf8f66f8f9bf?s=96&d=mm&r=g","contentUrl":"https:\/\/secure.gravatar.com\/avatar\/b34fc4f4e468a4e51785917065a3db57b841f5c95dba6ad8c73aaf8f66f8f9bf?s=96&d=mm&r=g","caption":"Comunica\u00e7\u00e3o PSOL"}}]}},"_links":{"self":[{"href":"https:\/\/psol50.org.br\/rest\/wp\/v2\/posts\/1376","targetHints":{"allow":["GET"]}}],"collection":[{"href":"https:\/\/psol50.org.br\/rest\/wp\/v2\/posts"}],"about":[{"href":"https:\/\/psol50.org.br\/rest\/wp\/v2\/types\/post"}],"author":[{"embeddable":true,"href":"https:\/\/psol50.org.br\/rest\/wp\/v2\/users\/2"}],"replies":[{"embeddable":true,"href":"https:\/\/psol50.org.br\/rest\/wp\/v2\/comments?post=1376"}],"version-history":[{"count":0,"href":"https:\/\/psol50.org.br\/rest\/wp\/v2\/posts\/1376\/revisions"}],"wp:attachment":[{"href":"https:\/\/psol50.org.br\/rest\/wp\/v2\/media?parent=1376"}],"wp:term":[{"taxonomy":"category","embeddable":true,"href":"https:\/\/psol50.org.br\/rest\/wp\/v2\/categories?post=1376"},{"taxonomy":"post_tag","embeddable":true,"href":"https:\/\/psol50.org.br\/rest\/wp\/v2\/tags?post=1376"}],"curies":[{"name":"wp","href":"https:\/\/api.w.org\/{rel}","templated":true}]}}