{"id":13794,"date":"2016-09-09T15:01:23","date_gmt":"2016-09-09T15:01:23","guid":{"rendered":"http:\/\/www.psol50.org.br\/?p=13794"},"modified":"2016-09-09T15:01:23","modified_gmt":"2016-09-09T15:01:23","slug":"servidores-publicos-promovem-de-12-a-1409-semana-de-lutas-contra-ataques-do-governo","status":"publish","type":"post","link":"https:\/\/psol50.org.br\/servidores-publicos-promovem-de-12-a-1409-semana-de-lutas-contra-ataques-do-governo\/","title":{"rendered":"Servidores p\u00fablicos promovem, de 12 a 14\/09, semana de lutas contra ataques do governo"},"content":{"rendered":"<p>Servidores de v\u00e1rias categorias do funcionalismo p\u00fablico realizam na pr\u00f3xima semana, em Bras\u00edlia, jornada de lutas contra as pol\u00edticas que est\u00e3o sendo adotadas pelo governo de Michel Temer e que amea\u00e7am direitos da classe trabalhadora. Convocadas pelo F\u00f3rum Nacional de Entidades dos Servidores P\u00fablicos Federais (Fonasefe), as atividades ter\u00e3o in\u00edcio no dia 12, pr\u00f3xima segunda-feira, e v\u00e3o at\u00e9 o dia 14 de setembro.<\/p>\n<p>A expectativa das entidades \u00e9 reunir milhares de servidores, de v\u00e1rios estados do pa\u00eds e de todas as categorias do funcionalismo p\u00fablico federal. A pauta central dessa atividade s\u00e3o as propostas previstas no ajuste fiscal do governo (PLP 257\/2016 e PEC 241\/2016), a reforma da previd\u00eancia, as privatiza\u00e7\u00f5es e a defesa dos sal\u00e1rios, direitos e emprego.<\/p>\n<p>Para o dia 13 de setembro, o calend\u00e1rio de lutas prev\u00ea a realiza\u00e7\u00e3o de uma grande marcha, na Esplanada dos Minist\u00e9rios indo at\u00e9 o Congresso Nacional. A agenda de mobiliza\u00e7\u00f5es em Bras\u00edlia se encerra no dia 14, com uma plen\u00e1ria nacional, onde os servidores ir\u00e3o debater o indicativo de greve geral para a segunda quinzena de setembro.<\/p>\n<p><strong>Barrar\u00a0as amea\u00e7as contra a classe trabalhadora<br \/>\n<\/strong>O objetivo das entidades sindicais com a semana de lutas \u00e9 denunciar para a sociedade os ataques em andamento no Executivo e no Parlamento, que transferem para os trabalhadores os efeitos nocivos das crises econ\u00f4mica e pol\u00edtica.<\/p>\n<p>O governo Temer segue firme em seu empenho para acelerar a tramita\u00e7\u00e3o de propostas que fazem parte de seu pacote fiscal, com o objetivo de economizar dinheiro \u00e0 custa dos trabalhadores para pagar juros da d\u00edvida p\u00fablica. Depois de conseguir aprovar, no dia 9 de agosto, a Proposta de Emenda \u00e0 Constitui\u00e7\u00e3o n\u00ba 241\/2016 na Comiss\u00e3o de Constitui\u00e7\u00e3o e Justi\u00e7a (CCJ) da C\u00e2mara, o Pal\u00e1cio do Planalto corre contra o tempo para acelerar a tramita\u00e7\u00e3o dessa proposta, que \u00e9 uma de suas prioridades na \u00e1rea econ\u00f4mica. No dia 11 de agosto foi instalada a comiss\u00e3o especial que vai analisar a PEC, conhecida como teto de gastos p\u00fablicos federais por limitar, em 20 anos, os investimentos em servi\u00e7os p\u00fablicos e acabar com a atual vincula\u00e7\u00e3o de receitas para gastos com sa\u00fade p\u00fablica e educa\u00e7\u00e3o, previstas na Constitui\u00e7\u00e3o. O relator da PEC na comiss\u00e3o especial \u00e9 o deputado Darc\u00edsio Perondi (PMDB-RS), do mesmo partido do presidente interino.<\/p>\n<p>As categorias do funcionalismo precisam estar mobilizadas para barrar mais esse ataque contra os direitos. Com o teto de gastos p\u00fablicos ficar\u00e3o proibidos a realiza\u00e7\u00e3o de concursos e a concess\u00e3o de reajuste anual para o funcionalismo. Al\u00e9m disso, a PEC vai agravar a crise do pa\u00eds, especialmente a do desemprego, e ampliar a injusti\u00e7a social, atendendo, em contrapartida, aos interesses dos banqueiros e do mercado.<\/p>\n<p>Al\u00e9m da PEC 241, importante lembrar ainda do PLP 257\/2016, aprovado na C\u00e2mara e j\u00e1 enviado para o Senado Federal, onde tramita como PLC 54\/2016. O projeto, apresentado ainda pelo governo de Dilma Rousseff, prop\u00f5e o alongamento das d\u00edvidas de estados e do Distrito Federal com a Uni\u00e3o por 20 anos. Como contrapartida, as unidades da federa\u00e7\u00e3o ter\u00e3o que cumprir medidas de restri\u00e7\u00e3o fiscal, prejudicando uma s\u00e9rie de investimentos em servi\u00e7os p\u00fablicos.<\/p>\n<p>Ainda dentro desse \u201cpacote de maldades\u201d se inserem as reformas da previd\u00eancia e trabalhista, que tamb\u00e9m j\u00e1 foram anunciadas pela equipe de Michel Temer como parte da agenda conservadora do Legislativo no pr\u00f3ximo per\u00edodo. De acordo com informa\u00e7\u00f5es divulgadas at\u00e9 agora, as duas flexibilizam direitos, aprofundando os retrocessos contra os trabalhadores.<\/p>\n<p><strong>Confira a agenda da jornada de lutas dos servidores p\u00fablicos<br \/>\n12\/09 \u2013 Segunda-feira<\/strong><br \/>\nA partir das 12h \u2013 Chegada das caravanas dos estados<br \/>\nA partir das 17h \u2013 Marcha noturna, com velas\/lanternas<br \/>\n20h \u2013 Atividades culturais no acampamento<\/p>\n<p><strong>13\/09 \u2013 Ter\u00e7a-feira<\/strong><br \/>\n9h \u2013 Concentra\u00e7\u00e3o na Tenda da Greve<br \/>\n10h \u2013 Marcha unificada \u2013 Eixo Monumental, passando pela Esplanada dos Minist\u00e9rios at\u00e9 chegar ao Congresso Nacional<br \/>\n15h \u2013 Reuni\u00e3o dos coletivos e entidades<br \/>\n20h \u2013 Atividades culturais<\/p>\n<p><strong>14\/09 \u2013 Quarta-feira<\/strong><br \/>\n9h \u2013 Plen\u00e1ria dos servidores p\u00fablicos federais<\/p>\n<p>&nbsp;<\/p>\n<p>&nbsp;<\/p>\n","protected":false},"excerpt":{"rendered":"<p>Servidores de v\u00e1rias categorias do funcionalismo p\u00fablico realizam na pr\u00f3xima semana, em Bras\u00edlia, jornada de lutas contra as pol\u00edticas que est\u00e3o sendo adotadas pelo governo de Michel Temer e que amea\u00e7am direitos da classe trabalhadora. Convocadas pelo F\u00f3rum Nacional de Entidades dos Servidores P\u00fablicos Federais (Fonasefe), as atividades ter\u00e3o in\u00edcio no dia 12, pr\u00f3xima segunda-feira, [&hellip;]<\/p>\n","protected":false},"author":2,"featured_media":13795,"comment_status":"open","ping_status":"open","sticky":false,"template":"","format":"standard","meta":{"_acf_changed":false,"footnotes":""},"categories":[1882,1104],"tags":[2075,2772,406,3451,2169,4523,3140,3187,1748,2976,4514,4179,3493],"class_list":{"0":"post-13794","1":"post","2":"type-post","3":"status-publish","4":"format-standard","5":"has-post-thumbnail","7":"category-brasil","8":"category-movimento","9":"tag-ataques","10":"tag-classe-trabalhadora","11":"tag-direitos","12":"tag-fonasefe","13":"tag-fora-temer","14":"tag-forum-nacional-de-entidades-dos-servidores-publicos-federais","15":"tag-jornada-de-lutas","16":"tag-marcha","17":"tag-michel-temer","18":"tag-pec-2412016","19":"tag-plc-542016","20":"tag-plp-2572016","21":"tag-servidores-publicos-federais"},"acf":[],"yoast_head":"<!-- This site is optimized with the Yoast SEO plugin v26.5 - https:\/\/yoast.com\/wordpress\/plugins\/seo\/ -->\n<title>Servidores p\u00fablicos promovem, de 12 a 14\/09, semana de lutas contra ataques do governo - PSOL 50<\/title>\n<meta name=\"robots\" content=\"index, follow, max-snippet:-1, max-image-preview:large, max-video-preview:-1\" \/>\n<link rel=\"canonical\" href=\"https:\/\/psol50.org.br\/servidores-publicos-promovem-de-12-a-1409-semana-de-lutas-contra-ataques-do-governo\/\" \/>\n<meta property=\"og:locale\" content=\"pt_BR\" \/>\n<meta property=\"og:type\" content=\"article\" \/>\n<meta property=\"og:title\" content=\"Servidores p\u00fablicos promovem, de 12 a 14\/09, semana de lutas contra ataques do governo - PSOL 50\" \/>\n<meta property=\"og:description\" content=\"Servidores de v\u00e1rias categorias do funcionalismo p\u00fablico realizam na pr\u00f3xima semana, em Bras\u00edlia, jornada de lutas contra as pol\u00edticas que est\u00e3o sendo adotadas pelo governo de Michel Temer e que amea\u00e7am direitos da classe trabalhadora. Convocadas pelo F\u00f3rum Nacional de Entidades dos Servidores P\u00fablicos Federais (Fonasefe), as atividades ter\u00e3o in\u00edcio no dia 12, pr\u00f3xima segunda-feira, [&hellip;]\" \/>\n<meta property=\"og:url\" content=\"https:\/\/psol50.org.br\/servidores-publicos-promovem-de-12-a-1409-semana-de-lutas-contra-ataques-do-governo\/\" \/>\n<meta property=\"og:site_name\" content=\"PSOL 50\" \/>\n<meta property=\"article:publisher\" content=\"https:\/\/www.facebook.com\/psol50\" \/>\n<meta property=\"article:published_time\" content=\"2016-09-09T15:01:23+00:00\" \/>\n<meta property=\"og:image\" content=\"https:\/\/psol50.org.br\/inc\/uploads\/2018\/07\/capa.png\" \/>\n\t<meta property=\"og:image:width\" content=\"1350\" \/>\n\t<meta property=\"og:image:height\" content=\"900\" \/>\n\t<meta property=\"og:image:type\" content=\"image\/png\" \/>\n<meta name=\"author\" content=\"Comunica\u00e7\u00e3o PSOL\" \/>\n<meta name=\"twitter:card\" content=\"summary_large_image\" \/>\n<meta name=\"twitter:creator\" content=\"@psol50\" \/>\n<meta name=\"twitter:site\" content=\"@psol50\" \/>\n<meta name=\"twitter:label1\" content=\"Escrito por\" \/>\n\t<meta name=\"twitter:data1\" content=\"Comunica\u00e7\u00e3o PSOL\" \/>\n\t<meta name=\"twitter:label2\" content=\"Est. tempo de leitura\" \/>\n\t<meta name=\"twitter:data2\" content=\"3 minutos\" \/>\n<script type=\"application\/ld+json\" class=\"yoast-schema-graph\">{\"@context\":\"https:\/\/schema.org\",\"@graph\":[{\"@type\":\"Article\",\"@id\":\"https:\/\/psol50.org.br\/servidores-publicos-promovem-de-12-a-1409-semana-de-lutas-contra-ataques-do-governo\/#article\",\"isPartOf\":{\"@id\":\"https:\/\/psol50.org.br\/servidores-publicos-promovem-de-12-a-1409-semana-de-lutas-contra-ataques-do-governo\/\"},\"author\":{\"name\":\"Comunica\u00e7\u00e3o PSOL\",\"@id\":\"https:\/\/psol50.org.br\/#\/schema\/person\/475dfa57d0b815993c714c2e96491fcd\"},\"headline\":\"Servidores p\u00fablicos promovem, de 12 a 14\/09, semana de lutas contra ataques do governo\",\"datePublished\":\"2016-09-09T15:01:23+00:00\",\"mainEntityOfPage\":{\"@id\":\"https:\/\/psol50.org.br\/servidores-publicos-promovem-de-12-a-1409-semana-de-lutas-contra-ataques-do-governo\/\"},\"wordCount\":712,\"commentCount\":0,\"publisher\":{\"@id\":\"https:\/\/psol50.org.br\/#organization\"},\"image\":{\"@id\":\"https:\/\/psol50.org.br\/servidores-publicos-promovem-de-12-a-1409-semana-de-lutas-contra-ataques-do-governo\/#primaryimage\"},\"thumbnailUrl\":\"\",\"keywords\":[\"ataques\",\"classe trabalhadora\",\"direitos\",\"Fonasefe\",\"Fora Temer\",\"F\u00f3rum Nacional de Entidades dos Servidores P\u00fablicos Federais\",\"jornada de lutas\",\"marcha\",\"Michel Temer\",\"PEC 241\/2016\",\"PLC 54\/2016\",\"PLP 257\/2016\",\"servidores p\u00fablicos federais\"],\"articleSection\":[\"Brasil\",\"Movimento\"],\"inLanguage\":\"pt-BR\",\"potentialAction\":[{\"@type\":\"CommentAction\",\"name\":\"Comment\",\"target\":[\"https:\/\/psol50.org.br\/servidores-publicos-promovem-de-12-a-1409-semana-de-lutas-contra-ataques-do-governo\/#respond\"]}]},{\"@type\":\"WebPage\",\"@id\":\"https:\/\/psol50.org.br\/servidores-publicos-promovem-de-12-a-1409-semana-de-lutas-contra-ataques-do-governo\/\",\"url\":\"https:\/\/psol50.org.br\/servidores-publicos-promovem-de-12-a-1409-semana-de-lutas-contra-ataques-do-governo\/\",\"name\":\"Servidores p\u00fablicos promovem, de 12 a 14\/09, semana de lutas contra ataques do governo - PSOL 50\",\"isPartOf\":{\"@id\":\"https:\/\/psol50.org.br\/#website\"},\"primaryImageOfPage\":{\"@id\":\"https:\/\/psol50.org.br\/servidores-publicos-promovem-de-12-a-1409-semana-de-lutas-contra-ataques-do-governo\/#primaryimage\"},\"image\":{\"@id\":\"https:\/\/psol50.org.br\/servidores-publicos-promovem-de-12-a-1409-semana-de-lutas-contra-ataques-do-governo\/#primaryimage\"},\"thumbnailUrl\":\"\",\"datePublished\":\"2016-09-09T15:01:23+00:00\",\"breadcrumb\":{\"@id\":\"https:\/\/psol50.org.br\/servidores-publicos-promovem-de-12-a-1409-semana-de-lutas-contra-ataques-do-governo\/#breadcrumb\"},\"inLanguage\":\"pt-BR\",\"potentialAction\":[{\"@type\":\"ReadAction\",\"target\":[\"https:\/\/psol50.org.br\/servidores-publicos-promovem-de-12-a-1409-semana-de-lutas-contra-ataques-do-governo\/\"]}]},{\"@type\":\"ImageObject\",\"inLanguage\":\"pt-BR\",\"@id\":\"https:\/\/psol50.org.br\/servidores-publicos-promovem-de-12-a-1409-semana-de-lutas-contra-ataques-do-governo\/#primaryimage\",\"url\":\"\",\"contentUrl\":\"\"},{\"@type\":\"BreadcrumbList\",\"@id\":\"https:\/\/psol50.org.br\/servidores-publicos-promovem-de-12-a-1409-semana-de-lutas-contra-ataques-do-governo\/#breadcrumb\",\"itemListElement\":[{\"@type\":\"ListItem\",\"position\":1,\"name\":\"In\u00edcio\",\"item\":\"https:\/\/psol50.org.br\/\"},{\"@type\":\"ListItem\",\"position\":2,\"name\":\"Servidores p\u00fablicos promovem, de 12 a 14\/09, semana de lutas contra ataques do governo\"}]},{\"@type\":\"WebSite\",\"@id\":\"https:\/\/psol50.org.br\/#website\",\"url\":\"https:\/\/psol50.org.br\/\",\"name\":\"PSOL 50\",\"description\":\"Site oficial do Partido Socialismo e Liberdade\",\"publisher\":{\"@id\":\"https:\/\/psol50.org.br\/#organization\"},\"alternateName\":\"PSOL50\",\"potentialAction\":[{\"@type\":\"SearchAction\",\"target\":{\"@type\":\"EntryPoint\",\"urlTemplate\":\"https:\/\/psol50.org.br\/?s={search_term_string}\"},\"query-input\":{\"@type\":\"PropertyValueSpecification\",\"valueRequired\":true,\"valueName\":\"search_term_string\"}}],\"inLanguage\":\"pt-BR\"},{\"@type\":\"Organization\",\"@id\":\"https:\/\/psol50.org.br\/#organization\",\"name\":\"PSOL 50\",\"alternateName\":\"PSOL 50\",\"url\":\"https:\/\/psol50.org.br\/\",\"logo\":{\"@type\":\"ImageObject\",\"inLanguage\":\"pt-BR\",\"@id\":\"https:\/\/psol50.org.br\/#\/schema\/logo\/image\/\",\"url\":\"https:\/\/psol50.org.br\/inc\/uploads\/2018\/07\/capa.png\",\"contentUrl\":\"https:\/\/psol50.org.br\/inc\/uploads\/2018\/07\/capa.png\",\"width\":1350,\"height\":900,\"caption\":\"PSOL 50\"},\"image\":{\"@id\":\"https:\/\/psol50.org.br\/#\/schema\/logo\/image\/\"},\"sameAs\":[\"https:\/\/www.facebook.com\/psol50\",\"https:\/\/x.com\/psol50\",\"https:\/\/www.instagram.com\/psol50\/\",\"https:\/\/www.youtube.com\/channel\/UC7SnJS5o1os7a6CaiNabzcg\"]},{\"@type\":\"Person\",\"@id\":\"https:\/\/psol50.org.br\/#\/schema\/person\/475dfa57d0b815993c714c2e96491fcd\",\"name\":\"Comunica\u00e7\u00e3o PSOL\",\"image\":{\"@type\":\"ImageObject\",\"inLanguage\":\"pt-BR\",\"@id\":\"https:\/\/psol50.org.br\/#\/schema\/person\/image\/\",\"url\":\"https:\/\/secure.gravatar.com\/avatar\/b34fc4f4e468a4e51785917065a3db57b841f5c95dba6ad8c73aaf8f66f8f9bf?s=96&d=mm&r=g\",\"contentUrl\":\"https:\/\/secure.gravatar.com\/avatar\/b34fc4f4e468a4e51785917065a3db57b841f5c95dba6ad8c73aaf8f66f8f9bf?s=96&d=mm&r=g\",\"caption\":\"Comunica\u00e7\u00e3o PSOL\"}}]}<\/script>\n<!-- \/ Yoast SEO plugin. -->","yoast_head_json":{"title":"Servidores p\u00fablicos promovem, de 12 a 14\/09, semana de lutas contra ataques do governo - PSOL 50","robots":{"index":"index","follow":"follow","max-snippet":"max-snippet:-1","max-image-preview":"max-image-preview:large","max-video-preview":"max-video-preview:-1"},"canonical":"https:\/\/psol50.org.br\/servidores-publicos-promovem-de-12-a-1409-semana-de-lutas-contra-ataques-do-governo\/","og_locale":"pt_BR","og_type":"article","og_title":"Servidores p\u00fablicos promovem, de 12 a 14\/09, semana de lutas contra ataques do governo - PSOL 50","og_description":"Servidores de v\u00e1rias categorias do funcionalismo p\u00fablico realizam na pr\u00f3xima semana, em Bras\u00edlia, jornada de lutas contra as pol\u00edticas que est\u00e3o sendo adotadas pelo governo de Michel Temer e que amea\u00e7am direitos da classe trabalhadora. Convocadas pelo F\u00f3rum Nacional de Entidades dos Servidores P\u00fablicos Federais (Fonasefe), as atividades ter\u00e3o in\u00edcio no dia 12, pr\u00f3xima segunda-feira, [&hellip;]","og_url":"https:\/\/psol50.org.br\/servidores-publicos-promovem-de-12-a-1409-semana-de-lutas-contra-ataques-do-governo\/","og_site_name":"PSOL 50","article_publisher":"https:\/\/www.facebook.com\/psol50","article_published_time":"2016-09-09T15:01:23+00:00","og_image":[{"width":1350,"height":900,"url":"https:\/\/psol50.org.br\/inc\/uploads\/2018\/07\/capa.png","type":"image\/png"}],"author":"Comunica\u00e7\u00e3o PSOL","twitter_card":"summary_large_image","twitter_creator":"@psol50","twitter_site":"@psol50","twitter_misc":{"Escrito por":"Comunica\u00e7\u00e3o PSOL","Est. tempo de leitura":"3 minutos"},"schema":{"@context":"https:\/\/schema.org","@graph":[{"@type":"Article","@id":"https:\/\/psol50.org.br\/servidores-publicos-promovem-de-12-a-1409-semana-de-lutas-contra-ataques-do-governo\/#article","isPartOf":{"@id":"https:\/\/psol50.org.br\/servidores-publicos-promovem-de-12-a-1409-semana-de-lutas-contra-ataques-do-governo\/"},"author":{"name":"Comunica\u00e7\u00e3o PSOL","@id":"https:\/\/psol50.org.br\/#\/schema\/person\/475dfa57d0b815993c714c2e96491fcd"},"headline":"Servidores p\u00fablicos promovem, de 12 a 14\/09, semana de lutas contra ataques do governo","datePublished":"2016-09-09T15:01:23+00:00","mainEntityOfPage":{"@id":"https:\/\/psol50.org.br\/servidores-publicos-promovem-de-12-a-1409-semana-de-lutas-contra-ataques-do-governo\/"},"wordCount":712,"commentCount":0,"publisher":{"@id":"https:\/\/psol50.org.br\/#organization"},"image":{"@id":"https:\/\/psol50.org.br\/servidores-publicos-promovem-de-12-a-1409-semana-de-lutas-contra-ataques-do-governo\/#primaryimage"},"thumbnailUrl":"","keywords":["ataques","classe trabalhadora","direitos","Fonasefe","Fora Temer","F\u00f3rum Nacional de Entidades dos Servidores P\u00fablicos Federais","jornada de lutas","marcha","Michel Temer","PEC 241\/2016","PLC 54\/2016","PLP 257\/2016","servidores p\u00fablicos federais"],"articleSection":["Brasil","Movimento"],"inLanguage":"pt-BR","potentialAction":[{"@type":"CommentAction","name":"Comment","target":["https:\/\/psol50.org.br\/servidores-publicos-promovem-de-12-a-1409-semana-de-lutas-contra-ataques-do-governo\/#respond"]}]},{"@type":"WebPage","@id":"https:\/\/psol50.org.br\/servidores-publicos-promovem-de-12-a-1409-semana-de-lutas-contra-ataques-do-governo\/","url":"https:\/\/psol50.org.br\/servidores-publicos-promovem-de-12-a-1409-semana-de-lutas-contra-ataques-do-governo\/","name":"Servidores p\u00fablicos promovem, de 12 a 14\/09, semana de lutas contra ataques do governo - PSOL 50","isPartOf":{"@id":"https:\/\/psol50.org.br\/#website"},"primaryImageOfPage":{"@id":"https:\/\/psol50.org.br\/servidores-publicos-promovem-de-12-a-1409-semana-de-lutas-contra-ataques-do-governo\/#primaryimage"},"image":{"@id":"https:\/\/psol50.org.br\/servidores-publicos-promovem-de-12-a-1409-semana-de-lutas-contra-ataques-do-governo\/#primaryimage"},"thumbnailUrl":"","datePublished":"2016-09-09T15:01:23+00:00","breadcrumb":{"@id":"https:\/\/psol50.org.br\/servidores-publicos-promovem-de-12-a-1409-semana-de-lutas-contra-ataques-do-governo\/#breadcrumb"},"inLanguage":"pt-BR","potentialAction":[{"@type":"ReadAction","target":["https:\/\/psol50.org.br\/servidores-publicos-promovem-de-12-a-1409-semana-de-lutas-contra-ataques-do-governo\/"]}]},{"@type":"ImageObject","inLanguage":"pt-BR","@id":"https:\/\/psol50.org.br\/servidores-publicos-promovem-de-12-a-1409-semana-de-lutas-contra-ataques-do-governo\/#primaryimage","url":"","contentUrl":""},{"@type":"BreadcrumbList","@id":"https:\/\/psol50.org.br\/servidores-publicos-promovem-de-12-a-1409-semana-de-lutas-contra-ataques-do-governo\/#breadcrumb","itemListElement":[{"@type":"ListItem","position":1,"name":"In\u00edcio","item":"https:\/\/psol50.org.br\/"},{"@type":"ListItem","position":2,"name":"Servidores p\u00fablicos promovem, de 12 a 14\/09, semana de lutas contra ataques do governo"}]},{"@type":"WebSite","@id":"https:\/\/psol50.org.br\/#website","url":"https:\/\/psol50.org.br\/","name":"PSOL 50","description":"Site oficial do Partido Socialismo e Liberdade","publisher":{"@id":"https:\/\/psol50.org.br\/#organization"},"alternateName":"PSOL50","potentialAction":[{"@type":"SearchAction","target":{"@type":"EntryPoint","urlTemplate":"https:\/\/psol50.org.br\/?s={search_term_string}"},"query-input":{"@type":"PropertyValueSpecification","valueRequired":true,"valueName":"search_term_string"}}],"inLanguage":"pt-BR"},{"@type":"Organization","@id":"https:\/\/psol50.org.br\/#organization","name":"PSOL 50","alternateName":"PSOL 50","url":"https:\/\/psol50.org.br\/","logo":{"@type":"ImageObject","inLanguage":"pt-BR","@id":"https:\/\/psol50.org.br\/#\/schema\/logo\/image\/","url":"https:\/\/psol50.org.br\/inc\/uploads\/2018\/07\/capa.png","contentUrl":"https:\/\/psol50.org.br\/inc\/uploads\/2018\/07\/capa.png","width":1350,"height":900,"caption":"PSOL 50"},"image":{"@id":"https:\/\/psol50.org.br\/#\/schema\/logo\/image\/"},"sameAs":["https:\/\/www.facebook.com\/psol50","https:\/\/x.com\/psol50","https:\/\/www.instagram.com\/psol50\/","https:\/\/www.youtube.com\/channel\/UC7SnJS5o1os7a6CaiNabzcg"]},{"@type":"Person","@id":"https:\/\/psol50.org.br\/#\/schema\/person\/475dfa57d0b815993c714c2e96491fcd","name":"Comunica\u00e7\u00e3o PSOL","image":{"@type":"ImageObject","inLanguage":"pt-BR","@id":"https:\/\/psol50.org.br\/#\/schema\/person\/image\/","url":"https:\/\/secure.gravatar.com\/avatar\/b34fc4f4e468a4e51785917065a3db57b841f5c95dba6ad8c73aaf8f66f8f9bf?s=96&d=mm&r=g","contentUrl":"https:\/\/secure.gravatar.com\/avatar\/b34fc4f4e468a4e51785917065a3db57b841f5c95dba6ad8c73aaf8f66f8f9bf?s=96&d=mm&r=g","caption":"Comunica\u00e7\u00e3o PSOL"}}]}},"_links":{"self":[{"href":"https:\/\/psol50.org.br\/rest\/wp\/v2\/posts\/13794","targetHints":{"allow":["GET"]}}],"collection":[{"href":"https:\/\/psol50.org.br\/rest\/wp\/v2\/posts"}],"about":[{"href":"https:\/\/psol50.org.br\/rest\/wp\/v2\/types\/post"}],"author":[{"embeddable":true,"href":"https:\/\/psol50.org.br\/rest\/wp\/v2\/users\/2"}],"replies":[{"embeddable":true,"href":"https:\/\/psol50.org.br\/rest\/wp\/v2\/comments?post=13794"}],"version-history":[{"count":0,"href":"https:\/\/psol50.org.br\/rest\/wp\/v2\/posts\/13794\/revisions"}],"wp:featuredmedia":[{"embeddable":true,"href":"https:\/\/psol50.org.br\/rest\/"}],"wp:attachment":[{"href":"https:\/\/psol50.org.br\/rest\/wp\/v2\/media?parent=13794"}],"wp:term":[{"taxonomy":"category","embeddable":true,"href":"https:\/\/psol50.org.br\/rest\/wp\/v2\/categories?post=13794"},{"taxonomy":"post_tag","embeddable":true,"href":"https:\/\/psol50.org.br\/rest\/wp\/v2\/tags?post=13794"}],"curies":[{"name":"wp","href":"https:\/\/api.w.org\/{rel}","templated":true}]}}