{"id":1383,"date":"2008-11-30T00:00:00","date_gmt":"2008-11-30T00:00:00","guid":{"rendered":"http:\/\/psol50.org.br\/arquivo\/2008\/11\/30\/sp-psol-realiza-ato-em-solidariedade-a-protogenes\/"},"modified":"2008-11-30T00:00:00","modified_gmt":"2008-11-30T00:00:00","slug":"sp-psol-realiza-ato-em-solidariedade-a-protogenes","status":"publish","type":"post","link":"https:\/\/psol50.org.br\/sp-psol-realiza-ato-em-solidariedade-a-protogenes\/","title":{"rendered":"(SP) PSOL realiza ato em solidariedade a Prot\u00f3genes"},"content":{"rendered":"<p>A bancada do PSOL na Assembl\u00e9ia Legislativa do Estado de S\u00e3o Paulo convida toda a milit\u00e2ncia a participar do ato em desagravo ao delegado Prot\u00f3genes Queiroz e contra a corrup\u00e7\u00e3o. A atividade ser\u00e1 realizada no dia 1\u00b0 de dezembro (segunda-feira), \u00e0s 18h30, no plen\u00e1rio Jos\u00e9 Bonif\u00e1cio da ALESP (Avenida Pedro \u00c1lvares Cabral, 201 \u2013 1\u00ba andar).<\/p>\n<p><!--more--><\/p>\n<p>Com esta iniciativa, queremos reafirmar o posicionamento de nosso partido contra a corrup\u00e7\u00e3o que se incrustou no Estado brasileiro e manifestar a solidariedade do PSOL ao delegado, que no exerc\u00edcio de suas fun\u00e7\u00f5es p\u00fablicas vem atuando para desbaratar verdadeiras quadrilhas em nosso pa\u00eds e, neste momento, sofre um duro ataque das estruturas de poder brasileiras.<\/p>\n<p>Contamos com a sua presen\u00e7a!<\/p>\n","protected":false},"excerpt":{"rendered":"<p>A bancada do PSOL na Assembl\u00e9ia Legislativa do Estado de S\u00e3o Paulo convida toda a milit\u00e2ncia a participar do ato em desagravo ao delegado Prot\u00f3genes Queiroz e contra a corrup\u00e7\u00e3o. A atividade ser\u00e1 realizada no dia 1\u00b0 de dezembro (segunda-feira), \u00e0s 18h30, no plen\u00e1rio Jos\u00e9 Bonif\u00e1cio da ALESP (Avenida Pedro \u00c1lvares Cabral, 201 \u2013 1\u00ba [&hellip;]<\/p>\n","protected":false},"author":2,"featured_media":0,"comment_status":"open","ping_status":"open","sticky":false,"template":"","format":"standard","meta":{"_acf_changed":false,"footnotes":""},"categories":[4766],"tags":[],"class_list":{"0":"post-1383","1":"post","2":"type-post","3":"status-publish","4":"format-standard","6":"category-arquivo"},"acf":[],"yoast_head":"<!-- This site is optimized with the Yoast SEO plugin v26.5 - https:\/\/yoast.com\/wordpress\/plugins\/seo\/ -->\n<title>(SP) PSOL realiza ato em solidariedade a Prot\u00f3genes - PSOL 50<\/title>\n<meta name=\"robots\" content=\"index, follow, max-snippet:-1, max-image-preview:large, max-video-preview:-1\" \/>\n<link rel=\"canonical\" href=\"https:\/\/psol50.org.br\/sp-psol-realiza-ato-em-solidariedade-a-protogenes\/\" \/>\n<meta property=\"og:locale\" content=\"pt_BR\" \/>\n<meta property=\"og:type\" content=\"article\" \/>\n<meta property=\"og:title\" content=\"(SP) PSOL realiza ato em solidariedade a Prot\u00f3genes - PSOL 50\" \/>\n<meta property=\"og:description\" content=\"A bancada do PSOL na Assembl\u00e9ia Legislativa do Estado de S\u00e3o Paulo convida toda a milit\u00e2ncia a participar do ato em desagravo ao delegado Prot\u00f3genes Queiroz e contra a corrup\u00e7\u00e3o. A atividade ser\u00e1 realizada no dia 1\u00b0 de dezembro (segunda-feira), \u00e0s 18h30, no plen\u00e1rio Jos\u00e9 Bonif\u00e1cio da ALESP (Avenida Pedro \u00c1lvares Cabral, 201 \u2013 1\u00ba [&hellip;]\" \/>\n<meta property=\"og:url\" content=\"https:\/\/psol50.org.br\/sp-psol-realiza-ato-em-solidariedade-a-protogenes\/\" \/>\n<meta property=\"og:site_name\" content=\"PSOL 50\" \/>\n<meta property=\"article:publisher\" content=\"https:\/\/www.facebook.com\/psol50\" \/>\n<meta property=\"article:published_time\" content=\"2008-11-30T00:00:00+00:00\" \/>\n<meta property=\"og:image\" content=\"https:\/\/psol50.org.br\/inc\/uploads\/2018\/07\/capa.png\" \/>\n\t<meta property=\"og:image:width\" content=\"1350\" \/>\n\t<meta property=\"og:image:height\" content=\"900\" \/>\n\t<meta property=\"og:image:type\" content=\"image\/png\" \/>\n<meta name=\"author\" content=\"Comunica\u00e7\u00e3o PSOL\" \/>\n<meta name=\"twitter:card\" content=\"summary_large_image\" \/>\n<meta name=\"twitter:creator\" content=\"@psol50\" \/>\n<meta name=\"twitter:site\" content=\"@psol50\" \/>\n<meta name=\"twitter:label1\" content=\"Escrito por\" \/>\n\t<meta name=\"twitter:data1\" content=\"Comunica\u00e7\u00e3o PSOL\" \/>\n\t<meta name=\"twitter:label2\" content=\"Est. tempo de leitura\" \/>\n\t<meta name=\"twitter:data2\" content=\"1 minuto\" \/>\n<script type=\"application\/ld+json\" class=\"yoast-schema-graph\">{\"@context\":\"https:\/\/schema.org\",\"@graph\":[{\"@type\":\"Article\",\"@id\":\"https:\/\/psol50.org.br\/sp-psol-realiza-ato-em-solidariedade-a-protogenes\/#article\",\"isPartOf\":{\"@id\":\"https:\/\/psol50.org.br\/sp-psol-realiza-ato-em-solidariedade-a-protogenes\/\"},\"author\":{\"name\":\"Comunica\u00e7\u00e3o PSOL\",\"@id\":\"https:\/\/psol50.org.br\/#\/schema\/person\/475dfa57d0b815993c714c2e96491fcd\"},\"headline\":\"(SP) PSOL realiza ato em solidariedade a Prot\u00f3genes\",\"datePublished\":\"2008-11-30T00:00:00+00:00\",\"mainEntityOfPage\":{\"@id\":\"https:\/\/psol50.org.br\/sp-psol-realiza-ato-em-solidariedade-a-protogenes\/\"},\"wordCount\":134,\"commentCount\":0,\"publisher\":{\"@id\":\"https:\/\/psol50.org.br\/#organization\"},\"articleSection\":[\"Arquivo\"],\"inLanguage\":\"pt-BR\",\"potentialAction\":[{\"@type\":\"CommentAction\",\"name\":\"Comment\",\"target\":[\"https:\/\/psol50.org.br\/sp-psol-realiza-ato-em-solidariedade-a-protogenes\/#respond\"]}]},{\"@type\":\"WebPage\",\"@id\":\"https:\/\/psol50.org.br\/sp-psol-realiza-ato-em-solidariedade-a-protogenes\/\",\"url\":\"https:\/\/psol50.org.br\/sp-psol-realiza-ato-em-solidariedade-a-protogenes\/\",\"name\":\"(SP) PSOL realiza ato em solidariedade a Prot\u00f3genes - PSOL 50\",\"isPartOf\":{\"@id\":\"https:\/\/psol50.org.br\/#website\"},\"datePublished\":\"2008-11-30T00:00:00+00:00\",\"breadcrumb\":{\"@id\":\"https:\/\/psol50.org.br\/sp-psol-realiza-ato-em-solidariedade-a-protogenes\/#breadcrumb\"},\"inLanguage\":\"pt-BR\",\"potentialAction\":[{\"@type\":\"ReadAction\",\"target\":[\"https:\/\/psol50.org.br\/sp-psol-realiza-ato-em-solidariedade-a-protogenes\/\"]}]},{\"@type\":\"BreadcrumbList\",\"@id\":\"https:\/\/psol50.org.br\/sp-psol-realiza-ato-em-solidariedade-a-protogenes\/#breadcrumb\",\"itemListElement\":[{\"@type\":\"ListItem\",\"position\":1,\"name\":\"In\u00edcio\",\"item\":\"https:\/\/psol50.org.br\/\"},{\"@type\":\"ListItem\",\"position\":2,\"name\":\"(SP) PSOL realiza ato em solidariedade a Prot\u00f3genes\"}]},{\"@type\":\"WebSite\",\"@id\":\"https:\/\/psol50.org.br\/#website\",\"url\":\"https:\/\/psol50.org.br\/\",\"name\":\"PSOL 50\",\"description\":\"Site oficial do Partido Socialismo e Liberdade\",\"publisher\":{\"@id\":\"https:\/\/psol50.org.br\/#organization\"},\"alternateName\":\"PSOL50\",\"potentialAction\":[{\"@type\":\"SearchAction\",\"target\":{\"@type\":\"EntryPoint\",\"urlTemplate\":\"https:\/\/psol50.org.br\/?s={search_term_string}\"},\"query-input\":{\"@type\":\"PropertyValueSpecification\",\"valueRequired\":true,\"valueName\":\"search_term_string\"}}],\"inLanguage\":\"pt-BR\"},{\"@type\":\"Organization\",\"@id\":\"https:\/\/psol50.org.br\/#organization\",\"name\":\"PSOL 50\",\"alternateName\":\"PSOL 50\",\"url\":\"https:\/\/psol50.org.br\/\",\"logo\":{\"@type\":\"ImageObject\",\"inLanguage\":\"pt-BR\",\"@id\":\"https:\/\/psol50.org.br\/#\/schema\/logo\/image\/\",\"url\":\"https:\/\/psol50.org.br\/inc\/uploads\/2018\/07\/capa.png\",\"contentUrl\":\"https:\/\/psol50.org.br\/inc\/uploads\/2018\/07\/capa.png\",\"width\":1350,\"height\":900,\"caption\":\"PSOL 50\"},\"image\":{\"@id\":\"https:\/\/psol50.org.br\/#\/schema\/logo\/image\/\"},\"sameAs\":[\"https:\/\/www.facebook.com\/psol50\",\"https:\/\/x.com\/psol50\",\"https:\/\/www.instagram.com\/psol50\/\",\"https:\/\/www.youtube.com\/channel\/UC7SnJS5o1os7a6CaiNabzcg\"]},{\"@type\":\"Person\",\"@id\":\"https:\/\/psol50.org.br\/#\/schema\/person\/475dfa57d0b815993c714c2e96491fcd\",\"name\":\"Comunica\u00e7\u00e3o PSOL\",\"image\":{\"@type\":\"ImageObject\",\"inLanguage\":\"pt-BR\",\"@id\":\"https:\/\/psol50.org.br\/#\/schema\/person\/image\/\",\"url\":\"https:\/\/secure.gravatar.com\/avatar\/b34fc4f4e468a4e51785917065a3db57b841f5c95dba6ad8c73aaf8f66f8f9bf?s=96&d=mm&r=g\",\"contentUrl\":\"https:\/\/secure.gravatar.com\/avatar\/b34fc4f4e468a4e51785917065a3db57b841f5c95dba6ad8c73aaf8f66f8f9bf?s=96&d=mm&r=g\",\"caption\":\"Comunica\u00e7\u00e3o PSOL\"}}]}<\/script>\n<!-- \/ Yoast SEO plugin. -->","yoast_head_json":{"title":"(SP) PSOL realiza ato em solidariedade a Prot\u00f3genes - PSOL 50","robots":{"index":"index","follow":"follow","max-snippet":"max-snippet:-1","max-image-preview":"max-image-preview:large","max-video-preview":"max-video-preview:-1"},"canonical":"https:\/\/psol50.org.br\/sp-psol-realiza-ato-em-solidariedade-a-protogenes\/","og_locale":"pt_BR","og_type":"article","og_title":"(SP) PSOL realiza ato em solidariedade a Prot\u00f3genes - PSOL 50","og_description":"A bancada do PSOL na Assembl\u00e9ia Legislativa do Estado de S\u00e3o Paulo convida toda a milit\u00e2ncia a participar do ato em desagravo ao delegado Prot\u00f3genes Queiroz e contra a corrup\u00e7\u00e3o. A atividade ser\u00e1 realizada no dia 1\u00b0 de dezembro (segunda-feira), \u00e0s 18h30, no plen\u00e1rio Jos\u00e9 Bonif\u00e1cio da ALESP (Avenida Pedro \u00c1lvares Cabral, 201 \u2013 1\u00ba [&hellip;]","og_url":"https:\/\/psol50.org.br\/sp-psol-realiza-ato-em-solidariedade-a-protogenes\/","og_site_name":"PSOL 50","article_publisher":"https:\/\/www.facebook.com\/psol50","article_published_time":"2008-11-30T00:00:00+00:00","og_image":[{"width":1350,"height":900,"url":"https:\/\/psol50.org.br\/inc\/uploads\/2018\/07\/capa.png","type":"image\/png"}],"author":"Comunica\u00e7\u00e3o PSOL","twitter_card":"summary_large_image","twitter_creator":"@psol50","twitter_site":"@psol50","twitter_misc":{"Escrito por":"Comunica\u00e7\u00e3o PSOL","Est. tempo de leitura":"1 minuto"},"schema":{"@context":"https:\/\/schema.org","@graph":[{"@type":"Article","@id":"https:\/\/psol50.org.br\/sp-psol-realiza-ato-em-solidariedade-a-protogenes\/#article","isPartOf":{"@id":"https:\/\/psol50.org.br\/sp-psol-realiza-ato-em-solidariedade-a-protogenes\/"},"author":{"name":"Comunica\u00e7\u00e3o PSOL","@id":"https:\/\/psol50.org.br\/#\/schema\/person\/475dfa57d0b815993c714c2e96491fcd"},"headline":"(SP) PSOL realiza ato em solidariedade a Prot\u00f3genes","datePublished":"2008-11-30T00:00:00+00:00","mainEntityOfPage":{"@id":"https:\/\/psol50.org.br\/sp-psol-realiza-ato-em-solidariedade-a-protogenes\/"},"wordCount":134,"commentCount":0,"publisher":{"@id":"https:\/\/psol50.org.br\/#organization"},"articleSection":["Arquivo"],"inLanguage":"pt-BR","potentialAction":[{"@type":"CommentAction","name":"Comment","target":["https:\/\/psol50.org.br\/sp-psol-realiza-ato-em-solidariedade-a-protogenes\/#respond"]}]},{"@type":"WebPage","@id":"https:\/\/psol50.org.br\/sp-psol-realiza-ato-em-solidariedade-a-protogenes\/","url":"https:\/\/psol50.org.br\/sp-psol-realiza-ato-em-solidariedade-a-protogenes\/","name":"(SP) PSOL realiza ato em solidariedade a Prot\u00f3genes - PSOL 50","isPartOf":{"@id":"https:\/\/psol50.org.br\/#website"},"datePublished":"2008-11-30T00:00:00+00:00","breadcrumb":{"@id":"https:\/\/psol50.org.br\/sp-psol-realiza-ato-em-solidariedade-a-protogenes\/#breadcrumb"},"inLanguage":"pt-BR","potentialAction":[{"@type":"ReadAction","target":["https:\/\/psol50.org.br\/sp-psol-realiza-ato-em-solidariedade-a-protogenes\/"]}]},{"@type":"BreadcrumbList","@id":"https:\/\/psol50.org.br\/sp-psol-realiza-ato-em-solidariedade-a-protogenes\/#breadcrumb","itemListElement":[{"@type":"ListItem","position":1,"name":"In\u00edcio","item":"https:\/\/psol50.org.br\/"},{"@type":"ListItem","position":2,"name":"(SP) PSOL realiza ato em solidariedade a Prot\u00f3genes"}]},{"@type":"WebSite","@id":"https:\/\/psol50.org.br\/#website","url":"https:\/\/psol50.org.br\/","name":"PSOL 50","description":"Site oficial do Partido Socialismo e Liberdade","publisher":{"@id":"https:\/\/psol50.org.br\/#organization"},"alternateName":"PSOL50","potentialAction":[{"@type":"SearchAction","target":{"@type":"EntryPoint","urlTemplate":"https:\/\/psol50.org.br\/?s={search_term_string}"},"query-input":{"@type":"PropertyValueSpecification","valueRequired":true,"valueName":"search_term_string"}}],"inLanguage":"pt-BR"},{"@type":"Organization","@id":"https:\/\/psol50.org.br\/#organization","name":"PSOL 50","alternateName":"PSOL 50","url":"https:\/\/psol50.org.br\/","logo":{"@type":"ImageObject","inLanguage":"pt-BR","@id":"https:\/\/psol50.org.br\/#\/schema\/logo\/image\/","url":"https:\/\/psol50.org.br\/inc\/uploads\/2018\/07\/capa.png","contentUrl":"https:\/\/psol50.org.br\/inc\/uploads\/2018\/07\/capa.png","width":1350,"height":900,"caption":"PSOL 50"},"image":{"@id":"https:\/\/psol50.org.br\/#\/schema\/logo\/image\/"},"sameAs":["https:\/\/www.facebook.com\/psol50","https:\/\/x.com\/psol50","https:\/\/www.instagram.com\/psol50\/","https:\/\/www.youtube.com\/channel\/UC7SnJS5o1os7a6CaiNabzcg"]},{"@type":"Person","@id":"https:\/\/psol50.org.br\/#\/schema\/person\/475dfa57d0b815993c714c2e96491fcd","name":"Comunica\u00e7\u00e3o PSOL","image":{"@type":"ImageObject","inLanguage":"pt-BR","@id":"https:\/\/psol50.org.br\/#\/schema\/person\/image\/","url":"https:\/\/secure.gravatar.com\/avatar\/b34fc4f4e468a4e51785917065a3db57b841f5c95dba6ad8c73aaf8f66f8f9bf?s=96&d=mm&r=g","contentUrl":"https:\/\/secure.gravatar.com\/avatar\/b34fc4f4e468a4e51785917065a3db57b841f5c95dba6ad8c73aaf8f66f8f9bf?s=96&d=mm&r=g","caption":"Comunica\u00e7\u00e3o PSOL"}}]}},"_links":{"self":[{"href":"https:\/\/psol50.org.br\/rest\/wp\/v2\/posts\/1383","targetHints":{"allow":["GET"]}}],"collection":[{"href":"https:\/\/psol50.org.br\/rest\/wp\/v2\/posts"}],"about":[{"href":"https:\/\/psol50.org.br\/rest\/wp\/v2\/types\/post"}],"author":[{"embeddable":true,"href":"https:\/\/psol50.org.br\/rest\/wp\/v2\/users\/2"}],"replies":[{"embeddable":true,"href":"https:\/\/psol50.org.br\/rest\/wp\/v2\/comments?post=1383"}],"version-history":[{"count":0,"href":"https:\/\/psol50.org.br\/rest\/wp\/v2\/posts\/1383\/revisions"}],"wp:attachment":[{"href":"https:\/\/psol50.org.br\/rest\/wp\/v2\/media?parent=1383"}],"wp:term":[{"taxonomy":"category","embeddable":true,"href":"https:\/\/psol50.org.br\/rest\/wp\/v2\/categories?post=1383"},{"taxonomy":"post_tag","embeddable":true,"href":"https:\/\/psol50.org.br\/rest\/wp\/v2\/tags?post=1383"}],"curies":[{"name":"wp","href":"https:\/\/api.w.org\/{rel}","templated":true}]}}