{"id":13854,"date":"2016-09-13T23:41:03","date_gmt":"2016-09-13T23:41:03","guid":{"rendered":"http:\/\/www.psol50.org.br\/?p=13854"},"modified":"2016-09-13T23:41:03","modified_gmt":"2016-09-13T23:41:03","slug":"capitao-do-exercito-infiltrado-monitorava-movimentos-organizados-da-frente-povo-sem-medo","status":"publish","type":"post","link":"https:\/\/psol50.org.br\/capitao-do-exercito-infiltrado-monitorava-movimentos-organizados-da-frente-povo-sem-medo\/","title":{"rendered":"Capit\u00e3o do Ex\u00e9rcito infiltrado monitorava movimentos organizados da frente Povo Sem Medo"},"content":{"rendered":"<p>As For\u00e7as Armadas brasileiras monitoraram durante meses alguns dos principais movimentos organizados do pa\u00eds que se engajaram na luta contra o golpe e pelo Fora Temer, com pelo menos um agente infiltrado coletando ostensivamente informa\u00e7\u00f5es e chegando a assediar mulheres militantes nessa busca. \u00c9 o que revela reportagem colaborativa publicada nesta ter\u00e7a-feira (13) no portal da M\u00eddia NINJA, que contou com participa\u00e7\u00e3o da equipe de comunica\u00e7\u00e3o do PSOL.<\/p>\n<p><a href=\"https:\/\/ninja.oximity.com\/article\/Infiltrado-do-Ex%C3%A9rcito-mirava-MTS-1\" target=\"_blank\" rel=\"noopener\"><strong>Clique aqui para ler a reportagem completa na M\u00eddia NINJA.<\/strong><\/a><\/p>\n<p>Sob o codinome &#8220;Balta Nunes&#8221;, o capit\u00e3o do Ex\u00e9rcito Willian Botelho, que na \u00faltima semana foi desmascarado como um infiltrado em grupos de manifestantes, levou intencionalmente \u00e0 pris\u00e3o cerca de 20 jovens no dia 4 de setembro, segundo <a href=\"http:\/\/brasil.elpais.com\/brasil\/2016\/09\/09\/politica\/1473452777_631937.html\" target=\"_blank\" rel=\"noopener\">reportagem do El Pa\u00eds Brasil<\/a>. O canal <em>Ponte Jornalismo<\/em> <a href=\"http:\/\/ponte.org\/infiltrado-do-tinder-que-espionava-manifestantes-e-oficial-do-exercito\/\" target=\"_blank\" rel=\"noopener\">tamb\u00e9m apurou o caso<\/a>.<\/p>\n<p>Por\u00e9m, a atua\u00e7\u00e3o do agente n\u00e3o ficou apenas em grupos de jovens que iriam a uma manifesta\u00e7\u00e3o e se organizavam em redes sociais: ele monitorou ostensivamente movimentos sociais da Frente Povo Sem Medo, como o Movimento dos Trabalhadores Sem-Teto (MTST), o Fora do Eixo, a Uni\u00e3o Nacional dos Estudantes (UNE)\u00a0e a Intersindical &#8211; Central da Classe Trabalhadora, al\u00e9m de diversos coletivos de juventude. O PSOL apoia a Povo Sem Medo e seus militantes participam dos espa\u00e7os e manifesta\u00e7\u00f5es do movimento.<\/p>\n<p><em><strong>Leia mais: <a href=\"http:\/\/www.psol50.org.br\/blog\/2016\/09\/06\/o-caso-dos-21-estudantes-presos-em-sao-paulo-e-um-atentado-a-democracia\/\" target=\"_blank\" rel=\"noopener\">O caso dos 21 estudantes presos em S\u00e3o Paulo \u00e9 um atentado \u00e0 democracia<\/a><\/strong><\/em><\/p>\n<p>A reportagem revela que &#8220;Balta&#8221;, personagem principal de diversas mat\u00e9rias sobre o caso na \u00faltima semana, participou de encontro de comunicadores da Frente, esteve em grupos de mensagens, cometeu falsidade ideol\u00f3gica e ass\u00e9dio a mulheres.<\/p>\n<p>O deputado Ivan Valente, l\u00edder do PSOL na C\u00e2mara, anunciou que vai entrar com requerimento de informa\u00e7\u00e3o exigindo do Ex\u00e9rcito explica\u00e7\u00f5es sobre o monitoramento de movimentos sociais organizados. Para Valente, o caso \u00e9 grav\u00edssimo e o Minist\u00e9rio da Defesa deve explica\u00e7\u00f5es.<\/p>\n<p>\u201cA utiliza\u00e7\u00e3o de membros do ex\u00e9rcito para monitorar os protestos parece ter sido planejada com o prop\u00f3sito de reprimir, violentamente e sem ordem judicial, uma manifesta\u00e7\u00e3o leg\u00edtima. Essa pr\u00e1tica, t\u00edpica de regimes ditatoriais, \u00e9 um grave ataque \u00e0 liberdade de reuni\u00e3o e express\u00e3o e n\u00e3o pode ser permitida na democracia\u201d, afirma o deputado.<\/p>\n<p>Leia aqui:<\/p>\n<p><a href=\"https:\/\/ninja.oximity.com\/article\/Infiltrado-do-Ex%C3%A9rcito-mirava-MTS-1\" target=\"_blank\" rel=\"noopener\"><strong>Infiltrado do Ex\u00e9rcito mirava MTST, M\u00eddia NINJA e outros movimentos sociais<\/strong><\/a><\/p>\n","protected":false},"excerpt":{"rendered":"<p>As For\u00e7as Armadas brasileiras monitoraram durante meses alguns dos principais movimentos organizados do pa\u00eds que se engajaram na luta contra o golpe e pelo Fora Temer, com pelo menos um agente infiltrado coletando ostensivamente informa\u00e7\u00f5es e chegando a assediar mulheres militantes nessa busca. \u00c9 o que revela reportagem colaborativa publicada nesta ter\u00e7a-feira (13) no portal [&hellip;]<\/p>\n","protected":false},"author":2,"featured_media":13871,"comment_status":"open","ping_status":"open","sticky":false,"template":"","format":"standard","meta":{"_acf_changed":false,"footnotes":""},"categories":[10,1882,1104,6],"tags":[766,1499,4533,552,2766,101,1945,417],"class_list":{"0":"post-13854","1":"post","2":"type-post","3":"status-publish","4":"format-standard","5":"has-post-thumbnail","7":"category-acao-parlamentares","8":"category-brasil","9":"category-movimento","10":"category-noticias","11":"tag-exercito","12":"tag-forcas-armadas","13":"tag-infiltracao","14":"tag-ivan-valente","15":"tag-midia-ninja","16":"tag-mtst","17":"tag-povo-sem-medo","18":"tag-psol-na-camara"},"acf":[],"yoast_head":"<!-- This site is optimized with the Yoast SEO plugin v26.5 - https:\/\/yoast.com\/wordpress\/plugins\/seo\/ -->\n<title>Capit\u00e3o do Ex\u00e9rcito infiltrado monitorava movimentos organizados da frente Povo Sem Medo - PSOL 50<\/title>\n<meta name=\"robots\" content=\"index, follow, max-snippet:-1, max-image-preview:large, max-video-preview:-1\" \/>\n<link rel=\"canonical\" href=\"https:\/\/psol50.org.br\/capitao-do-exercito-infiltrado-monitorava-movimentos-organizados-da-frente-povo-sem-medo\/\" \/>\n<meta property=\"og:locale\" content=\"pt_BR\" \/>\n<meta property=\"og:type\" content=\"article\" \/>\n<meta property=\"og:title\" content=\"Capit\u00e3o do Ex\u00e9rcito infiltrado monitorava movimentos organizados da frente Povo Sem Medo - PSOL 50\" \/>\n<meta property=\"og:description\" content=\"As For\u00e7as Armadas brasileiras monitoraram durante meses alguns dos principais movimentos organizados do pa\u00eds que se engajaram na luta contra o golpe e pelo Fora Temer, com pelo menos um agente infiltrado coletando ostensivamente informa\u00e7\u00f5es e chegando a assediar mulheres militantes nessa busca. \u00c9 o que revela reportagem colaborativa publicada nesta ter\u00e7a-feira (13) no portal [&hellip;]\" \/>\n<meta property=\"og:url\" content=\"https:\/\/psol50.org.br\/capitao-do-exercito-infiltrado-monitorava-movimentos-organizados-da-frente-povo-sem-medo\/\" \/>\n<meta property=\"og:site_name\" content=\"PSOL 50\" \/>\n<meta property=\"article:publisher\" content=\"https:\/\/www.facebook.com\/psol50\" \/>\n<meta property=\"article:published_time\" content=\"2016-09-13T23:41:03+00:00\" \/>\n<meta property=\"og:image\" content=\"https:\/\/psol50.org.br\/inc\/uploads\/2018\/07\/capa.png\" \/>\n\t<meta property=\"og:image:width\" content=\"1350\" \/>\n\t<meta property=\"og:image:height\" content=\"900\" \/>\n\t<meta property=\"og:image:type\" content=\"image\/png\" \/>\n<meta name=\"author\" content=\"Comunica\u00e7\u00e3o PSOL\" \/>\n<meta name=\"twitter:card\" content=\"summary_large_image\" \/>\n<meta name=\"twitter:creator\" content=\"@psol50\" \/>\n<meta name=\"twitter:site\" content=\"@psol50\" \/>\n<meta name=\"twitter:label1\" content=\"Escrito por\" \/>\n\t<meta name=\"twitter:data1\" content=\"Comunica\u00e7\u00e3o PSOL\" \/>\n\t<meta name=\"twitter:label2\" content=\"Est. tempo de leitura\" \/>\n\t<meta name=\"twitter:data2\" content=\"2 minutos\" \/>\n<script type=\"application\/ld+json\" class=\"yoast-schema-graph\">{\"@context\":\"https:\/\/schema.org\",\"@graph\":[{\"@type\":\"Article\",\"@id\":\"https:\/\/psol50.org.br\/capitao-do-exercito-infiltrado-monitorava-movimentos-organizados-da-frente-povo-sem-medo\/#article\",\"isPartOf\":{\"@id\":\"https:\/\/psol50.org.br\/capitao-do-exercito-infiltrado-monitorava-movimentos-organizados-da-frente-povo-sem-medo\/\"},\"author\":{\"name\":\"Comunica\u00e7\u00e3o PSOL\",\"@id\":\"https:\/\/psol50.org.br\/#\/schema\/person\/475dfa57d0b815993c714c2e96491fcd\"},\"headline\":\"Capit\u00e3o do Ex\u00e9rcito infiltrado monitorava movimentos organizados da frente Povo Sem Medo\",\"datePublished\":\"2016-09-13T23:41:03+00:00\",\"mainEntityOfPage\":{\"@id\":\"https:\/\/psol50.org.br\/capitao-do-exercito-infiltrado-monitorava-movimentos-organizados-da-frente-povo-sem-medo\/\"},\"wordCount\":416,\"commentCount\":0,\"publisher\":{\"@id\":\"https:\/\/psol50.org.br\/#organization\"},\"image\":{\"@id\":\"https:\/\/psol50.org.br\/capitao-do-exercito-infiltrado-monitorava-movimentos-organizados-da-frente-povo-sem-medo\/#primaryimage\"},\"thumbnailUrl\":\"\",\"keywords\":[\"Ex\u00e9rcito\",\"For\u00e7as Armadas\",\"Infiltra\u00e7\u00e3o\",\"Ivan Valente\",\"M\u00eddia NINJA\",\"MTST\",\"Povo Sem medo\",\"PSOL na C\u00e2mara\"],\"articleSection\":[\"A\u00e7\u00e3o Parlamentar\",\"Brasil\",\"Movimento\",\"Not\u00edcias\"],\"inLanguage\":\"pt-BR\",\"potentialAction\":[{\"@type\":\"CommentAction\",\"name\":\"Comment\",\"target\":[\"https:\/\/psol50.org.br\/capitao-do-exercito-infiltrado-monitorava-movimentos-organizados-da-frente-povo-sem-medo\/#respond\"]}]},{\"@type\":\"WebPage\",\"@id\":\"https:\/\/psol50.org.br\/capitao-do-exercito-infiltrado-monitorava-movimentos-organizados-da-frente-povo-sem-medo\/\",\"url\":\"https:\/\/psol50.org.br\/capitao-do-exercito-infiltrado-monitorava-movimentos-organizados-da-frente-povo-sem-medo\/\",\"name\":\"Capit\u00e3o do Ex\u00e9rcito infiltrado monitorava movimentos organizados da frente Povo Sem Medo - PSOL 50\",\"isPartOf\":{\"@id\":\"https:\/\/psol50.org.br\/#website\"},\"primaryImageOfPage\":{\"@id\":\"https:\/\/psol50.org.br\/capitao-do-exercito-infiltrado-monitorava-movimentos-organizados-da-frente-povo-sem-medo\/#primaryimage\"},\"image\":{\"@id\":\"https:\/\/psol50.org.br\/capitao-do-exercito-infiltrado-monitorava-movimentos-organizados-da-frente-povo-sem-medo\/#primaryimage\"},\"thumbnailUrl\":\"\",\"datePublished\":\"2016-09-13T23:41:03+00:00\",\"breadcrumb\":{\"@id\":\"https:\/\/psol50.org.br\/capitao-do-exercito-infiltrado-monitorava-movimentos-organizados-da-frente-povo-sem-medo\/#breadcrumb\"},\"inLanguage\":\"pt-BR\",\"potentialAction\":[{\"@type\":\"ReadAction\",\"target\":[\"https:\/\/psol50.org.br\/capitao-do-exercito-infiltrado-monitorava-movimentos-organizados-da-frente-povo-sem-medo\/\"]}]},{\"@type\":\"ImageObject\",\"inLanguage\":\"pt-BR\",\"@id\":\"https:\/\/psol50.org.br\/capitao-do-exercito-infiltrado-monitorava-movimentos-organizados-da-frente-povo-sem-medo\/#primaryimage\",\"url\":\"\",\"contentUrl\":\"\"},{\"@type\":\"BreadcrumbList\",\"@id\":\"https:\/\/psol50.org.br\/capitao-do-exercito-infiltrado-monitorava-movimentos-organizados-da-frente-povo-sem-medo\/#breadcrumb\",\"itemListElement\":[{\"@type\":\"ListItem\",\"position\":1,\"name\":\"In\u00edcio\",\"item\":\"https:\/\/psol50.org.br\/\"},{\"@type\":\"ListItem\",\"position\":2,\"name\":\"Capit\u00e3o do Ex\u00e9rcito infiltrado monitorava movimentos organizados da frente Povo Sem Medo\"}]},{\"@type\":\"WebSite\",\"@id\":\"https:\/\/psol50.org.br\/#website\",\"url\":\"https:\/\/psol50.org.br\/\",\"name\":\"PSOL 50\",\"description\":\"Site oficial do Partido Socialismo e Liberdade\",\"publisher\":{\"@id\":\"https:\/\/psol50.org.br\/#organization\"},\"alternateName\":\"PSOL50\",\"potentialAction\":[{\"@type\":\"SearchAction\",\"target\":{\"@type\":\"EntryPoint\",\"urlTemplate\":\"https:\/\/psol50.org.br\/?s={search_term_string}\"},\"query-input\":{\"@type\":\"PropertyValueSpecification\",\"valueRequired\":true,\"valueName\":\"search_term_string\"}}],\"inLanguage\":\"pt-BR\"},{\"@type\":\"Organization\",\"@id\":\"https:\/\/psol50.org.br\/#organization\",\"name\":\"PSOL 50\",\"alternateName\":\"PSOL 50\",\"url\":\"https:\/\/psol50.org.br\/\",\"logo\":{\"@type\":\"ImageObject\",\"inLanguage\":\"pt-BR\",\"@id\":\"https:\/\/psol50.org.br\/#\/schema\/logo\/image\/\",\"url\":\"https:\/\/psol50.org.br\/inc\/uploads\/2018\/07\/capa.png\",\"contentUrl\":\"https:\/\/psol50.org.br\/inc\/uploads\/2018\/07\/capa.png\",\"width\":1350,\"height\":900,\"caption\":\"PSOL 50\"},\"image\":{\"@id\":\"https:\/\/psol50.org.br\/#\/schema\/logo\/image\/\"},\"sameAs\":[\"https:\/\/www.facebook.com\/psol50\",\"https:\/\/x.com\/psol50\",\"https:\/\/www.instagram.com\/psol50\/\",\"https:\/\/www.youtube.com\/channel\/UC7SnJS5o1os7a6CaiNabzcg\"]},{\"@type\":\"Person\",\"@id\":\"https:\/\/psol50.org.br\/#\/schema\/person\/475dfa57d0b815993c714c2e96491fcd\",\"name\":\"Comunica\u00e7\u00e3o PSOL\",\"image\":{\"@type\":\"ImageObject\",\"inLanguage\":\"pt-BR\",\"@id\":\"https:\/\/psol50.org.br\/#\/schema\/person\/image\/\",\"url\":\"https:\/\/secure.gravatar.com\/avatar\/b34fc4f4e468a4e51785917065a3db57b841f5c95dba6ad8c73aaf8f66f8f9bf?s=96&d=mm&r=g\",\"contentUrl\":\"https:\/\/secure.gravatar.com\/avatar\/b34fc4f4e468a4e51785917065a3db57b841f5c95dba6ad8c73aaf8f66f8f9bf?s=96&d=mm&r=g\",\"caption\":\"Comunica\u00e7\u00e3o PSOL\"}}]}<\/script>\n<!-- \/ Yoast SEO plugin. -->","yoast_head_json":{"title":"Capit\u00e3o do Ex\u00e9rcito infiltrado monitorava movimentos organizados da frente Povo Sem Medo - PSOL 50","robots":{"index":"index","follow":"follow","max-snippet":"max-snippet:-1","max-image-preview":"max-image-preview:large","max-video-preview":"max-video-preview:-1"},"canonical":"https:\/\/psol50.org.br\/capitao-do-exercito-infiltrado-monitorava-movimentos-organizados-da-frente-povo-sem-medo\/","og_locale":"pt_BR","og_type":"article","og_title":"Capit\u00e3o do Ex\u00e9rcito infiltrado monitorava movimentos organizados da frente Povo Sem Medo - PSOL 50","og_description":"As For\u00e7as Armadas brasileiras monitoraram durante meses alguns dos principais movimentos organizados do pa\u00eds que se engajaram na luta contra o golpe e pelo Fora Temer, com pelo menos um agente infiltrado coletando ostensivamente informa\u00e7\u00f5es e chegando a assediar mulheres militantes nessa busca. \u00c9 o que revela reportagem colaborativa publicada nesta ter\u00e7a-feira (13) no portal [&hellip;]","og_url":"https:\/\/psol50.org.br\/capitao-do-exercito-infiltrado-monitorava-movimentos-organizados-da-frente-povo-sem-medo\/","og_site_name":"PSOL 50","article_publisher":"https:\/\/www.facebook.com\/psol50","article_published_time":"2016-09-13T23:41:03+00:00","og_image":[{"width":1350,"height":900,"url":"https:\/\/psol50.org.br\/inc\/uploads\/2018\/07\/capa.png","type":"image\/png"}],"author":"Comunica\u00e7\u00e3o PSOL","twitter_card":"summary_large_image","twitter_creator":"@psol50","twitter_site":"@psol50","twitter_misc":{"Escrito por":"Comunica\u00e7\u00e3o PSOL","Est. tempo de leitura":"2 minutos"},"schema":{"@context":"https:\/\/schema.org","@graph":[{"@type":"Article","@id":"https:\/\/psol50.org.br\/capitao-do-exercito-infiltrado-monitorava-movimentos-organizados-da-frente-povo-sem-medo\/#article","isPartOf":{"@id":"https:\/\/psol50.org.br\/capitao-do-exercito-infiltrado-monitorava-movimentos-organizados-da-frente-povo-sem-medo\/"},"author":{"name":"Comunica\u00e7\u00e3o PSOL","@id":"https:\/\/psol50.org.br\/#\/schema\/person\/475dfa57d0b815993c714c2e96491fcd"},"headline":"Capit\u00e3o do Ex\u00e9rcito infiltrado monitorava movimentos organizados da frente Povo Sem Medo","datePublished":"2016-09-13T23:41:03+00:00","mainEntityOfPage":{"@id":"https:\/\/psol50.org.br\/capitao-do-exercito-infiltrado-monitorava-movimentos-organizados-da-frente-povo-sem-medo\/"},"wordCount":416,"commentCount":0,"publisher":{"@id":"https:\/\/psol50.org.br\/#organization"},"image":{"@id":"https:\/\/psol50.org.br\/capitao-do-exercito-infiltrado-monitorava-movimentos-organizados-da-frente-povo-sem-medo\/#primaryimage"},"thumbnailUrl":"","keywords":["Ex\u00e9rcito","For\u00e7as Armadas","Infiltra\u00e7\u00e3o","Ivan Valente","M\u00eddia NINJA","MTST","Povo Sem medo","PSOL na C\u00e2mara"],"articleSection":["A\u00e7\u00e3o Parlamentar","Brasil","Movimento","Not\u00edcias"],"inLanguage":"pt-BR","potentialAction":[{"@type":"CommentAction","name":"Comment","target":["https:\/\/psol50.org.br\/capitao-do-exercito-infiltrado-monitorava-movimentos-organizados-da-frente-povo-sem-medo\/#respond"]}]},{"@type":"WebPage","@id":"https:\/\/psol50.org.br\/capitao-do-exercito-infiltrado-monitorava-movimentos-organizados-da-frente-povo-sem-medo\/","url":"https:\/\/psol50.org.br\/capitao-do-exercito-infiltrado-monitorava-movimentos-organizados-da-frente-povo-sem-medo\/","name":"Capit\u00e3o do Ex\u00e9rcito infiltrado monitorava movimentos organizados da frente Povo Sem Medo - PSOL 50","isPartOf":{"@id":"https:\/\/psol50.org.br\/#website"},"primaryImageOfPage":{"@id":"https:\/\/psol50.org.br\/capitao-do-exercito-infiltrado-monitorava-movimentos-organizados-da-frente-povo-sem-medo\/#primaryimage"},"image":{"@id":"https:\/\/psol50.org.br\/capitao-do-exercito-infiltrado-monitorava-movimentos-organizados-da-frente-povo-sem-medo\/#primaryimage"},"thumbnailUrl":"","datePublished":"2016-09-13T23:41:03+00:00","breadcrumb":{"@id":"https:\/\/psol50.org.br\/capitao-do-exercito-infiltrado-monitorava-movimentos-organizados-da-frente-povo-sem-medo\/#breadcrumb"},"inLanguage":"pt-BR","potentialAction":[{"@type":"ReadAction","target":["https:\/\/psol50.org.br\/capitao-do-exercito-infiltrado-monitorava-movimentos-organizados-da-frente-povo-sem-medo\/"]}]},{"@type":"ImageObject","inLanguage":"pt-BR","@id":"https:\/\/psol50.org.br\/capitao-do-exercito-infiltrado-monitorava-movimentos-organizados-da-frente-povo-sem-medo\/#primaryimage","url":"","contentUrl":""},{"@type":"BreadcrumbList","@id":"https:\/\/psol50.org.br\/capitao-do-exercito-infiltrado-monitorava-movimentos-organizados-da-frente-povo-sem-medo\/#breadcrumb","itemListElement":[{"@type":"ListItem","position":1,"name":"In\u00edcio","item":"https:\/\/psol50.org.br\/"},{"@type":"ListItem","position":2,"name":"Capit\u00e3o do Ex\u00e9rcito infiltrado monitorava movimentos organizados da frente Povo Sem Medo"}]},{"@type":"WebSite","@id":"https:\/\/psol50.org.br\/#website","url":"https:\/\/psol50.org.br\/","name":"PSOL 50","description":"Site oficial do Partido Socialismo e Liberdade","publisher":{"@id":"https:\/\/psol50.org.br\/#organization"},"alternateName":"PSOL50","potentialAction":[{"@type":"SearchAction","target":{"@type":"EntryPoint","urlTemplate":"https:\/\/psol50.org.br\/?s={search_term_string}"},"query-input":{"@type":"PropertyValueSpecification","valueRequired":true,"valueName":"search_term_string"}}],"inLanguage":"pt-BR"},{"@type":"Organization","@id":"https:\/\/psol50.org.br\/#organization","name":"PSOL 50","alternateName":"PSOL 50","url":"https:\/\/psol50.org.br\/","logo":{"@type":"ImageObject","inLanguage":"pt-BR","@id":"https:\/\/psol50.org.br\/#\/schema\/logo\/image\/","url":"https:\/\/psol50.org.br\/inc\/uploads\/2018\/07\/capa.png","contentUrl":"https:\/\/psol50.org.br\/inc\/uploads\/2018\/07\/capa.png","width":1350,"height":900,"caption":"PSOL 50"},"image":{"@id":"https:\/\/psol50.org.br\/#\/schema\/logo\/image\/"},"sameAs":["https:\/\/www.facebook.com\/psol50","https:\/\/x.com\/psol50","https:\/\/www.instagram.com\/psol50\/","https:\/\/www.youtube.com\/channel\/UC7SnJS5o1os7a6CaiNabzcg"]},{"@type":"Person","@id":"https:\/\/psol50.org.br\/#\/schema\/person\/475dfa57d0b815993c714c2e96491fcd","name":"Comunica\u00e7\u00e3o PSOL","image":{"@type":"ImageObject","inLanguage":"pt-BR","@id":"https:\/\/psol50.org.br\/#\/schema\/person\/image\/","url":"https:\/\/secure.gravatar.com\/avatar\/b34fc4f4e468a4e51785917065a3db57b841f5c95dba6ad8c73aaf8f66f8f9bf?s=96&d=mm&r=g","contentUrl":"https:\/\/secure.gravatar.com\/avatar\/b34fc4f4e468a4e51785917065a3db57b841f5c95dba6ad8c73aaf8f66f8f9bf?s=96&d=mm&r=g","caption":"Comunica\u00e7\u00e3o PSOL"}}]}},"_links":{"self":[{"href":"https:\/\/psol50.org.br\/rest\/wp\/v2\/posts\/13854","targetHints":{"allow":["GET"]}}],"collection":[{"href":"https:\/\/psol50.org.br\/rest\/wp\/v2\/posts"}],"about":[{"href":"https:\/\/psol50.org.br\/rest\/wp\/v2\/types\/post"}],"author":[{"embeddable":true,"href":"https:\/\/psol50.org.br\/rest\/wp\/v2\/users\/2"}],"replies":[{"embeddable":true,"href":"https:\/\/psol50.org.br\/rest\/wp\/v2\/comments?post=13854"}],"version-history":[{"count":0,"href":"https:\/\/psol50.org.br\/rest\/wp\/v2\/posts\/13854\/revisions"}],"wp:featuredmedia":[{"embeddable":true,"href":"https:\/\/psol50.org.br\/rest\/"}],"wp:attachment":[{"href":"https:\/\/psol50.org.br\/rest\/wp\/v2\/media?parent=13854"}],"wp:term":[{"taxonomy":"category","embeddable":true,"href":"https:\/\/psol50.org.br\/rest\/wp\/v2\/categories?post=13854"},{"taxonomy":"post_tag","embeddable":true,"href":"https:\/\/psol50.org.br\/rest\/wp\/v2\/tags?post=13854"}],"curies":[{"name":"wp","href":"https:\/\/api.w.org\/{rel}","templated":true}]}}