{"id":13904,"date":"2016-09-20T12:38:02","date_gmt":"2016-09-20T12:38:02","guid":{"rendered":"http:\/\/www.psol50.org.br\/?p=13904"},"modified":"2016-09-20T12:38:02","modified_gmt":"2016-09-20T12:38:02","slug":"pm-age-com-violencia-e-abuso-de-autoridade-em-varios-estados-nos-atos-fora-temer","status":"publish","type":"post","link":"https:\/\/psol50.org.br\/pm-age-com-violencia-e-abuso-de-autoridade-em-varios-estados-nos-atos-fora-temer\/","title":{"rendered":"PM age com viol\u00eancia e abuso de autoridade em v\u00e1rios estados nos atos Fora Temer"},"content":{"rendered":"<p style=\"text-align: justify\"><span style=\"font-weight: 400\">Na tarde da \u00faltima quarta-feira (14) a Comiss\u00e3o de Direitos Humanos e Minorias da C\u00e2mara dos Deputados realizou uma audi\u00eancia p\u00fablica sobre os abusos policiais que v\u00eam acontecendo durante as manifesta\u00e7\u00f5es contra Michel Temer. Estavam presentes parlamentares, representantes de movimentos sociais e v\u00edtimas da repress\u00e3o policial. Maria Alessio (DF), Mauro Rog\u00e9rio dos Santos (RS) e Renato Freitas J\u00fanior (PR) foram v\u00edtimas de agress\u00e3o em suas cidades e descreveram os abusos durante a audi\u00eancia. Tamb\u00e9m esteve presente Fausto Salvadori Filho, do Ponte Jornalismo, que falou sobre a presen\u00e7a de <span style=\"color: #3366ff\"><a style=\"color: #3366ff\" href=\"http:\/\/www.psol50.org.br\/blog\/2016\/09\/13\/capitao-do-exercito-infiltrado-monitorava-movimentos-organizados-da-frente-povo-sem-medo\/\" target=\"_blank\" rel=\"noopener\">um militar infiltrado<\/a><\/span><\/span><span style=\"font-weight: 400\">\u00a0em diversos coletivos.<\/span><span style=\"font-weight: 400\"> A Comiss\u00e3o agora cobra provid\u00eancias em rela\u00e7\u00e3o aos abusos que foram constatados.<\/span><span style=\"font-weight: 400\"><br \/>\n<\/span><span style=\"font-weight: 400\"><br \/>\n<\/span><span style=\"font-weight: 400\">Desde os protestos de junho de 2013, o crescimento da viol\u00eancia policial e a criminaliza\u00e7\u00e3o dos movimentos sociais t\u00eam ficado em evid\u00eancia. Na \u00e9poca, Giuliana Vallone, rep\u00f3rter da Folha de S\u00e3o Paulo, foi atingida no olho por uma bala de borracha. A hist\u00f3ria se repetiu no in\u00edcio desse m\u00eas, tamb\u00e9m em S\u00e3o Paulo. A estudante Deborah Fabri, militante do Levante Popular da Juventude, foi <span style=\"color: #3366ff\"><a style=\"color: #3366ff\" href=\"http:\/\/www.psol50.org.br\/blog\/2016\/09\/01\/o-golpe-reprime-as-ruas\/\" target=\"_blank\" rel=\"noopener\">atingida por um estilha\u00e7o de bomba lan\u00e7ada pela Pol\u00edcia Militar<\/a><\/span> e pode n\u00e3o recuperar mais a vis\u00e3o do olho esquerdo.<\/span><span style=\"font-weight: 400\"><br \/>\n<\/span><span style=\"font-weight: 400\"><br \/>\n<\/span><span style=\"font-weight: 400\">A repress\u00e3o \u00e9 tanta que a sociedade civil come\u00e7ou movimentos de auto-organiza\u00e7\u00e3o para se proteger. O grupo Advogados Ativistas, surgido em S\u00e3o Paulo, questiona a a\u00e7\u00e3o das autoridades e <span style=\"color: #3366ff\"><a style=\"color: #3366ff\" href=\"http:\/\/www.hypeness.com.br\/2016\/01\/defendemos-o-direito-de-manifestacao-constantemente-impedido-e-coibido-explica-membro-do-coletivo-advogados-ativistas\/\" target=\"_blank\" rel=\"noopener\">oferece defesa de manifestantes detidos<\/a><\/span><\/span><span style=\"font-weight: 400\">. A Defensoria P\u00fablica do Estado de S\u00e3o Paulo lan\u00e7ou no in\u00edcio do m\u00eas um plant\u00e3o para prestar servi\u00e7o semelhante.<\/span><\/p>\n<p style=\"text-align: justify\"><span style=\"font-weight: 400\">Foi com ajuda dos Advogados Ativistas que a jovem J\u00falia Hausner foi liberada de uma delegacia de pol\u00edcia ap\u00f3s quatro horas detida, acusada de agress\u00e3o e depreda\u00e7\u00e3o. Ela participou no dia 1\u00ba de setembro de um ato contra Temer, o segundo ap\u00f3s a consolida\u00e7\u00e3o do\u00a0golpe parlamentar\/institucional. J\u00falia chegou no ato ap\u00f3s a sa\u00edda da concentra\u00e7\u00e3o e encontrou o grupo na Pra\u00e7a Roosevelt, rumo \u00e0 sede da Folha de S\u00e3o Paulo. Ela estava em uma esquina com cerca de trinta pessoas, a alguns metros da multid\u00e3o.<\/span><span style=\"font-weight: 400\"><br \/>\n<\/span><\/p>\n<p style=\"text-align: center\"><span style=\"font-weight: 400\"><em><span style=\"font-size: 11px\">Foto: Nunah Alle\/PSOL<\/span><\/em><br \/>\n<img loading=\"lazy\" decoding=\"async\" class=\"alignnone wp-image-13713\" src=\"http:\/\/www.psol50.org.br\/inc\/uploads\/2016\/09\/Ato-SP-6-Nunah-300x200.jpg\" alt=\"Ato SP 6 - Nunah\" width=\"577\" height=\"385\" \/><br \/>\n<\/span><\/p>\n<p style=\"text-align: justify\"><span style=\"font-weight: 400\">Quando o grupo chegou ao Largo do Arouche, um roj\u00e3o foi lan\u00e7ado de cima de um pr\u00e9dio. A pol\u00edcia acreditou ser uma bomba caseira, e os manifestantes, uma bomba de efeito moral, o que desencadeou o conflito. Os policiais cercaram o grupo menor, imobilizaram J\u00falia e a jogaram no ch\u00e3o, enquanto arremessavam bombas em dire\u00e7\u00e3o \u00e0 multid\u00e3o. \u201cA bomba come\u00e7ou a se espalhar no ch\u00e3o e eu comecei a sufocar. Depois de gritar muito que eu tava sufocando, a PM me levou pra um canto, me algemou e come\u00e7ou a tortura psicol\u00f3gica deles. Me xingaram, falaram que eu n\u00e3o podia mais falar que eu era garota de fam\u00edlia e que eu era uma vagabunda que n\u00e3o fazia nada\u201d, conta.<br \/>\n<\/span><br \/>\n<span style=\"font-weight: 400\">Al\u00e9m da mo\u00e7a, outras tr\u00eas pessoas foram algemadas e obrigadas a deitar pr\u00f3ximas \u00e0 viatura e, depois, pr\u00f3ximos \u00e0s motos da pol\u00edcia, que aceleravam em dire\u00e7\u00e3o aos manifestantes para causar p\u00e2nico. \u201cTanto eu quanto os outros tr\u00eas ficamos com muito medo de ser atropelados pelas motos. Foi agonizante. Al\u00e9m de que eu fui direto do trabalho, estava de saia e meu medo de ser abusada s\u00f3 crescia\u201d, desabafa a jovem. Al\u00e9m disso, em nenhum momento os policiais permitiram a aproxima\u00e7\u00e3o da imprensa. O grupo ainda seria algemado, revistado e insultado mais uma vez. \u201cFalaram que se a gente mexesse um m\u00fasculo eles iam acabar com a gente\u201d.<\/span><span style=\"font-weight: 400\"><br \/>\n<\/span><span style=\"font-weight: 400\"><br \/>\n<\/span><span style=\"font-weight: 400\">Quando chegaram \u00e0 delegacia, os policiais sa\u00edram do carro e os manifestantes continuaram na viatura por cerca de 15 minutos, confinados em um espa\u00e7o pequeno e quente. Ao entrar na DP, os policiais apresentaram paus e garrafas, que alegaram ser do grupo. \u201cEles s\u00f3 pegaram do ch\u00e3o e falaram que essas coisas estavam na nossa m\u00e3o na hora da confus\u00e3o. Um policial se machucou na confus\u00e3o e tamb\u00e9m queriam colocar a culpa na gente\u201d, conta J\u00falia.<\/span><span style=\"font-weight: 400\"><br \/>\n<\/span><span style=\"font-weight: 400\"><br \/>\n<\/span><span style=\"font-weight: 400\">Um boletim de ocorr\u00eancia foi registrado com os dados pessoais dos manifestantes, a hist\u00f3ria segundo os policiais e a vers\u00e3o de que uma lixeira explodiu e o grupo foi visto mexendo no local minutos antes. Segundo a PM, isso n\u00e3o tinha como ser certificado porque o local encontrava-se prejudicado para a realiza\u00e7\u00e3o da per\u00edcia. O fato dos jovens estarem usando roupas pretas tamb\u00e9m foi indicado como fator de suspeita. Ainda segundo o documento, a Pol\u00edcia Militar \u2018conteve o conflito com uso de for\u00e7a moderada\u2019. \u201cNo boletim consta como viol\u00eancia moderada, apesar de terem pisado na cabe\u00e7a de um de n\u00f3s, terem nos jogado v\u00e1rias vezes no ch\u00e3o e usado mata le\u00e3o\u201d.<\/span><span style=\"font-weight: 400\"><br \/>\n<\/span><span style=\"font-weight: 400\"><br \/>\n<\/span><span style=\"font-weight: 400\">Al\u00e9m disso, a jovem conta que na delegacia os agentes passaram a falar de modo calmo e em tom de voz baixo, mudando completamente o comportamento. \u201cAcho bizarra essa lavagem cerebral que fazem na PM para eles mudarem tanto de personalidade\u201d.<\/span><span style=\"font-weight: 400\"><br \/>\n<\/span><\/p>\n","protected":false},"excerpt":{"rendered":"<p>Na tarde da \u00faltima quarta-feira (14) a Comiss\u00e3o de Direitos Humanos e Minorias da C\u00e2mara dos Deputados realizou uma audi\u00eancia p\u00fablica sobre os abusos policiais que v\u00eam acontecendo durante as manifesta\u00e7\u00f5es contra Michel Temer. Estavam presentes parlamentares, representantes de movimentos sociais e v\u00edtimas da repress\u00e3o policial. Maria Alessio (DF), Mauro Rog\u00e9rio dos Santos (RS) e [&hellip;]<\/p>\n","protected":false},"author":2,"featured_media":13905,"comment_status":"open","ping_status":"open","sticky":false,"template":"","format":"standard","meta":{"_acf_changed":false,"footnotes":""},"categories":[10,1882,6],"tags":[4549,3136,2640,4550,4551,4552,314,4553,4554,4555,4556,1714],"class_list":{"0":"post-13904","1":"post","2":"type-post","3":"status-publish","4":"format-standard","5":"has-post-thumbnail","7":"category-acao-parlamentares","8":"category-brasil","9":"category-noticias","10":"tag-advogados-ativistas","11":"tag-balta-nunes","12":"tag-comissao-de-direitos-humanos-e-minorias","13":"tag-deborah-fabri","14":"tag-giuliana-vallone","15":"tag-julia-hausner","16":"tag-manifestacoes","17":"tag-maria-alessio","18":"tag-mauro-rogerio-dos-santos","19":"tag-militar-infilrado","20":"tag-renato-freitas-junior","21":"tag-repressao-policial"},"acf":[],"yoast_head":"<!-- This site is optimized with the Yoast SEO plugin v26.5 - https:\/\/yoast.com\/wordpress\/plugins\/seo\/ -->\n<title>PM age com viol\u00eancia e abuso de autoridade em v\u00e1rios estados nos atos Fora Temer - PSOL 50<\/title>\n<meta name=\"robots\" content=\"index, follow, max-snippet:-1, max-image-preview:large, max-video-preview:-1\" \/>\n<link rel=\"canonical\" href=\"https:\/\/psol50.org.br\/pm-age-com-violencia-e-abuso-de-autoridade-em-varios-estados-nos-atos-fora-temer\/\" \/>\n<meta property=\"og:locale\" content=\"pt_BR\" \/>\n<meta property=\"og:type\" content=\"article\" \/>\n<meta property=\"og:title\" content=\"PM age com viol\u00eancia e abuso de autoridade em v\u00e1rios estados nos atos Fora Temer - PSOL 50\" \/>\n<meta property=\"og:description\" content=\"Na tarde da \u00faltima quarta-feira (14) a Comiss\u00e3o de Direitos Humanos e Minorias da C\u00e2mara dos Deputados realizou uma audi\u00eancia p\u00fablica sobre os abusos policiais que v\u00eam acontecendo durante as manifesta\u00e7\u00f5es contra Michel Temer. Estavam presentes parlamentares, representantes de movimentos sociais e v\u00edtimas da repress\u00e3o policial. Maria Alessio (DF), Mauro Rog\u00e9rio dos Santos (RS) e [&hellip;]\" \/>\n<meta property=\"og:url\" content=\"https:\/\/psol50.org.br\/pm-age-com-violencia-e-abuso-de-autoridade-em-varios-estados-nos-atos-fora-temer\/\" \/>\n<meta property=\"og:site_name\" content=\"PSOL 50\" \/>\n<meta property=\"article:publisher\" content=\"https:\/\/www.facebook.com\/psol50\" \/>\n<meta property=\"article:published_time\" content=\"2016-09-20T12:38:02+00:00\" \/>\n<meta property=\"og:image\" content=\"https:\/\/psol50.org.br\/inc\/uploads\/2018\/07\/capa.png\" \/>\n\t<meta property=\"og:image:width\" content=\"1350\" \/>\n\t<meta property=\"og:image:height\" content=\"900\" \/>\n\t<meta property=\"og:image:type\" content=\"image\/png\" \/>\n<meta name=\"author\" content=\"Comunica\u00e7\u00e3o PSOL\" \/>\n<meta name=\"twitter:card\" content=\"summary_large_image\" \/>\n<meta name=\"twitter:creator\" content=\"@psol50\" \/>\n<meta name=\"twitter:site\" content=\"@psol50\" \/>\n<meta name=\"twitter:label1\" content=\"Escrito por\" \/>\n\t<meta name=\"twitter:data1\" content=\"Comunica\u00e7\u00e3o PSOL\" \/>\n\t<meta name=\"twitter:label2\" content=\"Est. tempo de leitura\" \/>\n\t<meta name=\"twitter:data2\" content=\"4 minutos\" \/>\n<script type=\"application\/ld+json\" class=\"yoast-schema-graph\">{\"@context\":\"https:\/\/schema.org\",\"@graph\":[{\"@type\":\"Article\",\"@id\":\"https:\/\/psol50.org.br\/pm-age-com-violencia-e-abuso-de-autoridade-em-varios-estados-nos-atos-fora-temer\/#article\",\"isPartOf\":{\"@id\":\"https:\/\/psol50.org.br\/pm-age-com-violencia-e-abuso-de-autoridade-em-varios-estados-nos-atos-fora-temer\/\"},\"author\":{\"name\":\"Comunica\u00e7\u00e3o PSOL\",\"@id\":\"https:\/\/psol50.org.br\/#\/schema\/person\/475dfa57d0b815993c714c2e96491fcd\"},\"headline\":\"PM age com viol\u00eancia e abuso de autoridade em v\u00e1rios estados nos atos Fora Temer\",\"datePublished\":\"2016-09-20T12:38:02+00:00\",\"mainEntityOfPage\":{\"@id\":\"https:\/\/psol50.org.br\/pm-age-com-violencia-e-abuso-de-autoridade-em-varios-estados-nos-atos-fora-temer\/\"},\"wordCount\":908,\"commentCount\":0,\"publisher\":{\"@id\":\"https:\/\/psol50.org.br\/#organization\"},\"image\":{\"@id\":\"https:\/\/psol50.org.br\/pm-age-com-violencia-e-abuso-de-autoridade-em-varios-estados-nos-atos-fora-temer\/#primaryimage\"},\"thumbnailUrl\":\"\",\"keywords\":[\"Advogados Ativistas\",\"Balta Nunes\",\"Comiss\u00e3o de Direitos Humanos e Minorias\",\"Deborah Fabri\",\"Giuliana Vallone\",\"J\u00falia Hausner\",\"manifesta\u00e7\u00f5es\",\"Maria Alessio\",\"Mauro Rog\u00e9rio dos Santos\",\"militar infilrado\",\"Renato Freitas J\u00fanior\",\"repress\u00e3o policial\"],\"articleSection\":[\"A\u00e7\u00e3o Parlamentar\",\"Brasil\",\"Not\u00edcias\"],\"inLanguage\":\"pt-BR\",\"potentialAction\":[{\"@type\":\"CommentAction\",\"name\":\"Comment\",\"target\":[\"https:\/\/psol50.org.br\/pm-age-com-violencia-e-abuso-de-autoridade-em-varios-estados-nos-atos-fora-temer\/#respond\"]}]},{\"@type\":\"WebPage\",\"@id\":\"https:\/\/psol50.org.br\/pm-age-com-violencia-e-abuso-de-autoridade-em-varios-estados-nos-atos-fora-temer\/\",\"url\":\"https:\/\/psol50.org.br\/pm-age-com-violencia-e-abuso-de-autoridade-em-varios-estados-nos-atos-fora-temer\/\",\"name\":\"PM age com viol\u00eancia e abuso de autoridade em v\u00e1rios estados nos atos Fora Temer - PSOL 50\",\"isPartOf\":{\"@id\":\"https:\/\/psol50.org.br\/#website\"},\"primaryImageOfPage\":{\"@id\":\"https:\/\/psol50.org.br\/pm-age-com-violencia-e-abuso-de-autoridade-em-varios-estados-nos-atos-fora-temer\/#primaryimage\"},\"image\":{\"@id\":\"https:\/\/psol50.org.br\/pm-age-com-violencia-e-abuso-de-autoridade-em-varios-estados-nos-atos-fora-temer\/#primaryimage\"},\"thumbnailUrl\":\"\",\"datePublished\":\"2016-09-20T12:38:02+00:00\",\"breadcrumb\":{\"@id\":\"https:\/\/psol50.org.br\/pm-age-com-violencia-e-abuso-de-autoridade-em-varios-estados-nos-atos-fora-temer\/#breadcrumb\"},\"inLanguage\":\"pt-BR\",\"potentialAction\":[{\"@type\":\"ReadAction\",\"target\":[\"https:\/\/psol50.org.br\/pm-age-com-violencia-e-abuso-de-autoridade-em-varios-estados-nos-atos-fora-temer\/\"]}]},{\"@type\":\"ImageObject\",\"inLanguage\":\"pt-BR\",\"@id\":\"https:\/\/psol50.org.br\/pm-age-com-violencia-e-abuso-de-autoridade-em-varios-estados-nos-atos-fora-temer\/#primaryimage\",\"url\":\"\",\"contentUrl\":\"\"},{\"@type\":\"BreadcrumbList\",\"@id\":\"https:\/\/psol50.org.br\/pm-age-com-violencia-e-abuso-de-autoridade-em-varios-estados-nos-atos-fora-temer\/#breadcrumb\",\"itemListElement\":[{\"@type\":\"ListItem\",\"position\":1,\"name\":\"In\u00edcio\",\"item\":\"https:\/\/psol50.org.br\/\"},{\"@type\":\"ListItem\",\"position\":2,\"name\":\"PM age com viol\u00eancia e abuso de autoridade em v\u00e1rios estados nos atos Fora Temer\"}]},{\"@type\":\"WebSite\",\"@id\":\"https:\/\/psol50.org.br\/#website\",\"url\":\"https:\/\/psol50.org.br\/\",\"name\":\"PSOL 50\",\"description\":\"Site oficial do Partido Socialismo e Liberdade\",\"publisher\":{\"@id\":\"https:\/\/psol50.org.br\/#organization\"},\"alternateName\":\"PSOL50\",\"potentialAction\":[{\"@type\":\"SearchAction\",\"target\":{\"@type\":\"EntryPoint\",\"urlTemplate\":\"https:\/\/psol50.org.br\/?s={search_term_string}\"},\"query-input\":{\"@type\":\"PropertyValueSpecification\",\"valueRequired\":true,\"valueName\":\"search_term_string\"}}],\"inLanguage\":\"pt-BR\"},{\"@type\":\"Organization\",\"@id\":\"https:\/\/psol50.org.br\/#organization\",\"name\":\"PSOL 50\",\"alternateName\":\"PSOL 50\",\"url\":\"https:\/\/psol50.org.br\/\",\"logo\":{\"@type\":\"ImageObject\",\"inLanguage\":\"pt-BR\",\"@id\":\"https:\/\/psol50.org.br\/#\/schema\/logo\/image\/\",\"url\":\"https:\/\/psol50.org.br\/inc\/uploads\/2018\/07\/capa.png\",\"contentUrl\":\"https:\/\/psol50.org.br\/inc\/uploads\/2018\/07\/capa.png\",\"width\":1350,\"height\":900,\"caption\":\"PSOL 50\"},\"image\":{\"@id\":\"https:\/\/psol50.org.br\/#\/schema\/logo\/image\/\"},\"sameAs\":[\"https:\/\/www.facebook.com\/psol50\",\"https:\/\/x.com\/psol50\",\"https:\/\/www.instagram.com\/psol50\/\",\"https:\/\/www.youtube.com\/channel\/UC7SnJS5o1os7a6CaiNabzcg\"]},{\"@type\":\"Person\",\"@id\":\"https:\/\/psol50.org.br\/#\/schema\/person\/475dfa57d0b815993c714c2e96491fcd\",\"name\":\"Comunica\u00e7\u00e3o PSOL\",\"image\":{\"@type\":\"ImageObject\",\"inLanguage\":\"pt-BR\",\"@id\":\"https:\/\/psol50.org.br\/#\/schema\/person\/image\/\",\"url\":\"https:\/\/secure.gravatar.com\/avatar\/b34fc4f4e468a4e51785917065a3db57b841f5c95dba6ad8c73aaf8f66f8f9bf?s=96&d=mm&r=g\",\"contentUrl\":\"https:\/\/secure.gravatar.com\/avatar\/b34fc4f4e468a4e51785917065a3db57b841f5c95dba6ad8c73aaf8f66f8f9bf?s=96&d=mm&r=g\",\"caption\":\"Comunica\u00e7\u00e3o PSOL\"}}]}<\/script>\n<!-- \/ Yoast SEO plugin. -->","yoast_head_json":{"title":"PM age com viol\u00eancia e abuso de autoridade em v\u00e1rios estados nos atos Fora Temer - PSOL 50","robots":{"index":"index","follow":"follow","max-snippet":"max-snippet:-1","max-image-preview":"max-image-preview:large","max-video-preview":"max-video-preview:-1"},"canonical":"https:\/\/psol50.org.br\/pm-age-com-violencia-e-abuso-de-autoridade-em-varios-estados-nos-atos-fora-temer\/","og_locale":"pt_BR","og_type":"article","og_title":"PM age com viol\u00eancia e abuso de autoridade em v\u00e1rios estados nos atos Fora Temer - PSOL 50","og_description":"Na tarde da \u00faltima quarta-feira (14) a Comiss\u00e3o de Direitos Humanos e Minorias da C\u00e2mara dos Deputados realizou uma audi\u00eancia p\u00fablica sobre os abusos policiais que v\u00eam acontecendo durante as manifesta\u00e7\u00f5es contra Michel Temer. Estavam presentes parlamentares, representantes de movimentos sociais e v\u00edtimas da repress\u00e3o policial. Maria Alessio (DF), Mauro Rog\u00e9rio dos Santos (RS) e [&hellip;]","og_url":"https:\/\/psol50.org.br\/pm-age-com-violencia-e-abuso-de-autoridade-em-varios-estados-nos-atos-fora-temer\/","og_site_name":"PSOL 50","article_publisher":"https:\/\/www.facebook.com\/psol50","article_published_time":"2016-09-20T12:38:02+00:00","og_image":[{"width":1350,"height":900,"url":"https:\/\/psol50.org.br\/inc\/uploads\/2018\/07\/capa.png","type":"image\/png"}],"author":"Comunica\u00e7\u00e3o PSOL","twitter_card":"summary_large_image","twitter_creator":"@psol50","twitter_site":"@psol50","twitter_misc":{"Escrito por":"Comunica\u00e7\u00e3o PSOL","Est. tempo de leitura":"4 minutos"},"schema":{"@context":"https:\/\/schema.org","@graph":[{"@type":"Article","@id":"https:\/\/psol50.org.br\/pm-age-com-violencia-e-abuso-de-autoridade-em-varios-estados-nos-atos-fora-temer\/#article","isPartOf":{"@id":"https:\/\/psol50.org.br\/pm-age-com-violencia-e-abuso-de-autoridade-em-varios-estados-nos-atos-fora-temer\/"},"author":{"name":"Comunica\u00e7\u00e3o PSOL","@id":"https:\/\/psol50.org.br\/#\/schema\/person\/475dfa57d0b815993c714c2e96491fcd"},"headline":"PM age com viol\u00eancia e abuso de autoridade em v\u00e1rios estados nos atos Fora Temer","datePublished":"2016-09-20T12:38:02+00:00","mainEntityOfPage":{"@id":"https:\/\/psol50.org.br\/pm-age-com-violencia-e-abuso-de-autoridade-em-varios-estados-nos-atos-fora-temer\/"},"wordCount":908,"commentCount":0,"publisher":{"@id":"https:\/\/psol50.org.br\/#organization"},"image":{"@id":"https:\/\/psol50.org.br\/pm-age-com-violencia-e-abuso-de-autoridade-em-varios-estados-nos-atos-fora-temer\/#primaryimage"},"thumbnailUrl":"","keywords":["Advogados Ativistas","Balta Nunes","Comiss\u00e3o de Direitos Humanos e Minorias","Deborah Fabri","Giuliana Vallone","J\u00falia Hausner","manifesta\u00e7\u00f5es","Maria Alessio","Mauro Rog\u00e9rio dos Santos","militar infilrado","Renato Freitas J\u00fanior","repress\u00e3o policial"],"articleSection":["A\u00e7\u00e3o Parlamentar","Brasil","Not\u00edcias"],"inLanguage":"pt-BR","potentialAction":[{"@type":"CommentAction","name":"Comment","target":["https:\/\/psol50.org.br\/pm-age-com-violencia-e-abuso-de-autoridade-em-varios-estados-nos-atos-fora-temer\/#respond"]}]},{"@type":"WebPage","@id":"https:\/\/psol50.org.br\/pm-age-com-violencia-e-abuso-de-autoridade-em-varios-estados-nos-atos-fora-temer\/","url":"https:\/\/psol50.org.br\/pm-age-com-violencia-e-abuso-de-autoridade-em-varios-estados-nos-atos-fora-temer\/","name":"PM age com viol\u00eancia e abuso de autoridade em v\u00e1rios estados nos atos Fora Temer - PSOL 50","isPartOf":{"@id":"https:\/\/psol50.org.br\/#website"},"primaryImageOfPage":{"@id":"https:\/\/psol50.org.br\/pm-age-com-violencia-e-abuso-de-autoridade-em-varios-estados-nos-atos-fora-temer\/#primaryimage"},"image":{"@id":"https:\/\/psol50.org.br\/pm-age-com-violencia-e-abuso-de-autoridade-em-varios-estados-nos-atos-fora-temer\/#primaryimage"},"thumbnailUrl":"","datePublished":"2016-09-20T12:38:02+00:00","breadcrumb":{"@id":"https:\/\/psol50.org.br\/pm-age-com-violencia-e-abuso-de-autoridade-em-varios-estados-nos-atos-fora-temer\/#breadcrumb"},"inLanguage":"pt-BR","potentialAction":[{"@type":"ReadAction","target":["https:\/\/psol50.org.br\/pm-age-com-violencia-e-abuso-de-autoridade-em-varios-estados-nos-atos-fora-temer\/"]}]},{"@type":"ImageObject","inLanguage":"pt-BR","@id":"https:\/\/psol50.org.br\/pm-age-com-violencia-e-abuso-de-autoridade-em-varios-estados-nos-atos-fora-temer\/#primaryimage","url":"","contentUrl":""},{"@type":"BreadcrumbList","@id":"https:\/\/psol50.org.br\/pm-age-com-violencia-e-abuso-de-autoridade-em-varios-estados-nos-atos-fora-temer\/#breadcrumb","itemListElement":[{"@type":"ListItem","position":1,"name":"In\u00edcio","item":"https:\/\/psol50.org.br\/"},{"@type":"ListItem","position":2,"name":"PM age com viol\u00eancia e abuso de autoridade em v\u00e1rios estados nos atos Fora Temer"}]},{"@type":"WebSite","@id":"https:\/\/psol50.org.br\/#website","url":"https:\/\/psol50.org.br\/","name":"PSOL 50","description":"Site oficial do Partido Socialismo e Liberdade","publisher":{"@id":"https:\/\/psol50.org.br\/#organization"},"alternateName":"PSOL50","potentialAction":[{"@type":"SearchAction","target":{"@type":"EntryPoint","urlTemplate":"https:\/\/psol50.org.br\/?s={search_term_string}"},"query-input":{"@type":"PropertyValueSpecification","valueRequired":true,"valueName":"search_term_string"}}],"inLanguage":"pt-BR"},{"@type":"Organization","@id":"https:\/\/psol50.org.br\/#organization","name":"PSOL 50","alternateName":"PSOL 50","url":"https:\/\/psol50.org.br\/","logo":{"@type":"ImageObject","inLanguage":"pt-BR","@id":"https:\/\/psol50.org.br\/#\/schema\/logo\/image\/","url":"https:\/\/psol50.org.br\/inc\/uploads\/2018\/07\/capa.png","contentUrl":"https:\/\/psol50.org.br\/inc\/uploads\/2018\/07\/capa.png","width":1350,"height":900,"caption":"PSOL 50"},"image":{"@id":"https:\/\/psol50.org.br\/#\/schema\/logo\/image\/"},"sameAs":["https:\/\/www.facebook.com\/psol50","https:\/\/x.com\/psol50","https:\/\/www.instagram.com\/psol50\/","https:\/\/www.youtube.com\/channel\/UC7SnJS5o1os7a6CaiNabzcg"]},{"@type":"Person","@id":"https:\/\/psol50.org.br\/#\/schema\/person\/475dfa57d0b815993c714c2e96491fcd","name":"Comunica\u00e7\u00e3o PSOL","image":{"@type":"ImageObject","inLanguage":"pt-BR","@id":"https:\/\/psol50.org.br\/#\/schema\/person\/image\/","url":"https:\/\/secure.gravatar.com\/avatar\/b34fc4f4e468a4e51785917065a3db57b841f5c95dba6ad8c73aaf8f66f8f9bf?s=96&d=mm&r=g","contentUrl":"https:\/\/secure.gravatar.com\/avatar\/b34fc4f4e468a4e51785917065a3db57b841f5c95dba6ad8c73aaf8f66f8f9bf?s=96&d=mm&r=g","caption":"Comunica\u00e7\u00e3o PSOL"}}]}},"_links":{"self":[{"href":"https:\/\/psol50.org.br\/rest\/wp\/v2\/posts\/13904","targetHints":{"allow":["GET"]}}],"collection":[{"href":"https:\/\/psol50.org.br\/rest\/wp\/v2\/posts"}],"about":[{"href":"https:\/\/psol50.org.br\/rest\/wp\/v2\/types\/post"}],"author":[{"embeddable":true,"href":"https:\/\/psol50.org.br\/rest\/wp\/v2\/users\/2"}],"replies":[{"embeddable":true,"href":"https:\/\/psol50.org.br\/rest\/wp\/v2\/comments?post=13904"}],"version-history":[{"count":0,"href":"https:\/\/psol50.org.br\/rest\/wp\/v2\/posts\/13904\/revisions"}],"wp:featuredmedia":[{"embeddable":true,"href":"https:\/\/psol50.org.br\/rest\/"}],"wp:attachment":[{"href":"https:\/\/psol50.org.br\/rest\/wp\/v2\/media?parent=13904"}],"wp:term":[{"taxonomy":"category","embeddable":true,"href":"https:\/\/psol50.org.br\/rest\/wp\/v2\/categories?post=13904"},{"taxonomy":"post_tag","embeddable":true,"href":"https:\/\/psol50.org.br\/rest\/wp\/v2\/tags?post=13904"}],"curies":[{"name":"wp","href":"https:\/\/api.w.org\/{rel}","templated":true}]}}