{"id":1391,"date":"2010-06-25T00:00:00","date_gmt":"2010-06-25T00:00:00","guid":{"rendered":"http:\/\/psol50.org.br\/arquivo\/2010\/06\/25\/convencao-do-psol-ce-tem-mudanca-de-horario\/"},"modified":"2010-06-25T00:00:00","modified_gmt":"2010-06-25T00:00:00","slug":"convencao-do-psol-ce-tem-mudanca-de-horario","status":"publish","type":"post","link":"https:\/\/psol50.org.br\/convencao-do-psol-ce-tem-mudanca-de-horario\/","title":{"rendered":"Conven\u00e7\u00e3o do PSOL CE tem mudan\u00e7a de hor\u00e1rio"},"content":{"rendered":"<p>O Partido Socialismo e Liberdade (PSOL) realiza, neste s\u00e1bado, 26, a conven\u00e7\u00e3o estadual que oficializar\u00e1 suas candidaturas para as elei\u00e7\u00f5es 2010. O ato ocorrer\u00e1 nos jardins do Theatro Jos\u00e9 de Alencar, \u00e0s 14h. Para o presidente estadual do PSOL, Mo\u00e9sio Mota, \u201cEsse ser\u00e1 o momento de discutir e decidir as propostas de coliga\u00e7\u00f5es com outros partidos pol\u00edticos para as elei\u00e7\u00f5es e, sobretudo, de somarmos for\u00e7as juntos aos apoiadores e movimentos sociais que ousam apresentar um outro projeto para o Cear\u00e1, diferente do que est\u00e1 posto.\u201d.<\/p>\n<p>Durante o ato, ser\u00e1 homologada a pr\u00e9-candidatura da engenheira de pesca, Soraya Tupinamb\u00e1, ao Governo do Estado, e as demais pr\u00e9-candidaturas que j\u00e1 foram apresentadas. \u201cEsse ser\u00e1 o momento de reafirmamos o compromisso coletivo de exercermos a Outra Pol\u00edtica, de apresentarmos alternativas vi\u00e1veis de constru\u00e7\u00e3o de um Cear\u00e1 social e ambientalmente justo.\u201d, explica a ambientalista Soraya Tupinamb\u00e1.<\/p>\n<p>Tamb\u00e9m neste final de semana, haver\u00e1 o semin\u00e1rio &#8220;Um projeto socialista para o Cear\u00e1&#8221;, no qual ser\u00e1 debatida a interven\u00e7\u00e3o do PSOL no processo eleitoral, no qual estar\u00e1 reunida a milit\u00e2ncia e os\/as apoiadores\/as do partido. Na pauta das discuss\u00f5es de s\u00e1bado, est\u00e1 a avalia\u00e7\u00e3o da conjuntura pol\u00edtica nacional e estadual e o programa que o PSOL apresentar\u00e1 nas elei\u00e7\u00f5es. No domingo, o semin\u00e1rio ter\u00e1 prosseguimento com debates sobre legisla\u00e7\u00e3o eleitoral, comunica\u00e7\u00e3o da campanha e a pol\u00edtica de financiamento das candidaturas. \u201cPrecisamos repetir, por compromisso e convic\u00e7\u00e3o pol\u00edtica, a cr\u00edtica ao financiamento da pol\u00edtica pelo mercado, a convoca\u00e7\u00e3o \u00e0 doa\u00e7\u00e3o militante e a transpar\u00eancia do financiamento.\u201d, defendeu Renato Roseno, que representou a sigla nas duas \u00faltimas campanhas majorit\u00e1rias.<\/p>\n<p><strong>Servi\u00e7o:<\/strong><\/p>\n<p>Conven\u00e7\u00e3o do PSOL-CE<\/p>\n<p>Data: 26 de junho<\/p>\n<p>Hor\u00e1rio: 14h<\/p>\n<p>Local: Theatro Jos\u00e9 de Alencar (Rua Liberato Barroso, 525, Centro)<\/p>\n<p>Semin\u00e1rio<\/p>\n<p>Parte 1 &#8211; Debate pol\u00edtico sobre conjuntura<\/p>\n<p>Data: 27 de junho, \u00e0s 09h (Sede do PSOL. Av. Imperador, 1397. Centro)<\/p>\n<p>Parte 2 &#8211; Legisla\u00e7\u00e3o eleitoral, comunica\u00e7\u00e3o e financimento de campanhas<\/p>\n<p>Data: 28 de junho, \u00e0s 09h (Sede do PSOL. Av. Imperador, 1397. Centro)<\/p>\n","protected":false},"excerpt":{"rendered":"<p>O Partido Socialismo e Liberdade (PSOL) realiza, neste s\u00e1bado, 26, a conven\u00e7\u00e3o estadual que oficializar\u00e1 suas candidaturas para as elei\u00e7\u00f5es 2010. O ato ocorrer\u00e1 nos jardins do Theatro Jos\u00e9 de Alencar, \u00e0s 14h. Para o presidente estadual do PSOL, Mo\u00e9sio Mota, \u201cEsse ser\u00e1 o momento de discutir e decidir as propostas de coliga\u00e7\u00f5es com outros [&hellip;]<\/p>\n","protected":false},"author":2,"featured_media":0,"comment_status":"open","ping_status":"open","sticky":false,"template":"","format":"standard","meta":{"_acf_changed":false,"footnotes":""},"categories":[4766,4976],"tags":[4977],"class_list":{"0":"post-1391","1":"post","2":"type-post","3":"status-publish","4":"format-standard","6":"category-arquivo","7":"category-eleicoes-2010","8":"tag-eleicoes-2010"},"acf":[],"yoast_head":"<!-- This site is optimized with the Yoast SEO plugin v26.5 - https:\/\/yoast.com\/wordpress\/plugins\/seo\/ -->\n<title>Conven\u00e7\u00e3o do PSOL CE tem mudan\u00e7a de hor\u00e1rio - PSOL 50<\/title>\n<meta name=\"robots\" content=\"index, follow, max-snippet:-1, max-image-preview:large, max-video-preview:-1\" \/>\n<link rel=\"canonical\" href=\"https:\/\/psol50.org.br\/convencao-do-psol-ce-tem-mudanca-de-horario\/\" \/>\n<meta property=\"og:locale\" content=\"pt_BR\" \/>\n<meta property=\"og:type\" content=\"article\" \/>\n<meta property=\"og:title\" content=\"Conven\u00e7\u00e3o do PSOL CE tem mudan\u00e7a de hor\u00e1rio - PSOL 50\" \/>\n<meta property=\"og:description\" content=\"O Partido Socialismo e Liberdade (PSOL) realiza, neste s\u00e1bado, 26, a conven\u00e7\u00e3o estadual que oficializar\u00e1 suas candidaturas para as elei\u00e7\u00f5es 2010. O ato ocorrer\u00e1 nos jardins do Theatro Jos\u00e9 de Alencar, \u00e0s 14h. Para o presidente estadual do PSOL, Mo\u00e9sio Mota, \u201cEsse ser\u00e1 o momento de discutir e decidir as propostas de coliga\u00e7\u00f5es com outros [&hellip;]\" \/>\n<meta property=\"og:url\" content=\"https:\/\/psol50.org.br\/convencao-do-psol-ce-tem-mudanca-de-horario\/\" \/>\n<meta property=\"og:site_name\" content=\"PSOL 50\" \/>\n<meta property=\"article:publisher\" content=\"https:\/\/www.facebook.com\/psol50\" \/>\n<meta property=\"article:published_time\" content=\"2010-06-25T00:00:00+00:00\" \/>\n<meta property=\"og:image\" content=\"https:\/\/psol50.org.br\/inc\/uploads\/2018\/07\/capa.png\" \/>\n\t<meta property=\"og:image:width\" content=\"1350\" \/>\n\t<meta property=\"og:image:height\" content=\"900\" \/>\n\t<meta property=\"og:image:type\" content=\"image\/png\" \/>\n<meta name=\"author\" content=\"Comunica\u00e7\u00e3o PSOL\" \/>\n<meta name=\"twitter:card\" content=\"summary_large_image\" \/>\n<meta name=\"twitter:creator\" content=\"@psol50\" \/>\n<meta name=\"twitter:site\" content=\"@psol50\" \/>\n<meta name=\"twitter:label1\" content=\"Escrito por\" \/>\n\t<meta name=\"twitter:data1\" content=\"Comunica\u00e7\u00e3o PSOL\" \/>\n\t<meta name=\"twitter:label2\" content=\"Est. tempo de leitura\" \/>\n\t<meta name=\"twitter:data2\" content=\"2 minutos\" \/>\n<script type=\"application\/ld+json\" class=\"yoast-schema-graph\">{\"@context\":\"https:\/\/schema.org\",\"@graph\":[{\"@type\":\"Article\",\"@id\":\"https:\/\/psol50.org.br\/convencao-do-psol-ce-tem-mudanca-de-horario\/#article\",\"isPartOf\":{\"@id\":\"https:\/\/psol50.org.br\/convencao-do-psol-ce-tem-mudanca-de-horario\/\"},\"author\":{\"name\":\"Comunica\u00e7\u00e3o PSOL\",\"@id\":\"https:\/\/psol50.org.br\/#\/schema\/person\/475dfa57d0b815993c714c2e96491fcd\"},\"headline\":\"Conven\u00e7\u00e3o do PSOL CE tem mudan\u00e7a de hor\u00e1rio\",\"datePublished\":\"2010-06-25T00:00:00+00:00\",\"mainEntityOfPage\":{\"@id\":\"https:\/\/psol50.org.br\/convencao-do-psol-ce-tem-mudanca-de-horario\/\"},\"wordCount\":367,\"commentCount\":0,\"publisher\":{\"@id\":\"https:\/\/psol50.org.br\/#organization\"},\"keywords\":[\"Elei\u00e7\u00f5es 2010\"],\"articleSection\":[\"Arquivo\",\"ELEI\u00c7\u00d5ES 2010\"],\"inLanguage\":\"pt-BR\",\"potentialAction\":[{\"@type\":\"CommentAction\",\"name\":\"Comment\",\"target\":[\"https:\/\/psol50.org.br\/convencao-do-psol-ce-tem-mudanca-de-horario\/#respond\"]}]},{\"@type\":\"WebPage\",\"@id\":\"https:\/\/psol50.org.br\/convencao-do-psol-ce-tem-mudanca-de-horario\/\",\"url\":\"https:\/\/psol50.org.br\/convencao-do-psol-ce-tem-mudanca-de-horario\/\",\"name\":\"Conven\u00e7\u00e3o do PSOL CE tem mudan\u00e7a de hor\u00e1rio - PSOL 50\",\"isPartOf\":{\"@id\":\"https:\/\/psol50.org.br\/#website\"},\"datePublished\":\"2010-06-25T00:00:00+00:00\",\"breadcrumb\":{\"@id\":\"https:\/\/psol50.org.br\/convencao-do-psol-ce-tem-mudanca-de-horario\/#breadcrumb\"},\"inLanguage\":\"pt-BR\",\"potentialAction\":[{\"@type\":\"ReadAction\",\"target\":[\"https:\/\/psol50.org.br\/convencao-do-psol-ce-tem-mudanca-de-horario\/\"]}]},{\"@type\":\"BreadcrumbList\",\"@id\":\"https:\/\/psol50.org.br\/convencao-do-psol-ce-tem-mudanca-de-horario\/#breadcrumb\",\"itemListElement\":[{\"@type\":\"ListItem\",\"position\":1,\"name\":\"In\u00edcio\",\"item\":\"https:\/\/psol50.org.br\/\"},{\"@type\":\"ListItem\",\"position\":2,\"name\":\"Conven\u00e7\u00e3o do PSOL CE tem mudan\u00e7a de hor\u00e1rio\"}]},{\"@type\":\"WebSite\",\"@id\":\"https:\/\/psol50.org.br\/#website\",\"url\":\"https:\/\/psol50.org.br\/\",\"name\":\"PSOL 50\",\"description\":\"Site oficial do Partido Socialismo e Liberdade\",\"publisher\":{\"@id\":\"https:\/\/psol50.org.br\/#organization\"},\"alternateName\":\"PSOL50\",\"potentialAction\":[{\"@type\":\"SearchAction\",\"target\":{\"@type\":\"EntryPoint\",\"urlTemplate\":\"https:\/\/psol50.org.br\/?s={search_term_string}\"},\"query-input\":{\"@type\":\"PropertyValueSpecification\",\"valueRequired\":true,\"valueName\":\"search_term_string\"}}],\"inLanguage\":\"pt-BR\"},{\"@type\":\"Organization\",\"@id\":\"https:\/\/psol50.org.br\/#organization\",\"name\":\"PSOL 50\",\"alternateName\":\"PSOL 50\",\"url\":\"https:\/\/psol50.org.br\/\",\"logo\":{\"@type\":\"ImageObject\",\"inLanguage\":\"pt-BR\",\"@id\":\"https:\/\/psol50.org.br\/#\/schema\/logo\/image\/\",\"url\":\"https:\/\/psol50.org.br\/inc\/uploads\/2018\/07\/capa.png\",\"contentUrl\":\"https:\/\/psol50.org.br\/inc\/uploads\/2018\/07\/capa.png\",\"width\":1350,\"height\":900,\"caption\":\"PSOL 50\"},\"image\":{\"@id\":\"https:\/\/psol50.org.br\/#\/schema\/logo\/image\/\"},\"sameAs\":[\"https:\/\/www.facebook.com\/psol50\",\"https:\/\/x.com\/psol50\",\"https:\/\/www.instagram.com\/psol50\/\",\"https:\/\/www.youtube.com\/channel\/UC7SnJS5o1os7a6CaiNabzcg\"]},{\"@type\":\"Person\",\"@id\":\"https:\/\/psol50.org.br\/#\/schema\/person\/475dfa57d0b815993c714c2e96491fcd\",\"name\":\"Comunica\u00e7\u00e3o PSOL\",\"image\":{\"@type\":\"ImageObject\",\"inLanguage\":\"pt-BR\",\"@id\":\"https:\/\/psol50.org.br\/#\/schema\/person\/image\/\",\"url\":\"https:\/\/secure.gravatar.com\/avatar\/b34fc4f4e468a4e51785917065a3db57b841f5c95dba6ad8c73aaf8f66f8f9bf?s=96&d=mm&r=g\",\"contentUrl\":\"https:\/\/secure.gravatar.com\/avatar\/b34fc4f4e468a4e51785917065a3db57b841f5c95dba6ad8c73aaf8f66f8f9bf?s=96&d=mm&r=g\",\"caption\":\"Comunica\u00e7\u00e3o PSOL\"}}]}<\/script>\n<!-- \/ Yoast SEO plugin. -->","yoast_head_json":{"title":"Conven\u00e7\u00e3o do PSOL CE tem mudan\u00e7a de hor\u00e1rio - PSOL 50","robots":{"index":"index","follow":"follow","max-snippet":"max-snippet:-1","max-image-preview":"max-image-preview:large","max-video-preview":"max-video-preview:-1"},"canonical":"https:\/\/psol50.org.br\/convencao-do-psol-ce-tem-mudanca-de-horario\/","og_locale":"pt_BR","og_type":"article","og_title":"Conven\u00e7\u00e3o do PSOL CE tem mudan\u00e7a de hor\u00e1rio - PSOL 50","og_description":"O Partido Socialismo e Liberdade (PSOL) realiza, neste s\u00e1bado, 26, a conven\u00e7\u00e3o estadual que oficializar\u00e1 suas candidaturas para as elei\u00e7\u00f5es 2010. O ato ocorrer\u00e1 nos jardins do Theatro Jos\u00e9 de Alencar, \u00e0s 14h. Para o presidente estadual do PSOL, Mo\u00e9sio Mota, \u201cEsse ser\u00e1 o momento de discutir e decidir as propostas de coliga\u00e7\u00f5es com outros [&hellip;]","og_url":"https:\/\/psol50.org.br\/convencao-do-psol-ce-tem-mudanca-de-horario\/","og_site_name":"PSOL 50","article_publisher":"https:\/\/www.facebook.com\/psol50","article_published_time":"2010-06-25T00:00:00+00:00","og_image":[{"width":1350,"height":900,"url":"https:\/\/psol50.org.br\/inc\/uploads\/2018\/07\/capa.png","type":"image\/png"}],"author":"Comunica\u00e7\u00e3o PSOL","twitter_card":"summary_large_image","twitter_creator":"@psol50","twitter_site":"@psol50","twitter_misc":{"Escrito por":"Comunica\u00e7\u00e3o PSOL","Est. tempo de leitura":"2 minutos"},"schema":{"@context":"https:\/\/schema.org","@graph":[{"@type":"Article","@id":"https:\/\/psol50.org.br\/convencao-do-psol-ce-tem-mudanca-de-horario\/#article","isPartOf":{"@id":"https:\/\/psol50.org.br\/convencao-do-psol-ce-tem-mudanca-de-horario\/"},"author":{"name":"Comunica\u00e7\u00e3o PSOL","@id":"https:\/\/psol50.org.br\/#\/schema\/person\/475dfa57d0b815993c714c2e96491fcd"},"headline":"Conven\u00e7\u00e3o do PSOL CE tem mudan\u00e7a de hor\u00e1rio","datePublished":"2010-06-25T00:00:00+00:00","mainEntityOfPage":{"@id":"https:\/\/psol50.org.br\/convencao-do-psol-ce-tem-mudanca-de-horario\/"},"wordCount":367,"commentCount":0,"publisher":{"@id":"https:\/\/psol50.org.br\/#organization"},"keywords":["Elei\u00e7\u00f5es 2010"],"articleSection":["Arquivo","ELEI\u00c7\u00d5ES 2010"],"inLanguage":"pt-BR","potentialAction":[{"@type":"CommentAction","name":"Comment","target":["https:\/\/psol50.org.br\/convencao-do-psol-ce-tem-mudanca-de-horario\/#respond"]}]},{"@type":"WebPage","@id":"https:\/\/psol50.org.br\/convencao-do-psol-ce-tem-mudanca-de-horario\/","url":"https:\/\/psol50.org.br\/convencao-do-psol-ce-tem-mudanca-de-horario\/","name":"Conven\u00e7\u00e3o do PSOL CE tem mudan\u00e7a de hor\u00e1rio - PSOL 50","isPartOf":{"@id":"https:\/\/psol50.org.br\/#website"},"datePublished":"2010-06-25T00:00:00+00:00","breadcrumb":{"@id":"https:\/\/psol50.org.br\/convencao-do-psol-ce-tem-mudanca-de-horario\/#breadcrumb"},"inLanguage":"pt-BR","potentialAction":[{"@type":"ReadAction","target":["https:\/\/psol50.org.br\/convencao-do-psol-ce-tem-mudanca-de-horario\/"]}]},{"@type":"BreadcrumbList","@id":"https:\/\/psol50.org.br\/convencao-do-psol-ce-tem-mudanca-de-horario\/#breadcrumb","itemListElement":[{"@type":"ListItem","position":1,"name":"In\u00edcio","item":"https:\/\/psol50.org.br\/"},{"@type":"ListItem","position":2,"name":"Conven\u00e7\u00e3o do PSOL CE tem mudan\u00e7a de hor\u00e1rio"}]},{"@type":"WebSite","@id":"https:\/\/psol50.org.br\/#website","url":"https:\/\/psol50.org.br\/","name":"PSOL 50","description":"Site oficial do Partido Socialismo e Liberdade","publisher":{"@id":"https:\/\/psol50.org.br\/#organization"},"alternateName":"PSOL50","potentialAction":[{"@type":"SearchAction","target":{"@type":"EntryPoint","urlTemplate":"https:\/\/psol50.org.br\/?s={search_term_string}"},"query-input":{"@type":"PropertyValueSpecification","valueRequired":true,"valueName":"search_term_string"}}],"inLanguage":"pt-BR"},{"@type":"Organization","@id":"https:\/\/psol50.org.br\/#organization","name":"PSOL 50","alternateName":"PSOL 50","url":"https:\/\/psol50.org.br\/","logo":{"@type":"ImageObject","inLanguage":"pt-BR","@id":"https:\/\/psol50.org.br\/#\/schema\/logo\/image\/","url":"https:\/\/psol50.org.br\/inc\/uploads\/2018\/07\/capa.png","contentUrl":"https:\/\/psol50.org.br\/inc\/uploads\/2018\/07\/capa.png","width":1350,"height":900,"caption":"PSOL 50"},"image":{"@id":"https:\/\/psol50.org.br\/#\/schema\/logo\/image\/"},"sameAs":["https:\/\/www.facebook.com\/psol50","https:\/\/x.com\/psol50","https:\/\/www.instagram.com\/psol50\/","https:\/\/www.youtube.com\/channel\/UC7SnJS5o1os7a6CaiNabzcg"]},{"@type":"Person","@id":"https:\/\/psol50.org.br\/#\/schema\/person\/475dfa57d0b815993c714c2e96491fcd","name":"Comunica\u00e7\u00e3o PSOL","image":{"@type":"ImageObject","inLanguage":"pt-BR","@id":"https:\/\/psol50.org.br\/#\/schema\/person\/image\/","url":"https:\/\/secure.gravatar.com\/avatar\/b34fc4f4e468a4e51785917065a3db57b841f5c95dba6ad8c73aaf8f66f8f9bf?s=96&d=mm&r=g","contentUrl":"https:\/\/secure.gravatar.com\/avatar\/b34fc4f4e468a4e51785917065a3db57b841f5c95dba6ad8c73aaf8f66f8f9bf?s=96&d=mm&r=g","caption":"Comunica\u00e7\u00e3o PSOL"}}]}},"_links":{"self":[{"href":"https:\/\/psol50.org.br\/rest\/wp\/v2\/posts\/1391","targetHints":{"allow":["GET"]}}],"collection":[{"href":"https:\/\/psol50.org.br\/rest\/wp\/v2\/posts"}],"about":[{"href":"https:\/\/psol50.org.br\/rest\/wp\/v2\/types\/post"}],"author":[{"embeddable":true,"href":"https:\/\/psol50.org.br\/rest\/wp\/v2\/users\/2"}],"replies":[{"embeddable":true,"href":"https:\/\/psol50.org.br\/rest\/wp\/v2\/comments?post=1391"}],"version-history":[{"count":0,"href":"https:\/\/psol50.org.br\/rest\/wp\/v2\/posts\/1391\/revisions"}],"wp:attachment":[{"href":"https:\/\/psol50.org.br\/rest\/wp\/v2\/media?parent=1391"}],"wp:term":[{"taxonomy":"category","embeddable":true,"href":"https:\/\/psol50.org.br\/rest\/wp\/v2\/categories?post=1391"},{"taxonomy":"post_tag","embeddable":true,"href":"https:\/\/psol50.org.br\/rest\/wp\/v2\/tags?post=1391"}],"curies":[{"name":"wp","href":"https:\/\/api.w.org\/{rel}","templated":true}]}}