{"id":1392,"date":"2010-06-29T00:00:00","date_gmt":"2010-06-29T00:00:00","guid":{"rendered":"http:\/\/psol50.org.br\/arquivo\/2010\/06\/29\/brice-bragato-e-a-candidata-do-psol-ao-governo-do-es\/"},"modified":"2010-06-29T00:00:00","modified_gmt":"2010-06-29T00:00:00","slug":"brice-bragato-e-a-candidata-do-psol-ao-governo-do-es","status":"publish","type":"post","link":"https:\/\/psol50.org.br\/brice-bragato-e-a-candidata-do-psol-ao-governo-do-es\/","title":{"rendered":"Brice Bragato \u00e9 a candidata do PSOL ao governo do ES"},"content":{"rendered":"<figure id=\"attachment_3283\" aria-describedby=\"caption-attachment-3283\" style=\"width: 320px\" class=\"wp-caption alignleft\"><a rel=\"attachment wp-att-3283\" href=\"http:\/\/psol50.org.br\/?attachment_id=3283\"><img loading=\"lazy\" decoding=\"async\" class=\"size-full wp-image-3283\" src=\"http:\/\/psol50.org.br\/files\/2010\/06\/brice.jpg\" alt=\"Brice Bragato\" width=\"320\" height=\"250\" \/><\/a><figcaption id=\"caption-attachment-3283\" class=\"wp-caption-text\">Brice Bragato<\/figcaption><\/figure>\n<p>O Partido Socialismo e Liberdade (PSOL), em conven\u00e7\u00e3o realizada no s\u00e1bado (26), na sede do Sindicato dos Banc\u00e1rios, em Vit\u00f3ria, oficializou a candidatura da ex-deputada estadual Brice Bragato ao governo do Esp\u00edrito Santo. <!--more-->Socialista e militante social aguerrida, ela ajudou a fundar o partido no Estado depois de se desfiliar do PT, em 2005. Brice entra na campanha sem alian\u00e7as com outras legendas e com uma proposta alternativa: quer reconstruir a esquerda no Estado e representar o contraponto a\u00a0 duas candidaturas consideradas por ela ligadas ao governo e definidas como &#8220;farinha do mesmo saco&#8221; &#8211; uma refer\u00eancia a\u00a0 Renato Casagrande (PSB) e a Luiz Paulo Vellozo Lucas (PSDB).<\/p>\n<p>Por conta da op\u00e7\u00e3o pelo isolamento, o partido deve contar com pouco tempo para propaganda eleitoral no r\u00e1dio e TV. Para a candidata, esse \u00e9 o pre\u00e7o a pagar pela manuten\u00e7\u00e3o da coer\u00eancia e das propostas do partido. &#8220;Nossas alian\u00e7as s\u00e3o com os movimentos sociais&#8221;, afirmou Brice. Al\u00e9m da disputa ao Pal\u00e1cio Anchieta, o partido vai lan\u00e7ar um candidato ao Senado, dois a deputado federal e cinco nomes para disputar a Assembleia Legislativa.<\/p>\n<p><strong>Perfil<\/strong><\/p>\n<p>Com 56 anos, 18\u00a0 elei\u00e7\u00f5es e tr\u00eas mandatos na Assembleia Legislativa, ela integrou por 20 anos\u00a0 uma das correntes\u00a0 mais \u00e0 esquerda no\u00a0 PT, a A\u00e7\u00e3o Popular Socialista. Construiu a imagem de deputada combativa e atuou na oposi\u00e7\u00e3o aos governos estaduais, inclusive o do PT, com\u00a0 Vitor Buaiz. Servidora do Instituto Nacional de Coloniza\u00e7\u00e3o e Reforma Agr\u00e1ria (Incra), passa semanas em assentamentos no interior.<\/p>\n<p>Terceira de sete filhos e com fortes la\u00e7os familiares, Brice vem de uma inf\u00e2ncia pobre. Ajudou os pais na ro\u00e7a, militou na Igreja Cat\u00f3lica, participou de grupos teatrais, foi banc\u00e1ria e balconista. &#8220;Vim para Vit\u00f3ria em 1972, com 18 anos, trabalhar em casa de fam\u00edlia a troco das despesas e hospedagem para estudar&#8221;, lembra. Graduou-se\u00a0 em Servi\u00e7o Social em 1979 e em Direito em 2003.<\/p>\n<p>Sua plataforma de governo defende a &#8220;invers\u00e3o da l\u00f3gica&#8221; dos oito anos do governo Paulo Hartung (PMDB), ao qual faz oposi\u00e7\u00e3o.<\/p>\n","protected":false},"excerpt":{"rendered":"<p>O Partido Socialismo e Liberdade (PSOL), em conven\u00e7\u00e3o realizada no s\u00e1bado (26), na sede do Sindicato dos Banc\u00e1rios, em Vit\u00f3ria, oficializou a candidatura da ex-deputada estadual Brice Bragato ao governo do Esp\u00edrito Santo.<\/p>\n","protected":false},"author":2,"featured_media":0,"comment_status":"open","ping_status":"open","sticky":false,"template":"","format":"standard","meta":{"_acf_changed":false,"footnotes":""},"categories":[4766,4976],"tags":[4977],"class_list":{"0":"post-1392","1":"post","2":"type-post","3":"status-publish","4":"format-standard","6":"category-arquivo","7":"category-eleicoes-2010","8":"tag-eleicoes-2010"},"acf":[],"yoast_head":"<!-- This site is optimized with the Yoast SEO plugin v26.5 - https:\/\/yoast.com\/wordpress\/plugins\/seo\/ -->\n<title>Brice Bragato \u00e9 a candidata do PSOL ao governo do ES - PSOL 50<\/title>\n<meta name=\"robots\" content=\"index, follow, max-snippet:-1, max-image-preview:large, max-video-preview:-1\" \/>\n<link rel=\"canonical\" href=\"https:\/\/psol50.org.br\/brice-bragato-e-a-candidata-do-psol-ao-governo-do-es\/\" \/>\n<meta property=\"og:locale\" content=\"pt_BR\" \/>\n<meta property=\"og:type\" content=\"article\" \/>\n<meta property=\"og:title\" content=\"Brice Bragato \u00e9 a candidata do PSOL ao governo do ES - PSOL 50\" \/>\n<meta property=\"og:description\" content=\"O Partido Socialismo e Liberdade (PSOL), em conven\u00e7\u00e3o realizada no s\u00e1bado (26), na sede do Sindicato dos Banc\u00e1rios, em Vit\u00f3ria, oficializou a candidatura da ex-deputada estadual Brice Bragato ao governo do Esp\u00edrito Santo.\" \/>\n<meta property=\"og:url\" content=\"https:\/\/psol50.org.br\/brice-bragato-e-a-candidata-do-psol-ao-governo-do-es\/\" \/>\n<meta property=\"og:site_name\" content=\"PSOL 50\" \/>\n<meta property=\"article:publisher\" content=\"https:\/\/www.facebook.com\/psol50\" \/>\n<meta property=\"article:published_time\" content=\"2010-06-29T00:00:00+00:00\" \/>\n<meta property=\"og:image\" content=\"http:\/\/psol50.org.br\/files\/2010\/06\/brice.jpg\" \/>\n<meta name=\"author\" content=\"Comunica\u00e7\u00e3o PSOL\" \/>\n<meta name=\"twitter:card\" content=\"summary_large_image\" \/>\n<meta name=\"twitter:creator\" content=\"@psol50\" \/>\n<meta name=\"twitter:site\" content=\"@psol50\" \/>\n<meta name=\"twitter:label1\" content=\"Escrito por\" \/>\n\t<meta name=\"twitter:data1\" content=\"Comunica\u00e7\u00e3o PSOL\" \/>\n\t<meta name=\"twitter:label2\" content=\"Est. tempo de leitura\" \/>\n\t<meta name=\"twitter:data2\" content=\"2 minutos\" \/>\n<script type=\"application\/ld+json\" class=\"yoast-schema-graph\">{\"@context\":\"https:\/\/schema.org\",\"@graph\":[{\"@type\":\"Article\",\"@id\":\"https:\/\/psol50.org.br\/brice-bragato-e-a-candidata-do-psol-ao-governo-do-es\/#article\",\"isPartOf\":{\"@id\":\"https:\/\/psol50.org.br\/brice-bragato-e-a-candidata-do-psol-ao-governo-do-es\/\"},\"author\":{\"name\":\"Comunica\u00e7\u00e3o PSOL\",\"@id\":\"https:\/\/psol50.org.br\/#\/schema\/person\/475dfa57d0b815993c714c2e96491fcd\"},\"headline\":\"Brice Bragato \u00e9 a candidata do PSOL ao governo do ES\",\"datePublished\":\"2010-06-29T00:00:00+00:00\",\"mainEntityOfPage\":{\"@id\":\"https:\/\/psol50.org.br\/brice-bragato-e-a-candidata-do-psol-ao-governo-do-es\/\"},\"wordCount\":375,\"commentCount\":0,\"publisher\":{\"@id\":\"https:\/\/psol50.org.br\/#organization\"},\"image\":{\"@id\":\"https:\/\/psol50.org.br\/brice-bragato-e-a-candidata-do-psol-ao-governo-do-es\/#primaryimage\"},\"thumbnailUrl\":\"http:\/\/psol50.org.br\/files\/2010\/06\/brice.jpg\",\"keywords\":[\"Elei\u00e7\u00f5es 2010\"],\"articleSection\":[\"Arquivo\",\"ELEI\u00c7\u00d5ES 2010\"],\"inLanguage\":\"pt-BR\",\"potentialAction\":[{\"@type\":\"CommentAction\",\"name\":\"Comment\",\"target\":[\"https:\/\/psol50.org.br\/brice-bragato-e-a-candidata-do-psol-ao-governo-do-es\/#respond\"]}]},{\"@type\":\"WebPage\",\"@id\":\"https:\/\/psol50.org.br\/brice-bragato-e-a-candidata-do-psol-ao-governo-do-es\/\",\"url\":\"https:\/\/psol50.org.br\/brice-bragato-e-a-candidata-do-psol-ao-governo-do-es\/\",\"name\":\"Brice Bragato \u00e9 a candidata do PSOL ao governo do ES - PSOL 50\",\"isPartOf\":{\"@id\":\"https:\/\/psol50.org.br\/#website\"},\"primaryImageOfPage\":{\"@id\":\"https:\/\/psol50.org.br\/brice-bragato-e-a-candidata-do-psol-ao-governo-do-es\/#primaryimage\"},\"image\":{\"@id\":\"https:\/\/psol50.org.br\/brice-bragato-e-a-candidata-do-psol-ao-governo-do-es\/#primaryimage\"},\"thumbnailUrl\":\"http:\/\/psol50.org.br\/files\/2010\/06\/brice.jpg\",\"datePublished\":\"2010-06-29T00:00:00+00:00\",\"breadcrumb\":{\"@id\":\"https:\/\/psol50.org.br\/brice-bragato-e-a-candidata-do-psol-ao-governo-do-es\/#breadcrumb\"},\"inLanguage\":\"pt-BR\",\"potentialAction\":[{\"@type\":\"ReadAction\",\"target\":[\"https:\/\/psol50.org.br\/brice-bragato-e-a-candidata-do-psol-ao-governo-do-es\/\"]}]},{\"@type\":\"ImageObject\",\"inLanguage\":\"pt-BR\",\"@id\":\"https:\/\/psol50.org.br\/brice-bragato-e-a-candidata-do-psol-ao-governo-do-es\/#primaryimage\",\"url\":\"http:\/\/psol50.org.br\/files\/2010\/06\/brice.jpg\",\"contentUrl\":\"http:\/\/psol50.org.br\/files\/2010\/06\/brice.jpg\"},{\"@type\":\"BreadcrumbList\",\"@id\":\"https:\/\/psol50.org.br\/brice-bragato-e-a-candidata-do-psol-ao-governo-do-es\/#breadcrumb\",\"itemListElement\":[{\"@type\":\"ListItem\",\"position\":1,\"name\":\"In\u00edcio\",\"item\":\"https:\/\/psol50.org.br\/\"},{\"@type\":\"ListItem\",\"position\":2,\"name\":\"Brice Bragato \u00e9 a candidata do PSOL ao governo do ES\"}]},{\"@type\":\"WebSite\",\"@id\":\"https:\/\/psol50.org.br\/#website\",\"url\":\"https:\/\/psol50.org.br\/\",\"name\":\"PSOL 50\",\"description\":\"Site oficial do Partido Socialismo e Liberdade\",\"publisher\":{\"@id\":\"https:\/\/psol50.org.br\/#organization\"},\"alternateName\":\"PSOL50\",\"potentialAction\":[{\"@type\":\"SearchAction\",\"target\":{\"@type\":\"EntryPoint\",\"urlTemplate\":\"https:\/\/psol50.org.br\/?s={search_term_string}\"},\"query-input\":{\"@type\":\"PropertyValueSpecification\",\"valueRequired\":true,\"valueName\":\"search_term_string\"}}],\"inLanguage\":\"pt-BR\"},{\"@type\":\"Organization\",\"@id\":\"https:\/\/psol50.org.br\/#organization\",\"name\":\"PSOL 50\",\"alternateName\":\"PSOL 50\",\"url\":\"https:\/\/psol50.org.br\/\",\"logo\":{\"@type\":\"ImageObject\",\"inLanguage\":\"pt-BR\",\"@id\":\"https:\/\/psol50.org.br\/#\/schema\/logo\/image\/\",\"url\":\"https:\/\/psol50.org.br\/inc\/uploads\/2018\/07\/capa.png\",\"contentUrl\":\"https:\/\/psol50.org.br\/inc\/uploads\/2018\/07\/capa.png\",\"width\":1350,\"height\":900,\"caption\":\"PSOL 50\"},\"image\":{\"@id\":\"https:\/\/psol50.org.br\/#\/schema\/logo\/image\/\"},\"sameAs\":[\"https:\/\/www.facebook.com\/psol50\",\"https:\/\/x.com\/psol50\",\"https:\/\/www.instagram.com\/psol50\/\",\"https:\/\/www.youtube.com\/channel\/UC7SnJS5o1os7a6CaiNabzcg\"]},{\"@type\":\"Person\",\"@id\":\"https:\/\/psol50.org.br\/#\/schema\/person\/475dfa57d0b815993c714c2e96491fcd\",\"name\":\"Comunica\u00e7\u00e3o PSOL\",\"image\":{\"@type\":\"ImageObject\",\"inLanguage\":\"pt-BR\",\"@id\":\"https:\/\/psol50.org.br\/#\/schema\/person\/image\/\",\"url\":\"https:\/\/secure.gravatar.com\/avatar\/b34fc4f4e468a4e51785917065a3db57b841f5c95dba6ad8c73aaf8f66f8f9bf?s=96&d=mm&r=g\",\"contentUrl\":\"https:\/\/secure.gravatar.com\/avatar\/b34fc4f4e468a4e51785917065a3db57b841f5c95dba6ad8c73aaf8f66f8f9bf?s=96&d=mm&r=g\",\"caption\":\"Comunica\u00e7\u00e3o PSOL\"}}]}<\/script>\n<!-- \/ Yoast SEO plugin. -->","yoast_head_json":{"title":"Brice Bragato \u00e9 a candidata do PSOL ao governo do ES - PSOL 50","robots":{"index":"index","follow":"follow","max-snippet":"max-snippet:-1","max-image-preview":"max-image-preview:large","max-video-preview":"max-video-preview:-1"},"canonical":"https:\/\/psol50.org.br\/brice-bragato-e-a-candidata-do-psol-ao-governo-do-es\/","og_locale":"pt_BR","og_type":"article","og_title":"Brice Bragato \u00e9 a candidata do PSOL ao governo do ES - PSOL 50","og_description":"O Partido Socialismo e Liberdade (PSOL), em conven\u00e7\u00e3o realizada no s\u00e1bado (26), na sede do Sindicato dos Banc\u00e1rios, em Vit\u00f3ria, oficializou a candidatura da ex-deputada estadual Brice Bragato ao governo do Esp\u00edrito Santo.","og_url":"https:\/\/psol50.org.br\/brice-bragato-e-a-candidata-do-psol-ao-governo-do-es\/","og_site_name":"PSOL 50","article_publisher":"https:\/\/www.facebook.com\/psol50","article_published_time":"2010-06-29T00:00:00+00:00","og_image":[{"url":"http:\/\/psol50.org.br\/files\/2010\/06\/brice.jpg","type":"","width":"","height":""}],"author":"Comunica\u00e7\u00e3o PSOL","twitter_card":"summary_large_image","twitter_creator":"@psol50","twitter_site":"@psol50","twitter_misc":{"Escrito por":"Comunica\u00e7\u00e3o PSOL","Est. tempo de leitura":"2 minutos"},"schema":{"@context":"https:\/\/schema.org","@graph":[{"@type":"Article","@id":"https:\/\/psol50.org.br\/brice-bragato-e-a-candidata-do-psol-ao-governo-do-es\/#article","isPartOf":{"@id":"https:\/\/psol50.org.br\/brice-bragato-e-a-candidata-do-psol-ao-governo-do-es\/"},"author":{"name":"Comunica\u00e7\u00e3o PSOL","@id":"https:\/\/psol50.org.br\/#\/schema\/person\/475dfa57d0b815993c714c2e96491fcd"},"headline":"Brice Bragato \u00e9 a candidata do PSOL ao governo do ES","datePublished":"2010-06-29T00:00:00+00:00","mainEntityOfPage":{"@id":"https:\/\/psol50.org.br\/brice-bragato-e-a-candidata-do-psol-ao-governo-do-es\/"},"wordCount":375,"commentCount":0,"publisher":{"@id":"https:\/\/psol50.org.br\/#organization"},"image":{"@id":"https:\/\/psol50.org.br\/brice-bragato-e-a-candidata-do-psol-ao-governo-do-es\/#primaryimage"},"thumbnailUrl":"http:\/\/psol50.org.br\/files\/2010\/06\/brice.jpg","keywords":["Elei\u00e7\u00f5es 2010"],"articleSection":["Arquivo","ELEI\u00c7\u00d5ES 2010"],"inLanguage":"pt-BR","potentialAction":[{"@type":"CommentAction","name":"Comment","target":["https:\/\/psol50.org.br\/brice-bragato-e-a-candidata-do-psol-ao-governo-do-es\/#respond"]}]},{"@type":"WebPage","@id":"https:\/\/psol50.org.br\/brice-bragato-e-a-candidata-do-psol-ao-governo-do-es\/","url":"https:\/\/psol50.org.br\/brice-bragato-e-a-candidata-do-psol-ao-governo-do-es\/","name":"Brice Bragato \u00e9 a candidata do PSOL ao governo do ES - PSOL 50","isPartOf":{"@id":"https:\/\/psol50.org.br\/#website"},"primaryImageOfPage":{"@id":"https:\/\/psol50.org.br\/brice-bragato-e-a-candidata-do-psol-ao-governo-do-es\/#primaryimage"},"image":{"@id":"https:\/\/psol50.org.br\/brice-bragato-e-a-candidata-do-psol-ao-governo-do-es\/#primaryimage"},"thumbnailUrl":"http:\/\/psol50.org.br\/files\/2010\/06\/brice.jpg","datePublished":"2010-06-29T00:00:00+00:00","breadcrumb":{"@id":"https:\/\/psol50.org.br\/brice-bragato-e-a-candidata-do-psol-ao-governo-do-es\/#breadcrumb"},"inLanguage":"pt-BR","potentialAction":[{"@type":"ReadAction","target":["https:\/\/psol50.org.br\/brice-bragato-e-a-candidata-do-psol-ao-governo-do-es\/"]}]},{"@type":"ImageObject","inLanguage":"pt-BR","@id":"https:\/\/psol50.org.br\/brice-bragato-e-a-candidata-do-psol-ao-governo-do-es\/#primaryimage","url":"http:\/\/psol50.org.br\/files\/2010\/06\/brice.jpg","contentUrl":"http:\/\/psol50.org.br\/files\/2010\/06\/brice.jpg"},{"@type":"BreadcrumbList","@id":"https:\/\/psol50.org.br\/brice-bragato-e-a-candidata-do-psol-ao-governo-do-es\/#breadcrumb","itemListElement":[{"@type":"ListItem","position":1,"name":"In\u00edcio","item":"https:\/\/psol50.org.br\/"},{"@type":"ListItem","position":2,"name":"Brice Bragato \u00e9 a candidata do PSOL ao governo do ES"}]},{"@type":"WebSite","@id":"https:\/\/psol50.org.br\/#website","url":"https:\/\/psol50.org.br\/","name":"PSOL 50","description":"Site oficial do Partido Socialismo e Liberdade","publisher":{"@id":"https:\/\/psol50.org.br\/#organization"},"alternateName":"PSOL50","potentialAction":[{"@type":"SearchAction","target":{"@type":"EntryPoint","urlTemplate":"https:\/\/psol50.org.br\/?s={search_term_string}"},"query-input":{"@type":"PropertyValueSpecification","valueRequired":true,"valueName":"search_term_string"}}],"inLanguage":"pt-BR"},{"@type":"Organization","@id":"https:\/\/psol50.org.br\/#organization","name":"PSOL 50","alternateName":"PSOL 50","url":"https:\/\/psol50.org.br\/","logo":{"@type":"ImageObject","inLanguage":"pt-BR","@id":"https:\/\/psol50.org.br\/#\/schema\/logo\/image\/","url":"https:\/\/psol50.org.br\/inc\/uploads\/2018\/07\/capa.png","contentUrl":"https:\/\/psol50.org.br\/inc\/uploads\/2018\/07\/capa.png","width":1350,"height":900,"caption":"PSOL 50"},"image":{"@id":"https:\/\/psol50.org.br\/#\/schema\/logo\/image\/"},"sameAs":["https:\/\/www.facebook.com\/psol50","https:\/\/x.com\/psol50","https:\/\/www.instagram.com\/psol50\/","https:\/\/www.youtube.com\/channel\/UC7SnJS5o1os7a6CaiNabzcg"]},{"@type":"Person","@id":"https:\/\/psol50.org.br\/#\/schema\/person\/475dfa57d0b815993c714c2e96491fcd","name":"Comunica\u00e7\u00e3o PSOL","image":{"@type":"ImageObject","inLanguage":"pt-BR","@id":"https:\/\/psol50.org.br\/#\/schema\/person\/image\/","url":"https:\/\/secure.gravatar.com\/avatar\/b34fc4f4e468a4e51785917065a3db57b841f5c95dba6ad8c73aaf8f66f8f9bf?s=96&d=mm&r=g","contentUrl":"https:\/\/secure.gravatar.com\/avatar\/b34fc4f4e468a4e51785917065a3db57b841f5c95dba6ad8c73aaf8f66f8f9bf?s=96&d=mm&r=g","caption":"Comunica\u00e7\u00e3o PSOL"}}]}},"_links":{"self":[{"href":"https:\/\/psol50.org.br\/rest\/wp\/v2\/posts\/1392","targetHints":{"allow":["GET"]}}],"collection":[{"href":"https:\/\/psol50.org.br\/rest\/wp\/v2\/posts"}],"about":[{"href":"https:\/\/psol50.org.br\/rest\/wp\/v2\/types\/post"}],"author":[{"embeddable":true,"href":"https:\/\/psol50.org.br\/rest\/wp\/v2\/users\/2"}],"replies":[{"embeddable":true,"href":"https:\/\/psol50.org.br\/rest\/wp\/v2\/comments?post=1392"}],"version-history":[{"count":0,"href":"https:\/\/psol50.org.br\/rest\/wp\/v2\/posts\/1392\/revisions"}],"wp:attachment":[{"href":"https:\/\/psol50.org.br\/rest\/wp\/v2\/media?parent=1392"}],"wp:term":[{"taxonomy":"category","embeddable":true,"href":"https:\/\/psol50.org.br\/rest\/wp\/v2\/categories?post=1392"},{"taxonomy":"post_tag","embeddable":true,"href":"https:\/\/psol50.org.br\/rest\/wp\/v2\/tags?post=1392"}],"curies":[{"name":"wp","href":"https:\/\/api.w.org\/{rel}","templated":true}]}}