{"id":13926,"date":"2016-09-23T15:43:24","date_gmt":"2016-09-23T15:43:24","guid":{"rendered":"http:\/\/www.psol50.org.br\/?p=13926"},"modified":"2016-09-23T15:43:24","modified_gmt":"2016-09-23T15:43:24","slug":"exercito-nao-esclarece-questionamentos-sobre-agente-infiltrado-em-movimentos-sociais","status":"publish","type":"post","link":"https:\/\/psol50.org.br\/exercito-nao-esclarece-questionamentos-sobre-agente-infiltrado-em-movimentos-sociais\/","title":{"rendered":"Ex\u00e9rcito n\u00e3o esclarece questionamentos sobre agente infiltrado em movimentos sociais"},"content":{"rendered":"<p><a href=\"http:\/\/g1.globo.com\/sao-paulo\/noticia\/2016\/09\/exercito-admite-realizar-operacoes-de-inteligencia-em-manifestacoes-de-rua.html\" target=\"_blank\" rel=\"noopener\"><span style=\"color: #3366ff\"><strong>Reportagem divulgada nesta sexta-feira (23\/09) pelo portal de not\u00edcias G1<\/strong><\/span><\/a> revela que o Ex\u00e9rcito brasileiro, embora admita realizar \u201copera\u00e7\u00f5es de intelig\u00eancia\u201d permanentes em \u201cmanifesta\u00e7\u00f5es de rua\u201d, n\u00e3o respondeu aos v\u00e1rios questionamentos feitos em rela\u00e7\u00e3o ao capit\u00e3o Willian Pina Botelho, que, com o codinome \u201cBalta Nunes\u201d, participava como infiltrado em diversas manifesta\u00e7\u00f5es pelo Fora Temer em S\u00e3o Paulo. O caso foi revelado no in\u00edcio do m\u00eas por ve\u00edculos da imprensa alternativa.<\/p>\n<p><a href=\"http:\/\/www.psol50.org.br\/blog\/2016\/09\/13\/capitao-do-exercito-infiltrado-monitorava-movimentos-organizados-da-frente-povo-sem-medo\/\" target=\"_blank\" rel=\"noopener\"><span style=\"color: #3366ff\"><strong>Reportagem publicada pela M\u00eddia Ninja<\/strong><\/span><\/a>, elaborada em parceria com a equipe de comunica\u00e7\u00e3o do PSOL, apontou, ainda, que a atua\u00e7\u00e3o do agente n\u00e3o ficou apenas em grupos de jovens que iriam a manifesta\u00e7\u00f5es e se organizavam em redes sociais: ele monitorou ostensivamente movimentos sociais da Frente Povo Sem Medo, como o Movimento dos Trabalhadores Sem-Teto (MTST), o Fora do Eixo, a Uni\u00e3o Nacional dos Estudantes (UNE)\u00a0e a Intersindical \u2013 Central da Classe Trabalhadora, al\u00e9m de diversos coletivos de juventude.<\/p>\n<p>Segundo o G1, apesar de ter confirmado que \u201cBalta Nunes\u201d era mesmo Willian Botelho, a assessoria de imprensa do Ex\u00e9rcito em Bras\u00edlia n\u00e3o respondeu se o capit\u00e3o estava realmente trabalhando como agente infiltrado e se tinha autoriza\u00e7\u00e3o judicial ou n\u00e3o. Al\u00e9m disso, n\u00e3o explicou o que o oficial fazia no Centro Cultural S\u00e3o Paulo, no dia 4 de setembro, quando ele e cerca de 20 ativistas foram detidos pela PM enquanto se preparavam para participar do ato Fora Temer na Avenida Paulista. Tampouco esclarece se est\u00e1 apurando alguma irregularidade supostamente cometida pelo capit\u00e3o.<\/p>\n<p>Ainda de acordo com a reportagem divulgada hoje, entre as 20 perguntas enviadas ao Ex\u00e9rcito, o portal questionou se o &#8220;Ex\u00e9rcito e a pol\u00edcia de S\u00e3o Paulo estavam agindo em parceria para identificar e prender manifestantes que planejavam depredar o patrim\u00f4nio p\u00fablico?&#8221;. O que tamb\u00e9m n\u00e3o foi respondido pela assessoria da for\u00e7a armada.<\/p>\n<p>O fato envolvendo o capit\u00e3o do Ex\u00e9rcito \u00e9 investigado pelos minist\u00e9rios p\u00fablicos estadual e federal. O MP de S\u00e3o Paulo tamb\u00e9m apura a legalidade da a\u00e7\u00e3o policial, que liberou o militar da pris\u00e3o, enquanto os manifestantes foram levados detidos \u00e0 Pol\u00edcia Civil, onde acabaram sendo enquadrados por associa\u00e7\u00e3o criminosa e corrup\u00e7\u00e3o de menores.<\/p>\n<p><strong>L\u00edder do PSOL tamb\u00e9m exige informa\u00e7\u00f5es<br \/>\n<\/strong>No dia 14 de setembro, o l\u00edder do PSOL, deputado Ivan Valente, protocolou na Mesa Diretora da C\u00e2mara um <a href=\"http:\/\/www.psol50.org.br\/blog\/2016\/09\/14\/ivan-valente-exige-informacoes-sobre-capitao-infiltrado-em-movimentos-sociais\/\" target=\"_blank\" rel=\"noopener\"><span style=\"color: #3366ff\"><strong>requerimento de informa\u00e7\u00e3o<\/strong><\/span><\/a> exigindo do Minist\u00e9rio da Defesa informa\u00e7\u00f5es sobre a infiltra\u00e7\u00e3o de agentes em movimentos sociais e, em especial, sobre o caso do capit\u00e3o Willian Pina Botelho.<\/p>\n<p>Valente apresentou ao ministro Raul Jungmann uma s\u00e9rie de perguntas sobre as den\u00fancias divulgadas no in\u00edcio do m\u00eas, entre as quais se o \u00f3rg\u00e3o confirma que Botelho era um agente infiltrado pelo Ex\u00e9rcito; se as For\u00e7as Armadas monitoram, utilizando o m\u00e9todo da infiltra\u00e7\u00e3o de agentes, movimentos como os da Frente Povo Sem Medo; e se existe uma parceria entre a Pol\u00edcia Militar paulista e o Ex\u00e9rcito para os monitoramentos.<\/p>\n<p>O deputado Waldir Maranh\u00e3o (PP-MA) foi designado o relator do requerimento, que precisa ser aprovado antes e, em seguida, enviado ao ministro da Defesa. Ap\u00f3s receb\u00ea-lo, Raul Jungmann ter\u00e1 o prazo de at\u00e9 30 dias para responder.<\/p>\n<p><a href=\"http:\/\/www.camara.gov.br\/proposicoesWeb\/fichadetramitacao?idProposicao=2111697\" target=\"_blank\" rel=\"noopener\"><span style=\"color: #3366ff\"><strong>Confira aqui o conte\u00fado completo e a tramita\u00e7\u00e3o do requerimento<\/strong><\/span><\/a>.<\/p>\n<p>&nbsp;<\/p>\n","protected":false},"excerpt":{"rendered":"<p>Reportagem divulgada nesta sexta-feira (23\/09) pelo portal de not\u00edcias G1 revela que o Ex\u00e9rcito brasileiro, embora admita realizar \u201copera\u00e7\u00f5es de intelig\u00eancia\u201d permanentes em \u201cmanifesta\u00e7\u00f5es de rua\u201d, n\u00e3o respondeu aos v\u00e1rios questionamentos feitos em rela\u00e7\u00e3o ao capit\u00e3o Willian Pina Botelho, que, com o codinome \u201cBalta Nunes\u201d, participava como infiltrado em diversas manifesta\u00e7\u00f5es pelo Fora Temer em [&hellip;]<\/p>\n","protected":false},"author":2,"featured_media":13927,"comment_status":"open","ping_status":"open","sticky":false,"template":"","format":"standard","meta":{"_acf_changed":false,"footnotes":""},"categories":[1882,1104,6],"tags":[766,2169,4533,552,239,314,99,1128,4561],"class_list":{"0":"post-13926","1":"post","2":"type-post","3":"status-publish","4":"format-standard","5":"has-post-thumbnail","7":"category-brasil","8":"category-movimento","9":"category-noticias","10":"tag-exercito","11":"tag-fora-temer","12":"tag-infiltracao","13":"tag-ivan-valente","14":"tag-jovens","15":"tag-manifestacoes","16":"tag-movimentos-sociais","17":"tag-requerimento-de-informacao","18":"tag-willian-pina-botelho"},"acf":[],"yoast_head":"<!-- This site is optimized with the Yoast SEO plugin v26.5 - https:\/\/yoast.com\/wordpress\/plugins\/seo\/ -->\n<title>Ex\u00e9rcito n\u00e3o esclarece questionamentos sobre agente infiltrado em movimentos sociais - PSOL 50<\/title>\n<meta name=\"robots\" content=\"index, follow, max-snippet:-1, max-image-preview:large, max-video-preview:-1\" \/>\n<link rel=\"canonical\" href=\"https:\/\/psol50.org.br\/exercito-nao-esclarece-questionamentos-sobre-agente-infiltrado-em-movimentos-sociais\/\" \/>\n<meta property=\"og:locale\" content=\"pt_BR\" \/>\n<meta property=\"og:type\" content=\"article\" \/>\n<meta property=\"og:title\" content=\"Ex\u00e9rcito n\u00e3o esclarece questionamentos sobre agente infiltrado em movimentos sociais - PSOL 50\" \/>\n<meta property=\"og:description\" content=\"Reportagem divulgada nesta sexta-feira (23\/09) pelo portal de not\u00edcias G1 revela que o Ex\u00e9rcito brasileiro, embora admita realizar \u201copera\u00e7\u00f5es de intelig\u00eancia\u201d permanentes em \u201cmanifesta\u00e7\u00f5es de rua\u201d, n\u00e3o respondeu aos v\u00e1rios questionamentos feitos em rela\u00e7\u00e3o ao capit\u00e3o Willian Pina Botelho, que, com o codinome \u201cBalta Nunes\u201d, participava como infiltrado em diversas manifesta\u00e7\u00f5es pelo Fora Temer em [&hellip;]\" \/>\n<meta property=\"og:url\" content=\"https:\/\/psol50.org.br\/exercito-nao-esclarece-questionamentos-sobre-agente-infiltrado-em-movimentos-sociais\/\" \/>\n<meta property=\"og:site_name\" content=\"PSOL 50\" \/>\n<meta property=\"article:publisher\" content=\"https:\/\/www.facebook.com\/psol50\" \/>\n<meta property=\"article:published_time\" content=\"2016-09-23T15:43:24+00:00\" \/>\n<meta property=\"og:image\" content=\"https:\/\/psol50.org.br\/inc\/uploads\/2018\/07\/capa.png\" \/>\n\t<meta property=\"og:image:width\" content=\"1350\" \/>\n\t<meta property=\"og:image:height\" content=\"900\" \/>\n\t<meta property=\"og:image:type\" content=\"image\/png\" \/>\n<meta name=\"author\" content=\"Comunica\u00e7\u00e3o PSOL\" \/>\n<meta name=\"twitter:card\" content=\"summary_large_image\" \/>\n<meta name=\"twitter:creator\" content=\"@psol50\" \/>\n<meta name=\"twitter:site\" content=\"@psol50\" \/>\n<meta name=\"twitter:label1\" content=\"Escrito por\" \/>\n\t<meta name=\"twitter:data1\" content=\"Comunica\u00e7\u00e3o PSOL\" \/>\n\t<meta name=\"twitter:label2\" content=\"Est. tempo de leitura\" \/>\n\t<meta name=\"twitter:data2\" content=\"3 minutos\" \/>\n<script type=\"application\/ld+json\" class=\"yoast-schema-graph\">{\"@context\":\"https:\/\/schema.org\",\"@graph\":[{\"@type\":\"Article\",\"@id\":\"https:\/\/psol50.org.br\/exercito-nao-esclarece-questionamentos-sobre-agente-infiltrado-em-movimentos-sociais\/#article\",\"isPartOf\":{\"@id\":\"https:\/\/psol50.org.br\/exercito-nao-esclarece-questionamentos-sobre-agente-infiltrado-em-movimentos-sociais\/\"},\"author\":{\"name\":\"Comunica\u00e7\u00e3o PSOL\",\"@id\":\"https:\/\/psol50.org.br\/#\/schema\/person\/475dfa57d0b815993c714c2e96491fcd\"},\"headline\":\"Ex\u00e9rcito n\u00e3o esclarece questionamentos sobre agente infiltrado em movimentos sociais\",\"datePublished\":\"2016-09-23T15:43:24+00:00\",\"mainEntityOfPage\":{\"@id\":\"https:\/\/psol50.org.br\/exercito-nao-esclarece-questionamentos-sobre-agente-infiltrado-em-movimentos-sociais\/\"},\"wordCount\":599,\"commentCount\":0,\"publisher\":{\"@id\":\"https:\/\/psol50.org.br\/#organization\"},\"image\":{\"@id\":\"https:\/\/psol50.org.br\/exercito-nao-esclarece-questionamentos-sobre-agente-infiltrado-em-movimentos-sociais\/#primaryimage\"},\"thumbnailUrl\":\"\",\"keywords\":[\"Ex\u00e9rcito\",\"Fora Temer\",\"Infiltra\u00e7\u00e3o\",\"Ivan Valente\",\"jovens\",\"manifesta\u00e7\u00f5es\",\"movimentos sociais\",\"requerimento de informa\u00e7\u00e3o\",\"Willian Pina Botelho\"],\"articleSection\":[\"Brasil\",\"Movimento\",\"Not\u00edcias\"],\"inLanguage\":\"pt-BR\",\"potentialAction\":[{\"@type\":\"CommentAction\",\"name\":\"Comment\",\"target\":[\"https:\/\/psol50.org.br\/exercito-nao-esclarece-questionamentos-sobre-agente-infiltrado-em-movimentos-sociais\/#respond\"]}]},{\"@type\":\"WebPage\",\"@id\":\"https:\/\/psol50.org.br\/exercito-nao-esclarece-questionamentos-sobre-agente-infiltrado-em-movimentos-sociais\/\",\"url\":\"https:\/\/psol50.org.br\/exercito-nao-esclarece-questionamentos-sobre-agente-infiltrado-em-movimentos-sociais\/\",\"name\":\"Ex\u00e9rcito n\u00e3o esclarece questionamentos sobre agente infiltrado em movimentos sociais - PSOL 50\",\"isPartOf\":{\"@id\":\"https:\/\/psol50.org.br\/#website\"},\"primaryImageOfPage\":{\"@id\":\"https:\/\/psol50.org.br\/exercito-nao-esclarece-questionamentos-sobre-agente-infiltrado-em-movimentos-sociais\/#primaryimage\"},\"image\":{\"@id\":\"https:\/\/psol50.org.br\/exercito-nao-esclarece-questionamentos-sobre-agente-infiltrado-em-movimentos-sociais\/#primaryimage\"},\"thumbnailUrl\":\"\",\"datePublished\":\"2016-09-23T15:43:24+00:00\",\"breadcrumb\":{\"@id\":\"https:\/\/psol50.org.br\/exercito-nao-esclarece-questionamentos-sobre-agente-infiltrado-em-movimentos-sociais\/#breadcrumb\"},\"inLanguage\":\"pt-BR\",\"potentialAction\":[{\"@type\":\"ReadAction\",\"target\":[\"https:\/\/psol50.org.br\/exercito-nao-esclarece-questionamentos-sobre-agente-infiltrado-em-movimentos-sociais\/\"]}]},{\"@type\":\"ImageObject\",\"inLanguage\":\"pt-BR\",\"@id\":\"https:\/\/psol50.org.br\/exercito-nao-esclarece-questionamentos-sobre-agente-infiltrado-em-movimentos-sociais\/#primaryimage\",\"url\":\"\",\"contentUrl\":\"\"},{\"@type\":\"BreadcrumbList\",\"@id\":\"https:\/\/psol50.org.br\/exercito-nao-esclarece-questionamentos-sobre-agente-infiltrado-em-movimentos-sociais\/#breadcrumb\",\"itemListElement\":[{\"@type\":\"ListItem\",\"position\":1,\"name\":\"In\u00edcio\",\"item\":\"https:\/\/psol50.org.br\/\"},{\"@type\":\"ListItem\",\"position\":2,\"name\":\"Ex\u00e9rcito n\u00e3o esclarece questionamentos sobre agente infiltrado em movimentos sociais\"}]},{\"@type\":\"WebSite\",\"@id\":\"https:\/\/psol50.org.br\/#website\",\"url\":\"https:\/\/psol50.org.br\/\",\"name\":\"PSOL 50\",\"description\":\"Site oficial do Partido Socialismo e Liberdade\",\"publisher\":{\"@id\":\"https:\/\/psol50.org.br\/#organization\"},\"alternateName\":\"PSOL50\",\"potentialAction\":[{\"@type\":\"SearchAction\",\"target\":{\"@type\":\"EntryPoint\",\"urlTemplate\":\"https:\/\/psol50.org.br\/?s={search_term_string}\"},\"query-input\":{\"@type\":\"PropertyValueSpecification\",\"valueRequired\":true,\"valueName\":\"search_term_string\"}}],\"inLanguage\":\"pt-BR\"},{\"@type\":\"Organization\",\"@id\":\"https:\/\/psol50.org.br\/#organization\",\"name\":\"PSOL 50\",\"alternateName\":\"PSOL 50\",\"url\":\"https:\/\/psol50.org.br\/\",\"logo\":{\"@type\":\"ImageObject\",\"inLanguage\":\"pt-BR\",\"@id\":\"https:\/\/psol50.org.br\/#\/schema\/logo\/image\/\",\"url\":\"https:\/\/psol50.org.br\/inc\/uploads\/2018\/07\/capa.png\",\"contentUrl\":\"https:\/\/psol50.org.br\/inc\/uploads\/2018\/07\/capa.png\",\"width\":1350,\"height\":900,\"caption\":\"PSOL 50\"},\"image\":{\"@id\":\"https:\/\/psol50.org.br\/#\/schema\/logo\/image\/\"},\"sameAs\":[\"https:\/\/www.facebook.com\/psol50\",\"https:\/\/x.com\/psol50\",\"https:\/\/www.instagram.com\/psol50\/\",\"https:\/\/www.youtube.com\/channel\/UC7SnJS5o1os7a6CaiNabzcg\"]},{\"@type\":\"Person\",\"@id\":\"https:\/\/psol50.org.br\/#\/schema\/person\/475dfa57d0b815993c714c2e96491fcd\",\"name\":\"Comunica\u00e7\u00e3o PSOL\",\"image\":{\"@type\":\"ImageObject\",\"inLanguage\":\"pt-BR\",\"@id\":\"https:\/\/psol50.org.br\/#\/schema\/person\/image\/\",\"url\":\"https:\/\/secure.gravatar.com\/avatar\/b34fc4f4e468a4e51785917065a3db57b841f5c95dba6ad8c73aaf8f66f8f9bf?s=96&d=mm&r=g\",\"contentUrl\":\"https:\/\/secure.gravatar.com\/avatar\/b34fc4f4e468a4e51785917065a3db57b841f5c95dba6ad8c73aaf8f66f8f9bf?s=96&d=mm&r=g\",\"caption\":\"Comunica\u00e7\u00e3o PSOL\"}}]}<\/script>\n<!-- \/ Yoast SEO plugin. -->","yoast_head_json":{"title":"Ex\u00e9rcito n\u00e3o esclarece questionamentos sobre agente infiltrado em movimentos sociais - PSOL 50","robots":{"index":"index","follow":"follow","max-snippet":"max-snippet:-1","max-image-preview":"max-image-preview:large","max-video-preview":"max-video-preview:-1"},"canonical":"https:\/\/psol50.org.br\/exercito-nao-esclarece-questionamentos-sobre-agente-infiltrado-em-movimentos-sociais\/","og_locale":"pt_BR","og_type":"article","og_title":"Ex\u00e9rcito n\u00e3o esclarece questionamentos sobre agente infiltrado em movimentos sociais - PSOL 50","og_description":"Reportagem divulgada nesta sexta-feira (23\/09) pelo portal de not\u00edcias G1 revela que o Ex\u00e9rcito brasileiro, embora admita realizar \u201copera\u00e7\u00f5es de intelig\u00eancia\u201d permanentes em \u201cmanifesta\u00e7\u00f5es de rua\u201d, n\u00e3o respondeu aos v\u00e1rios questionamentos feitos em rela\u00e7\u00e3o ao capit\u00e3o Willian Pina Botelho, que, com o codinome \u201cBalta Nunes\u201d, participava como infiltrado em diversas manifesta\u00e7\u00f5es pelo Fora Temer em [&hellip;]","og_url":"https:\/\/psol50.org.br\/exercito-nao-esclarece-questionamentos-sobre-agente-infiltrado-em-movimentos-sociais\/","og_site_name":"PSOL 50","article_publisher":"https:\/\/www.facebook.com\/psol50","article_published_time":"2016-09-23T15:43:24+00:00","og_image":[{"width":1350,"height":900,"url":"https:\/\/psol50.org.br\/inc\/uploads\/2018\/07\/capa.png","type":"image\/png"}],"author":"Comunica\u00e7\u00e3o PSOL","twitter_card":"summary_large_image","twitter_creator":"@psol50","twitter_site":"@psol50","twitter_misc":{"Escrito por":"Comunica\u00e7\u00e3o PSOL","Est. tempo de leitura":"3 minutos"},"schema":{"@context":"https:\/\/schema.org","@graph":[{"@type":"Article","@id":"https:\/\/psol50.org.br\/exercito-nao-esclarece-questionamentos-sobre-agente-infiltrado-em-movimentos-sociais\/#article","isPartOf":{"@id":"https:\/\/psol50.org.br\/exercito-nao-esclarece-questionamentos-sobre-agente-infiltrado-em-movimentos-sociais\/"},"author":{"name":"Comunica\u00e7\u00e3o PSOL","@id":"https:\/\/psol50.org.br\/#\/schema\/person\/475dfa57d0b815993c714c2e96491fcd"},"headline":"Ex\u00e9rcito n\u00e3o esclarece questionamentos sobre agente infiltrado em movimentos sociais","datePublished":"2016-09-23T15:43:24+00:00","mainEntityOfPage":{"@id":"https:\/\/psol50.org.br\/exercito-nao-esclarece-questionamentos-sobre-agente-infiltrado-em-movimentos-sociais\/"},"wordCount":599,"commentCount":0,"publisher":{"@id":"https:\/\/psol50.org.br\/#organization"},"image":{"@id":"https:\/\/psol50.org.br\/exercito-nao-esclarece-questionamentos-sobre-agente-infiltrado-em-movimentos-sociais\/#primaryimage"},"thumbnailUrl":"","keywords":["Ex\u00e9rcito","Fora Temer","Infiltra\u00e7\u00e3o","Ivan Valente","jovens","manifesta\u00e7\u00f5es","movimentos sociais","requerimento de informa\u00e7\u00e3o","Willian Pina Botelho"],"articleSection":["Brasil","Movimento","Not\u00edcias"],"inLanguage":"pt-BR","potentialAction":[{"@type":"CommentAction","name":"Comment","target":["https:\/\/psol50.org.br\/exercito-nao-esclarece-questionamentos-sobre-agente-infiltrado-em-movimentos-sociais\/#respond"]}]},{"@type":"WebPage","@id":"https:\/\/psol50.org.br\/exercito-nao-esclarece-questionamentos-sobre-agente-infiltrado-em-movimentos-sociais\/","url":"https:\/\/psol50.org.br\/exercito-nao-esclarece-questionamentos-sobre-agente-infiltrado-em-movimentos-sociais\/","name":"Ex\u00e9rcito n\u00e3o esclarece questionamentos sobre agente infiltrado em movimentos sociais - PSOL 50","isPartOf":{"@id":"https:\/\/psol50.org.br\/#website"},"primaryImageOfPage":{"@id":"https:\/\/psol50.org.br\/exercito-nao-esclarece-questionamentos-sobre-agente-infiltrado-em-movimentos-sociais\/#primaryimage"},"image":{"@id":"https:\/\/psol50.org.br\/exercito-nao-esclarece-questionamentos-sobre-agente-infiltrado-em-movimentos-sociais\/#primaryimage"},"thumbnailUrl":"","datePublished":"2016-09-23T15:43:24+00:00","breadcrumb":{"@id":"https:\/\/psol50.org.br\/exercito-nao-esclarece-questionamentos-sobre-agente-infiltrado-em-movimentos-sociais\/#breadcrumb"},"inLanguage":"pt-BR","potentialAction":[{"@type":"ReadAction","target":["https:\/\/psol50.org.br\/exercito-nao-esclarece-questionamentos-sobre-agente-infiltrado-em-movimentos-sociais\/"]}]},{"@type":"ImageObject","inLanguage":"pt-BR","@id":"https:\/\/psol50.org.br\/exercito-nao-esclarece-questionamentos-sobre-agente-infiltrado-em-movimentos-sociais\/#primaryimage","url":"","contentUrl":""},{"@type":"BreadcrumbList","@id":"https:\/\/psol50.org.br\/exercito-nao-esclarece-questionamentos-sobre-agente-infiltrado-em-movimentos-sociais\/#breadcrumb","itemListElement":[{"@type":"ListItem","position":1,"name":"In\u00edcio","item":"https:\/\/psol50.org.br\/"},{"@type":"ListItem","position":2,"name":"Ex\u00e9rcito n\u00e3o esclarece questionamentos sobre agente infiltrado em movimentos sociais"}]},{"@type":"WebSite","@id":"https:\/\/psol50.org.br\/#website","url":"https:\/\/psol50.org.br\/","name":"PSOL 50","description":"Site oficial do Partido Socialismo e Liberdade","publisher":{"@id":"https:\/\/psol50.org.br\/#organization"},"alternateName":"PSOL50","potentialAction":[{"@type":"SearchAction","target":{"@type":"EntryPoint","urlTemplate":"https:\/\/psol50.org.br\/?s={search_term_string}"},"query-input":{"@type":"PropertyValueSpecification","valueRequired":true,"valueName":"search_term_string"}}],"inLanguage":"pt-BR"},{"@type":"Organization","@id":"https:\/\/psol50.org.br\/#organization","name":"PSOL 50","alternateName":"PSOL 50","url":"https:\/\/psol50.org.br\/","logo":{"@type":"ImageObject","inLanguage":"pt-BR","@id":"https:\/\/psol50.org.br\/#\/schema\/logo\/image\/","url":"https:\/\/psol50.org.br\/inc\/uploads\/2018\/07\/capa.png","contentUrl":"https:\/\/psol50.org.br\/inc\/uploads\/2018\/07\/capa.png","width":1350,"height":900,"caption":"PSOL 50"},"image":{"@id":"https:\/\/psol50.org.br\/#\/schema\/logo\/image\/"},"sameAs":["https:\/\/www.facebook.com\/psol50","https:\/\/x.com\/psol50","https:\/\/www.instagram.com\/psol50\/","https:\/\/www.youtube.com\/channel\/UC7SnJS5o1os7a6CaiNabzcg"]},{"@type":"Person","@id":"https:\/\/psol50.org.br\/#\/schema\/person\/475dfa57d0b815993c714c2e96491fcd","name":"Comunica\u00e7\u00e3o PSOL","image":{"@type":"ImageObject","inLanguage":"pt-BR","@id":"https:\/\/psol50.org.br\/#\/schema\/person\/image\/","url":"https:\/\/secure.gravatar.com\/avatar\/b34fc4f4e468a4e51785917065a3db57b841f5c95dba6ad8c73aaf8f66f8f9bf?s=96&d=mm&r=g","contentUrl":"https:\/\/secure.gravatar.com\/avatar\/b34fc4f4e468a4e51785917065a3db57b841f5c95dba6ad8c73aaf8f66f8f9bf?s=96&d=mm&r=g","caption":"Comunica\u00e7\u00e3o PSOL"}}]}},"_links":{"self":[{"href":"https:\/\/psol50.org.br\/rest\/wp\/v2\/posts\/13926","targetHints":{"allow":["GET"]}}],"collection":[{"href":"https:\/\/psol50.org.br\/rest\/wp\/v2\/posts"}],"about":[{"href":"https:\/\/psol50.org.br\/rest\/wp\/v2\/types\/post"}],"author":[{"embeddable":true,"href":"https:\/\/psol50.org.br\/rest\/wp\/v2\/users\/2"}],"replies":[{"embeddable":true,"href":"https:\/\/psol50.org.br\/rest\/wp\/v2\/comments?post=13926"}],"version-history":[{"count":0,"href":"https:\/\/psol50.org.br\/rest\/wp\/v2\/posts\/13926\/revisions"}],"wp:featuredmedia":[{"embeddable":true,"href":"https:\/\/psol50.org.br\/rest\/"}],"wp:attachment":[{"href":"https:\/\/psol50.org.br\/rest\/wp\/v2\/media?parent=13926"}],"wp:term":[{"taxonomy":"category","embeddable":true,"href":"https:\/\/psol50.org.br\/rest\/wp\/v2\/categories?post=13926"},{"taxonomy":"post_tag","embeddable":true,"href":"https:\/\/psol50.org.br\/rest\/wp\/v2\/tags?post=13926"}],"curies":[{"name":"wp","href":"https:\/\/api.w.org\/{rel}","templated":true}]}}