{"id":1394,"date":"2010-06-29T00:00:00","date_gmt":"2010-06-29T00:00:00","guid":{"rendered":"http:\/\/psol50.org.br\/arquivo\/2010\/06\/29\/valmir-martins-e-o-candidato-do-psol-ao-governo-de-santa-catarina\/"},"modified":"2010-06-29T00:00:00","modified_gmt":"2010-06-29T00:00:00","slug":"valmir-martins-e-o-candidato-do-psol-ao-governo-de-santa-catarina","status":"publish","type":"post","link":"https:\/\/psol50.org.br\/valmir-martins-e-o-candidato-do-psol-ao-governo-de-santa-catarina\/","title":{"rendered":"Valmir Martins \u00e9 o candidato do PSOL ao governo de Santa Catarina"},"content":{"rendered":"<figure id=\"attachment_3294\" aria-describedby=\"caption-attachment-3294\" style=\"width: 267px\" class=\"wp-caption alignleft\"><a rel=\"attachment wp-att-3294\" href=\"http:\/\/psol50.org.br\/?attachment_id=3294\"><img loading=\"lazy\" decoding=\"async\" class=\"size-full wp-image-3294\" src=\"http:\/\/psol50.org.br\/files\/2010\/06\/valmir-marcos.jpg\" alt=\"Valmir e Marcos\" width=\"267\" height=\"177\" \/><\/a><figcaption id=\"caption-attachment-3294\" class=\"wp-caption-text\">Valmir e Marcos<\/figcaption><\/figure>\n<p>O professor de Hist\u00f3ria Valmir Martins (\u00e0 esquerda) foi indicado neste s\u00e1bado (26) para concorrer ao governo de Santa Catarina pelo Partido Socialismo e Liberdade (PSOL).<!--more--> O nome foi aprovado por unanimidade na conven\u00e7\u00e3o realizada no Plenarinho da Assembleia Legislativa de Santa Catarina (Alesc), ap\u00f3s a retirada do nome do outro postulante, o tamb\u00e9m professor Marcos Alves Soares, de Joinville, que ficar\u00e1 na vaga de vice.<\/p>\n<p>A conven\u00e7\u00e3o do PSOL tamb\u00e9m indicou 14 nomes para a Alesc e outros quatro para a C\u00e2mara Federal. O partido espera ainda uma resposta do Partido Comunista Brasileiro (PCB), que definir\u00e1 sua pol\u00edtica de alian\u00e7as neste domingo, durante sua conven\u00e7\u00e3o nacional. Tamb\u00e9m foram indicados os nomes ao Senado, mas a defini\u00e7\u00e3o das candidaturas esperar\u00e1 a resposta do PCB.<br \/>\n<strong><br \/>\nQuem \u00e9 Valmir Martins<\/strong><\/p>\n<p>Valmir Martins \u00e9 professor aposentado do departamento de Hist\u00f3ria da Universidade Federal de Santa Catarina (UFSC). \u00c9 formado em Hist\u00f3ria pela UFSC (1974), onde tamb\u00e9m concluiu o Mestrado na mesma \u00e1rea (1979). Aos 66 anos \u2013 50 dos quais dedicados \u00e0 constru\u00e7\u00e3o dos movimentos populares \u2013 decidiu, mais uma vez, colocar-se \u00e0 disposi\u00e7\u00e3o do movimento socialista para representar a esquerda nas elei\u00e7\u00f5es.<\/p>\n<p>Valmir iniciou na pol\u00edtica aos 16 anos, em organiza\u00e7\u00f5es ligadas \u00e0 Igreja Cat\u00f3lica, como a Juventude Oper\u00e1ria Cat\u00f3lica (JOC) e a A\u00e7\u00e3o Popular (AP). Foi fundador do PT em Santa Catarina e tamb\u00e9m o primeiro candidato do partido ao Senado, em1982.<\/p>\n<p>Ingressou no movimento estudantil e teve forte participa\u00e7\u00e3o no movimento contra a ditadura militar, tendo estado ao lado do ex-deputado Paulo Stuart Wright, cassado, perseguido e assassinado pelo regime. At\u00e9 hoje, o corpo de Wright n\u00e3o foi encontrado.<\/p>\n<p>Chegou a ser preso pol\u00edtico ap\u00f3s os agentes da ditadura descobrirem o local onde estava sendo realizado o 30\u00b0 Congresso da UNE, em Ibiuna, onde outras mil pessoas foram presas, entre elas, Luiz Travassos, presidente da UNE na \u00e9poca.<\/p>\n<p>Ainda no PT, em 1993, integrou o governo da Frente Popular em Florian\u00f3polis, sob indica\u00e7\u00e3o do ent\u00e3o vice-prefeito Afr\u00e2nio Boppr\u00e9. Presidiu o diret\u00f3rio municipal do PT por duas vezes, e continuou sua milit\u00e2ncia ao lado de Afr\u00e2nio, no in\u00edcio dos anos 2000, quando Afr\u00e2nio foi deputado estadual (2000\/2002 e 2003\/2006).<\/p>\n<p>Em 2005, com o abandono das bandeiras hist\u00f3ricas do PT, Valmir, Afr\u00e2nio e um grupo de militantes saem do PT e ingressam no PSOL.Legenda foto: Valmir Martins (E) e Marcos Soares<\/p>\n","protected":false},"excerpt":{"rendered":"<p>O professor de Hist\u00f3ria Valmir Martins (\u00e0 esquerda) foi indicado neste s\u00e1bado (26) para concorrer ao governo de Santa Catarina pelo Partido Socialismo e Liberdade (PSOL).<\/p>\n","protected":false},"author":2,"featured_media":0,"comment_status":"open","ping_status":"open","sticky":false,"template":"","format":"standard","meta":{"_acf_changed":false,"footnotes":""},"categories":[4766,4976],"tags":[4977],"class_list":{"0":"post-1394","1":"post","2":"type-post","3":"status-publish","4":"format-standard","6":"category-arquivo","7":"category-eleicoes-2010","8":"tag-eleicoes-2010"},"acf":[],"yoast_head":"<!-- This site is optimized with the Yoast SEO plugin v26.5 - https:\/\/yoast.com\/wordpress\/plugins\/seo\/ -->\n<title>Valmir Martins \u00e9 o candidato do PSOL ao governo de Santa Catarina - PSOL 50<\/title>\n<meta name=\"robots\" content=\"index, follow, max-snippet:-1, max-image-preview:large, max-video-preview:-1\" \/>\n<link rel=\"canonical\" href=\"https:\/\/psol50.org.br\/valmir-martins-e-o-candidato-do-psol-ao-governo-de-santa-catarina\/\" \/>\n<meta property=\"og:locale\" content=\"pt_BR\" \/>\n<meta property=\"og:type\" content=\"article\" \/>\n<meta property=\"og:title\" content=\"Valmir Martins \u00e9 o candidato do PSOL ao governo de Santa Catarina - PSOL 50\" \/>\n<meta property=\"og:description\" content=\"O professor de Hist\u00f3ria Valmir Martins (\u00e0 esquerda) foi indicado neste s\u00e1bado (26) para concorrer ao governo de Santa Catarina pelo Partido Socialismo e Liberdade (PSOL).\" \/>\n<meta property=\"og:url\" content=\"https:\/\/psol50.org.br\/valmir-martins-e-o-candidato-do-psol-ao-governo-de-santa-catarina\/\" \/>\n<meta property=\"og:site_name\" content=\"PSOL 50\" \/>\n<meta property=\"article:publisher\" content=\"https:\/\/www.facebook.com\/psol50\" \/>\n<meta property=\"article:published_time\" content=\"2010-06-29T00:00:00+00:00\" \/>\n<meta property=\"og:image\" content=\"http:\/\/psol50.org.br\/files\/2010\/06\/valmir-marcos.jpg\" \/>\n<meta name=\"author\" content=\"Comunica\u00e7\u00e3o PSOL\" \/>\n<meta name=\"twitter:card\" content=\"summary_large_image\" \/>\n<meta name=\"twitter:creator\" content=\"@psol50\" \/>\n<meta name=\"twitter:site\" content=\"@psol50\" \/>\n<meta name=\"twitter:label1\" content=\"Escrito por\" \/>\n\t<meta name=\"twitter:data1\" content=\"Comunica\u00e7\u00e3o PSOL\" \/>\n\t<meta name=\"twitter:label2\" content=\"Est. tempo de leitura\" \/>\n\t<meta name=\"twitter:data2\" content=\"2 minutos\" \/>\n<script type=\"application\/ld+json\" class=\"yoast-schema-graph\">{\"@context\":\"https:\/\/schema.org\",\"@graph\":[{\"@type\":\"Article\",\"@id\":\"https:\/\/psol50.org.br\/valmir-martins-e-o-candidato-do-psol-ao-governo-de-santa-catarina\/#article\",\"isPartOf\":{\"@id\":\"https:\/\/psol50.org.br\/valmir-martins-e-o-candidato-do-psol-ao-governo-de-santa-catarina\/\"},\"author\":{\"name\":\"Comunica\u00e7\u00e3o PSOL\",\"@id\":\"https:\/\/psol50.org.br\/#\/schema\/person\/475dfa57d0b815993c714c2e96491fcd\"},\"headline\":\"Valmir Martins \u00e9 o candidato do PSOL ao governo de Santa Catarina\",\"datePublished\":\"2010-06-29T00:00:00+00:00\",\"mainEntityOfPage\":{\"@id\":\"https:\/\/psol50.org.br\/valmir-martins-e-o-candidato-do-psol-ao-governo-de-santa-catarina\/\"},\"wordCount\":431,\"commentCount\":0,\"publisher\":{\"@id\":\"https:\/\/psol50.org.br\/#organization\"},\"image\":{\"@id\":\"https:\/\/psol50.org.br\/valmir-martins-e-o-candidato-do-psol-ao-governo-de-santa-catarina\/#primaryimage\"},\"thumbnailUrl\":\"http:\/\/psol50.org.br\/files\/2010\/06\/valmir-marcos.jpg\",\"keywords\":[\"Elei\u00e7\u00f5es 2010\"],\"articleSection\":[\"Arquivo\",\"ELEI\u00c7\u00d5ES 2010\"],\"inLanguage\":\"pt-BR\",\"potentialAction\":[{\"@type\":\"CommentAction\",\"name\":\"Comment\",\"target\":[\"https:\/\/psol50.org.br\/valmir-martins-e-o-candidato-do-psol-ao-governo-de-santa-catarina\/#respond\"]}]},{\"@type\":\"WebPage\",\"@id\":\"https:\/\/psol50.org.br\/valmir-martins-e-o-candidato-do-psol-ao-governo-de-santa-catarina\/\",\"url\":\"https:\/\/psol50.org.br\/valmir-martins-e-o-candidato-do-psol-ao-governo-de-santa-catarina\/\",\"name\":\"Valmir Martins \u00e9 o candidato do PSOL ao governo de Santa Catarina - PSOL 50\",\"isPartOf\":{\"@id\":\"https:\/\/psol50.org.br\/#website\"},\"primaryImageOfPage\":{\"@id\":\"https:\/\/psol50.org.br\/valmir-martins-e-o-candidato-do-psol-ao-governo-de-santa-catarina\/#primaryimage\"},\"image\":{\"@id\":\"https:\/\/psol50.org.br\/valmir-martins-e-o-candidato-do-psol-ao-governo-de-santa-catarina\/#primaryimage\"},\"thumbnailUrl\":\"http:\/\/psol50.org.br\/files\/2010\/06\/valmir-marcos.jpg\",\"datePublished\":\"2010-06-29T00:00:00+00:00\",\"breadcrumb\":{\"@id\":\"https:\/\/psol50.org.br\/valmir-martins-e-o-candidato-do-psol-ao-governo-de-santa-catarina\/#breadcrumb\"},\"inLanguage\":\"pt-BR\",\"potentialAction\":[{\"@type\":\"ReadAction\",\"target\":[\"https:\/\/psol50.org.br\/valmir-martins-e-o-candidato-do-psol-ao-governo-de-santa-catarina\/\"]}]},{\"@type\":\"ImageObject\",\"inLanguage\":\"pt-BR\",\"@id\":\"https:\/\/psol50.org.br\/valmir-martins-e-o-candidato-do-psol-ao-governo-de-santa-catarina\/#primaryimage\",\"url\":\"http:\/\/psol50.org.br\/files\/2010\/06\/valmir-marcos.jpg\",\"contentUrl\":\"http:\/\/psol50.org.br\/files\/2010\/06\/valmir-marcos.jpg\"},{\"@type\":\"BreadcrumbList\",\"@id\":\"https:\/\/psol50.org.br\/valmir-martins-e-o-candidato-do-psol-ao-governo-de-santa-catarina\/#breadcrumb\",\"itemListElement\":[{\"@type\":\"ListItem\",\"position\":1,\"name\":\"In\u00edcio\",\"item\":\"https:\/\/psol50.org.br\/\"},{\"@type\":\"ListItem\",\"position\":2,\"name\":\"Valmir Martins \u00e9 o candidato do PSOL ao governo de Santa Catarina\"}]},{\"@type\":\"WebSite\",\"@id\":\"https:\/\/psol50.org.br\/#website\",\"url\":\"https:\/\/psol50.org.br\/\",\"name\":\"PSOL 50\",\"description\":\"Site oficial do Partido Socialismo e Liberdade\",\"publisher\":{\"@id\":\"https:\/\/psol50.org.br\/#organization\"},\"alternateName\":\"PSOL50\",\"potentialAction\":[{\"@type\":\"SearchAction\",\"target\":{\"@type\":\"EntryPoint\",\"urlTemplate\":\"https:\/\/psol50.org.br\/?s={search_term_string}\"},\"query-input\":{\"@type\":\"PropertyValueSpecification\",\"valueRequired\":true,\"valueName\":\"search_term_string\"}}],\"inLanguage\":\"pt-BR\"},{\"@type\":\"Organization\",\"@id\":\"https:\/\/psol50.org.br\/#organization\",\"name\":\"PSOL 50\",\"alternateName\":\"PSOL 50\",\"url\":\"https:\/\/psol50.org.br\/\",\"logo\":{\"@type\":\"ImageObject\",\"inLanguage\":\"pt-BR\",\"@id\":\"https:\/\/psol50.org.br\/#\/schema\/logo\/image\/\",\"url\":\"https:\/\/psol50.org.br\/inc\/uploads\/2018\/07\/capa.png\",\"contentUrl\":\"https:\/\/psol50.org.br\/inc\/uploads\/2018\/07\/capa.png\",\"width\":1350,\"height\":900,\"caption\":\"PSOL 50\"},\"image\":{\"@id\":\"https:\/\/psol50.org.br\/#\/schema\/logo\/image\/\"},\"sameAs\":[\"https:\/\/www.facebook.com\/psol50\",\"https:\/\/x.com\/psol50\",\"https:\/\/www.instagram.com\/psol50\/\",\"https:\/\/www.youtube.com\/channel\/UC7SnJS5o1os7a6CaiNabzcg\"]},{\"@type\":\"Person\",\"@id\":\"https:\/\/psol50.org.br\/#\/schema\/person\/475dfa57d0b815993c714c2e96491fcd\",\"name\":\"Comunica\u00e7\u00e3o PSOL\",\"image\":{\"@type\":\"ImageObject\",\"inLanguage\":\"pt-BR\",\"@id\":\"https:\/\/psol50.org.br\/#\/schema\/person\/image\/\",\"url\":\"https:\/\/secure.gravatar.com\/avatar\/b34fc4f4e468a4e51785917065a3db57b841f5c95dba6ad8c73aaf8f66f8f9bf?s=96&d=mm&r=g\",\"contentUrl\":\"https:\/\/secure.gravatar.com\/avatar\/b34fc4f4e468a4e51785917065a3db57b841f5c95dba6ad8c73aaf8f66f8f9bf?s=96&d=mm&r=g\",\"caption\":\"Comunica\u00e7\u00e3o PSOL\"}}]}<\/script>\n<!-- \/ Yoast SEO plugin. -->","yoast_head_json":{"title":"Valmir Martins \u00e9 o candidato do PSOL ao governo de Santa Catarina - PSOL 50","robots":{"index":"index","follow":"follow","max-snippet":"max-snippet:-1","max-image-preview":"max-image-preview:large","max-video-preview":"max-video-preview:-1"},"canonical":"https:\/\/psol50.org.br\/valmir-martins-e-o-candidato-do-psol-ao-governo-de-santa-catarina\/","og_locale":"pt_BR","og_type":"article","og_title":"Valmir Martins \u00e9 o candidato do PSOL ao governo de Santa Catarina - PSOL 50","og_description":"O professor de Hist\u00f3ria Valmir Martins (\u00e0 esquerda) foi indicado neste s\u00e1bado (26) para concorrer ao governo de Santa Catarina pelo Partido Socialismo e Liberdade (PSOL).","og_url":"https:\/\/psol50.org.br\/valmir-martins-e-o-candidato-do-psol-ao-governo-de-santa-catarina\/","og_site_name":"PSOL 50","article_publisher":"https:\/\/www.facebook.com\/psol50","article_published_time":"2010-06-29T00:00:00+00:00","og_image":[{"url":"http:\/\/psol50.org.br\/files\/2010\/06\/valmir-marcos.jpg","type":"","width":"","height":""}],"author":"Comunica\u00e7\u00e3o PSOL","twitter_card":"summary_large_image","twitter_creator":"@psol50","twitter_site":"@psol50","twitter_misc":{"Escrito por":"Comunica\u00e7\u00e3o PSOL","Est. tempo de leitura":"2 minutos"},"schema":{"@context":"https:\/\/schema.org","@graph":[{"@type":"Article","@id":"https:\/\/psol50.org.br\/valmir-martins-e-o-candidato-do-psol-ao-governo-de-santa-catarina\/#article","isPartOf":{"@id":"https:\/\/psol50.org.br\/valmir-martins-e-o-candidato-do-psol-ao-governo-de-santa-catarina\/"},"author":{"name":"Comunica\u00e7\u00e3o PSOL","@id":"https:\/\/psol50.org.br\/#\/schema\/person\/475dfa57d0b815993c714c2e96491fcd"},"headline":"Valmir Martins \u00e9 o candidato do PSOL ao governo de Santa Catarina","datePublished":"2010-06-29T00:00:00+00:00","mainEntityOfPage":{"@id":"https:\/\/psol50.org.br\/valmir-martins-e-o-candidato-do-psol-ao-governo-de-santa-catarina\/"},"wordCount":431,"commentCount":0,"publisher":{"@id":"https:\/\/psol50.org.br\/#organization"},"image":{"@id":"https:\/\/psol50.org.br\/valmir-martins-e-o-candidato-do-psol-ao-governo-de-santa-catarina\/#primaryimage"},"thumbnailUrl":"http:\/\/psol50.org.br\/files\/2010\/06\/valmir-marcos.jpg","keywords":["Elei\u00e7\u00f5es 2010"],"articleSection":["Arquivo","ELEI\u00c7\u00d5ES 2010"],"inLanguage":"pt-BR","potentialAction":[{"@type":"CommentAction","name":"Comment","target":["https:\/\/psol50.org.br\/valmir-martins-e-o-candidato-do-psol-ao-governo-de-santa-catarina\/#respond"]}]},{"@type":"WebPage","@id":"https:\/\/psol50.org.br\/valmir-martins-e-o-candidato-do-psol-ao-governo-de-santa-catarina\/","url":"https:\/\/psol50.org.br\/valmir-martins-e-o-candidato-do-psol-ao-governo-de-santa-catarina\/","name":"Valmir Martins \u00e9 o candidato do PSOL ao governo de Santa Catarina - PSOL 50","isPartOf":{"@id":"https:\/\/psol50.org.br\/#website"},"primaryImageOfPage":{"@id":"https:\/\/psol50.org.br\/valmir-martins-e-o-candidato-do-psol-ao-governo-de-santa-catarina\/#primaryimage"},"image":{"@id":"https:\/\/psol50.org.br\/valmir-martins-e-o-candidato-do-psol-ao-governo-de-santa-catarina\/#primaryimage"},"thumbnailUrl":"http:\/\/psol50.org.br\/files\/2010\/06\/valmir-marcos.jpg","datePublished":"2010-06-29T00:00:00+00:00","breadcrumb":{"@id":"https:\/\/psol50.org.br\/valmir-martins-e-o-candidato-do-psol-ao-governo-de-santa-catarina\/#breadcrumb"},"inLanguage":"pt-BR","potentialAction":[{"@type":"ReadAction","target":["https:\/\/psol50.org.br\/valmir-martins-e-o-candidato-do-psol-ao-governo-de-santa-catarina\/"]}]},{"@type":"ImageObject","inLanguage":"pt-BR","@id":"https:\/\/psol50.org.br\/valmir-martins-e-o-candidato-do-psol-ao-governo-de-santa-catarina\/#primaryimage","url":"http:\/\/psol50.org.br\/files\/2010\/06\/valmir-marcos.jpg","contentUrl":"http:\/\/psol50.org.br\/files\/2010\/06\/valmir-marcos.jpg"},{"@type":"BreadcrumbList","@id":"https:\/\/psol50.org.br\/valmir-martins-e-o-candidato-do-psol-ao-governo-de-santa-catarina\/#breadcrumb","itemListElement":[{"@type":"ListItem","position":1,"name":"In\u00edcio","item":"https:\/\/psol50.org.br\/"},{"@type":"ListItem","position":2,"name":"Valmir Martins \u00e9 o candidato do PSOL ao governo de Santa Catarina"}]},{"@type":"WebSite","@id":"https:\/\/psol50.org.br\/#website","url":"https:\/\/psol50.org.br\/","name":"PSOL 50","description":"Site oficial do Partido Socialismo e Liberdade","publisher":{"@id":"https:\/\/psol50.org.br\/#organization"},"alternateName":"PSOL50","potentialAction":[{"@type":"SearchAction","target":{"@type":"EntryPoint","urlTemplate":"https:\/\/psol50.org.br\/?s={search_term_string}"},"query-input":{"@type":"PropertyValueSpecification","valueRequired":true,"valueName":"search_term_string"}}],"inLanguage":"pt-BR"},{"@type":"Organization","@id":"https:\/\/psol50.org.br\/#organization","name":"PSOL 50","alternateName":"PSOL 50","url":"https:\/\/psol50.org.br\/","logo":{"@type":"ImageObject","inLanguage":"pt-BR","@id":"https:\/\/psol50.org.br\/#\/schema\/logo\/image\/","url":"https:\/\/psol50.org.br\/inc\/uploads\/2018\/07\/capa.png","contentUrl":"https:\/\/psol50.org.br\/inc\/uploads\/2018\/07\/capa.png","width":1350,"height":900,"caption":"PSOL 50"},"image":{"@id":"https:\/\/psol50.org.br\/#\/schema\/logo\/image\/"},"sameAs":["https:\/\/www.facebook.com\/psol50","https:\/\/x.com\/psol50","https:\/\/www.instagram.com\/psol50\/","https:\/\/www.youtube.com\/channel\/UC7SnJS5o1os7a6CaiNabzcg"]},{"@type":"Person","@id":"https:\/\/psol50.org.br\/#\/schema\/person\/475dfa57d0b815993c714c2e96491fcd","name":"Comunica\u00e7\u00e3o PSOL","image":{"@type":"ImageObject","inLanguage":"pt-BR","@id":"https:\/\/psol50.org.br\/#\/schema\/person\/image\/","url":"https:\/\/secure.gravatar.com\/avatar\/b34fc4f4e468a4e51785917065a3db57b841f5c95dba6ad8c73aaf8f66f8f9bf?s=96&d=mm&r=g","contentUrl":"https:\/\/secure.gravatar.com\/avatar\/b34fc4f4e468a4e51785917065a3db57b841f5c95dba6ad8c73aaf8f66f8f9bf?s=96&d=mm&r=g","caption":"Comunica\u00e7\u00e3o PSOL"}}]}},"_links":{"self":[{"href":"https:\/\/psol50.org.br\/rest\/wp\/v2\/posts\/1394","targetHints":{"allow":["GET"]}}],"collection":[{"href":"https:\/\/psol50.org.br\/rest\/wp\/v2\/posts"}],"about":[{"href":"https:\/\/psol50.org.br\/rest\/wp\/v2\/types\/post"}],"author":[{"embeddable":true,"href":"https:\/\/psol50.org.br\/rest\/wp\/v2\/users\/2"}],"replies":[{"embeddable":true,"href":"https:\/\/psol50.org.br\/rest\/wp\/v2\/comments?post=1394"}],"version-history":[{"count":0,"href":"https:\/\/psol50.org.br\/rest\/wp\/v2\/posts\/1394\/revisions"}],"wp:attachment":[{"href":"https:\/\/psol50.org.br\/rest\/wp\/v2\/media?parent=1394"}],"wp:term":[{"taxonomy":"category","embeddable":true,"href":"https:\/\/psol50.org.br\/rest\/wp\/v2\/categories?post=1394"},{"taxonomy":"post_tag","embeddable":true,"href":"https:\/\/psol50.org.br\/rest\/wp\/v2\/tags?post=1394"}],"curies":[{"name":"wp","href":"https:\/\/api.w.org\/{rel}","templated":true}]}}