{"id":13940,"date":"2016-09-26T15:29:50","date_gmt":"2016-09-26T15:29:50","guid":{"rendered":"http:\/\/www.psol50.org.br\/?p=13940"},"modified":"2016-09-26T15:29:50","modified_gmt":"2016-09-26T15:29:50","slug":"eleicoes-municipais-psol-rumo-ao-segundo-turno","status":"publish","type":"post","link":"https:\/\/psol50.org.br\/eleicoes-municipais-psol-rumo-ao-segundo-turno\/","title":{"rendered":"Elei\u00e7\u00f5es municipais: PSOL rumo ao segundo turno"},"content":{"rendered":"<p>No domingo, dia 2 de outubro, o pa\u00eds vai escolher quem estar\u00e1 no comando de suas cidades nos pr\u00f3ximos quatro anos. Mais de 140 milh\u00f5es de eleitores, distribu\u00eddos em 5.568 munic\u00edpios, participar\u00e3o do pleito, com chances de mudar os rumos da forma de fazer pol\u00edtica.<\/p>\n<p>Entre milhares de candidaturas, das mais variadas perspectivas ideol\u00f3gicas, o PSOL, que tem se firmado cada vez mais como uma alternativa program\u00e1tica de esquerda, est\u00e1 nessa disputa com propostas para transformar as cidades como um espa\u00e7o verdadeiramente das pessoas, com mais democracia, participa\u00e7\u00e3o popular, direitos, liberdade e respeito com as crian\u00e7as, jovens, mulheres, negros, negras, LGBTs e ind\u00edgenas. Em 25 capitais brasileiras o PSOL disputa com candidatura pr\u00f3pria, al\u00e9m da participa\u00e7\u00e3o em in\u00fameras cidades de m\u00e9dio e pequeno porte.<\/p>\n<p>Nesta reta final do primeiro turno, o partido, por meio de sua milit\u00e2ncia e apoiadores, intensifica o di\u00e1logo com a sociedade para garantir uma vaga no segundo turno em importantes cidades onde as candidaturas do partido t\u00eam se destacado com suas propostas de mudan\u00e7a. Mesmo com o pouco tempo de propaganda eleitoral no r\u00e1dio e na TV e sem a for\u00e7a do dinheiro que as candidaturas da ordem possuem, a partir da doa\u00e7\u00e3o de grandes empresas, o partido continua entre os primeiros colocados na inten\u00e7\u00e3o de votos do eleitorado em importantes cidades, como Bel\u00e9m, Rio de Janeiro, Porto Alegre, Cuiab\u00e1, S\u00e3o Paulo, Nova Friburgo, Sorocaba e Niter\u00f3i, al\u00e9m da pequena Jandu\u00eds, no Rio Grande do Norte. Vale destacar ainda o crescimento das campanhas do partido em cidades como Fortaleza, Natal, Salvador, Recife e Florian\u00f3polis. Al\u00e9m disso, \u00e9 do PSOL as duas \u00fanicas candidatas trans a vaga majorit\u00e1ria: em Alagoninhas-BA e em Caraguatatuba-SP.<\/p>\n<p>Para o presidente nacional do PSOL, Luiz Ara\u00fajo, algo novo come\u00e7a a se consolidar na consci\u00eancia coletiva do povo brasileiro. \u201cA pol\u00edtica n\u00e3o \u00e9 uma ci\u00eancia exata. As pesquisas mostram que ideias possuem for\u00e7a e que mesmo com 10 segundos e duas inser\u00e7\u00f5es, poucos recursos e em muitos casos privadas de participa\u00e7\u00e3o nos debates, candidaturas do PSOL aparecem em boas coloca\u00e7\u00f5es. Isso \u00e9 surpreendente\u201d, analisa.<\/p>\n<p>Faltando sete dias para a disputa no primeiro turno se consolidar efetivamente nas urnas, Ara\u00fajo considera que parte importante dos brasileiros tem demonstrado procurar outros caminhos, outras propostas e outras representa\u00e7\u00f5es. \u201cO sentimento de mudan\u00e7a pode vencer regras feitas para que tudo permane\u00e7a como est\u00e1? Com certeza\u201d, questiona.<\/p>\n<p>Confira abaixo o programa dos principais candidatos do PSOL. E no dia 2 de outubro vote 50 para prefeito ou prefeita.<\/p>\n<p>&#8211; <a href=\"https:\/\/issuu.com\/edmilsonpsol\/docs\/plataforma_p__s_vers__o_final_tre\" target=\"_blank\" rel=\"noopener\"><span style=\"color: #0000ff\">Bel\u00e9m \u2013 Edmilson Rodrigues<\/span><\/a><br \/>\n<a href=\"https:\/\/lucianagenro.com.br\/programa\/\" target=\"_blank\" rel=\"noopener\"><span style=\"color: #0000ff\">&#8211; Porto Alegre \u2013 Luciana Genro<\/span><\/a><br \/>\n<a href=\"http:\/\/www.marcelofreixo.com.br\/#propostas\" target=\"_blank\" rel=\"noopener\"><span style=\"color: #0000ff\">&#8211; Rio de Janeiro \u2013 Marcelo Freixo<\/span><\/a><br \/>\n<a href=\"http:\/\/www.erundina50.org.br\/programa-de-governo\/\" target=\"_blank\" rel=\"noopener\"><span style=\"color: #0000ff\">&#8211; S\u00e3o Paulo \u2013 Luiza Erundina<\/span><\/a><br \/>\n<a href=\"http:\/\/elsonpereira.com.br\/programa\/\" target=\"_blank\" rel=\"noopener\"><span style=\"color: #0000ff\">&#8211; Florian\u00f3polis \u2013 Elson Pereira<\/span><\/a><br \/>\n<a href=\"https:\/\/issuu.com\/roberiopaulino\/docs\/programa_robe__rio_2017_2020_final\" target=\"_blank\" rel=\"noopener\"><span style=\"color: #0000ff\">&#8211; Natal \u2013 Rob\u00e9rio Paulino<\/span><\/a><br \/>\n<a href=\"http:\/\/joaoalfredo50.com.br\/propostas\/\" target=\"_blank\" rel=\"noopener\"><span style=\"color: #0000ff\">&#8211; Fortaleza \u2013 Jo\u00e3o Alfredo<\/span><\/a><br \/>\n<a href=\"http:\/\/fazendorecife.com.br\/\" target=\"_blank\" rel=\"noopener\"><span style=\"color: #0000ff\">&#8211; Recife- Edilson Silva<br \/>\n<\/span><\/a><a href=\"https:\/\/www.facebook.com\/fabio.nogueira.salvador\/?fref=ts\" target=\"_blank\" rel=\"noopener\"><span style=\"color: #0000ff\">&#8211; Salvador \u2013 F\u00e1bio Nogueira<\/span><\/a><br \/>\n<a href=\"http:\/\/www.glauber50.com.br\/propostas\/\" target=\"_blank\" rel=\"noopener\"><span style=\"color: #0000ff\">&#8211; Nova Friburgo \u2013 Glauber Braga<\/span><\/a><br \/>\n<a href=\"http:\/\/www.flavioserafini.com.br\/programa\/\" target=\"_blank\" rel=\"noopener\"><span style=\"color: #0000ff\">&#8211; Niter\u00f3i \u2013 Fl\u00e1vio Serafini<\/span><\/a><br \/>\n<span style=\"color: #0000ff\"><a href=\"http:\/\/www.compartilheonovo.com.br\/#programa\" target=\"_blank\" rel=\"noopener\"><span style=\"color: #0000ff\">&#8211; Sorocaba \u2013 Raul Marcelo<\/span><br \/>\n<\/a><br \/>\n<\/span><\/p>\n<p>&nbsp;<\/p>\n<p>&nbsp;<\/p>\n<p>&nbsp;<\/p>\n","protected":false},"excerpt":{"rendered":"<p>No domingo, dia 2 de outubro, o pa\u00eds vai escolher quem estar\u00e1 no comando de suas cidades nos pr\u00f3ximos quatro anos. Mais de 140 milh\u00f5es de eleitores, distribu\u00eddos em 5.568 munic\u00edpios, participar\u00e3o do pleito, com chances de mudar os rumos da forma de fazer pol\u00edtica. Entre milhares de candidaturas, das mais variadas perspectivas ideol\u00f3gicas, o [&hellip;]<\/p>\n","protected":false},"author":2,"featured_media":13961,"comment_status":"open","ping_status":"open","sticky":false,"template":"","format":"standard","meta":{"_acf_changed":false,"footnotes":""},"categories":[1882,2833,6,14],"tags":[3374,973,3851,4401,921,4432,1118,1191,4433,2174,553,161,4565,22,2528,4566,1214],"class_list":{"0":"post-13940","1":"post","2":"type-post","3":"status-publish","4":"format-standard","5":"has-post-thumbnail","7":"category-brasil","8":"category-eleicoes-2016","9":"category-noticias","10":"category-partido","11":"tag-edilson-silva","12":"tag-edmilson-rodrigues","13":"tag-eleicoes-2016","14":"tag-eleicoes-municipais","15":"tag-elson-pereira","16":"tag-fabio-nogueira","17":"tag-flavio-serafini","18":"tag-glauber-braga","19":"tag-joao-alfredo","20":"tag-luciana-genro","21":"tag-luiza-erundina","22":"tag-marcelo-freixo","23":"tag-primeiro-turno","24":"tag-psol","25":"tag-raul-marcelo","26":"tag-roberio-paulino","27":"tag-segundo-turno"},"acf":[],"yoast_head":"<!-- This site is optimized with the Yoast SEO plugin v26.5 - https:\/\/yoast.com\/wordpress\/plugins\/seo\/ -->\n<title>Elei\u00e7\u00f5es municipais: PSOL rumo ao segundo turno - PSOL 50<\/title>\n<meta name=\"robots\" content=\"index, follow, max-snippet:-1, max-image-preview:large, max-video-preview:-1\" \/>\n<link rel=\"canonical\" href=\"https:\/\/psol50.org.br\/eleicoes-municipais-psol-rumo-ao-segundo-turno\/\" \/>\n<meta property=\"og:locale\" content=\"pt_BR\" \/>\n<meta property=\"og:type\" content=\"article\" \/>\n<meta property=\"og:title\" content=\"Elei\u00e7\u00f5es municipais: PSOL rumo ao segundo turno - PSOL 50\" \/>\n<meta property=\"og:description\" content=\"No domingo, dia 2 de outubro, o pa\u00eds vai escolher quem estar\u00e1 no comando de suas cidades nos pr\u00f3ximos quatro anos. Mais de 140 milh\u00f5es de eleitores, distribu\u00eddos em 5.568 munic\u00edpios, participar\u00e3o do pleito, com chances de mudar os rumos da forma de fazer pol\u00edtica. Entre milhares de candidaturas, das mais variadas perspectivas ideol\u00f3gicas, o [&hellip;]\" \/>\n<meta property=\"og:url\" content=\"https:\/\/psol50.org.br\/eleicoes-municipais-psol-rumo-ao-segundo-turno\/\" \/>\n<meta property=\"og:site_name\" content=\"PSOL 50\" \/>\n<meta property=\"article:publisher\" content=\"https:\/\/www.facebook.com\/psol50\" \/>\n<meta property=\"article:published_time\" content=\"2016-09-26T15:29:50+00:00\" \/>\n<meta property=\"og:image\" content=\"https:\/\/psol50.org.br\/inc\/uploads\/2016\/09\/carrossel-eleicoes-2016.jpg\" \/>\n\t<meta property=\"og:image:width\" content=\"1350\" \/>\n\t<meta property=\"og:image:height\" content=\"900\" \/>\n\t<meta property=\"og:image:type\" content=\"image\/jpeg\" \/>\n<meta name=\"author\" content=\"Comunica\u00e7\u00e3o PSOL\" \/>\n<meta name=\"twitter:card\" content=\"summary_large_image\" \/>\n<meta name=\"twitter:creator\" content=\"@psol50\" \/>\n<meta name=\"twitter:site\" content=\"@psol50\" \/>\n<meta name=\"twitter:label1\" content=\"Escrito por\" \/>\n\t<meta name=\"twitter:data1\" content=\"Comunica\u00e7\u00e3o PSOL\" \/>\n\t<meta name=\"twitter:label2\" content=\"Est. tempo de leitura\" \/>\n\t<meta name=\"twitter:data2\" content=\"3 minutos\" \/>\n<script type=\"application\/ld+json\" class=\"yoast-schema-graph\">{\"@context\":\"https:\/\/schema.org\",\"@graph\":[{\"@type\":\"Article\",\"@id\":\"https:\/\/psol50.org.br\/eleicoes-municipais-psol-rumo-ao-segundo-turno\/#article\",\"isPartOf\":{\"@id\":\"https:\/\/psol50.org.br\/eleicoes-municipais-psol-rumo-ao-segundo-turno\/\"},\"author\":{\"name\":\"Comunica\u00e7\u00e3o PSOL\",\"@id\":\"https:\/\/psol50.org.br\/#\/schema\/person\/475dfa57d0b815993c714c2e96491fcd\"},\"headline\":\"Elei\u00e7\u00f5es municipais: PSOL rumo ao segundo turno\",\"datePublished\":\"2016-09-26T15:29:50+00:00\",\"mainEntityOfPage\":{\"@id\":\"https:\/\/psol50.org.br\/eleicoes-municipais-psol-rumo-ao-segundo-turno\/\"},\"wordCount\":520,\"commentCount\":0,\"publisher\":{\"@id\":\"https:\/\/psol50.org.br\/#organization\"},\"image\":{\"@id\":\"https:\/\/psol50.org.br\/eleicoes-municipais-psol-rumo-ao-segundo-turno\/#primaryimage\"},\"thumbnailUrl\":\"https:\/\/psol50.org.br\/inc\/uploads\/2016\/09\/carrossel-eleicoes-2016.jpg\",\"keywords\":[\"Edilson Silva\",\"Edmilson Rodrigues\",\"elei\u00e7\u00f5es 2016\",\"elei\u00e7\u00f5es municipais\",\"Elson Pereira\",\"F\u00e1bio Nogueira\",\"Fl\u00e1vio Serafini\",\"Glauber Braga\",\"Jo\u00e3o Alfredo\",\"Luciana Genro\",\"Luiza Erundina\",\"Marcelo Freixo\",\"primeiro turno\",\"PSOL\",\"Raul Marcelo\",\"Rob\u00e9rio Paulino\",\"segundo turno\"],\"articleSection\":[\"Brasil\",\"ELEI\u00c7\u00d5ES 2016\",\"Not\u00edcias\",\"Partido\"],\"inLanguage\":\"pt-BR\",\"potentialAction\":[{\"@type\":\"CommentAction\",\"name\":\"Comment\",\"target\":[\"https:\/\/psol50.org.br\/eleicoes-municipais-psol-rumo-ao-segundo-turno\/#respond\"]}]},{\"@type\":\"WebPage\",\"@id\":\"https:\/\/psol50.org.br\/eleicoes-municipais-psol-rumo-ao-segundo-turno\/\",\"url\":\"https:\/\/psol50.org.br\/eleicoes-municipais-psol-rumo-ao-segundo-turno\/\",\"name\":\"Elei\u00e7\u00f5es municipais: PSOL rumo ao segundo turno - PSOL 50\",\"isPartOf\":{\"@id\":\"https:\/\/psol50.org.br\/#website\"},\"primaryImageOfPage\":{\"@id\":\"https:\/\/psol50.org.br\/eleicoes-municipais-psol-rumo-ao-segundo-turno\/#primaryimage\"},\"image\":{\"@id\":\"https:\/\/psol50.org.br\/eleicoes-municipais-psol-rumo-ao-segundo-turno\/#primaryimage\"},\"thumbnailUrl\":\"https:\/\/psol50.org.br\/inc\/uploads\/2016\/09\/carrossel-eleicoes-2016.jpg\",\"datePublished\":\"2016-09-26T15:29:50+00:00\",\"breadcrumb\":{\"@id\":\"https:\/\/psol50.org.br\/eleicoes-municipais-psol-rumo-ao-segundo-turno\/#breadcrumb\"},\"inLanguage\":\"pt-BR\",\"potentialAction\":[{\"@type\":\"ReadAction\",\"target\":[\"https:\/\/psol50.org.br\/eleicoes-municipais-psol-rumo-ao-segundo-turno\/\"]}]},{\"@type\":\"ImageObject\",\"inLanguage\":\"pt-BR\",\"@id\":\"https:\/\/psol50.org.br\/eleicoes-municipais-psol-rumo-ao-segundo-turno\/#primaryimage\",\"url\":\"https:\/\/psol50.org.br\/inc\/uploads\/2016\/09\/carrossel-eleicoes-2016.jpg\",\"contentUrl\":\"https:\/\/psol50.org.br\/inc\/uploads\/2016\/09\/carrossel-eleicoes-2016.jpg\",\"width\":1350,\"height\":900},{\"@type\":\"BreadcrumbList\",\"@id\":\"https:\/\/psol50.org.br\/eleicoes-municipais-psol-rumo-ao-segundo-turno\/#breadcrumb\",\"itemListElement\":[{\"@type\":\"ListItem\",\"position\":1,\"name\":\"In\u00edcio\",\"item\":\"https:\/\/psol50.org.br\/\"},{\"@type\":\"ListItem\",\"position\":2,\"name\":\"Elei\u00e7\u00f5es municipais: PSOL rumo ao segundo turno\"}]},{\"@type\":\"WebSite\",\"@id\":\"https:\/\/psol50.org.br\/#website\",\"url\":\"https:\/\/psol50.org.br\/\",\"name\":\"PSOL 50\",\"description\":\"Site oficial do Partido Socialismo e Liberdade\",\"publisher\":{\"@id\":\"https:\/\/psol50.org.br\/#organization\"},\"alternateName\":\"PSOL50\",\"potentialAction\":[{\"@type\":\"SearchAction\",\"target\":{\"@type\":\"EntryPoint\",\"urlTemplate\":\"https:\/\/psol50.org.br\/?s={search_term_string}\"},\"query-input\":{\"@type\":\"PropertyValueSpecification\",\"valueRequired\":true,\"valueName\":\"search_term_string\"}}],\"inLanguage\":\"pt-BR\"},{\"@type\":\"Organization\",\"@id\":\"https:\/\/psol50.org.br\/#organization\",\"name\":\"PSOL 50\",\"alternateName\":\"PSOL 50\",\"url\":\"https:\/\/psol50.org.br\/\",\"logo\":{\"@type\":\"ImageObject\",\"inLanguage\":\"pt-BR\",\"@id\":\"https:\/\/psol50.org.br\/#\/schema\/logo\/image\/\",\"url\":\"https:\/\/psol50.org.br\/inc\/uploads\/2018\/07\/capa.png\",\"contentUrl\":\"https:\/\/psol50.org.br\/inc\/uploads\/2018\/07\/capa.png\",\"width\":1350,\"height\":900,\"caption\":\"PSOL 50\"},\"image\":{\"@id\":\"https:\/\/psol50.org.br\/#\/schema\/logo\/image\/\"},\"sameAs\":[\"https:\/\/www.facebook.com\/psol50\",\"https:\/\/x.com\/psol50\",\"https:\/\/www.instagram.com\/psol50\/\",\"https:\/\/www.youtube.com\/channel\/UC7SnJS5o1os7a6CaiNabzcg\"]},{\"@type\":\"Person\",\"@id\":\"https:\/\/psol50.org.br\/#\/schema\/person\/475dfa57d0b815993c714c2e96491fcd\",\"name\":\"Comunica\u00e7\u00e3o PSOL\",\"image\":{\"@type\":\"ImageObject\",\"inLanguage\":\"pt-BR\",\"@id\":\"https:\/\/psol50.org.br\/#\/schema\/person\/image\/\",\"url\":\"https:\/\/secure.gravatar.com\/avatar\/b34fc4f4e468a4e51785917065a3db57b841f5c95dba6ad8c73aaf8f66f8f9bf?s=96&d=mm&r=g\",\"contentUrl\":\"https:\/\/secure.gravatar.com\/avatar\/b34fc4f4e468a4e51785917065a3db57b841f5c95dba6ad8c73aaf8f66f8f9bf?s=96&d=mm&r=g\",\"caption\":\"Comunica\u00e7\u00e3o PSOL\"}}]}<\/script>\n<!-- \/ Yoast SEO plugin. -->","yoast_head_json":{"title":"Elei\u00e7\u00f5es municipais: PSOL rumo ao segundo turno - PSOL 50","robots":{"index":"index","follow":"follow","max-snippet":"max-snippet:-1","max-image-preview":"max-image-preview:large","max-video-preview":"max-video-preview:-1"},"canonical":"https:\/\/psol50.org.br\/eleicoes-municipais-psol-rumo-ao-segundo-turno\/","og_locale":"pt_BR","og_type":"article","og_title":"Elei\u00e7\u00f5es municipais: PSOL rumo ao segundo turno - PSOL 50","og_description":"No domingo, dia 2 de outubro, o pa\u00eds vai escolher quem estar\u00e1 no comando de suas cidades nos pr\u00f3ximos quatro anos. Mais de 140 milh\u00f5es de eleitores, distribu\u00eddos em 5.568 munic\u00edpios, participar\u00e3o do pleito, com chances de mudar os rumos da forma de fazer pol\u00edtica. Entre milhares de candidaturas, das mais variadas perspectivas ideol\u00f3gicas, o [&hellip;]","og_url":"https:\/\/psol50.org.br\/eleicoes-municipais-psol-rumo-ao-segundo-turno\/","og_site_name":"PSOL 50","article_publisher":"https:\/\/www.facebook.com\/psol50","article_published_time":"2016-09-26T15:29:50+00:00","og_image":[{"width":1350,"height":900,"url":"https:\/\/psol50.org.br\/inc\/uploads\/2016\/09\/carrossel-eleicoes-2016.jpg","type":"image\/jpeg"}],"author":"Comunica\u00e7\u00e3o PSOL","twitter_card":"summary_large_image","twitter_creator":"@psol50","twitter_site":"@psol50","twitter_misc":{"Escrito por":"Comunica\u00e7\u00e3o PSOL","Est. tempo de leitura":"3 minutos"},"schema":{"@context":"https:\/\/schema.org","@graph":[{"@type":"Article","@id":"https:\/\/psol50.org.br\/eleicoes-municipais-psol-rumo-ao-segundo-turno\/#article","isPartOf":{"@id":"https:\/\/psol50.org.br\/eleicoes-municipais-psol-rumo-ao-segundo-turno\/"},"author":{"name":"Comunica\u00e7\u00e3o PSOL","@id":"https:\/\/psol50.org.br\/#\/schema\/person\/475dfa57d0b815993c714c2e96491fcd"},"headline":"Elei\u00e7\u00f5es municipais: PSOL rumo ao segundo turno","datePublished":"2016-09-26T15:29:50+00:00","mainEntityOfPage":{"@id":"https:\/\/psol50.org.br\/eleicoes-municipais-psol-rumo-ao-segundo-turno\/"},"wordCount":520,"commentCount":0,"publisher":{"@id":"https:\/\/psol50.org.br\/#organization"},"image":{"@id":"https:\/\/psol50.org.br\/eleicoes-municipais-psol-rumo-ao-segundo-turno\/#primaryimage"},"thumbnailUrl":"https:\/\/psol50.org.br\/inc\/uploads\/2016\/09\/carrossel-eleicoes-2016.jpg","keywords":["Edilson Silva","Edmilson Rodrigues","elei\u00e7\u00f5es 2016","elei\u00e7\u00f5es municipais","Elson Pereira","F\u00e1bio Nogueira","Fl\u00e1vio Serafini","Glauber Braga","Jo\u00e3o Alfredo","Luciana Genro","Luiza Erundina","Marcelo Freixo","primeiro turno","PSOL","Raul Marcelo","Rob\u00e9rio Paulino","segundo turno"],"articleSection":["Brasil","ELEI\u00c7\u00d5ES 2016","Not\u00edcias","Partido"],"inLanguage":"pt-BR","potentialAction":[{"@type":"CommentAction","name":"Comment","target":["https:\/\/psol50.org.br\/eleicoes-municipais-psol-rumo-ao-segundo-turno\/#respond"]}]},{"@type":"WebPage","@id":"https:\/\/psol50.org.br\/eleicoes-municipais-psol-rumo-ao-segundo-turno\/","url":"https:\/\/psol50.org.br\/eleicoes-municipais-psol-rumo-ao-segundo-turno\/","name":"Elei\u00e7\u00f5es municipais: PSOL rumo ao segundo turno - PSOL 50","isPartOf":{"@id":"https:\/\/psol50.org.br\/#website"},"primaryImageOfPage":{"@id":"https:\/\/psol50.org.br\/eleicoes-municipais-psol-rumo-ao-segundo-turno\/#primaryimage"},"image":{"@id":"https:\/\/psol50.org.br\/eleicoes-municipais-psol-rumo-ao-segundo-turno\/#primaryimage"},"thumbnailUrl":"https:\/\/psol50.org.br\/inc\/uploads\/2016\/09\/carrossel-eleicoes-2016.jpg","datePublished":"2016-09-26T15:29:50+00:00","breadcrumb":{"@id":"https:\/\/psol50.org.br\/eleicoes-municipais-psol-rumo-ao-segundo-turno\/#breadcrumb"},"inLanguage":"pt-BR","potentialAction":[{"@type":"ReadAction","target":["https:\/\/psol50.org.br\/eleicoes-municipais-psol-rumo-ao-segundo-turno\/"]}]},{"@type":"ImageObject","inLanguage":"pt-BR","@id":"https:\/\/psol50.org.br\/eleicoes-municipais-psol-rumo-ao-segundo-turno\/#primaryimage","url":"https:\/\/psol50.org.br\/inc\/uploads\/2016\/09\/carrossel-eleicoes-2016.jpg","contentUrl":"https:\/\/psol50.org.br\/inc\/uploads\/2016\/09\/carrossel-eleicoes-2016.jpg","width":1350,"height":900},{"@type":"BreadcrumbList","@id":"https:\/\/psol50.org.br\/eleicoes-municipais-psol-rumo-ao-segundo-turno\/#breadcrumb","itemListElement":[{"@type":"ListItem","position":1,"name":"In\u00edcio","item":"https:\/\/psol50.org.br\/"},{"@type":"ListItem","position":2,"name":"Elei\u00e7\u00f5es municipais: PSOL rumo ao segundo turno"}]},{"@type":"WebSite","@id":"https:\/\/psol50.org.br\/#website","url":"https:\/\/psol50.org.br\/","name":"PSOL 50","description":"Site oficial do Partido Socialismo e Liberdade","publisher":{"@id":"https:\/\/psol50.org.br\/#organization"},"alternateName":"PSOL50","potentialAction":[{"@type":"SearchAction","target":{"@type":"EntryPoint","urlTemplate":"https:\/\/psol50.org.br\/?s={search_term_string}"},"query-input":{"@type":"PropertyValueSpecification","valueRequired":true,"valueName":"search_term_string"}}],"inLanguage":"pt-BR"},{"@type":"Organization","@id":"https:\/\/psol50.org.br\/#organization","name":"PSOL 50","alternateName":"PSOL 50","url":"https:\/\/psol50.org.br\/","logo":{"@type":"ImageObject","inLanguage":"pt-BR","@id":"https:\/\/psol50.org.br\/#\/schema\/logo\/image\/","url":"https:\/\/psol50.org.br\/inc\/uploads\/2018\/07\/capa.png","contentUrl":"https:\/\/psol50.org.br\/inc\/uploads\/2018\/07\/capa.png","width":1350,"height":900,"caption":"PSOL 50"},"image":{"@id":"https:\/\/psol50.org.br\/#\/schema\/logo\/image\/"},"sameAs":["https:\/\/www.facebook.com\/psol50","https:\/\/x.com\/psol50","https:\/\/www.instagram.com\/psol50\/","https:\/\/www.youtube.com\/channel\/UC7SnJS5o1os7a6CaiNabzcg"]},{"@type":"Person","@id":"https:\/\/psol50.org.br\/#\/schema\/person\/475dfa57d0b815993c714c2e96491fcd","name":"Comunica\u00e7\u00e3o PSOL","image":{"@type":"ImageObject","inLanguage":"pt-BR","@id":"https:\/\/psol50.org.br\/#\/schema\/person\/image\/","url":"https:\/\/secure.gravatar.com\/avatar\/b34fc4f4e468a4e51785917065a3db57b841f5c95dba6ad8c73aaf8f66f8f9bf?s=96&d=mm&r=g","contentUrl":"https:\/\/secure.gravatar.com\/avatar\/b34fc4f4e468a4e51785917065a3db57b841f5c95dba6ad8c73aaf8f66f8f9bf?s=96&d=mm&r=g","caption":"Comunica\u00e7\u00e3o PSOL"}}]}},"_links":{"self":[{"href":"https:\/\/psol50.org.br\/rest\/wp\/v2\/posts\/13940","targetHints":{"allow":["GET"]}}],"collection":[{"href":"https:\/\/psol50.org.br\/rest\/wp\/v2\/posts"}],"about":[{"href":"https:\/\/psol50.org.br\/rest\/wp\/v2\/types\/post"}],"author":[{"embeddable":true,"href":"https:\/\/psol50.org.br\/rest\/wp\/v2\/users\/2"}],"replies":[{"embeddable":true,"href":"https:\/\/psol50.org.br\/rest\/wp\/v2\/comments?post=13940"}],"version-history":[{"count":0,"href":"https:\/\/psol50.org.br\/rest\/wp\/v2\/posts\/13940\/revisions"}],"wp:featuredmedia":[{"embeddable":true,"href":"https:\/\/psol50.org.br\/rest\/wp\/v2\/media\/13961"}],"wp:attachment":[{"href":"https:\/\/psol50.org.br\/rest\/wp\/v2\/media?parent=13940"}],"wp:term":[{"taxonomy":"category","embeddable":true,"href":"https:\/\/psol50.org.br\/rest\/wp\/v2\/categories?post=13940"},{"taxonomy":"post_tag","embeddable":true,"href":"https:\/\/psol50.org.br\/rest\/wp\/v2\/tags?post=13940"}],"curies":[{"name":"wp","href":"https:\/\/api.w.org\/{rel}","templated":true}]}}