{"id":13948,"date":"2016-09-26T18:33:35","date_gmt":"2016-09-26T18:33:35","guid":{"rendered":"http:\/\/www.psol50.org.br\/?p=13948"},"modified":"2016-09-26T18:33:35","modified_gmt":"2016-09-26T18:33:35","slug":"nota-do-psol-sobre-coligacoes-nao-autorizadas","status":"publish","type":"post","link":"https:\/\/psol50.org.br\/nota-do-psol-sobre-coligacoes-nao-autorizadas\/","title":{"rendered":"Nota do PSOL sobre coliga\u00e7\u00f5es n\u00e3o autorizadas"},"content":{"rendered":"<p style=\"text-align: justify\">Coerente com a posi\u00e7\u00e3o nacional do PSOL, que esteve nas ruas e no parlamento enfrentando o golpe institucional promovido pelas for\u00e7as conservadoras, o seu Diret\u00f3rio Nacional, reunido nos dias 29 e 30 de julho decidiu refutar qualquer alian\u00e7a com partidos da direita, tais como: PSDB, DEM, PMDB, PR, PRB, PTB, PSD, PPS, PSC, SD e PP. Alian\u00e7as com esses partidos foram expressamente proibidas.<\/p>\n<p style=\"text-align: justify\">Em seguida, os ju\u00edzes eleitorais de todos os munic\u00edpios em que ocorreram casos de descumprimento da Resolu\u00e7\u00e3o Nacional foram notificados para que tais coliga\u00e7\u00f5es fossem desfeitas. No total 101 munic\u00edpios foram notificados. Em alguns casos, tais coliga\u00e7\u00f5es foram refeitas parcialmente, retirando apenas os partidos proibidos. Em outros casos a totalidade da coliga\u00e7\u00e3o precisou ser desfeita.<\/p>\n<p style=\"text-align: justify\">As dire\u00e7\u00f5es municipais que promoveram alian\u00e7as proibidas est\u00e3o sendo monitoradas pelas dire\u00e7\u00f5es estaduais, tendo ocorrido dissolu\u00e7\u00e3o de algumas de imediato quando a postura ensejou postura mais r\u00e1pida e saneadora.<\/p>\n<p style=\"text-align: justify\">Assim, o PSOL mant\u00e9m sua coer\u00eancia. Fizemos centenas de alian\u00e7as com partidos progressistas, na maioria tendo o partido como cabe\u00e7a de chapa. Nossa decis\u00e3o foi e ser\u00e1 de fortalecer um polo de mudan\u00e7as sociais e de resist\u00eancia contra os retrocessos e os ataques aos nossos direitos.<\/p>\n<p style=\"text-align: justify\">Por isso, nossas campanhas est\u00e3o todas apoiando as mobiliza\u00e7\u00f5es sociais por direitos e contra o golpe.<\/p>\n<p style=\"text-align: justify\">Fora Temer! Nenhum direito a menos!<\/p>\n<p style=\"text-align: justify\">Bras\u00edlia, 26 de setembro de 2016<\/p>\n<p style=\"text-align: justify\">Luiz Ara\u00fajo<br \/>\nPresidente Nacional do PSOL<\/p>\n","protected":false},"excerpt":{"rendered":"<p>Coerente com a posi\u00e7\u00e3o nacional do PSOL, que esteve nas ruas e no parlamento enfrentando o golpe institucional promovido pelas for\u00e7as conservadoras, o seu Diret\u00f3rio Nacional, reunido nos dias 29 e 30 de julho decidiu refutar qualquer alian\u00e7a com partidos da direita, tais como: PSDB, DEM, PMDB, PR, PRB, PTB, PSD, PPS, PSC, SD e [&hellip;]<\/p>\n","protected":false},"author":2,"featured_media":13145,"comment_status":"open","ping_status":"open","sticky":false,"template":"","format":"standard","meta":{"_acf_changed":false,"footnotes":""},"categories":[6],"tags":[4569,3480,4405,4570],"class_list":{"0":"post-13948","1":"post","2":"type-post","3":"status-publish","4":"format-standard","5":"has-post-thumbnail","7":"category-noticias","8":"tag-coligacoes-nao-autorizadas","9":"tag-debates","10":"tag-minirreforma-eleitoral","11":"tag-voto-de-legenda"},"acf":[],"yoast_head":"<!-- This site is optimized with the Yoast SEO plugin v26.5 - https:\/\/yoast.com\/wordpress\/plugins\/seo\/ -->\n<title>Nota do PSOL sobre coliga\u00e7\u00f5es n\u00e3o autorizadas - PSOL 50<\/title>\n<meta name=\"robots\" content=\"index, follow, max-snippet:-1, max-image-preview:large, max-video-preview:-1\" \/>\n<link rel=\"canonical\" href=\"https:\/\/psol50.org.br\/nota-do-psol-sobre-coligacoes-nao-autorizadas\/\" \/>\n<meta property=\"og:locale\" content=\"pt_BR\" \/>\n<meta property=\"og:type\" content=\"article\" \/>\n<meta property=\"og:title\" content=\"Nota do PSOL sobre coliga\u00e7\u00f5es n\u00e3o autorizadas - PSOL 50\" \/>\n<meta property=\"og:description\" content=\"Coerente com a posi\u00e7\u00e3o nacional do PSOL, que esteve nas ruas e no parlamento enfrentando o golpe institucional promovido pelas for\u00e7as conservadoras, o seu Diret\u00f3rio Nacional, reunido nos dias 29 e 30 de julho decidiu refutar qualquer alian\u00e7a com partidos da direita, tais como: PSDB, DEM, PMDB, PR, PRB, PTB, PSD, PPS, PSC, SD e [&hellip;]\" \/>\n<meta property=\"og:url\" content=\"https:\/\/psol50.org.br\/nota-do-psol-sobre-coligacoes-nao-autorizadas\/\" \/>\n<meta property=\"og:site_name\" content=\"PSOL 50\" \/>\n<meta property=\"article:publisher\" content=\"https:\/\/www.facebook.com\/psol50\" \/>\n<meta property=\"article:published_time\" content=\"2016-09-26T18:33:35+00:00\" \/>\n<meta property=\"og:image\" content=\"https:\/\/psol50.org.br\/inc\/uploads\/2018\/07\/capa.png\" \/>\n\t<meta property=\"og:image:width\" content=\"1350\" \/>\n\t<meta property=\"og:image:height\" content=\"900\" \/>\n\t<meta property=\"og:image:type\" content=\"image\/png\" \/>\n<meta name=\"author\" content=\"Comunica\u00e7\u00e3o PSOL\" \/>\n<meta name=\"twitter:card\" content=\"summary_large_image\" \/>\n<meta name=\"twitter:creator\" content=\"@psol50\" \/>\n<meta name=\"twitter:site\" content=\"@psol50\" \/>\n<meta name=\"twitter:label1\" content=\"Escrito por\" \/>\n\t<meta name=\"twitter:data1\" content=\"Comunica\u00e7\u00e3o PSOL\" \/>\n\t<meta name=\"twitter:label2\" content=\"Est. tempo de leitura\" \/>\n\t<meta name=\"twitter:data2\" content=\"1 minuto\" \/>\n<script type=\"application\/ld+json\" class=\"yoast-schema-graph\">{\"@context\":\"https:\/\/schema.org\",\"@graph\":[{\"@type\":\"Article\",\"@id\":\"https:\/\/psol50.org.br\/nota-do-psol-sobre-coligacoes-nao-autorizadas\/#article\",\"isPartOf\":{\"@id\":\"https:\/\/psol50.org.br\/nota-do-psol-sobre-coligacoes-nao-autorizadas\/\"},\"author\":{\"name\":\"Comunica\u00e7\u00e3o PSOL\",\"@id\":\"https:\/\/psol50.org.br\/#\/schema\/person\/475dfa57d0b815993c714c2e96491fcd\"},\"headline\":\"Nota do PSOL sobre coliga\u00e7\u00f5es n\u00e3o autorizadas\",\"datePublished\":\"2016-09-26T18:33:35+00:00\",\"mainEntityOfPage\":{\"@id\":\"https:\/\/psol50.org.br\/nota-do-psol-sobre-coligacoes-nao-autorizadas\/\"},\"wordCount\":260,\"commentCount\":0,\"publisher\":{\"@id\":\"https:\/\/psol50.org.br\/#organization\"},\"image\":{\"@id\":\"https:\/\/psol50.org.br\/nota-do-psol-sobre-coligacoes-nao-autorizadas\/#primaryimage\"},\"thumbnailUrl\":\"\",\"keywords\":[\"Coliga\u00e7\u00f5es n\u00e3o autorizadas\",\"debates\",\"minirreforma eleitoral\",\"voto de legenda\"],\"articleSection\":[\"Not\u00edcias\"],\"inLanguage\":\"pt-BR\",\"potentialAction\":[{\"@type\":\"CommentAction\",\"name\":\"Comment\",\"target\":[\"https:\/\/psol50.org.br\/nota-do-psol-sobre-coligacoes-nao-autorizadas\/#respond\"]}]},{\"@type\":\"WebPage\",\"@id\":\"https:\/\/psol50.org.br\/nota-do-psol-sobre-coligacoes-nao-autorizadas\/\",\"url\":\"https:\/\/psol50.org.br\/nota-do-psol-sobre-coligacoes-nao-autorizadas\/\",\"name\":\"Nota do PSOL sobre coliga\u00e7\u00f5es n\u00e3o autorizadas - PSOL 50\",\"isPartOf\":{\"@id\":\"https:\/\/psol50.org.br\/#website\"},\"primaryImageOfPage\":{\"@id\":\"https:\/\/psol50.org.br\/nota-do-psol-sobre-coligacoes-nao-autorizadas\/#primaryimage\"},\"image\":{\"@id\":\"https:\/\/psol50.org.br\/nota-do-psol-sobre-coligacoes-nao-autorizadas\/#primaryimage\"},\"thumbnailUrl\":\"\",\"datePublished\":\"2016-09-26T18:33:35+00:00\",\"breadcrumb\":{\"@id\":\"https:\/\/psol50.org.br\/nota-do-psol-sobre-coligacoes-nao-autorizadas\/#breadcrumb\"},\"inLanguage\":\"pt-BR\",\"potentialAction\":[{\"@type\":\"ReadAction\",\"target\":[\"https:\/\/psol50.org.br\/nota-do-psol-sobre-coligacoes-nao-autorizadas\/\"]}]},{\"@type\":\"ImageObject\",\"inLanguage\":\"pt-BR\",\"@id\":\"https:\/\/psol50.org.br\/nota-do-psol-sobre-coligacoes-nao-autorizadas\/#primaryimage\",\"url\":\"\",\"contentUrl\":\"\"},{\"@type\":\"BreadcrumbList\",\"@id\":\"https:\/\/psol50.org.br\/nota-do-psol-sobre-coligacoes-nao-autorizadas\/#breadcrumb\",\"itemListElement\":[{\"@type\":\"ListItem\",\"position\":1,\"name\":\"In\u00edcio\",\"item\":\"https:\/\/psol50.org.br\/\"},{\"@type\":\"ListItem\",\"position\":2,\"name\":\"Nota do PSOL sobre coliga\u00e7\u00f5es n\u00e3o autorizadas\"}]},{\"@type\":\"WebSite\",\"@id\":\"https:\/\/psol50.org.br\/#website\",\"url\":\"https:\/\/psol50.org.br\/\",\"name\":\"PSOL 50\",\"description\":\"Site oficial do Partido Socialismo e Liberdade\",\"publisher\":{\"@id\":\"https:\/\/psol50.org.br\/#organization\"},\"alternateName\":\"PSOL50\",\"potentialAction\":[{\"@type\":\"SearchAction\",\"target\":{\"@type\":\"EntryPoint\",\"urlTemplate\":\"https:\/\/psol50.org.br\/?s={search_term_string}\"},\"query-input\":{\"@type\":\"PropertyValueSpecification\",\"valueRequired\":true,\"valueName\":\"search_term_string\"}}],\"inLanguage\":\"pt-BR\"},{\"@type\":\"Organization\",\"@id\":\"https:\/\/psol50.org.br\/#organization\",\"name\":\"PSOL 50\",\"alternateName\":\"PSOL 50\",\"url\":\"https:\/\/psol50.org.br\/\",\"logo\":{\"@type\":\"ImageObject\",\"inLanguage\":\"pt-BR\",\"@id\":\"https:\/\/psol50.org.br\/#\/schema\/logo\/image\/\",\"url\":\"https:\/\/psol50.org.br\/inc\/uploads\/2018\/07\/capa.png\",\"contentUrl\":\"https:\/\/psol50.org.br\/inc\/uploads\/2018\/07\/capa.png\",\"width\":1350,\"height\":900,\"caption\":\"PSOL 50\"},\"image\":{\"@id\":\"https:\/\/psol50.org.br\/#\/schema\/logo\/image\/\"},\"sameAs\":[\"https:\/\/www.facebook.com\/psol50\",\"https:\/\/x.com\/psol50\",\"https:\/\/www.instagram.com\/psol50\/\",\"https:\/\/www.youtube.com\/channel\/UC7SnJS5o1os7a6CaiNabzcg\"]},{\"@type\":\"Person\",\"@id\":\"https:\/\/psol50.org.br\/#\/schema\/person\/475dfa57d0b815993c714c2e96491fcd\",\"name\":\"Comunica\u00e7\u00e3o PSOL\",\"image\":{\"@type\":\"ImageObject\",\"inLanguage\":\"pt-BR\",\"@id\":\"https:\/\/psol50.org.br\/#\/schema\/person\/image\/\",\"url\":\"https:\/\/secure.gravatar.com\/avatar\/b34fc4f4e468a4e51785917065a3db57b841f5c95dba6ad8c73aaf8f66f8f9bf?s=96&d=mm&r=g\",\"contentUrl\":\"https:\/\/secure.gravatar.com\/avatar\/b34fc4f4e468a4e51785917065a3db57b841f5c95dba6ad8c73aaf8f66f8f9bf?s=96&d=mm&r=g\",\"caption\":\"Comunica\u00e7\u00e3o PSOL\"}}]}<\/script>\n<!-- \/ Yoast SEO plugin. -->","yoast_head_json":{"title":"Nota do PSOL sobre coliga\u00e7\u00f5es n\u00e3o autorizadas - PSOL 50","robots":{"index":"index","follow":"follow","max-snippet":"max-snippet:-1","max-image-preview":"max-image-preview:large","max-video-preview":"max-video-preview:-1"},"canonical":"https:\/\/psol50.org.br\/nota-do-psol-sobre-coligacoes-nao-autorizadas\/","og_locale":"pt_BR","og_type":"article","og_title":"Nota do PSOL sobre coliga\u00e7\u00f5es n\u00e3o autorizadas - PSOL 50","og_description":"Coerente com a posi\u00e7\u00e3o nacional do PSOL, que esteve nas ruas e no parlamento enfrentando o golpe institucional promovido pelas for\u00e7as conservadoras, o seu Diret\u00f3rio Nacional, reunido nos dias 29 e 30 de julho decidiu refutar qualquer alian\u00e7a com partidos da direita, tais como: PSDB, DEM, PMDB, PR, PRB, PTB, PSD, PPS, PSC, SD e [&hellip;]","og_url":"https:\/\/psol50.org.br\/nota-do-psol-sobre-coligacoes-nao-autorizadas\/","og_site_name":"PSOL 50","article_publisher":"https:\/\/www.facebook.com\/psol50","article_published_time":"2016-09-26T18:33:35+00:00","og_image":[{"width":1350,"height":900,"url":"https:\/\/psol50.org.br\/inc\/uploads\/2018\/07\/capa.png","type":"image\/png"}],"author":"Comunica\u00e7\u00e3o PSOL","twitter_card":"summary_large_image","twitter_creator":"@psol50","twitter_site":"@psol50","twitter_misc":{"Escrito por":"Comunica\u00e7\u00e3o PSOL","Est. tempo de leitura":"1 minuto"},"schema":{"@context":"https:\/\/schema.org","@graph":[{"@type":"Article","@id":"https:\/\/psol50.org.br\/nota-do-psol-sobre-coligacoes-nao-autorizadas\/#article","isPartOf":{"@id":"https:\/\/psol50.org.br\/nota-do-psol-sobre-coligacoes-nao-autorizadas\/"},"author":{"name":"Comunica\u00e7\u00e3o PSOL","@id":"https:\/\/psol50.org.br\/#\/schema\/person\/475dfa57d0b815993c714c2e96491fcd"},"headline":"Nota do PSOL sobre coliga\u00e7\u00f5es n\u00e3o autorizadas","datePublished":"2016-09-26T18:33:35+00:00","mainEntityOfPage":{"@id":"https:\/\/psol50.org.br\/nota-do-psol-sobre-coligacoes-nao-autorizadas\/"},"wordCount":260,"commentCount":0,"publisher":{"@id":"https:\/\/psol50.org.br\/#organization"},"image":{"@id":"https:\/\/psol50.org.br\/nota-do-psol-sobre-coligacoes-nao-autorizadas\/#primaryimage"},"thumbnailUrl":"","keywords":["Coliga\u00e7\u00f5es n\u00e3o autorizadas","debates","minirreforma eleitoral","voto de legenda"],"articleSection":["Not\u00edcias"],"inLanguage":"pt-BR","potentialAction":[{"@type":"CommentAction","name":"Comment","target":["https:\/\/psol50.org.br\/nota-do-psol-sobre-coligacoes-nao-autorizadas\/#respond"]}]},{"@type":"WebPage","@id":"https:\/\/psol50.org.br\/nota-do-psol-sobre-coligacoes-nao-autorizadas\/","url":"https:\/\/psol50.org.br\/nota-do-psol-sobre-coligacoes-nao-autorizadas\/","name":"Nota do PSOL sobre coliga\u00e7\u00f5es n\u00e3o autorizadas - PSOL 50","isPartOf":{"@id":"https:\/\/psol50.org.br\/#website"},"primaryImageOfPage":{"@id":"https:\/\/psol50.org.br\/nota-do-psol-sobre-coligacoes-nao-autorizadas\/#primaryimage"},"image":{"@id":"https:\/\/psol50.org.br\/nota-do-psol-sobre-coligacoes-nao-autorizadas\/#primaryimage"},"thumbnailUrl":"","datePublished":"2016-09-26T18:33:35+00:00","breadcrumb":{"@id":"https:\/\/psol50.org.br\/nota-do-psol-sobre-coligacoes-nao-autorizadas\/#breadcrumb"},"inLanguage":"pt-BR","potentialAction":[{"@type":"ReadAction","target":["https:\/\/psol50.org.br\/nota-do-psol-sobre-coligacoes-nao-autorizadas\/"]}]},{"@type":"ImageObject","inLanguage":"pt-BR","@id":"https:\/\/psol50.org.br\/nota-do-psol-sobre-coligacoes-nao-autorizadas\/#primaryimage","url":"","contentUrl":""},{"@type":"BreadcrumbList","@id":"https:\/\/psol50.org.br\/nota-do-psol-sobre-coligacoes-nao-autorizadas\/#breadcrumb","itemListElement":[{"@type":"ListItem","position":1,"name":"In\u00edcio","item":"https:\/\/psol50.org.br\/"},{"@type":"ListItem","position":2,"name":"Nota do PSOL sobre coliga\u00e7\u00f5es n\u00e3o autorizadas"}]},{"@type":"WebSite","@id":"https:\/\/psol50.org.br\/#website","url":"https:\/\/psol50.org.br\/","name":"PSOL 50","description":"Site oficial do Partido Socialismo e Liberdade","publisher":{"@id":"https:\/\/psol50.org.br\/#organization"},"alternateName":"PSOL50","potentialAction":[{"@type":"SearchAction","target":{"@type":"EntryPoint","urlTemplate":"https:\/\/psol50.org.br\/?s={search_term_string}"},"query-input":{"@type":"PropertyValueSpecification","valueRequired":true,"valueName":"search_term_string"}}],"inLanguage":"pt-BR"},{"@type":"Organization","@id":"https:\/\/psol50.org.br\/#organization","name":"PSOL 50","alternateName":"PSOL 50","url":"https:\/\/psol50.org.br\/","logo":{"@type":"ImageObject","inLanguage":"pt-BR","@id":"https:\/\/psol50.org.br\/#\/schema\/logo\/image\/","url":"https:\/\/psol50.org.br\/inc\/uploads\/2018\/07\/capa.png","contentUrl":"https:\/\/psol50.org.br\/inc\/uploads\/2018\/07\/capa.png","width":1350,"height":900,"caption":"PSOL 50"},"image":{"@id":"https:\/\/psol50.org.br\/#\/schema\/logo\/image\/"},"sameAs":["https:\/\/www.facebook.com\/psol50","https:\/\/x.com\/psol50","https:\/\/www.instagram.com\/psol50\/","https:\/\/www.youtube.com\/channel\/UC7SnJS5o1os7a6CaiNabzcg"]},{"@type":"Person","@id":"https:\/\/psol50.org.br\/#\/schema\/person\/475dfa57d0b815993c714c2e96491fcd","name":"Comunica\u00e7\u00e3o PSOL","image":{"@type":"ImageObject","inLanguage":"pt-BR","@id":"https:\/\/psol50.org.br\/#\/schema\/person\/image\/","url":"https:\/\/secure.gravatar.com\/avatar\/b34fc4f4e468a4e51785917065a3db57b841f5c95dba6ad8c73aaf8f66f8f9bf?s=96&d=mm&r=g","contentUrl":"https:\/\/secure.gravatar.com\/avatar\/b34fc4f4e468a4e51785917065a3db57b841f5c95dba6ad8c73aaf8f66f8f9bf?s=96&d=mm&r=g","caption":"Comunica\u00e7\u00e3o PSOL"}}]}},"_links":{"self":[{"href":"https:\/\/psol50.org.br\/rest\/wp\/v2\/posts\/13948","targetHints":{"allow":["GET"]}}],"collection":[{"href":"https:\/\/psol50.org.br\/rest\/wp\/v2\/posts"}],"about":[{"href":"https:\/\/psol50.org.br\/rest\/wp\/v2\/types\/post"}],"author":[{"embeddable":true,"href":"https:\/\/psol50.org.br\/rest\/wp\/v2\/users\/2"}],"replies":[{"embeddable":true,"href":"https:\/\/psol50.org.br\/rest\/wp\/v2\/comments?post=13948"}],"version-history":[{"count":0,"href":"https:\/\/psol50.org.br\/rest\/wp\/v2\/posts\/13948\/revisions"}],"wp:featuredmedia":[{"embeddable":true,"href":"https:\/\/psol50.org.br\/rest\/"}],"wp:attachment":[{"href":"https:\/\/psol50.org.br\/rest\/wp\/v2\/media?parent=13948"}],"wp:term":[{"taxonomy":"category","embeddable":true,"href":"https:\/\/psol50.org.br\/rest\/wp\/v2\/categories?post=13948"},{"taxonomy":"post_tag","embeddable":true,"href":"https:\/\/psol50.org.br\/rest\/wp\/v2\/tags?post=13948"}],"curies":[{"name":"wp","href":"https:\/\/api.w.org\/{rel}","templated":true}]}}