{"id":13951,"date":"2016-09-26T19:22:42","date_gmt":"2016-09-26T19:22:42","guid":{"rendered":"http:\/\/www.psol50.org.br\/?p=13951"},"modified":"2016-09-26T19:22:42","modified_gmt":"2016-09-26T19:22:42","slug":"candidata-do-psol-em-curitiba-e-barrada-em-debate-na-record","status":"publish","type":"post","link":"https:\/\/psol50.org.br\/candidata-do-psol-em-curitiba-e-barrada-em-debate-na-record\/","title":{"rendered":"Candidata do PSOL em Curitiba \u00e9 barrada em debate na Record"},"content":{"rendered":"<p style=\"text-align: justify\"><strong><span style=\"font-weight: 400\">Depois de Luiza Erundina s\u00f3 ter\u00a0<span style=\"color: #3366ff\"><a style=\"color: #3366ff\" href=\"http:\/\/www.psol50.org.br\/blog\/2016\/08\/22\/luiza-erundina-e-ivan-valente-quem-tem-medo-do-debate\/\" target=\"_blank\" rel=\"noopener\">participado dos debates paulistas ap\u00f3s muita press\u00e3o<\/a><\/span><\/span><span style=\"font-weight: 400\">, a hist\u00f3ria se repete em Curitiba. X\u00eania Mello, candidata do PSOL \u00e0 prefeitura, foi impedida de participar do debate do \u00faltimo domingo (25) e barrada na porta da emissora pela Pol\u00edcia Militar. Para o PSOL, al\u00e9m da aus\u00eancia da candidata ser um ataque \u00e0 democracia, a emissora agiu de forma autorit\u00e1ria e indevida ao usar a PM para fins particulares.\u00a0<\/span><span style=\"font-weight: 400\"><br \/>\n<\/span><span style=\"font-weight: 400\"><br \/>\n<\/span><span style=\"font-weight: 400\">Segundo a Record, X\u00eania n\u00e3o foi chamada devido a uma resolu\u00e7\u00e3o do TSE que s\u00f3 obriga o convite para candidatos cujos partidos tenham mais de nove parlamentares na C\u00e2mara dos Deputados. Isso n\u00e3o significa, portanto, que as emissoras estejam proibidas de convid\u00e1-los. H\u00e1 duas semanas, um debate na Jovem Pan foi cancelado ap\u00f3s a press\u00e3o de eleitores com a hashtag #Cad\u00eaaX\u00eania. \u201c<\/span><span style=\"font-weight: 400\">A Record teve sim a op\u00e7\u00e3o de convidar a X\u00eania. N\u00e3o convidou porque n\u00e3o quis. Porque \u00e9 uma m\u00eddia comprometida com o golpismo, com o autoritarismo e o elitismo\u201d, afirmou ela em uma publica\u00e7\u00e3o no Facebook. Exemplo disso foi a presen\u00e7a de <\/span><span style=\"font-weight: 400\">Ademar Pereira (PROS)<\/span><span style=\"font-weight: 400\">, candidato cujo partido tem sete parlamentares na C\u00e2mara.\u00a0<\/span><span style=\"font-weight: 400\"><br \/>\n<\/span><span style=\"font-weight: 400\"><br \/>\n<\/span><span style=\"font-weight: 400\">X\u00eania ainda assim compareceu ao local do debate, mas foi surpreendida com uma barreira da Pol\u00edcia Militar que impediu sua entrada no pr\u00e9dio da emissora. \u201cA Record <\/span><span style=\"font-weight: 400\">n\u00e3o nos deixou nem entrar port\u00e3o adentro, como se f\u00f4ssemos b\u00e1rbaros, prestes a invadir os est\u00fadios\u201d, afirma. <\/span><span style=\"font-weight: 400\">A equipe de X\u00eania enviar\u00e1 ainda hoje um of\u00edcio notificando a Rede Globo sobre o interesse da candidata em participar dos pr\u00f3ximos debates.<\/span><\/strong><\/p>\n<div class=\"youtube-embed\" data-video_id=\"MyqFdZyCDdk\"><iframe loading=\"lazy\" title=\"X\u00eania Mello barrada pela PM no debate da Record\" width=\"696\" height=\"392\" src=\"https:\/\/www.youtube.com\/embed\/MyqFdZyCDdk?feature=oembed&#038;enablejsapi=1\" frameborder=\"0\" allow=\"accelerometer; autoplay; clipboard-write; encrypted-media; gyroscope; picture-in-picture\" allowfullscreen><\/iframe><\/div>\n<p>&nbsp;<\/p>\n","protected":false},"excerpt":{"rendered":"<p>Depois de Luiza Erundina s\u00f3 ter\u00a0participado dos debates paulistas ap\u00f3s muita press\u00e3o, a hist\u00f3ria se repete em Curitiba. X\u00eania Mello, candidata do PSOL \u00e0 prefeitura, foi impedida de participar do debate do \u00faltimo domingo (25) e barrada na porta da emissora pela Pol\u00edcia Militar. Para o PSOL, al\u00e9m da aus\u00eancia da candidata ser um ataque [&hellip;]<\/p>\n","protected":false},"author":2,"featured_media":13952,"comment_status":"open","ping_status":"open","sticky":false,"template":"","format":"standard","meta":{"_acf_changed":false,"footnotes":""},"categories":[1882],"tags":[4571,115,4572,4369,4573],"class_list":{"0":"post-13951","1":"post","2":"type-post","3":"status-publish","4":"format-standard","5":"has-post-thumbnail","7":"category-brasil","8":"tag-debate-na-record","9":"tag-policia-militar","10":"tag-prefeitura-de-curitiba","11":"tag-psol-nos-debates","12":"tag-xenia-mello"},"acf":[],"yoast_head":"<!-- This site is optimized with the Yoast SEO plugin v26.5 - https:\/\/yoast.com\/wordpress\/plugins\/seo\/ -->\n<title>Candidata do PSOL em Curitiba \u00e9 barrada em debate na Record - PSOL 50<\/title>\n<meta name=\"robots\" content=\"index, follow, max-snippet:-1, max-image-preview:large, max-video-preview:-1\" \/>\n<link rel=\"canonical\" href=\"https:\/\/psol50.org.br\/candidata-do-psol-em-curitiba-e-barrada-em-debate-na-record\/\" \/>\n<meta property=\"og:locale\" content=\"pt_BR\" \/>\n<meta property=\"og:type\" content=\"article\" \/>\n<meta property=\"og:title\" content=\"Candidata do PSOL em Curitiba \u00e9 barrada em debate na Record - PSOL 50\" \/>\n<meta property=\"og:description\" content=\"Depois de Luiza Erundina s\u00f3 ter\u00a0participado dos debates paulistas ap\u00f3s muita press\u00e3o, a hist\u00f3ria se repete em Curitiba. X\u00eania Mello, candidata do PSOL \u00e0 prefeitura, foi impedida de participar do debate do \u00faltimo domingo (25) e barrada na porta da emissora pela Pol\u00edcia Militar. Para o PSOL, al\u00e9m da aus\u00eancia da candidata ser um ataque [&hellip;]\" \/>\n<meta property=\"og:url\" content=\"https:\/\/psol50.org.br\/candidata-do-psol-em-curitiba-e-barrada-em-debate-na-record\/\" \/>\n<meta property=\"og:site_name\" content=\"PSOL 50\" \/>\n<meta property=\"article:publisher\" content=\"https:\/\/www.facebook.com\/psol50\" \/>\n<meta property=\"article:published_time\" content=\"2016-09-26T19:22:42+00:00\" \/>\n<meta property=\"og:image\" content=\"https:\/\/psol50.org.br\/inc\/uploads\/2018\/07\/capa.png\" \/>\n\t<meta property=\"og:image:width\" content=\"1350\" \/>\n\t<meta property=\"og:image:height\" content=\"900\" \/>\n\t<meta property=\"og:image:type\" content=\"image\/png\" \/>\n<meta name=\"author\" content=\"Comunica\u00e7\u00e3o PSOL\" \/>\n<meta name=\"twitter:card\" content=\"summary_large_image\" \/>\n<meta name=\"twitter:creator\" content=\"@psol50\" \/>\n<meta name=\"twitter:site\" content=\"@psol50\" \/>\n<meta name=\"twitter:label1\" content=\"Escrito por\" \/>\n\t<meta name=\"twitter:data1\" content=\"Comunica\u00e7\u00e3o PSOL\" \/>\n\t<meta name=\"twitter:label2\" content=\"Est. tempo de leitura\" \/>\n\t<meta name=\"twitter:data2\" content=\"1 minuto\" \/>\n<script type=\"application\/ld+json\" class=\"yoast-schema-graph\">{\"@context\":\"https:\/\/schema.org\",\"@graph\":[{\"@type\":\"Article\",\"@id\":\"https:\/\/psol50.org.br\/candidata-do-psol-em-curitiba-e-barrada-em-debate-na-record\/#article\",\"isPartOf\":{\"@id\":\"https:\/\/psol50.org.br\/candidata-do-psol-em-curitiba-e-barrada-em-debate-na-record\/\"},\"author\":{\"name\":\"Comunica\u00e7\u00e3o PSOL\",\"@id\":\"https:\/\/psol50.org.br\/#\/schema\/person\/475dfa57d0b815993c714c2e96491fcd\"},\"headline\":\"Candidata do PSOL em Curitiba \u00e9 barrada em debate na Record\",\"datePublished\":\"2016-09-26T19:22:42+00:00\",\"mainEntityOfPage\":{\"@id\":\"https:\/\/psol50.org.br\/candidata-do-psol-em-curitiba-e-barrada-em-debate-na-record\/\"},\"wordCount\":307,\"commentCount\":0,\"publisher\":{\"@id\":\"https:\/\/psol50.org.br\/#organization\"},\"image\":{\"@id\":\"https:\/\/psol50.org.br\/candidata-do-psol-em-curitiba-e-barrada-em-debate-na-record\/#primaryimage\"},\"thumbnailUrl\":\"\",\"keywords\":[\"debate na Record\",\"Pol\u00edcia Militar\",\"prefeitura de Curitiba\",\"PSOL nos debates\",\"X\u00eania Mello\"],\"articleSection\":[\"Brasil\"],\"inLanguage\":\"pt-BR\",\"potentialAction\":[{\"@type\":\"CommentAction\",\"name\":\"Comment\",\"target\":[\"https:\/\/psol50.org.br\/candidata-do-psol-em-curitiba-e-barrada-em-debate-na-record\/#respond\"]}]},{\"@type\":\"WebPage\",\"@id\":\"https:\/\/psol50.org.br\/candidata-do-psol-em-curitiba-e-barrada-em-debate-na-record\/\",\"url\":\"https:\/\/psol50.org.br\/candidata-do-psol-em-curitiba-e-barrada-em-debate-na-record\/\",\"name\":\"Candidata do PSOL em Curitiba \u00e9 barrada em debate na Record - PSOL 50\",\"isPartOf\":{\"@id\":\"https:\/\/psol50.org.br\/#website\"},\"primaryImageOfPage\":{\"@id\":\"https:\/\/psol50.org.br\/candidata-do-psol-em-curitiba-e-barrada-em-debate-na-record\/#primaryimage\"},\"image\":{\"@id\":\"https:\/\/psol50.org.br\/candidata-do-psol-em-curitiba-e-barrada-em-debate-na-record\/#primaryimage\"},\"thumbnailUrl\":\"\",\"datePublished\":\"2016-09-26T19:22:42+00:00\",\"breadcrumb\":{\"@id\":\"https:\/\/psol50.org.br\/candidata-do-psol-em-curitiba-e-barrada-em-debate-na-record\/#breadcrumb\"},\"inLanguage\":\"pt-BR\",\"potentialAction\":[{\"@type\":\"ReadAction\",\"target\":[\"https:\/\/psol50.org.br\/candidata-do-psol-em-curitiba-e-barrada-em-debate-na-record\/\"]}]},{\"@type\":\"ImageObject\",\"inLanguage\":\"pt-BR\",\"@id\":\"https:\/\/psol50.org.br\/candidata-do-psol-em-curitiba-e-barrada-em-debate-na-record\/#primaryimage\",\"url\":\"\",\"contentUrl\":\"\"},{\"@type\":\"BreadcrumbList\",\"@id\":\"https:\/\/psol50.org.br\/candidata-do-psol-em-curitiba-e-barrada-em-debate-na-record\/#breadcrumb\",\"itemListElement\":[{\"@type\":\"ListItem\",\"position\":1,\"name\":\"In\u00edcio\",\"item\":\"https:\/\/psol50.org.br\/\"},{\"@type\":\"ListItem\",\"position\":2,\"name\":\"Candidata do PSOL em Curitiba \u00e9 barrada em debate na Record\"}]},{\"@type\":\"WebSite\",\"@id\":\"https:\/\/psol50.org.br\/#website\",\"url\":\"https:\/\/psol50.org.br\/\",\"name\":\"PSOL 50\",\"description\":\"Site oficial do Partido Socialismo e Liberdade\",\"publisher\":{\"@id\":\"https:\/\/psol50.org.br\/#organization\"},\"alternateName\":\"PSOL50\",\"potentialAction\":[{\"@type\":\"SearchAction\",\"target\":{\"@type\":\"EntryPoint\",\"urlTemplate\":\"https:\/\/psol50.org.br\/?s={search_term_string}\"},\"query-input\":{\"@type\":\"PropertyValueSpecification\",\"valueRequired\":true,\"valueName\":\"search_term_string\"}}],\"inLanguage\":\"pt-BR\"},{\"@type\":\"Organization\",\"@id\":\"https:\/\/psol50.org.br\/#organization\",\"name\":\"PSOL 50\",\"alternateName\":\"PSOL 50\",\"url\":\"https:\/\/psol50.org.br\/\",\"logo\":{\"@type\":\"ImageObject\",\"inLanguage\":\"pt-BR\",\"@id\":\"https:\/\/psol50.org.br\/#\/schema\/logo\/image\/\",\"url\":\"https:\/\/psol50.org.br\/inc\/uploads\/2018\/07\/capa.png\",\"contentUrl\":\"https:\/\/psol50.org.br\/inc\/uploads\/2018\/07\/capa.png\",\"width\":1350,\"height\":900,\"caption\":\"PSOL 50\"},\"image\":{\"@id\":\"https:\/\/psol50.org.br\/#\/schema\/logo\/image\/\"},\"sameAs\":[\"https:\/\/www.facebook.com\/psol50\",\"https:\/\/x.com\/psol50\",\"https:\/\/www.instagram.com\/psol50\/\",\"https:\/\/www.youtube.com\/channel\/UC7SnJS5o1os7a6CaiNabzcg\"]},{\"@type\":\"Person\",\"@id\":\"https:\/\/psol50.org.br\/#\/schema\/person\/475dfa57d0b815993c714c2e96491fcd\",\"name\":\"Comunica\u00e7\u00e3o PSOL\",\"image\":{\"@type\":\"ImageObject\",\"inLanguage\":\"pt-BR\",\"@id\":\"https:\/\/psol50.org.br\/#\/schema\/person\/image\/\",\"url\":\"https:\/\/secure.gravatar.com\/avatar\/b34fc4f4e468a4e51785917065a3db57b841f5c95dba6ad8c73aaf8f66f8f9bf?s=96&d=mm&r=g\",\"contentUrl\":\"https:\/\/secure.gravatar.com\/avatar\/b34fc4f4e468a4e51785917065a3db57b841f5c95dba6ad8c73aaf8f66f8f9bf?s=96&d=mm&r=g\",\"caption\":\"Comunica\u00e7\u00e3o PSOL\"}}]}<\/script>\n<!-- \/ Yoast SEO plugin. -->","yoast_head_json":{"title":"Candidata do PSOL em Curitiba \u00e9 barrada em debate na Record - PSOL 50","robots":{"index":"index","follow":"follow","max-snippet":"max-snippet:-1","max-image-preview":"max-image-preview:large","max-video-preview":"max-video-preview:-1"},"canonical":"https:\/\/psol50.org.br\/candidata-do-psol-em-curitiba-e-barrada-em-debate-na-record\/","og_locale":"pt_BR","og_type":"article","og_title":"Candidata do PSOL em Curitiba \u00e9 barrada em debate na Record - PSOL 50","og_description":"Depois de Luiza Erundina s\u00f3 ter\u00a0participado dos debates paulistas ap\u00f3s muita press\u00e3o, a hist\u00f3ria se repete em Curitiba. X\u00eania Mello, candidata do PSOL \u00e0 prefeitura, foi impedida de participar do debate do \u00faltimo domingo (25) e barrada na porta da emissora pela Pol\u00edcia Militar. Para o PSOL, al\u00e9m da aus\u00eancia da candidata ser um ataque [&hellip;]","og_url":"https:\/\/psol50.org.br\/candidata-do-psol-em-curitiba-e-barrada-em-debate-na-record\/","og_site_name":"PSOL 50","article_publisher":"https:\/\/www.facebook.com\/psol50","article_published_time":"2016-09-26T19:22:42+00:00","og_image":[{"width":1350,"height":900,"url":"https:\/\/psol50.org.br\/inc\/uploads\/2018\/07\/capa.png","type":"image\/png"}],"author":"Comunica\u00e7\u00e3o PSOL","twitter_card":"summary_large_image","twitter_creator":"@psol50","twitter_site":"@psol50","twitter_misc":{"Escrito por":"Comunica\u00e7\u00e3o PSOL","Est. tempo de leitura":"1 minuto"},"schema":{"@context":"https:\/\/schema.org","@graph":[{"@type":"Article","@id":"https:\/\/psol50.org.br\/candidata-do-psol-em-curitiba-e-barrada-em-debate-na-record\/#article","isPartOf":{"@id":"https:\/\/psol50.org.br\/candidata-do-psol-em-curitiba-e-barrada-em-debate-na-record\/"},"author":{"name":"Comunica\u00e7\u00e3o PSOL","@id":"https:\/\/psol50.org.br\/#\/schema\/person\/475dfa57d0b815993c714c2e96491fcd"},"headline":"Candidata do PSOL em Curitiba \u00e9 barrada em debate na Record","datePublished":"2016-09-26T19:22:42+00:00","mainEntityOfPage":{"@id":"https:\/\/psol50.org.br\/candidata-do-psol-em-curitiba-e-barrada-em-debate-na-record\/"},"wordCount":307,"commentCount":0,"publisher":{"@id":"https:\/\/psol50.org.br\/#organization"},"image":{"@id":"https:\/\/psol50.org.br\/candidata-do-psol-em-curitiba-e-barrada-em-debate-na-record\/#primaryimage"},"thumbnailUrl":"","keywords":["debate na Record","Pol\u00edcia Militar","prefeitura de Curitiba","PSOL nos debates","X\u00eania Mello"],"articleSection":["Brasil"],"inLanguage":"pt-BR","potentialAction":[{"@type":"CommentAction","name":"Comment","target":["https:\/\/psol50.org.br\/candidata-do-psol-em-curitiba-e-barrada-em-debate-na-record\/#respond"]}]},{"@type":"WebPage","@id":"https:\/\/psol50.org.br\/candidata-do-psol-em-curitiba-e-barrada-em-debate-na-record\/","url":"https:\/\/psol50.org.br\/candidata-do-psol-em-curitiba-e-barrada-em-debate-na-record\/","name":"Candidata do PSOL em Curitiba \u00e9 barrada em debate na Record - PSOL 50","isPartOf":{"@id":"https:\/\/psol50.org.br\/#website"},"primaryImageOfPage":{"@id":"https:\/\/psol50.org.br\/candidata-do-psol-em-curitiba-e-barrada-em-debate-na-record\/#primaryimage"},"image":{"@id":"https:\/\/psol50.org.br\/candidata-do-psol-em-curitiba-e-barrada-em-debate-na-record\/#primaryimage"},"thumbnailUrl":"","datePublished":"2016-09-26T19:22:42+00:00","breadcrumb":{"@id":"https:\/\/psol50.org.br\/candidata-do-psol-em-curitiba-e-barrada-em-debate-na-record\/#breadcrumb"},"inLanguage":"pt-BR","potentialAction":[{"@type":"ReadAction","target":["https:\/\/psol50.org.br\/candidata-do-psol-em-curitiba-e-barrada-em-debate-na-record\/"]}]},{"@type":"ImageObject","inLanguage":"pt-BR","@id":"https:\/\/psol50.org.br\/candidata-do-psol-em-curitiba-e-barrada-em-debate-na-record\/#primaryimage","url":"","contentUrl":""},{"@type":"BreadcrumbList","@id":"https:\/\/psol50.org.br\/candidata-do-psol-em-curitiba-e-barrada-em-debate-na-record\/#breadcrumb","itemListElement":[{"@type":"ListItem","position":1,"name":"In\u00edcio","item":"https:\/\/psol50.org.br\/"},{"@type":"ListItem","position":2,"name":"Candidata do PSOL em Curitiba \u00e9 barrada em debate na Record"}]},{"@type":"WebSite","@id":"https:\/\/psol50.org.br\/#website","url":"https:\/\/psol50.org.br\/","name":"PSOL 50","description":"Site oficial do Partido Socialismo e Liberdade","publisher":{"@id":"https:\/\/psol50.org.br\/#organization"},"alternateName":"PSOL50","potentialAction":[{"@type":"SearchAction","target":{"@type":"EntryPoint","urlTemplate":"https:\/\/psol50.org.br\/?s={search_term_string}"},"query-input":{"@type":"PropertyValueSpecification","valueRequired":true,"valueName":"search_term_string"}}],"inLanguage":"pt-BR"},{"@type":"Organization","@id":"https:\/\/psol50.org.br\/#organization","name":"PSOL 50","alternateName":"PSOL 50","url":"https:\/\/psol50.org.br\/","logo":{"@type":"ImageObject","inLanguage":"pt-BR","@id":"https:\/\/psol50.org.br\/#\/schema\/logo\/image\/","url":"https:\/\/psol50.org.br\/inc\/uploads\/2018\/07\/capa.png","contentUrl":"https:\/\/psol50.org.br\/inc\/uploads\/2018\/07\/capa.png","width":1350,"height":900,"caption":"PSOL 50"},"image":{"@id":"https:\/\/psol50.org.br\/#\/schema\/logo\/image\/"},"sameAs":["https:\/\/www.facebook.com\/psol50","https:\/\/x.com\/psol50","https:\/\/www.instagram.com\/psol50\/","https:\/\/www.youtube.com\/channel\/UC7SnJS5o1os7a6CaiNabzcg"]},{"@type":"Person","@id":"https:\/\/psol50.org.br\/#\/schema\/person\/475dfa57d0b815993c714c2e96491fcd","name":"Comunica\u00e7\u00e3o PSOL","image":{"@type":"ImageObject","inLanguage":"pt-BR","@id":"https:\/\/psol50.org.br\/#\/schema\/person\/image\/","url":"https:\/\/secure.gravatar.com\/avatar\/b34fc4f4e468a4e51785917065a3db57b841f5c95dba6ad8c73aaf8f66f8f9bf?s=96&d=mm&r=g","contentUrl":"https:\/\/secure.gravatar.com\/avatar\/b34fc4f4e468a4e51785917065a3db57b841f5c95dba6ad8c73aaf8f66f8f9bf?s=96&d=mm&r=g","caption":"Comunica\u00e7\u00e3o PSOL"}}]}},"_links":{"self":[{"href":"https:\/\/psol50.org.br\/rest\/wp\/v2\/posts\/13951","targetHints":{"allow":["GET"]}}],"collection":[{"href":"https:\/\/psol50.org.br\/rest\/wp\/v2\/posts"}],"about":[{"href":"https:\/\/psol50.org.br\/rest\/wp\/v2\/types\/post"}],"author":[{"embeddable":true,"href":"https:\/\/psol50.org.br\/rest\/wp\/v2\/users\/2"}],"replies":[{"embeddable":true,"href":"https:\/\/psol50.org.br\/rest\/wp\/v2\/comments?post=13951"}],"version-history":[{"count":0,"href":"https:\/\/psol50.org.br\/rest\/wp\/v2\/posts\/13951\/revisions"}],"wp:featuredmedia":[{"embeddable":true,"href":"https:\/\/psol50.org.br\/rest\/"}],"wp:attachment":[{"href":"https:\/\/psol50.org.br\/rest\/wp\/v2\/media?parent=13951"}],"wp:term":[{"taxonomy":"category","embeddable":true,"href":"https:\/\/psol50.org.br\/rest\/wp\/v2\/categories?post=13951"},{"taxonomy":"post_tag","embeddable":true,"href":"https:\/\/psol50.org.br\/rest\/wp\/v2\/tags?post=13951"}],"curies":[{"name":"wp","href":"https:\/\/api.w.org\/{rel}","templated":true}]}}