{"id":14021,"date":"2016-09-28T22:41:56","date_gmt":"2016-09-28T22:41:56","guid":{"rendered":"http:\/\/www.psol50.org.br\/?p=14021"},"modified":"2016-09-28T22:41:56","modified_gmt":"2016-09-28T22:41:56","slug":"fascista-tenta-atear-fogo-em-militante-e-materiais-do-psol-curitiba","status":"publish","type":"post","link":"https:\/\/psol50.org.br\/fascista-tenta-atear-fogo-em-militante-e-materiais-do-psol-curitiba\/","title":{"rendered":"Fascista tenta atear fogo em militante e materiais do PSOL Curitiba"},"content":{"rendered":"<p><a href=\"https:\/\/www.facebook.com\/psolcuritiba\/photos\/a.433735406674084.94768.299025753478384\/1126010474113237\/?type=3\" target=\"_blank\" rel=\"noopener\"><em><strong>Leia tamb\u00e9m no Facebook clicando aqui<\/strong><\/em><\/a><\/p>\n<p>Tr\u00eas militantes do PSOL estavam panfletando os materiais das campanhas do PSOL na Pra\u00e7a Tiradentes (Curitiba-PR), na tarde de hoje. Por volta das 16:40h um senhor passou pela mesa de materiais gritando e agredindo verbalmente nossos camaradas, que n\u00e3o reagiram e seguiram a atividade. Minutos depois o fascista retornou ao local com uma garrafa de \u00e1lcool com a tampa cortada, embalada em sacola pl\u00e1stica. Encharcou os materiais da mesa e o militante que estava sentado. Ao tentar atear fogo, foi impedido com um tapa na m\u00e3o e ent\u00e3o fugiu correndo.<\/p>\n<p>A direita fascista tem tomado as ruas para perseguir e achincalhar todos as\/os militantes, movimentos sociais e partidos de esquerda que ousam resistir \u00e0 barb\u00e1rie que se tornou nossas vidas, por conta do capitalismo. Eles t\u00eam tr\u00e2nsito livre pelos corredores das casas legislativas e espa\u00e7os de poder, estampam diversos ve\u00edculos dos meios de comunica\u00e7\u00e3o e se referenciam com orgulho no que h\u00e1 de pior da hist\u00f3ria pol\u00edtica brasileira &#8211; passada e atual &#8211; como os algozes da Ditadura Civil-Militar e seus representantes como a Fam\u00edlia Bolsonaro, ou com os fundamentalistas religiosos como Feliciano e Malafaia.<\/p>\n<p>O ataque que o PSOL sofreu neste dia 28 \u00e9 inaceit\u00e1vel. Atentar contra a vida de algu\u00e9m ou destruir nossos materiais, impressos \u00e0 duras penas, \u00e9 uma viol\u00eancia que recusamos naturalizar. A demonstra\u00e7\u00e3o do grau de persegui\u00e7\u00e3o e criminaliza\u00e7\u00e3o \u00e0 esquerda e seus signos, \u00e0s nossas bandeiras, aos nossos partidos e movimentos deve preocupar a todos n\u00f3s, setores progressistas da sociedade.<\/p>\n<p>Ao tentar nos incendiar, este fascista reaponta a necessidade de inflamarmos a luta contra o conservadorismo e a<br \/>\ndireita. Nossa tarefa \u00e9 dar uma virada hist\u00f3rica para a \u201cRep\u00fablica de Curitiba\u201d, avan\u00e7ar na resist\u00eancia contra o ajuste fiscal, os cortes e retirada de direitos e este governo golpista.<\/p>\n<p>Convocamos nossa milit\u00e2ncia a ocupar cada canto de Curitiba, com a for\u00e7a das ideias contra a ideia da for\u00e7a. N\u00f3s vamos derrotar a direita fascista nas urnas e nas ruas.<\/p>\n<p>Curitiba, 28 de setembro de 2016<br \/>\nPSOL Curitiba<\/p>\n","protected":false},"excerpt":{"rendered":"<p>Leia tamb\u00e9m no Facebook clicando aqui Tr\u00eas militantes do PSOL estavam panfletando os materiais das campanhas do PSOL na Pra\u00e7a Tiradentes (Curitiba-PR), na tarde de hoje. Por volta das 16:40h um senhor passou pela mesa de materiais gritando e agredindo verbalmente nossos camaradas, que n\u00e3o reagiram e seguiram a atividade. Minutos depois o fascista retornou [&hellip;]<\/p>\n","protected":false},"author":2,"featured_media":14022,"comment_status":"open","ping_status":"open","sticky":false,"template":"","format":"standard","meta":{"_acf_changed":false,"footnotes":""},"categories":[2833,654,6],"tags":[1866,526,22],"class_list":{"0":"post-14021","1":"post","2":"type-post","3":"status-publish","4":"format-standard","5":"has-post-thumbnail","7":"category-eleicoes-2016","8":"category-estados","9":"category-noticias","10":"tag-curitiba","11":"tag-parana","12":"tag-psol"},"acf":[],"yoast_head":"<!-- This site is optimized with the Yoast SEO plugin v26.5 - https:\/\/yoast.com\/wordpress\/plugins\/seo\/ -->\n<title>Fascista tenta atear fogo em militante e materiais do PSOL Curitiba - PSOL 50<\/title>\n<meta name=\"robots\" content=\"index, follow, max-snippet:-1, max-image-preview:large, max-video-preview:-1\" \/>\n<link rel=\"canonical\" href=\"https:\/\/psol50.org.br\/fascista-tenta-atear-fogo-em-militante-e-materiais-do-psol-curitiba\/\" \/>\n<meta property=\"og:locale\" content=\"pt_BR\" \/>\n<meta property=\"og:type\" content=\"article\" \/>\n<meta property=\"og:title\" content=\"Fascista tenta atear fogo em militante e materiais do PSOL Curitiba - PSOL 50\" \/>\n<meta property=\"og:description\" content=\"Leia tamb\u00e9m no Facebook clicando aqui Tr\u00eas militantes do PSOL estavam panfletando os materiais das campanhas do PSOL na Pra\u00e7a Tiradentes (Curitiba-PR), na tarde de hoje. Por volta das 16:40h um senhor passou pela mesa de materiais gritando e agredindo verbalmente nossos camaradas, que n\u00e3o reagiram e seguiram a atividade. Minutos depois o fascista retornou [&hellip;]\" \/>\n<meta property=\"og:url\" content=\"https:\/\/psol50.org.br\/fascista-tenta-atear-fogo-em-militante-e-materiais-do-psol-curitiba\/\" \/>\n<meta property=\"og:site_name\" content=\"PSOL 50\" \/>\n<meta property=\"article:publisher\" content=\"https:\/\/www.facebook.com\/psol50\" \/>\n<meta property=\"article:published_time\" content=\"2016-09-28T22:41:56+00:00\" \/>\n<meta property=\"og:image\" content=\"https:\/\/psol50.org.br\/inc\/uploads\/2018\/07\/capa.png\" \/>\n\t<meta property=\"og:image:width\" content=\"1350\" \/>\n\t<meta property=\"og:image:height\" content=\"900\" \/>\n\t<meta property=\"og:image:type\" content=\"image\/png\" \/>\n<meta name=\"author\" content=\"Comunica\u00e7\u00e3o PSOL\" \/>\n<meta name=\"twitter:card\" content=\"summary_large_image\" \/>\n<meta name=\"twitter:creator\" content=\"@psol50\" \/>\n<meta name=\"twitter:site\" content=\"@psol50\" \/>\n<meta name=\"twitter:label1\" content=\"Escrito por\" \/>\n\t<meta name=\"twitter:data1\" content=\"Comunica\u00e7\u00e3o PSOL\" \/>\n\t<meta name=\"twitter:label2\" content=\"Est. tempo de leitura\" \/>\n\t<meta name=\"twitter:data2\" content=\"2 minutos\" \/>\n<script type=\"application\/ld+json\" class=\"yoast-schema-graph\">{\"@context\":\"https:\/\/schema.org\",\"@graph\":[{\"@type\":\"Article\",\"@id\":\"https:\/\/psol50.org.br\/fascista-tenta-atear-fogo-em-militante-e-materiais-do-psol-curitiba\/#article\",\"isPartOf\":{\"@id\":\"https:\/\/psol50.org.br\/fascista-tenta-atear-fogo-em-militante-e-materiais-do-psol-curitiba\/\"},\"author\":{\"name\":\"Comunica\u00e7\u00e3o PSOL\",\"@id\":\"https:\/\/psol50.org.br\/#\/schema\/person\/475dfa57d0b815993c714c2e96491fcd\"},\"headline\":\"Fascista tenta atear fogo em militante e materiais do PSOL Curitiba\",\"datePublished\":\"2016-09-28T22:41:56+00:00\",\"mainEntityOfPage\":{\"@id\":\"https:\/\/psol50.org.br\/fascista-tenta-atear-fogo-em-militante-e-materiais-do-psol-curitiba\/\"},\"wordCount\":372,\"commentCount\":0,\"publisher\":{\"@id\":\"https:\/\/psol50.org.br\/#organization\"},\"image\":{\"@id\":\"https:\/\/psol50.org.br\/fascista-tenta-atear-fogo-em-militante-e-materiais-do-psol-curitiba\/#primaryimage\"},\"thumbnailUrl\":\"\",\"keywords\":[\"Curitiba\",\"Paran\u00e1\",\"PSOL\"],\"articleSection\":[\"ELEI\u00c7\u00d5ES 2016\",\"Estados\",\"Not\u00edcias\"],\"inLanguage\":\"pt-BR\",\"potentialAction\":[{\"@type\":\"CommentAction\",\"name\":\"Comment\",\"target\":[\"https:\/\/psol50.org.br\/fascista-tenta-atear-fogo-em-militante-e-materiais-do-psol-curitiba\/#respond\"]}]},{\"@type\":\"WebPage\",\"@id\":\"https:\/\/psol50.org.br\/fascista-tenta-atear-fogo-em-militante-e-materiais-do-psol-curitiba\/\",\"url\":\"https:\/\/psol50.org.br\/fascista-tenta-atear-fogo-em-militante-e-materiais-do-psol-curitiba\/\",\"name\":\"Fascista tenta atear fogo em militante e materiais do PSOL Curitiba - PSOL 50\",\"isPartOf\":{\"@id\":\"https:\/\/psol50.org.br\/#website\"},\"primaryImageOfPage\":{\"@id\":\"https:\/\/psol50.org.br\/fascista-tenta-atear-fogo-em-militante-e-materiais-do-psol-curitiba\/#primaryimage\"},\"image\":{\"@id\":\"https:\/\/psol50.org.br\/fascista-tenta-atear-fogo-em-militante-e-materiais-do-psol-curitiba\/#primaryimage\"},\"thumbnailUrl\":\"\",\"datePublished\":\"2016-09-28T22:41:56+00:00\",\"breadcrumb\":{\"@id\":\"https:\/\/psol50.org.br\/fascista-tenta-atear-fogo-em-militante-e-materiais-do-psol-curitiba\/#breadcrumb\"},\"inLanguage\":\"pt-BR\",\"potentialAction\":[{\"@type\":\"ReadAction\",\"target\":[\"https:\/\/psol50.org.br\/fascista-tenta-atear-fogo-em-militante-e-materiais-do-psol-curitiba\/\"]}]},{\"@type\":\"ImageObject\",\"inLanguage\":\"pt-BR\",\"@id\":\"https:\/\/psol50.org.br\/fascista-tenta-atear-fogo-em-militante-e-materiais-do-psol-curitiba\/#primaryimage\",\"url\":\"\",\"contentUrl\":\"\"},{\"@type\":\"BreadcrumbList\",\"@id\":\"https:\/\/psol50.org.br\/fascista-tenta-atear-fogo-em-militante-e-materiais-do-psol-curitiba\/#breadcrumb\",\"itemListElement\":[{\"@type\":\"ListItem\",\"position\":1,\"name\":\"In\u00edcio\",\"item\":\"https:\/\/psol50.org.br\/\"},{\"@type\":\"ListItem\",\"position\":2,\"name\":\"Fascista tenta atear fogo em militante e materiais do PSOL Curitiba\"}]},{\"@type\":\"WebSite\",\"@id\":\"https:\/\/psol50.org.br\/#website\",\"url\":\"https:\/\/psol50.org.br\/\",\"name\":\"PSOL 50\",\"description\":\"Site oficial do Partido Socialismo e Liberdade\",\"publisher\":{\"@id\":\"https:\/\/psol50.org.br\/#organization\"},\"alternateName\":\"PSOL50\",\"potentialAction\":[{\"@type\":\"SearchAction\",\"target\":{\"@type\":\"EntryPoint\",\"urlTemplate\":\"https:\/\/psol50.org.br\/?s={search_term_string}\"},\"query-input\":{\"@type\":\"PropertyValueSpecification\",\"valueRequired\":true,\"valueName\":\"search_term_string\"}}],\"inLanguage\":\"pt-BR\"},{\"@type\":\"Organization\",\"@id\":\"https:\/\/psol50.org.br\/#organization\",\"name\":\"PSOL 50\",\"alternateName\":\"PSOL 50\",\"url\":\"https:\/\/psol50.org.br\/\",\"logo\":{\"@type\":\"ImageObject\",\"inLanguage\":\"pt-BR\",\"@id\":\"https:\/\/psol50.org.br\/#\/schema\/logo\/image\/\",\"url\":\"https:\/\/psol50.org.br\/inc\/uploads\/2018\/07\/capa.png\",\"contentUrl\":\"https:\/\/psol50.org.br\/inc\/uploads\/2018\/07\/capa.png\",\"width\":1350,\"height\":900,\"caption\":\"PSOL 50\"},\"image\":{\"@id\":\"https:\/\/psol50.org.br\/#\/schema\/logo\/image\/\"},\"sameAs\":[\"https:\/\/www.facebook.com\/psol50\",\"https:\/\/x.com\/psol50\",\"https:\/\/www.instagram.com\/psol50\/\",\"https:\/\/www.youtube.com\/channel\/UC7SnJS5o1os7a6CaiNabzcg\"]},{\"@type\":\"Person\",\"@id\":\"https:\/\/psol50.org.br\/#\/schema\/person\/475dfa57d0b815993c714c2e96491fcd\",\"name\":\"Comunica\u00e7\u00e3o PSOL\",\"image\":{\"@type\":\"ImageObject\",\"inLanguage\":\"pt-BR\",\"@id\":\"https:\/\/psol50.org.br\/#\/schema\/person\/image\/\",\"url\":\"https:\/\/secure.gravatar.com\/avatar\/b34fc4f4e468a4e51785917065a3db57b841f5c95dba6ad8c73aaf8f66f8f9bf?s=96&d=mm&r=g\",\"contentUrl\":\"https:\/\/secure.gravatar.com\/avatar\/b34fc4f4e468a4e51785917065a3db57b841f5c95dba6ad8c73aaf8f66f8f9bf?s=96&d=mm&r=g\",\"caption\":\"Comunica\u00e7\u00e3o PSOL\"}}]}<\/script>\n<!-- \/ Yoast SEO plugin. -->","yoast_head_json":{"title":"Fascista tenta atear fogo em militante e materiais do PSOL Curitiba - PSOL 50","robots":{"index":"index","follow":"follow","max-snippet":"max-snippet:-1","max-image-preview":"max-image-preview:large","max-video-preview":"max-video-preview:-1"},"canonical":"https:\/\/psol50.org.br\/fascista-tenta-atear-fogo-em-militante-e-materiais-do-psol-curitiba\/","og_locale":"pt_BR","og_type":"article","og_title":"Fascista tenta atear fogo em militante e materiais do PSOL Curitiba - PSOL 50","og_description":"Leia tamb\u00e9m no Facebook clicando aqui Tr\u00eas militantes do PSOL estavam panfletando os materiais das campanhas do PSOL na Pra\u00e7a Tiradentes (Curitiba-PR), na tarde de hoje. Por volta das 16:40h um senhor passou pela mesa de materiais gritando e agredindo verbalmente nossos camaradas, que n\u00e3o reagiram e seguiram a atividade. Minutos depois o fascista retornou [&hellip;]","og_url":"https:\/\/psol50.org.br\/fascista-tenta-atear-fogo-em-militante-e-materiais-do-psol-curitiba\/","og_site_name":"PSOL 50","article_publisher":"https:\/\/www.facebook.com\/psol50","article_published_time":"2016-09-28T22:41:56+00:00","og_image":[{"width":1350,"height":900,"url":"https:\/\/psol50.org.br\/inc\/uploads\/2018\/07\/capa.png","type":"image\/png"}],"author":"Comunica\u00e7\u00e3o PSOL","twitter_card":"summary_large_image","twitter_creator":"@psol50","twitter_site":"@psol50","twitter_misc":{"Escrito por":"Comunica\u00e7\u00e3o PSOL","Est. tempo de leitura":"2 minutos"},"schema":{"@context":"https:\/\/schema.org","@graph":[{"@type":"Article","@id":"https:\/\/psol50.org.br\/fascista-tenta-atear-fogo-em-militante-e-materiais-do-psol-curitiba\/#article","isPartOf":{"@id":"https:\/\/psol50.org.br\/fascista-tenta-atear-fogo-em-militante-e-materiais-do-psol-curitiba\/"},"author":{"name":"Comunica\u00e7\u00e3o PSOL","@id":"https:\/\/psol50.org.br\/#\/schema\/person\/475dfa57d0b815993c714c2e96491fcd"},"headline":"Fascista tenta atear fogo em militante e materiais do PSOL Curitiba","datePublished":"2016-09-28T22:41:56+00:00","mainEntityOfPage":{"@id":"https:\/\/psol50.org.br\/fascista-tenta-atear-fogo-em-militante-e-materiais-do-psol-curitiba\/"},"wordCount":372,"commentCount":0,"publisher":{"@id":"https:\/\/psol50.org.br\/#organization"},"image":{"@id":"https:\/\/psol50.org.br\/fascista-tenta-atear-fogo-em-militante-e-materiais-do-psol-curitiba\/#primaryimage"},"thumbnailUrl":"","keywords":["Curitiba","Paran\u00e1","PSOL"],"articleSection":["ELEI\u00c7\u00d5ES 2016","Estados","Not\u00edcias"],"inLanguage":"pt-BR","potentialAction":[{"@type":"CommentAction","name":"Comment","target":["https:\/\/psol50.org.br\/fascista-tenta-atear-fogo-em-militante-e-materiais-do-psol-curitiba\/#respond"]}]},{"@type":"WebPage","@id":"https:\/\/psol50.org.br\/fascista-tenta-atear-fogo-em-militante-e-materiais-do-psol-curitiba\/","url":"https:\/\/psol50.org.br\/fascista-tenta-atear-fogo-em-militante-e-materiais-do-psol-curitiba\/","name":"Fascista tenta atear fogo em militante e materiais do PSOL Curitiba - PSOL 50","isPartOf":{"@id":"https:\/\/psol50.org.br\/#website"},"primaryImageOfPage":{"@id":"https:\/\/psol50.org.br\/fascista-tenta-atear-fogo-em-militante-e-materiais-do-psol-curitiba\/#primaryimage"},"image":{"@id":"https:\/\/psol50.org.br\/fascista-tenta-atear-fogo-em-militante-e-materiais-do-psol-curitiba\/#primaryimage"},"thumbnailUrl":"","datePublished":"2016-09-28T22:41:56+00:00","breadcrumb":{"@id":"https:\/\/psol50.org.br\/fascista-tenta-atear-fogo-em-militante-e-materiais-do-psol-curitiba\/#breadcrumb"},"inLanguage":"pt-BR","potentialAction":[{"@type":"ReadAction","target":["https:\/\/psol50.org.br\/fascista-tenta-atear-fogo-em-militante-e-materiais-do-psol-curitiba\/"]}]},{"@type":"ImageObject","inLanguage":"pt-BR","@id":"https:\/\/psol50.org.br\/fascista-tenta-atear-fogo-em-militante-e-materiais-do-psol-curitiba\/#primaryimage","url":"","contentUrl":""},{"@type":"BreadcrumbList","@id":"https:\/\/psol50.org.br\/fascista-tenta-atear-fogo-em-militante-e-materiais-do-psol-curitiba\/#breadcrumb","itemListElement":[{"@type":"ListItem","position":1,"name":"In\u00edcio","item":"https:\/\/psol50.org.br\/"},{"@type":"ListItem","position":2,"name":"Fascista tenta atear fogo em militante e materiais do PSOL Curitiba"}]},{"@type":"WebSite","@id":"https:\/\/psol50.org.br\/#website","url":"https:\/\/psol50.org.br\/","name":"PSOL 50","description":"Site oficial do Partido Socialismo e Liberdade","publisher":{"@id":"https:\/\/psol50.org.br\/#organization"},"alternateName":"PSOL50","potentialAction":[{"@type":"SearchAction","target":{"@type":"EntryPoint","urlTemplate":"https:\/\/psol50.org.br\/?s={search_term_string}"},"query-input":{"@type":"PropertyValueSpecification","valueRequired":true,"valueName":"search_term_string"}}],"inLanguage":"pt-BR"},{"@type":"Organization","@id":"https:\/\/psol50.org.br\/#organization","name":"PSOL 50","alternateName":"PSOL 50","url":"https:\/\/psol50.org.br\/","logo":{"@type":"ImageObject","inLanguage":"pt-BR","@id":"https:\/\/psol50.org.br\/#\/schema\/logo\/image\/","url":"https:\/\/psol50.org.br\/inc\/uploads\/2018\/07\/capa.png","contentUrl":"https:\/\/psol50.org.br\/inc\/uploads\/2018\/07\/capa.png","width":1350,"height":900,"caption":"PSOL 50"},"image":{"@id":"https:\/\/psol50.org.br\/#\/schema\/logo\/image\/"},"sameAs":["https:\/\/www.facebook.com\/psol50","https:\/\/x.com\/psol50","https:\/\/www.instagram.com\/psol50\/","https:\/\/www.youtube.com\/channel\/UC7SnJS5o1os7a6CaiNabzcg"]},{"@type":"Person","@id":"https:\/\/psol50.org.br\/#\/schema\/person\/475dfa57d0b815993c714c2e96491fcd","name":"Comunica\u00e7\u00e3o PSOL","image":{"@type":"ImageObject","inLanguage":"pt-BR","@id":"https:\/\/psol50.org.br\/#\/schema\/person\/image\/","url":"https:\/\/secure.gravatar.com\/avatar\/b34fc4f4e468a4e51785917065a3db57b841f5c95dba6ad8c73aaf8f66f8f9bf?s=96&d=mm&r=g","contentUrl":"https:\/\/secure.gravatar.com\/avatar\/b34fc4f4e468a4e51785917065a3db57b841f5c95dba6ad8c73aaf8f66f8f9bf?s=96&d=mm&r=g","caption":"Comunica\u00e7\u00e3o PSOL"}}]}},"_links":{"self":[{"href":"https:\/\/psol50.org.br\/rest\/wp\/v2\/posts\/14021","targetHints":{"allow":["GET"]}}],"collection":[{"href":"https:\/\/psol50.org.br\/rest\/wp\/v2\/posts"}],"about":[{"href":"https:\/\/psol50.org.br\/rest\/wp\/v2\/types\/post"}],"author":[{"embeddable":true,"href":"https:\/\/psol50.org.br\/rest\/wp\/v2\/users\/2"}],"replies":[{"embeddable":true,"href":"https:\/\/psol50.org.br\/rest\/wp\/v2\/comments?post=14021"}],"version-history":[{"count":0,"href":"https:\/\/psol50.org.br\/rest\/wp\/v2\/posts\/14021\/revisions"}],"wp:featuredmedia":[{"embeddable":true,"href":"https:\/\/psol50.org.br\/rest\/"}],"wp:attachment":[{"href":"https:\/\/psol50.org.br\/rest\/wp\/v2\/media?parent=14021"}],"wp:term":[{"taxonomy":"category","embeddable":true,"href":"https:\/\/psol50.org.br\/rest\/wp\/v2\/categories?post=14021"},{"taxonomy":"post_tag","embeddable":true,"href":"https:\/\/psol50.org.br\/rest\/wp\/v2\/tags?post=14021"}],"curies":[{"name":"wp","href":"https:\/\/api.w.org\/{rel}","templated":true}]}}