{"id":14052,"date":"2016-09-30T14:41:49","date_gmt":"2016-09-30T14:41:49","guid":{"rendered":"http:\/\/www.psol50.org.br\/?p=14052"},"modified":"2016-09-30T14:41:49","modified_gmt":"2016-09-30T14:41:49","slug":"relator-da-adin-do-psol-sobre-mp-do-ensino-medio-pautara-acao-no-plenario-do-stf","status":"publish","type":"post","link":"https:\/\/psol50.org.br\/relator-da-adin-do-psol-sobre-mp-do-ensino-medio-pautara-acao-no-plenario-do-stf\/","title":{"rendered":"Relator da Adin do PSOL sobre MP do ensino m\u00e9dio pautar\u00e1 a\u00e7\u00e3o no plen\u00e1rio do STF"},"content":{"rendered":"<p>A <a href=\"http:\/\/www.psol50.org.br\/blog\/2016\/09\/28\/psol-pede-no-stf-suspensao-dos-efeitos-da-mp-que-altera-o-ensino-medio\/\" target=\"_blank\" rel=\"noopener\"><strong><span style=\"color: #0000ff\">A\u00e7\u00e3o Direta de Inconstitucionalidade do PSOL, protocolada na \u00faltima ter\u00e7a-feira (28\/09) no Supremo Tribunal Federal<\/span><\/strong><\/a>, que questiona a Medida Provis\u00f3ria n\u00ba 746, editada por Michel Temer mudando as regras do ensino m\u00e9dio, tem como relator o ministro Edson Fachin. Segundo <a href=\"http:\/\/www1.folha.uol.com.br\/educacao\/2016\/09\/1818216-stf-pede-explicacoes-a-temer-e-levara-mp-do-novo-ensino-medio-ao-plenario.shtml\" target=\"_blank\" rel=\"noopener\"><strong><span style=\"color: #0000ff\">informa\u00e7\u00f5es divulgadas ontem (29) pelo jornal Folha de S\u00e3o Paulo<\/span><\/strong><\/a>, o ministro j\u00e1 afirmou que pautar\u00e1 a a\u00e7\u00e3o no plen\u00e1rio da Corte. Al\u00e9m disso, ele tamb\u00e9m pediu explica\u00e7\u00f5es para o presidente sobre as medidas adotadas pela MP.<\/p>\n<p>Como na Adin o PSOL pede uma decis\u00e3o limitar para suspender os efeitos da medida provis\u00f3ria, o relator poderia emitir um despacho monocr\u00e1tico sobre o pedido. Fachin disse que &#8220;tendo em vista a relev\u00e2ncia da mat\u00e9ria e sua import\u00e2ncia para a ordem social&#8221;, a quest\u00e3o ser\u00e1 compartilhada com os demais ministros.<\/p>\n<p>O relator definiu o prazo de 10 dias para que a Presid\u00eancia da Rep\u00fablica, o Senado, a C\u00e2mara e a comiss\u00e3o mista formada para analisar a medida provis\u00f3ria (MP) enviem informa\u00e7\u00f5es a respeito dos argumentos apresentados pelo PSOL. Em at\u00e9 cinco dias, a AGU (Advocacia-geral da Uni\u00e3o) e a PGR (Procuradoria-geral da Rep\u00fablica) tamb\u00e9m ter\u00e3o que enviar seus pareceres sobre os pleitos do PSOL.<\/p>\n<p><strong>V\u00edcios de ordem formal e material<br \/>\n<\/strong>O PSOL \u00e9 a primeira organiza\u00e7\u00e3o a questionar, no STF, a constitucionalidade da MP 746, apontando problemas de ordem formal e material.<\/p>\n<p>Segundo a Constitui\u00e7\u00e3o, uma medida provis\u00f3ria s\u00f3 pode ser apresentada caso o tema seja relevante e urgente. Para o PSOL, n\u00e3o h\u00e1 urg\u00eancia que justifique a MP, apesar da relev\u00e2ncia do tema. A quest\u00e3o deveria ser debatida amplamente, incluindo as diversas vis\u00f5es de entidades de professores e estudantes, e n\u00e3o ter sido encaminhada de forma unilateral, como fez o governo. Na Adin, o PSOL destaca que n\u00e3o foi estabelecido qualquer prazo imediato para que a medida seja adotada, sendo que seus efeitos ser\u00e3o implementados em dois anos.<\/p>\n<p>Do ponto de vista material, o partido argumenta na a\u00e7\u00e3o que a inconstitucionalidade se d\u00e1 pela obrigatoriedade do per\u00edodo integral imposta na MP, que contraria o direito \u00e0 educa\u00e7\u00e3o, garantido pelo artigo 206 da Constitui\u00e7\u00e3o. Como no ensino m\u00e9dio muitos alunos j\u00e1 est\u00e3o no mercado de trabalho, o per\u00edodo integral sem pol\u00edticas p\u00fablicas de perman\u00eancia retira dos estudantes a possibilidade de se sustentar e ao mesmo tempo estudar.<strong><\/p>\n<p><\/strong>Al\u00e9m disso, a medida provis\u00f3ria acaba com o pr\u00e9-requisito de possuir licenciatura para ministrar aulas, limitando a quest\u00e3o a \u201cnot\u00f3rio saber\u201d. Para o partido, isso prejudica a qualidade da educa\u00e7\u00e3o, j\u00e1 que a forma\u00e7\u00e3o de um professor vai al\u00e9m de conhecimento t\u00e9cnico e o ensino m\u00e9dio\u00a0n\u00e3o se trata de ensino profissionalizante.<strong><\/p>\n<p><\/strong>Ainda em rela\u00e7\u00e3o ao m\u00e9rito da proposta de Temer, o PSOL critica a altera\u00e7\u00e3o curricular, ao retirar a obrigatoriedade de mat\u00e9rias como Sociologia, Filosofia, Artes e Educa\u00e7\u00e3o F\u00edsica. \u201cA mudan\u00e7a despreza por completo as percep\u00e7\u00f5es do Conselho Nacional de Educa\u00e7\u00e3o, que, reunindo os mais diversos setores em plen\u00e1rias com ampla participa\u00e7\u00e3o popular, chegou a uma conclus\u00e3o distinta da proposta pela MP. O novo artigo 36 da LDB constitui blocos distintos de ensino, ao inv\u00e9s de trabalh\u00e1-los de modo integrado, como tem exigido, cada vez mais, a interdisciplinaridade dos conhecimentos. Numa era de cada vez maior integra\u00e7\u00e3o entre os saberes, a MP ora questionada anda em via oposta\u201d. Para o partido, a medida pauta, dessa forma, a segmenta\u00e7\u00e3o e o empobrecimento da aprendizagem, \u201creduzindo o conhecimento comum e restringindo o acesso \u00e0 informa\u00e7\u00e3o em toda sua riqueza\u201d.<\/p>\n<p>&nbsp;<\/p>\n","protected":false},"excerpt":{"rendered":"<p>A A\u00e7\u00e3o Direta de Inconstitucionalidade do PSOL, protocolada na \u00faltima ter\u00e7a-feira (28\/09) no Supremo Tribunal Federal, que questiona a Medida Provis\u00f3ria n\u00ba 746, editada por Michel Temer mudando as regras do ensino m\u00e9dio, tem como relator o ministro Edson Fachin. Segundo informa\u00e7\u00f5es divulgadas ontem (29) pelo jornal Folha de S\u00e3o Paulo, o ministro j\u00e1 afirmou [&hellip;]<\/p>\n","protected":false},"author":2,"featured_media":14053,"comment_status":"open","ping_status":"open","sticky":false,"template":"","format":"standard","meta":{"_acf_changed":false,"footnotes":""},"categories":[1882,2208,6],"tags":[839,3091,4480,1748,4585,22,45],"class_list":{"0":"post-14052","1":"post","2":"type-post","3":"status-publish","4":"format-standard","5":"has-post-thumbnail","7":"category-brasil","8":"category-educacao","9":"category-noticias","10":"tag-adin","11":"tag-edson-fachin","12":"tag-ensino-medio","13":"tag-michel-temer","14":"tag-mp-746","15":"tag-psol","16":"tag-stf"},"acf":[],"yoast_head":"<!-- This site is optimized with the Yoast SEO plugin v26.5 - https:\/\/yoast.com\/wordpress\/plugins\/seo\/ -->\n<title>Relator da Adin do PSOL sobre MP do ensino m\u00e9dio pautar\u00e1 a\u00e7\u00e3o no plen\u00e1rio do STF - PSOL 50<\/title>\n<meta name=\"robots\" content=\"index, follow, max-snippet:-1, max-image-preview:large, max-video-preview:-1\" \/>\n<link rel=\"canonical\" href=\"https:\/\/psol50.org.br\/relator-da-adin-do-psol-sobre-mp-do-ensino-medio-pautara-acao-no-plenario-do-stf\/\" \/>\n<meta property=\"og:locale\" content=\"pt_BR\" \/>\n<meta property=\"og:type\" content=\"article\" \/>\n<meta property=\"og:title\" content=\"Relator da Adin do PSOL sobre MP do ensino m\u00e9dio pautar\u00e1 a\u00e7\u00e3o no plen\u00e1rio do STF - PSOL 50\" \/>\n<meta property=\"og:description\" content=\"A A\u00e7\u00e3o Direta de Inconstitucionalidade do PSOL, protocolada na \u00faltima ter\u00e7a-feira (28\/09) no Supremo Tribunal Federal, que questiona a Medida Provis\u00f3ria n\u00ba 746, editada por Michel Temer mudando as regras do ensino m\u00e9dio, tem como relator o ministro Edson Fachin. Segundo informa\u00e7\u00f5es divulgadas ontem (29) pelo jornal Folha de S\u00e3o Paulo, o ministro j\u00e1 afirmou [&hellip;]\" \/>\n<meta property=\"og:url\" content=\"https:\/\/psol50.org.br\/relator-da-adin-do-psol-sobre-mp-do-ensino-medio-pautara-acao-no-plenario-do-stf\/\" \/>\n<meta property=\"og:site_name\" content=\"PSOL 50\" \/>\n<meta property=\"article:publisher\" content=\"https:\/\/www.facebook.com\/psol50\" \/>\n<meta property=\"article:published_time\" content=\"2016-09-30T14:41:49+00:00\" \/>\n<meta property=\"og:image\" content=\"https:\/\/psol50.org.br\/inc\/uploads\/2016\/09\/Edson_Fachin_Marcelo_Camargo_ABr.jpg\" \/>\n\t<meta property=\"og:image:width\" content=\"800\" \/>\n\t<meta property=\"og:image:height\" content=\"532\" \/>\n\t<meta property=\"og:image:type\" content=\"image\/jpeg\" \/>\n<meta name=\"author\" content=\"Comunica\u00e7\u00e3o PSOL\" \/>\n<meta name=\"twitter:card\" content=\"summary_large_image\" \/>\n<meta name=\"twitter:creator\" content=\"@psol50\" \/>\n<meta name=\"twitter:site\" content=\"@psol50\" \/>\n<meta name=\"twitter:label1\" content=\"Escrito por\" \/>\n\t<meta name=\"twitter:data1\" content=\"Comunica\u00e7\u00e3o PSOL\" \/>\n\t<meta name=\"twitter:label2\" content=\"Est. tempo de leitura\" \/>\n\t<meta name=\"twitter:data2\" content=\"3 minutos\" \/>\n<script type=\"application\/ld+json\" class=\"yoast-schema-graph\">{\"@context\":\"https:\/\/schema.org\",\"@graph\":[{\"@type\":\"Article\",\"@id\":\"https:\/\/psol50.org.br\/relator-da-adin-do-psol-sobre-mp-do-ensino-medio-pautara-acao-no-plenario-do-stf\/#article\",\"isPartOf\":{\"@id\":\"https:\/\/psol50.org.br\/relator-da-adin-do-psol-sobre-mp-do-ensino-medio-pautara-acao-no-plenario-do-stf\/\"},\"author\":{\"name\":\"Comunica\u00e7\u00e3o PSOL\",\"@id\":\"https:\/\/psol50.org.br\/#\/schema\/person\/475dfa57d0b815993c714c2e96491fcd\"},\"headline\":\"Relator da Adin do PSOL sobre MP do ensino m\u00e9dio pautar\u00e1 a\u00e7\u00e3o no plen\u00e1rio do STF\",\"datePublished\":\"2016-09-30T14:41:49+00:00\",\"mainEntityOfPage\":{\"@id\":\"https:\/\/psol50.org.br\/relator-da-adin-do-psol-sobre-mp-do-ensino-medio-pautara-acao-no-plenario-do-stf\/\"},\"wordCount\":652,\"commentCount\":0,\"publisher\":{\"@id\":\"https:\/\/psol50.org.br\/#organization\"},\"image\":{\"@id\":\"https:\/\/psol50.org.br\/relator-da-adin-do-psol-sobre-mp-do-ensino-medio-pautara-acao-no-plenario-do-stf\/#primaryimage\"},\"thumbnailUrl\":\"https:\/\/psol50.org.br\/inc\/uploads\/2016\/09\/Edson_Fachin_Marcelo_Camargo_ABr.jpg\",\"keywords\":[\"Adin\",\"Edson Fachin\",\"ensino m\u00e9dio\",\"Michel Temer\",\"MP 746\",\"PSOL\",\"STF\"],\"articleSection\":[\"Brasil\",\"Educa\u00e7\u00e3o\",\"Not\u00edcias\"],\"inLanguage\":\"pt-BR\",\"potentialAction\":[{\"@type\":\"CommentAction\",\"name\":\"Comment\",\"target\":[\"https:\/\/psol50.org.br\/relator-da-adin-do-psol-sobre-mp-do-ensino-medio-pautara-acao-no-plenario-do-stf\/#respond\"]}]},{\"@type\":\"WebPage\",\"@id\":\"https:\/\/psol50.org.br\/relator-da-adin-do-psol-sobre-mp-do-ensino-medio-pautara-acao-no-plenario-do-stf\/\",\"url\":\"https:\/\/psol50.org.br\/relator-da-adin-do-psol-sobre-mp-do-ensino-medio-pautara-acao-no-plenario-do-stf\/\",\"name\":\"Relator da Adin do PSOL sobre MP do ensino m\u00e9dio pautar\u00e1 a\u00e7\u00e3o no plen\u00e1rio do STF - PSOL 50\",\"isPartOf\":{\"@id\":\"https:\/\/psol50.org.br\/#website\"},\"primaryImageOfPage\":{\"@id\":\"https:\/\/psol50.org.br\/relator-da-adin-do-psol-sobre-mp-do-ensino-medio-pautara-acao-no-plenario-do-stf\/#primaryimage\"},\"image\":{\"@id\":\"https:\/\/psol50.org.br\/relator-da-adin-do-psol-sobre-mp-do-ensino-medio-pautara-acao-no-plenario-do-stf\/#primaryimage\"},\"thumbnailUrl\":\"https:\/\/psol50.org.br\/inc\/uploads\/2016\/09\/Edson_Fachin_Marcelo_Camargo_ABr.jpg\",\"datePublished\":\"2016-09-30T14:41:49+00:00\",\"breadcrumb\":{\"@id\":\"https:\/\/psol50.org.br\/relator-da-adin-do-psol-sobre-mp-do-ensino-medio-pautara-acao-no-plenario-do-stf\/#breadcrumb\"},\"inLanguage\":\"pt-BR\",\"potentialAction\":[{\"@type\":\"ReadAction\",\"target\":[\"https:\/\/psol50.org.br\/relator-da-adin-do-psol-sobre-mp-do-ensino-medio-pautara-acao-no-plenario-do-stf\/\"]}]},{\"@type\":\"ImageObject\",\"inLanguage\":\"pt-BR\",\"@id\":\"https:\/\/psol50.org.br\/relator-da-adin-do-psol-sobre-mp-do-ensino-medio-pautara-acao-no-plenario-do-stf\/#primaryimage\",\"url\":\"https:\/\/psol50.org.br\/inc\/uploads\/2016\/09\/Edson_Fachin_Marcelo_Camargo_ABr.jpg\",\"contentUrl\":\"https:\/\/psol50.org.br\/inc\/uploads\/2016\/09\/Edson_Fachin_Marcelo_Camargo_ABr.jpg\",\"width\":800,\"height\":532,\"caption\":\"Foto: Marcelo Camargo\/Ag\u00eancia Brasil\"},{\"@type\":\"BreadcrumbList\",\"@id\":\"https:\/\/psol50.org.br\/relator-da-adin-do-psol-sobre-mp-do-ensino-medio-pautara-acao-no-plenario-do-stf\/#breadcrumb\",\"itemListElement\":[{\"@type\":\"ListItem\",\"position\":1,\"name\":\"In\u00edcio\",\"item\":\"https:\/\/psol50.org.br\/\"},{\"@type\":\"ListItem\",\"position\":2,\"name\":\"Relator da Adin do PSOL sobre MP do ensino m\u00e9dio pautar\u00e1 a\u00e7\u00e3o no plen\u00e1rio do STF\"}]},{\"@type\":\"WebSite\",\"@id\":\"https:\/\/psol50.org.br\/#website\",\"url\":\"https:\/\/psol50.org.br\/\",\"name\":\"PSOL 50\",\"description\":\"Site oficial do Partido Socialismo e Liberdade\",\"publisher\":{\"@id\":\"https:\/\/psol50.org.br\/#organization\"},\"alternateName\":\"PSOL50\",\"potentialAction\":[{\"@type\":\"SearchAction\",\"target\":{\"@type\":\"EntryPoint\",\"urlTemplate\":\"https:\/\/psol50.org.br\/?s={search_term_string}\"},\"query-input\":{\"@type\":\"PropertyValueSpecification\",\"valueRequired\":true,\"valueName\":\"search_term_string\"}}],\"inLanguage\":\"pt-BR\"},{\"@type\":\"Organization\",\"@id\":\"https:\/\/psol50.org.br\/#organization\",\"name\":\"PSOL 50\",\"alternateName\":\"PSOL 50\",\"url\":\"https:\/\/psol50.org.br\/\",\"logo\":{\"@type\":\"ImageObject\",\"inLanguage\":\"pt-BR\",\"@id\":\"https:\/\/psol50.org.br\/#\/schema\/logo\/image\/\",\"url\":\"https:\/\/psol50.org.br\/inc\/uploads\/2018\/07\/capa.png\",\"contentUrl\":\"https:\/\/psol50.org.br\/inc\/uploads\/2018\/07\/capa.png\",\"width\":1350,\"height\":900,\"caption\":\"PSOL 50\"},\"image\":{\"@id\":\"https:\/\/psol50.org.br\/#\/schema\/logo\/image\/\"},\"sameAs\":[\"https:\/\/www.facebook.com\/psol50\",\"https:\/\/x.com\/psol50\",\"https:\/\/www.instagram.com\/psol50\/\",\"https:\/\/www.youtube.com\/channel\/UC7SnJS5o1os7a6CaiNabzcg\"]},{\"@type\":\"Person\",\"@id\":\"https:\/\/psol50.org.br\/#\/schema\/person\/475dfa57d0b815993c714c2e96491fcd\",\"name\":\"Comunica\u00e7\u00e3o PSOL\",\"image\":{\"@type\":\"ImageObject\",\"inLanguage\":\"pt-BR\",\"@id\":\"https:\/\/psol50.org.br\/#\/schema\/person\/image\/\",\"url\":\"https:\/\/secure.gravatar.com\/avatar\/b34fc4f4e468a4e51785917065a3db57b841f5c95dba6ad8c73aaf8f66f8f9bf?s=96&d=mm&r=g\",\"contentUrl\":\"https:\/\/secure.gravatar.com\/avatar\/b34fc4f4e468a4e51785917065a3db57b841f5c95dba6ad8c73aaf8f66f8f9bf?s=96&d=mm&r=g\",\"caption\":\"Comunica\u00e7\u00e3o PSOL\"}}]}<\/script>\n<!-- \/ Yoast SEO plugin. -->","yoast_head_json":{"title":"Relator da Adin do PSOL sobre MP do ensino m\u00e9dio pautar\u00e1 a\u00e7\u00e3o no plen\u00e1rio do STF - PSOL 50","robots":{"index":"index","follow":"follow","max-snippet":"max-snippet:-1","max-image-preview":"max-image-preview:large","max-video-preview":"max-video-preview:-1"},"canonical":"https:\/\/psol50.org.br\/relator-da-adin-do-psol-sobre-mp-do-ensino-medio-pautara-acao-no-plenario-do-stf\/","og_locale":"pt_BR","og_type":"article","og_title":"Relator da Adin do PSOL sobre MP do ensino m\u00e9dio pautar\u00e1 a\u00e7\u00e3o no plen\u00e1rio do STF - PSOL 50","og_description":"A A\u00e7\u00e3o Direta de Inconstitucionalidade do PSOL, protocolada na \u00faltima ter\u00e7a-feira (28\/09) no Supremo Tribunal Federal, que questiona a Medida Provis\u00f3ria n\u00ba 746, editada por Michel Temer mudando as regras do ensino m\u00e9dio, tem como relator o ministro Edson Fachin. Segundo informa\u00e7\u00f5es divulgadas ontem (29) pelo jornal Folha de S\u00e3o Paulo, o ministro j\u00e1 afirmou [&hellip;]","og_url":"https:\/\/psol50.org.br\/relator-da-adin-do-psol-sobre-mp-do-ensino-medio-pautara-acao-no-plenario-do-stf\/","og_site_name":"PSOL 50","article_publisher":"https:\/\/www.facebook.com\/psol50","article_published_time":"2016-09-30T14:41:49+00:00","og_image":[{"width":800,"height":532,"url":"https:\/\/psol50.org.br\/inc\/uploads\/2016\/09\/Edson_Fachin_Marcelo_Camargo_ABr.jpg","type":"image\/jpeg"}],"author":"Comunica\u00e7\u00e3o PSOL","twitter_card":"summary_large_image","twitter_creator":"@psol50","twitter_site":"@psol50","twitter_misc":{"Escrito por":"Comunica\u00e7\u00e3o PSOL","Est. tempo de leitura":"3 minutos"},"schema":{"@context":"https:\/\/schema.org","@graph":[{"@type":"Article","@id":"https:\/\/psol50.org.br\/relator-da-adin-do-psol-sobre-mp-do-ensino-medio-pautara-acao-no-plenario-do-stf\/#article","isPartOf":{"@id":"https:\/\/psol50.org.br\/relator-da-adin-do-psol-sobre-mp-do-ensino-medio-pautara-acao-no-plenario-do-stf\/"},"author":{"name":"Comunica\u00e7\u00e3o PSOL","@id":"https:\/\/psol50.org.br\/#\/schema\/person\/475dfa57d0b815993c714c2e96491fcd"},"headline":"Relator da Adin do PSOL sobre MP do ensino m\u00e9dio pautar\u00e1 a\u00e7\u00e3o no plen\u00e1rio do STF","datePublished":"2016-09-30T14:41:49+00:00","mainEntityOfPage":{"@id":"https:\/\/psol50.org.br\/relator-da-adin-do-psol-sobre-mp-do-ensino-medio-pautara-acao-no-plenario-do-stf\/"},"wordCount":652,"commentCount":0,"publisher":{"@id":"https:\/\/psol50.org.br\/#organization"},"image":{"@id":"https:\/\/psol50.org.br\/relator-da-adin-do-psol-sobre-mp-do-ensino-medio-pautara-acao-no-plenario-do-stf\/#primaryimage"},"thumbnailUrl":"https:\/\/psol50.org.br\/inc\/uploads\/2016\/09\/Edson_Fachin_Marcelo_Camargo_ABr.jpg","keywords":["Adin","Edson Fachin","ensino m\u00e9dio","Michel Temer","MP 746","PSOL","STF"],"articleSection":["Brasil","Educa\u00e7\u00e3o","Not\u00edcias"],"inLanguage":"pt-BR","potentialAction":[{"@type":"CommentAction","name":"Comment","target":["https:\/\/psol50.org.br\/relator-da-adin-do-psol-sobre-mp-do-ensino-medio-pautara-acao-no-plenario-do-stf\/#respond"]}]},{"@type":"WebPage","@id":"https:\/\/psol50.org.br\/relator-da-adin-do-psol-sobre-mp-do-ensino-medio-pautara-acao-no-plenario-do-stf\/","url":"https:\/\/psol50.org.br\/relator-da-adin-do-psol-sobre-mp-do-ensino-medio-pautara-acao-no-plenario-do-stf\/","name":"Relator da Adin do PSOL sobre MP do ensino m\u00e9dio pautar\u00e1 a\u00e7\u00e3o no plen\u00e1rio do STF - PSOL 50","isPartOf":{"@id":"https:\/\/psol50.org.br\/#website"},"primaryImageOfPage":{"@id":"https:\/\/psol50.org.br\/relator-da-adin-do-psol-sobre-mp-do-ensino-medio-pautara-acao-no-plenario-do-stf\/#primaryimage"},"image":{"@id":"https:\/\/psol50.org.br\/relator-da-adin-do-psol-sobre-mp-do-ensino-medio-pautara-acao-no-plenario-do-stf\/#primaryimage"},"thumbnailUrl":"https:\/\/psol50.org.br\/inc\/uploads\/2016\/09\/Edson_Fachin_Marcelo_Camargo_ABr.jpg","datePublished":"2016-09-30T14:41:49+00:00","breadcrumb":{"@id":"https:\/\/psol50.org.br\/relator-da-adin-do-psol-sobre-mp-do-ensino-medio-pautara-acao-no-plenario-do-stf\/#breadcrumb"},"inLanguage":"pt-BR","potentialAction":[{"@type":"ReadAction","target":["https:\/\/psol50.org.br\/relator-da-adin-do-psol-sobre-mp-do-ensino-medio-pautara-acao-no-plenario-do-stf\/"]}]},{"@type":"ImageObject","inLanguage":"pt-BR","@id":"https:\/\/psol50.org.br\/relator-da-adin-do-psol-sobre-mp-do-ensino-medio-pautara-acao-no-plenario-do-stf\/#primaryimage","url":"https:\/\/psol50.org.br\/inc\/uploads\/2016\/09\/Edson_Fachin_Marcelo_Camargo_ABr.jpg","contentUrl":"https:\/\/psol50.org.br\/inc\/uploads\/2016\/09\/Edson_Fachin_Marcelo_Camargo_ABr.jpg","width":800,"height":532,"caption":"Foto: Marcelo Camargo\/Ag\u00eancia Brasil"},{"@type":"BreadcrumbList","@id":"https:\/\/psol50.org.br\/relator-da-adin-do-psol-sobre-mp-do-ensino-medio-pautara-acao-no-plenario-do-stf\/#breadcrumb","itemListElement":[{"@type":"ListItem","position":1,"name":"In\u00edcio","item":"https:\/\/psol50.org.br\/"},{"@type":"ListItem","position":2,"name":"Relator da Adin do PSOL sobre MP do ensino m\u00e9dio pautar\u00e1 a\u00e7\u00e3o no plen\u00e1rio do STF"}]},{"@type":"WebSite","@id":"https:\/\/psol50.org.br\/#website","url":"https:\/\/psol50.org.br\/","name":"PSOL 50","description":"Site oficial do Partido Socialismo e Liberdade","publisher":{"@id":"https:\/\/psol50.org.br\/#organization"},"alternateName":"PSOL50","potentialAction":[{"@type":"SearchAction","target":{"@type":"EntryPoint","urlTemplate":"https:\/\/psol50.org.br\/?s={search_term_string}"},"query-input":{"@type":"PropertyValueSpecification","valueRequired":true,"valueName":"search_term_string"}}],"inLanguage":"pt-BR"},{"@type":"Organization","@id":"https:\/\/psol50.org.br\/#organization","name":"PSOL 50","alternateName":"PSOL 50","url":"https:\/\/psol50.org.br\/","logo":{"@type":"ImageObject","inLanguage":"pt-BR","@id":"https:\/\/psol50.org.br\/#\/schema\/logo\/image\/","url":"https:\/\/psol50.org.br\/inc\/uploads\/2018\/07\/capa.png","contentUrl":"https:\/\/psol50.org.br\/inc\/uploads\/2018\/07\/capa.png","width":1350,"height":900,"caption":"PSOL 50"},"image":{"@id":"https:\/\/psol50.org.br\/#\/schema\/logo\/image\/"},"sameAs":["https:\/\/www.facebook.com\/psol50","https:\/\/x.com\/psol50","https:\/\/www.instagram.com\/psol50\/","https:\/\/www.youtube.com\/channel\/UC7SnJS5o1os7a6CaiNabzcg"]},{"@type":"Person","@id":"https:\/\/psol50.org.br\/#\/schema\/person\/475dfa57d0b815993c714c2e96491fcd","name":"Comunica\u00e7\u00e3o PSOL","image":{"@type":"ImageObject","inLanguage":"pt-BR","@id":"https:\/\/psol50.org.br\/#\/schema\/person\/image\/","url":"https:\/\/secure.gravatar.com\/avatar\/b34fc4f4e468a4e51785917065a3db57b841f5c95dba6ad8c73aaf8f66f8f9bf?s=96&d=mm&r=g","contentUrl":"https:\/\/secure.gravatar.com\/avatar\/b34fc4f4e468a4e51785917065a3db57b841f5c95dba6ad8c73aaf8f66f8f9bf?s=96&d=mm&r=g","caption":"Comunica\u00e7\u00e3o PSOL"}}]}},"_links":{"self":[{"href":"https:\/\/psol50.org.br\/rest\/wp\/v2\/posts\/14052","targetHints":{"allow":["GET"]}}],"collection":[{"href":"https:\/\/psol50.org.br\/rest\/wp\/v2\/posts"}],"about":[{"href":"https:\/\/psol50.org.br\/rest\/wp\/v2\/types\/post"}],"author":[{"embeddable":true,"href":"https:\/\/psol50.org.br\/rest\/wp\/v2\/users\/2"}],"replies":[{"embeddable":true,"href":"https:\/\/psol50.org.br\/rest\/wp\/v2\/comments?post=14052"}],"version-history":[{"count":0,"href":"https:\/\/psol50.org.br\/rest\/wp\/v2\/posts\/14052\/revisions"}],"wp:featuredmedia":[{"embeddable":true,"href":"https:\/\/psol50.org.br\/rest\/wp\/v2\/media\/14053"}],"wp:attachment":[{"href":"https:\/\/psol50.org.br\/rest\/wp\/v2\/media?parent=14052"}],"wp:term":[{"taxonomy":"category","embeddable":true,"href":"https:\/\/psol50.org.br\/rest\/wp\/v2\/categories?post=14052"},{"taxonomy":"post_tag","embeddable":true,"href":"https:\/\/psol50.org.br\/rest\/wp\/v2\/tags?post=14052"}],"curies":[{"name":"wp","href":"https:\/\/api.w.org\/{rel}","templated":true}]}}