{"id":14066,"date":"2016-10-02T22:32:57","date_gmt":"2016-10-02T22:32:57","guid":{"rendered":"http:\/\/www.psol50.org.br\/?p=14066"},"modified":"2016-10-02T22:32:57","modified_gmt":"2016-10-02T22:32:57","slug":"na-raca-freixo-vai-para-o-2o-turno-contra-crivella-no-rio","status":"publish","type":"post","link":"https:\/\/psol50.org.br\/na-raca-freixo-vai-para-o-2o-turno-contra-crivella-no-rio\/","title":{"rendered":"Na ra\u00e7a: Freixo vai para o 2\u00ba turno contra Crivella no Rio"},"content":{"rendered":"<p>Marcelo Freixo e sua vice Luciana Boiteux est\u00e3o no segundo turno no Rio de Janeiro. Com 99% das urnas apuradas, Freixo tem 18,3% dos votos e\u00a0vai disputar contra Marcelo Crivella (PRB), que tem 27,7%.<\/p>\n<p>Na reta final da campanha do primeiro turno, Freixo disputou a vaga contra Pedro Paulo (PMDB), candidato do atual prefeito Eduardo Paes, que tem 16,1%.<\/p>\n<p>A campanha de Freixo \u00e9 baseada na defesa dos direitos humanos e na constru\u00e7\u00e3o de outro modelo de cidade. Na \u00faltima semana da campanha. o candidato realizou o \u00faltimo com\u00edcio, na Lapa, e reuniu mais de 15 mil pessoas que mostraram que \u00e9 poss\u00edvel construir um Rio de Janeiro mais humano.<\/p>\n<p>Marcelo Freixo \u00e9 professor de hist\u00f3ria, militante dos direitos humanos e foi o deputado estadual mais votado do pa\u00eds em 2014. Freixo foi candidato \u00e0 prefeitura em 2012, quando obteve 28% dos votos.<\/p>\n<p><strong>Tarc\u00edsio Motta: segundo mais votado para vereador<\/strong><\/p>\n<p>Candidato do PSOL ao governo do estado do Rio de Janeiro em 2014, Tarc\u00edsio Motta foi o segundo vereador mais votado da capital, com mais de 90 mil votos. Al\u00e9m dele, Marielle Franco, com mais de 46 mil votos, foi a quinta mais votada.<\/p>\n<p>A chapa do PSOL e PCB elegeu, no total, seis vereadores na capital carioca:<\/p>\n<p>Tarc\u00edsio Motta &#8211; 90.387 votos<\/p>\n<p>Marielle Franco &#8211; 46.467 votos<\/p>\n<p>Renato Cinco &#8211; 17.141 votos<\/p>\n<p>Paulo Pinheiro &#8211; 13.133 votos<\/p>\n<p>Leonel Brizola Neto &#8211; 11.071 votos<\/p>\n<p>David Miranda &#8211; 6.999 votos<\/p>\n","protected":false},"excerpt":{"rendered":"<p>Marcelo Freixo e sua vice Luciana Boiteux est\u00e3o no segundo turno no Rio de Janeiro. Com 99% das urnas apuradas, Freixo tem 18,3% dos votos e\u00a0vai disputar contra Marcelo Crivella (PRB), que tem 27,7%. Na reta final da campanha do primeiro turno, Freixo disputou a vaga contra Pedro Paulo (PMDB), candidato do atual prefeito Eduardo [&hellip;]<\/p>\n","protected":false},"author":2,"featured_media":14067,"comment_status":"open","ping_status":"open","sticky":false,"template":"","format":"standard","meta":{"_acf_changed":false,"footnotes":""},"categories":[1882,2833,654,6,14],"tags":[4587,2670,160,161,345,22,162,1214],"class_list":{"0":"post-14066","1":"post","2":"type-post","3":"status-publish","4":"format-standard","5":"has-post-thumbnail","7":"category-brasil","8":"category-eleicoes-2016","9":"category-estados","10":"category-noticias","11":"category-partido","12":"tag-eduardo-paes","13":"tag-luciana-boiteux","14":"tag-marcelo-crivella","15":"tag-marcelo-freixo","16":"tag-prefeitura","17":"tag-psol","18":"tag-rio-de-janeiro","19":"tag-segundo-turno"},"acf":[],"yoast_head":"<!-- This site is optimized with the Yoast SEO plugin v26.5 - https:\/\/yoast.com\/wordpress\/plugins\/seo\/ -->\n<title>Na ra\u00e7a: Freixo vai para o 2\u00ba turno contra Crivella no Rio - PSOL 50<\/title>\n<meta name=\"robots\" content=\"index, follow, max-snippet:-1, max-image-preview:large, max-video-preview:-1\" \/>\n<link rel=\"canonical\" href=\"https:\/\/psol50.org.br\/na-raca-freixo-vai-para-o-2o-turno-contra-crivella-no-rio\/\" \/>\n<meta property=\"og:locale\" content=\"pt_BR\" \/>\n<meta property=\"og:type\" content=\"article\" \/>\n<meta property=\"og:title\" content=\"Na ra\u00e7a: Freixo vai para o 2\u00ba turno contra Crivella no Rio - PSOL 50\" \/>\n<meta property=\"og:description\" content=\"Marcelo Freixo e sua vice Luciana Boiteux est\u00e3o no segundo turno no Rio de Janeiro. Com 99% das urnas apuradas, Freixo tem 18,3% dos votos e\u00a0vai disputar contra Marcelo Crivella (PRB), que tem 27,7%. Na reta final da campanha do primeiro turno, Freixo disputou a vaga contra Pedro Paulo (PMDB), candidato do atual prefeito Eduardo [&hellip;]\" \/>\n<meta property=\"og:url\" content=\"https:\/\/psol50.org.br\/na-raca-freixo-vai-para-o-2o-turno-contra-crivella-no-rio\/\" \/>\n<meta property=\"og:site_name\" content=\"PSOL 50\" \/>\n<meta property=\"article:publisher\" content=\"https:\/\/www.facebook.com\/psol50\" \/>\n<meta property=\"article:published_time\" content=\"2016-10-02T22:32:57+00:00\" \/>\n<meta property=\"og:image\" content=\"https:\/\/psol50.org.br\/inc\/uploads\/2018\/07\/capa.png\" \/>\n\t<meta property=\"og:image:width\" content=\"1350\" \/>\n\t<meta property=\"og:image:height\" content=\"900\" \/>\n\t<meta property=\"og:image:type\" content=\"image\/png\" \/>\n<meta name=\"author\" content=\"Comunica\u00e7\u00e3o PSOL\" \/>\n<meta name=\"twitter:card\" content=\"summary_large_image\" \/>\n<meta name=\"twitter:creator\" content=\"@psol50\" \/>\n<meta name=\"twitter:site\" content=\"@psol50\" \/>\n<meta name=\"twitter:label1\" content=\"Escrito por\" \/>\n\t<meta name=\"twitter:data1\" content=\"Comunica\u00e7\u00e3o PSOL\" \/>\n\t<meta name=\"twitter:label2\" content=\"Est. tempo de leitura\" \/>\n\t<meta name=\"twitter:data2\" content=\"1 minuto\" \/>\n<script type=\"application\/ld+json\" class=\"yoast-schema-graph\">{\"@context\":\"https:\/\/schema.org\",\"@graph\":[{\"@type\":\"Article\",\"@id\":\"https:\/\/psol50.org.br\/na-raca-freixo-vai-para-o-2o-turno-contra-crivella-no-rio\/#article\",\"isPartOf\":{\"@id\":\"https:\/\/psol50.org.br\/na-raca-freixo-vai-para-o-2o-turno-contra-crivella-no-rio\/\"},\"author\":{\"name\":\"Comunica\u00e7\u00e3o PSOL\",\"@id\":\"https:\/\/psol50.org.br\/#\/schema\/person\/475dfa57d0b815993c714c2e96491fcd\"},\"headline\":\"Na ra\u00e7a: Freixo vai para o 2\u00ba turno contra Crivella no Rio\",\"datePublished\":\"2016-10-02T22:32:57+00:00\",\"mainEntityOfPage\":{\"@id\":\"https:\/\/psol50.org.br\/na-raca-freixo-vai-para-o-2o-turno-contra-crivella-no-rio\/\"},\"wordCount\":241,\"commentCount\":0,\"publisher\":{\"@id\":\"https:\/\/psol50.org.br\/#organization\"},\"image\":{\"@id\":\"https:\/\/psol50.org.br\/na-raca-freixo-vai-para-o-2o-turno-contra-crivella-no-rio\/#primaryimage\"},\"thumbnailUrl\":\"\",\"keywords\":[\"Eduardo Paes\",\"Luciana Boiteux\",\"Marcelo Crivella\",\"Marcelo Freixo\",\"prefeitura\",\"PSOL\",\"Rio de Janeiro\",\"segundo turno\"],\"articleSection\":[\"Brasil\",\"ELEI\u00c7\u00d5ES 2016\",\"Estados\",\"Not\u00edcias\",\"Partido\"],\"inLanguage\":\"pt-BR\",\"potentialAction\":[{\"@type\":\"CommentAction\",\"name\":\"Comment\",\"target\":[\"https:\/\/psol50.org.br\/na-raca-freixo-vai-para-o-2o-turno-contra-crivella-no-rio\/#respond\"]}]},{\"@type\":\"WebPage\",\"@id\":\"https:\/\/psol50.org.br\/na-raca-freixo-vai-para-o-2o-turno-contra-crivella-no-rio\/\",\"url\":\"https:\/\/psol50.org.br\/na-raca-freixo-vai-para-o-2o-turno-contra-crivella-no-rio\/\",\"name\":\"Na ra\u00e7a: Freixo vai para o 2\u00ba turno contra Crivella no Rio - PSOL 50\",\"isPartOf\":{\"@id\":\"https:\/\/psol50.org.br\/#website\"},\"primaryImageOfPage\":{\"@id\":\"https:\/\/psol50.org.br\/na-raca-freixo-vai-para-o-2o-turno-contra-crivella-no-rio\/#primaryimage\"},\"image\":{\"@id\":\"https:\/\/psol50.org.br\/na-raca-freixo-vai-para-o-2o-turno-contra-crivella-no-rio\/#primaryimage\"},\"thumbnailUrl\":\"\",\"datePublished\":\"2016-10-02T22:32:57+00:00\",\"breadcrumb\":{\"@id\":\"https:\/\/psol50.org.br\/na-raca-freixo-vai-para-o-2o-turno-contra-crivella-no-rio\/#breadcrumb\"},\"inLanguage\":\"pt-BR\",\"potentialAction\":[{\"@type\":\"ReadAction\",\"target\":[\"https:\/\/psol50.org.br\/na-raca-freixo-vai-para-o-2o-turno-contra-crivella-no-rio\/\"]}]},{\"@type\":\"ImageObject\",\"inLanguage\":\"pt-BR\",\"@id\":\"https:\/\/psol50.org.br\/na-raca-freixo-vai-para-o-2o-turno-contra-crivella-no-rio\/#primaryimage\",\"url\":\"\",\"contentUrl\":\"\"},{\"@type\":\"BreadcrumbList\",\"@id\":\"https:\/\/psol50.org.br\/na-raca-freixo-vai-para-o-2o-turno-contra-crivella-no-rio\/#breadcrumb\",\"itemListElement\":[{\"@type\":\"ListItem\",\"position\":1,\"name\":\"In\u00edcio\",\"item\":\"https:\/\/psol50.org.br\/\"},{\"@type\":\"ListItem\",\"position\":2,\"name\":\"Na ra\u00e7a: Freixo vai para o 2\u00ba turno contra Crivella no Rio\"}]},{\"@type\":\"WebSite\",\"@id\":\"https:\/\/psol50.org.br\/#website\",\"url\":\"https:\/\/psol50.org.br\/\",\"name\":\"PSOL 50\",\"description\":\"Site oficial do Partido Socialismo e Liberdade\",\"publisher\":{\"@id\":\"https:\/\/psol50.org.br\/#organization\"},\"alternateName\":\"PSOL50\",\"potentialAction\":[{\"@type\":\"SearchAction\",\"target\":{\"@type\":\"EntryPoint\",\"urlTemplate\":\"https:\/\/psol50.org.br\/?s={search_term_string}\"},\"query-input\":{\"@type\":\"PropertyValueSpecification\",\"valueRequired\":true,\"valueName\":\"search_term_string\"}}],\"inLanguage\":\"pt-BR\"},{\"@type\":\"Organization\",\"@id\":\"https:\/\/psol50.org.br\/#organization\",\"name\":\"PSOL 50\",\"alternateName\":\"PSOL 50\",\"url\":\"https:\/\/psol50.org.br\/\",\"logo\":{\"@type\":\"ImageObject\",\"inLanguage\":\"pt-BR\",\"@id\":\"https:\/\/psol50.org.br\/#\/schema\/logo\/image\/\",\"url\":\"https:\/\/psol50.org.br\/inc\/uploads\/2018\/07\/capa.png\",\"contentUrl\":\"https:\/\/psol50.org.br\/inc\/uploads\/2018\/07\/capa.png\",\"width\":1350,\"height\":900,\"caption\":\"PSOL 50\"},\"image\":{\"@id\":\"https:\/\/psol50.org.br\/#\/schema\/logo\/image\/\"},\"sameAs\":[\"https:\/\/www.facebook.com\/psol50\",\"https:\/\/x.com\/psol50\",\"https:\/\/www.instagram.com\/psol50\/\",\"https:\/\/www.youtube.com\/channel\/UC7SnJS5o1os7a6CaiNabzcg\"]},{\"@type\":\"Person\",\"@id\":\"https:\/\/psol50.org.br\/#\/schema\/person\/475dfa57d0b815993c714c2e96491fcd\",\"name\":\"Comunica\u00e7\u00e3o PSOL\",\"image\":{\"@type\":\"ImageObject\",\"inLanguage\":\"pt-BR\",\"@id\":\"https:\/\/psol50.org.br\/#\/schema\/person\/image\/\",\"url\":\"https:\/\/secure.gravatar.com\/avatar\/b34fc4f4e468a4e51785917065a3db57b841f5c95dba6ad8c73aaf8f66f8f9bf?s=96&d=mm&r=g\",\"contentUrl\":\"https:\/\/secure.gravatar.com\/avatar\/b34fc4f4e468a4e51785917065a3db57b841f5c95dba6ad8c73aaf8f66f8f9bf?s=96&d=mm&r=g\",\"caption\":\"Comunica\u00e7\u00e3o PSOL\"}}]}<\/script>\n<!-- \/ Yoast SEO plugin. -->","yoast_head_json":{"title":"Na ra\u00e7a: Freixo vai para o 2\u00ba turno contra Crivella no Rio - PSOL 50","robots":{"index":"index","follow":"follow","max-snippet":"max-snippet:-1","max-image-preview":"max-image-preview:large","max-video-preview":"max-video-preview:-1"},"canonical":"https:\/\/psol50.org.br\/na-raca-freixo-vai-para-o-2o-turno-contra-crivella-no-rio\/","og_locale":"pt_BR","og_type":"article","og_title":"Na ra\u00e7a: Freixo vai para o 2\u00ba turno contra Crivella no Rio - PSOL 50","og_description":"Marcelo Freixo e sua vice Luciana Boiteux est\u00e3o no segundo turno no Rio de Janeiro. Com 99% das urnas apuradas, Freixo tem 18,3% dos votos e\u00a0vai disputar contra Marcelo Crivella (PRB), que tem 27,7%. Na reta final da campanha do primeiro turno, Freixo disputou a vaga contra Pedro Paulo (PMDB), candidato do atual prefeito Eduardo [&hellip;]","og_url":"https:\/\/psol50.org.br\/na-raca-freixo-vai-para-o-2o-turno-contra-crivella-no-rio\/","og_site_name":"PSOL 50","article_publisher":"https:\/\/www.facebook.com\/psol50","article_published_time":"2016-10-02T22:32:57+00:00","og_image":[{"width":1350,"height":900,"url":"https:\/\/psol50.org.br\/inc\/uploads\/2018\/07\/capa.png","type":"image\/png"}],"author":"Comunica\u00e7\u00e3o PSOL","twitter_card":"summary_large_image","twitter_creator":"@psol50","twitter_site":"@psol50","twitter_misc":{"Escrito por":"Comunica\u00e7\u00e3o PSOL","Est. tempo de leitura":"1 minuto"},"schema":{"@context":"https:\/\/schema.org","@graph":[{"@type":"Article","@id":"https:\/\/psol50.org.br\/na-raca-freixo-vai-para-o-2o-turno-contra-crivella-no-rio\/#article","isPartOf":{"@id":"https:\/\/psol50.org.br\/na-raca-freixo-vai-para-o-2o-turno-contra-crivella-no-rio\/"},"author":{"name":"Comunica\u00e7\u00e3o PSOL","@id":"https:\/\/psol50.org.br\/#\/schema\/person\/475dfa57d0b815993c714c2e96491fcd"},"headline":"Na ra\u00e7a: Freixo vai para o 2\u00ba turno contra Crivella no Rio","datePublished":"2016-10-02T22:32:57+00:00","mainEntityOfPage":{"@id":"https:\/\/psol50.org.br\/na-raca-freixo-vai-para-o-2o-turno-contra-crivella-no-rio\/"},"wordCount":241,"commentCount":0,"publisher":{"@id":"https:\/\/psol50.org.br\/#organization"},"image":{"@id":"https:\/\/psol50.org.br\/na-raca-freixo-vai-para-o-2o-turno-contra-crivella-no-rio\/#primaryimage"},"thumbnailUrl":"","keywords":["Eduardo Paes","Luciana Boiteux","Marcelo Crivella","Marcelo Freixo","prefeitura","PSOL","Rio de Janeiro","segundo turno"],"articleSection":["Brasil","ELEI\u00c7\u00d5ES 2016","Estados","Not\u00edcias","Partido"],"inLanguage":"pt-BR","potentialAction":[{"@type":"CommentAction","name":"Comment","target":["https:\/\/psol50.org.br\/na-raca-freixo-vai-para-o-2o-turno-contra-crivella-no-rio\/#respond"]}]},{"@type":"WebPage","@id":"https:\/\/psol50.org.br\/na-raca-freixo-vai-para-o-2o-turno-contra-crivella-no-rio\/","url":"https:\/\/psol50.org.br\/na-raca-freixo-vai-para-o-2o-turno-contra-crivella-no-rio\/","name":"Na ra\u00e7a: Freixo vai para o 2\u00ba turno contra Crivella no Rio - PSOL 50","isPartOf":{"@id":"https:\/\/psol50.org.br\/#website"},"primaryImageOfPage":{"@id":"https:\/\/psol50.org.br\/na-raca-freixo-vai-para-o-2o-turno-contra-crivella-no-rio\/#primaryimage"},"image":{"@id":"https:\/\/psol50.org.br\/na-raca-freixo-vai-para-o-2o-turno-contra-crivella-no-rio\/#primaryimage"},"thumbnailUrl":"","datePublished":"2016-10-02T22:32:57+00:00","breadcrumb":{"@id":"https:\/\/psol50.org.br\/na-raca-freixo-vai-para-o-2o-turno-contra-crivella-no-rio\/#breadcrumb"},"inLanguage":"pt-BR","potentialAction":[{"@type":"ReadAction","target":["https:\/\/psol50.org.br\/na-raca-freixo-vai-para-o-2o-turno-contra-crivella-no-rio\/"]}]},{"@type":"ImageObject","inLanguage":"pt-BR","@id":"https:\/\/psol50.org.br\/na-raca-freixo-vai-para-o-2o-turno-contra-crivella-no-rio\/#primaryimage","url":"","contentUrl":""},{"@type":"BreadcrumbList","@id":"https:\/\/psol50.org.br\/na-raca-freixo-vai-para-o-2o-turno-contra-crivella-no-rio\/#breadcrumb","itemListElement":[{"@type":"ListItem","position":1,"name":"In\u00edcio","item":"https:\/\/psol50.org.br\/"},{"@type":"ListItem","position":2,"name":"Na ra\u00e7a: Freixo vai para o 2\u00ba turno contra Crivella no Rio"}]},{"@type":"WebSite","@id":"https:\/\/psol50.org.br\/#website","url":"https:\/\/psol50.org.br\/","name":"PSOL 50","description":"Site oficial do Partido Socialismo e Liberdade","publisher":{"@id":"https:\/\/psol50.org.br\/#organization"},"alternateName":"PSOL50","potentialAction":[{"@type":"SearchAction","target":{"@type":"EntryPoint","urlTemplate":"https:\/\/psol50.org.br\/?s={search_term_string}"},"query-input":{"@type":"PropertyValueSpecification","valueRequired":true,"valueName":"search_term_string"}}],"inLanguage":"pt-BR"},{"@type":"Organization","@id":"https:\/\/psol50.org.br\/#organization","name":"PSOL 50","alternateName":"PSOL 50","url":"https:\/\/psol50.org.br\/","logo":{"@type":"ImageObject","inLanguage":"pt-BR","@id":"https:\/\/psol50.org.br\/#\/schema\/logo\/image\/","url":"https:\/\/psol50.org.br\/inc\/uploads\/2018\/07\/capa.png","contentUrl":"https:\/\/psol50.org.br\/inc\/uploads\/2018\/07\/capa.png","width":1350,"height":900,"caption":"PSOL 50"},"image":{"@id":"https:\/\/psol50.org.br\/#\/schema\/logo\/image\/"},"sameAs":["https:\/\/www.facebook.com\/psol50","https:\/\/x.com\/psol50","https:\/\/www.instagram.com\/psol50\/","https:\/\/www.youtube.com\/channel\/UC7SnJS5o1os7a6CaiNabzcg"]},{"@type":"Person","@id":"https:\/\/psol50.org.br\/#\/schema\/person\/475dfa57d0b815993c714c2e96491fcd","name":"Comunica\u00e7\u00e3o PSOL","image":{"@type":"ImageObject","inLanguage":"pt-BR","@id":"https:\/\/psol50.org.br\/#\/schema\/person\/image\/","url":"https:\/\/secure.gravatar.com\/avatar\/b34fc4f4e468a4e51785917065a3db57b841f5c95dba6ad8c73aaf8f66f8f9bf?s=96&d=mm&r=g","contentUrl":"https:\/\/secure.gravatar.com\/avatar\/b34fc4f4e468a4e51785917065a3db57b841f5c95dba6ad8c73aaf8f66f8f9bf?s=96&d=mm&r=g","caption":"Comunica\u00e7\u00e3o PSOL"}}]}},"_links":{"self":[{"href":"https:\/\/psol50.org.br\/rest\/wp\/v2\/posts\/14066","targetHints":{"allow":["GET"]}}],"collection":[{"href":"https:\/\/psol50.org.br\/rest\/wp\/v2\/posts"}],"about":[{"href":"https:\/\/psol50.org.br\/rest\/wp\/v2\/types\/post"}],"author":[{"embeddable":true,"href":"https:\/\/psol50.org.br\/rest\/wp\/v2\/users\/2"}],"replies":[{"embeddable":true,"href":"https:\/\/psol50.org.br\/rest\/wp\/v2\/comments?post=14066"}],"version-history":[{"count":0,"href":"https:\/\/psol50.org.br\/rest\/wp\/v2\/posts\/14066\/revisions"}],"wp:featuredmedia":[{"embeddable":true,"href":"https:\/\/psol50.org.br\/rest\/"}],"wp:attachment":[{"href":"https:\/\/psol50.org.br\/rest\/wp\/v2\/media?parent=14066"}],"wp:term":[{"taxonomy":"category","embeddable":true,"href":"https:\/\/psol50.org.br\/rest\/wp\/v2\/categories?post=14066"},{"taxonomy":"post_tag","embeddable":true,"href":"https:\/\/psol50.org.br\/rest\/wp\/v2\/tags?post=14066"}],"curies":[{"name":"wp","href":"https:\/\/api.w.org\/{rel}","templated":true}]}}