{"id":1410,"date":"2008-06-10T00:00:00","date_gmt":"2008-06-10T00:00:00","guid":{"rendered":"http:\/\/psol50.org.br\/arquivo\/2008\/06\/10\/rs-psol-entrara-com-pedido-de-crime-de-responsabilidade-contra-yeda\/"},"modified":"2008-06-10T00:00:00","modified_gmt":"2008-06-10T00:00:00","slug":"rs-psol-entrara-com-pedido-de-crime-de-responsabilidade-contra-yeda","status":"publish","type":"post","link":"https:\/\/psol50.org.br\/rs-psol-entrara-com-pedido-de-crime-de-responsabilidade-contra-yeda\/","title":{"rendered":"(RS) PSOL entrar\u00e1 com pedido de crime de responsabilidade contra Yeda"},"content":{"rendered":"<p>Reunida nesta segunda-feira, 9 de junho, em Porto Alegre, a Executiva do PSOL no Rio Grande do Sul decidiu protocolar na Assembl\u00e9ia legislatica um pedido de impeachment da governadora ga\u00facha Yeda Crusius (PSDB).<\/p>\n<p><!--more--><\/p>\n<p><strong>RESOLU\u00c7\u00c3O DA EXECUTIVA ESTADUAL DO PSOL\/RS<\/strong><\/p>\n<p>&nbsp;<\/p>\n<p>Considerando:<\/p>\n<p>a) Que as investiga\u00e7\u00f5es da Pol\u00edcia Federal revelaram uma fraude de mais de 40 milh\u00f5es no Detran, numa a\u00e7\u00e3o criminosa levada adiante por conhecidos dirigentes do Partido Progressista (PP), tendo ainda envolvimento de pol\u00edticos ligados ao PMDB e ao PSDB, neste \u00faltimo caso notadamente Lair Ferst, o tucano respons\u00e1vel pela arrecada\u00e7\u00e3o financeira da campanha da governadora Yeda;<\/p>\n<p>b) Que o vice-governador tem denunciado h\u00e1 algum tempo que existe uma quadrilha na dire\u00e7\u00e3o do Banrisul e o governo estadual segue sem tomar nenhuma provid\u00eancia para sequer investigar o assunto, mostrando claramente que sustenta a dire\u00e7\u00e3o do banco;<\/p>\n<p>c) Que as grava\u00e7\u00f5es feitas pelo vice-governador Paulo Feij\u00f3 da sua conversa com o secret\u00e1rio da Casa Civil, C\u00e9zar Busatto, revelam fatos novos, que agravam a crise. O principal articulador pol\u00edtico do governo diz claramente que o PMDB se financia com seu poder no Banrisul e o PP no Detran. Afirma que se trata de fortunas e, portanto, de a\u00e7\u00f5es fraudulentas contra estes \u00f3rg\u00e3os p\u00fablicos. E diz claramente que a governadora Yeda teve sua campanha financiada por estes esquemas. Assim, fica claro que a governadora compactuou e se beneficiou destas fraudes;<\/p>\n<p>d) Que as grava\u00e7\u00f5es feitas s\u00e3o totalmente legais para efeito de investiga\u00e7\u00e3o e se constituem numa prova testemunhal vinda de um pol\u00edtico ligado \u00e1 governadora e, segundo suas palavras, em miss\u00e3o de estabiliza\u00e7\u00e3o do governo estadual. Desta forma, n\u00e3o havia nenhum interesse de C\u00e9zar Busatto, que foi homem forte at\u00e9 poucos dias do governo do PMDB\/PPS de Jos\u00e9 Foga\u00e7a, em denegrir o PMDB, o que demonstra a veracidade do conte\u00fado de sua fala;<\/p>\n<p>e) Que a governadora avalizou todas as declara\u00e7\u00f5es de C\u00e9zar Busatto afirmando que o vice-governador \u00e9 um golpista e mau-car\u00e1ter. Tal confian\u00e7a em Busatto apenas nos apresenta mais um refor\u00e7o de que tudo que apareceu nas grava\u00e7\u00f5es corresponde \u00e0 realidade, isto \u00e9, PP e PMDB se sustentam com o Detran e Banrisul, e Yeda teve sua campanha financiada por estes esquemas de corrup\u00e7\u00e3o;<\/p>\n<p>f) Que este governo estadual n\u00e3o tem mais legitimidade para seguir \u00e0 frente da pol\u00edtica ga\u00facha. Esta falta de legitimidade estava se constituindo, segundo nossa posi\u00e7\u00e3o, pelas pol\u00edticas p\u00fablicas que vinham sendo implementadas, mas agora deu um salto de qualidade com as investiga\u00e7\u00f5es da PF e as revela\u00e7\u00f5es de Busatto. Um governo que tem que se preocupar com sua defesa nas investiga\u00e7\u00f5es da Pol\u00edcia Federal diante de crimes evidentes envolvendo l\u00edderes importantes de seus partidos n\u00e3o tem legitimidade para continuar;<\/p>\n<p>g) Que a governadora n\u00e3o tendo legitimidade, tampouco o vice-governador tem condi\u00e7\u00f5es, j\u00e1 que foi eleito na mesma chapa, financiada pelo mesmo esquema escuso. Al\u00e9m disso, como o pr\u00f3prio reconheceu, agregou poucos votos;<\/p>\n<p>h) Que nestas condi\u00e7\u00f5es \u00e9 um grave erro que a CPI at\u00e9 agora tenha se limitado a convocar apenas os diretamente envolvidos nas fraudes do Detran, quando j\u00e1 se sabe que o mais importante acusado tem rela\u00e7\u00e3o direta com a governadora Yeda. J\u00e1 seria uma obriga\u00e7\u00e3o da CPI \u2013 que j\u00e1 est\u00e1 no final \u2013 ter feito um forte movimento para chamar a pr\u00f3pria governadora a prestar esclarecimentos;<\/p>\n<p>A Executiva Estadual do P-Sol resolve:<\/p>\n<p>a) Convocar a mobiliza\u00e7\u00e3o da sociedade ga\u00facha na defesa dos interesses do povo e do Rio Grande;<\/p>\n<p>b) Entrar imediatamente com um pedido de crime de responsabilidade da governadora Yeda Crusius, de tal forma que sua participa\u00e7\u00e3o em todos estes epis\u00f3dios seja posta na ordem do dia;<\/p>\n<p>c) Propor a realiza\u00e7\u00e3o de elei\u00e7\u00f5es diretas antecipadas para o governo estadual;<\/p>\n<p>d) Exigir o ressarcimento dos cofres p\u00fablicos, al\u00e9m da devolu\u00e7\u00e3o dos valores desviados, partindo da indisponibilidade dos bens de todos os acusados, inclusive a Governadora do Estado e os partidos PP e PMDB;<\/p>\n<p>e) Procurar as entidades democr\u00e1ticas e as entidades ligadas aos movimentos sociais para discutir a necessidade de uma campanha comum contra a corrup\u00e7\u00e3o no Estado. Nossos representantes dever\u00e3o marcar uma audi\u00eancia com a OAB local ainda esta semana para dar passos pr\u00e1ticos neste sentido;<\/p>\n<p>f) Procurar os partidos e l\u00edderes pol\u00edticos, em primeiro lugar os que j\u00e1 est\u00e3o na oposi\u00e7\u00e3o, para dar conhecimento de nossas posi\u00e7\u00f5es. Fizemos contato com representante parlamentar do PT para realizar uma reuni\u00e3o com o objetivo de conhecer a posi\u00e7\u00e3o deles sobre o desenvolvimento da crise, afirmando que mesmo com nossas enormes diferen\u00e7as tamb\u00e9m no terreno \u00e9tico \u2013 nossa luta contra o mensal\u00e3o, contra Renan Calheiros e agora contra a fraude envolvendo a participa\u00e7\u00e3o de amigos \u00edntimos do presidente Lula na venda da Varig \u2013 queremos que o PT seja parte da luta por novas elei\u00e7\u00f5es no Estado. E, antes disso, queremos uma posi\u00e7\u00e3o do PT sobre o impeachment. Marcamos tamb\u00e9m audi\u00eancia com o vice-governador. Nesta audi\u00eancia com o senhor Paulo Feij\u00f3 vamos expressar nossa posi\u00e7\u00e3o de que a revela\u00e7\u00e3o das grava\u00e7\u00f5es foi muito \u00fatil para o povo ga\u00facho saber os podres da pol\u00edtica que os partidos tradicionais tentam esconder e expressaremos para ele nossa posi\u00e7\u00e3o a favor do impeachment da governadora e da realiza\u00e7\u00e3o de elei\u00e7\u00f5es antecipadas. Vamos reivindicar que apresente eventuais outras fitas ou provas da corrup\u00e7\u00e3o que possua. Vamos propor que ele mesmo assuma sua ren\u00fancia, j\u00e1 que \u00e9 evidente que ele n\u00e3o pode ser parte de um governo em que a pr\u00f3pria governadora o acusa de mau car\u00e1ter. Seu compromisso com a ren\u00fancia seria muito \u00fatil se tamb\u00e9m fosse acompanhado com a defesa do impedimento da governadora, facilitando tamb\u00e9m assim a convoca\u00e7\u00e3o de novas elei\u00e7\u00f5es;<\/p>\n<p>g) Finalmente, declaramos que o P-Sol n\u00e3o aceita que a corrup\u00e7\u00e3o seja encarada como uma realidade que n\u00e3o pode ser mudada. Vamos, portanto, insistir em nosso chamado para que o povo derrote esta velha pol\u00edtica corrupta e atue para construir uma pol\u00edtica popular e autenticamente democr\u00e1tica.<\/p>\n<p>Porto Alegre, 09 de junho de 2008.<\/p>\n","protected":false},"excerpt":{"rendered":"<p>Reunida nesta segunda-feira, 9 de junho, em Porto Alegre, a Executiva do PSOL no Rio Grande do Sul decidiu protocolar na Assembl\u00e9ia legislatica um pedido de impeachment da governadora ga\u00facha Yeda Crusius (PSDB).<\/p>\n","protected":false},"author":2,"featured_media":0,"comment_status":"open","ping_status":"open","sticky":false,"template":"","format":"standard","meta":{"_acf_changed":false,"footnotes":""},"categories":[4766],"tags":[],"class_list":{"0":"post-1410","1":"post","2":"type-post","3":"status-publish","4":"format-standard","6":"category-arquivo"},"acf":[],"yoast_head":"<!-- This site is optimized with the Yoast SEO plugin v26.5 - https:\/\/yoast.com\/wordpress\/plugins\/seo\/ -->\n<title>(RS) PSOL entrar\u00e1 com pedido de crime de responsabilidade contra Yeda - PSOL 50<\/title>\n<meta name=\"robots\" content=\"index, follow, max-snippet:-1, max-image-preview:large, max-video-preview:-1\" \/>\n<link rel=\"canonical\" href=\"https:\/\/psol50.org.br\/rs-psol-entrara-com-pedido-de-crime-de-responsabilidade-contra-yeda\/\" \/>\n<meta property=\"og:locale\" content=\"pt_BR\" \/>\n<meta property=\"og:type\" content=\"article\" \/>\n<meta property=\"og:title\" content=\"(RS) PSOL entrar\u00e1 com pedido de crime de responsabilidade contra Yeda - PSOL 50\" \/>\n<meta property=\"og:description\" content=\"Reunida nesta segunda-feira, 9 de junho, em Porto Alegre, a Executiva do PSOL no Rio Grande do Sul decidiu protocolar na Assembl\u00e9ia legislatica um pedido de impeachment da governadora ga\u00facha Yeda Crusius (PSDB).\" \/>\n<meta property=\"og:url\" content=\"https:\/\/psol50.org.br\/rs-psol-entrara-com-pedido-de-crime-de-responsabilidade-contra-yeda\/\" \/>\n<meta property=\"og:site_name\" content=\"PSOL 50\" \/>\n<meta property=\"article:publisher\" content=\"https:\/\/www.facebook.com\/psol50\" \/>\n<meta property=\"article:published_time\" content=\"2008-06-10T00:00:00+00:00\" \/>\n<meta property=\"og:image\" content=\"https:\/\/psol50.org.br\/inc\/uploads\/2018\/07\/capa.png\" \/>\n\t<meta property=\"og:image:width\" content=\"1350\" \/>\n\t<meta property=\"og:image:height\" content=\"900\" \/>\n\t<meta property=\"og:image:type\" content=\"image\/png\" \/>\n<meta name=\"author\" content=\"Comunica\u00e7\u00e3o PSOL\" \/>\n<meta name=\"twitter:card\" content=\"summary_large_image\" \/>\n<meta name=\"twitter:creator\" content=\"@psol50\" \/>\n<meta name=\"twitter:site\" content=\"@psol50\" \/>\n<meta name=\"twitter:label1\" content=\"Escrito por\" \/>\n\t<meta name=\"twitter:data1\" content=\"Comunica\u00e7\u00e3o PSOL\" \/>\n\t<meta name=\"twitter:label2\" content=\"Est. tempo de leitura\" \/>\n\t<meta name=\"twitter:data2\" content=\"5 minutos\" \/>\n<script type=\"application\/ld+json\" class=\"yoast-schema-graph\">{\"@context\":\"https:\/\/schema.org\",\"@graph\":[{\"@type\":\"Article\",\"@id\":\"https:\/\/psol50.org.br\/rs-psol-entrara-com-pedido-de-crime-de-responsabilidade-contra-yeda\/#article\",\"isPartOf\":{\"@id\":\"https:\/\/psol50.org.br\/rs-psol-entrara-com-pedido-de-crime-de-responsabilidade-contra-yeda\/\"},\"author\":{\"name\":\"Comunica\u00e7\u00e3o PSOL\",\"@id\":\"https:\/\/psol50.org.br\/#\/schema\/person\/475dfa57d0b815993c714c2e96491fcd\"},\"headline\":\"(RS) PSOL entrar\u00e1 com pedido de crime de responsabilidade contra Yeda\",\"datePublished\":\"2008-06-10T00:00:00+00:00\",\"mainEntityOfPage\":{\"@id\":\"https:\/\/psol50.org.br\/rs-psol-entrara-com-pedido-de-crime-de-responsabilidade-contra-yeda\/\"},\"wordCount\":1088,\"commentCount\":0,\"publisher\":{\"@id\":\"https:\/\/psol50.org.br\/#organization\"},\"articleSection\":[\"Arquivo\"],\"inLanguage\":\"pt-BR\",\"potentialAction\":[{\"@type\":\"CommentAction\",\"name\":\"Comment\",\"target\":[\"https:\/\/psol50.org.br\/rs-psol-entrara-com-pedido-de-crime-de-responsabilidade-contra-yeda\/#respond\"]}]},{\"@type\":\"WebPage\",\"@id\":\"https:\/\/psol50.org.br\/rs-psol-entrara-com-pedido-de-crime-de-responsabilidade-contra-yeda\/\",\"url\":\"https:\/\/psol50.org.br\/rs-psol-entrara-com-pedido-de-crime-de-responsabilidade-contra-yeda\/\",\"name\":\"(RS) PSOL entrar\u00e1 com pedido de crime de responsabilidade contra Yeda - PSOL 50\",\"isPartOf\":{\"@id\":\"https:\/\/psol50.org.br\/#website\"},\"datePublished\":\"2008-06-10T00:00:00+00:00\",\"breadcrumb\":{\"@id\":\"https:\/\/psol50.org.br\/rs-psol-entrara-com-pedido-de-crime-de-responsabilidade-contra-yeda\/#breadcrumb\"},\"inLanguage\":\"pt-BR\",\"potentialAction\":[{\"@type\":\"ReadAction\",\"target\":[\"https:\/\/psol50.org.br\/rs-psol-entrara-com-pedido-de-crime-de-responsabilidade-contra-yeda\/\"]}]},{\"@type\":\"BreadcrumbList\",\"@id\":\"https:\/\/psol50.org.br\/rs-psol-entrara-com-pedido-de-crime-de-responsabilidade-contra-yeda\/#breadcrumb\",\"itemListElement\":[{\"@type\":\"ListItem\",\"position\":1,\"name\":\"In\u00edcio\",\"item\":\"https:\/\/psol50.org.br\/\"},{\"@type\":\"ListItem\",\"position\":2,\"name\":\"(RS) PSOL entrar\u00e1 com pedido de crime de responsabilidade contra Yeda\"}]},{\"@type\":\"WebSite\",\"@id\":\"https:\/\/psol50.org.br\/#website\",\"url\":\"https:\/\/psol50.org.br\/\",\"name\":\"PSOL 50\",\"description\":\"Site oficial do Partido Socialismo e Liberdade\",\"publisher\":{\"@id\":\"https:\/\/psol50.org.br\/#organization\"},\"alternateName\":\"PSOL50\",\"potentialAction\":[{\"@type\":\"SearchAction\",\"target\":{\"@type\":\"EntryPoint\",\"urlTemplate\":\"https:\/\/psol50.org.br\/?s={search_term_string}\"},\"query-input\":{\"@type\":\"PropertyValueSpecification\",\"valueRequired\":true,\"valueName\":\"search_term_string\"}}],\"inLanguage\":\"pt-BR\"},{\"@type\":\"Organization\",\"@id\":\"https:\/\/psol50.org.br\/#organization\",\"name\":\"PSOL 50\",\"alternateName\":\"PSOL 50\",\"url\":\"https:\/\/psol50.org.br\/\",\"logo\":{\"@type\":\"ImageObject\",\"inLanguage\":\"pt-BR\",\"@id\":\"https:\/\/psol50.org.br\/#\/schema\/logo\/image\/\",\"url\":\"https:\/\/psol50.org.br\/inc\/uploads\/2018\/07\/capa.png\",\"contentUrl\":\"https:\/\/psol50.org.br\/inc\/uploads\/2018\/07\/capa.png\",\"width\":1350,\"height\":900,\"caption\":\"PSOL 50\"},\"image\":{\"@id\":\"https:\/\/psol50.org.br\/#\/schema\/logo\/image\/\"},\"sameAs\":[\"https:\/\/www.facebook.com\/psol50\",\"https:\/\/x.com\/psol50\",\"https:\/\/www.instagram.com\/psol50\/\",\"https:\/\/www.youtube.com\/channel\/UC7SnJS5o1os7a6CaiNabzcg\"]},{\"@type\":\"Person\",\"@id\":\"https:\/\/psol50.org.br\/#\/schema\/person\/475dfa57d0b815993c714c2e96491fcd\",\"name\":\"Comunica\u00e7\u00e3o PSOL\",\"image\":{\"@type\":\"ImageObject\",\"inLanguage\":\"pt-BR\",\"@id\":\"https:\/\/psol50.org.br\/#\/schema\/person\/image\/\",\"url\":\"https:\/\/secure.gravatar.com\/avatar\/b34fc4f4e468a4e51785917065a3db57b841f5c95dba6ad8c73aaf8f66f8f9bf?s=96&d=mm&r=g\",\"contentUrl\":\"https:\/\/secure.gravatar.com\/avatar\/b34fc4f4e468a4e51785917065a3db57b841f5c95dba6ad8c73aaf8f66f8f9bf?s=96&d=mm&r=g\",\"caption\":\"Comunica\u00e7\u00e3o PSOL\"}}]}<\/script>\n<!-- \/ Yoast SEO plugin. -->","yoast_head_json":{"title":"(RS) PSOL entrar\u00e1 com pedido de crime de responsabilidade contra Yeda - PSOL 50","robots":{"index":"index","follow":"follow","max-snippet":"max-snippet:-1","max-image-preview":"max-image-preview:large","max-video-preview":"max-video-preview:-1"},"canonical":"https:\/\/psol50.org.br\/rs-psol-entrara-com-pedido-de-crime-de-responsabilidade-contra-yeda\/","og_locale":"pt_BR","og_type":"article","og_title":"(RS) PSOL entrar\u00e1 com pedido de crime de responsabilidade contra Yeda - PSOL 50","og_description":"Reunida nesta segunda-feira, 9 de junho, em Porto Alegre, a Executiva do PSOL no Rio Grande do Sul decidiu protocolar na Assembl\u00e9ia legislatica um pedido de impeachment da governadora ga\u00facha Yeda Crusius (PSDB).","og_url":"https:\/\/psol50.org.br\/rs-psol-entrara-com-pedido-de-crime-de-responsabilidade-contra-yeda\/","og_site_name":"PSOL 50","article_publisher":"https:\/\/www.facebook.com\/psol50","article_published_time":"2008-06-10T00:00:00+00:00","og_image":[{"width":1350,"height":900,"url":"https:\/\/psol50.org.br\/inc\/uploads\/2018\/07\/capa.png","type":"image\/png"}],"author":"Comunica\u00e7\u00e3o PSOL","twitter_card":"summary_large_image","twitter_creator":"@psol50","twitter_site":"@psol50","twitter_misc":{"Escrito por":"Comunica\u00e7\u00e3o PSOL","Est. tempo de leitura":"5 minutos"},"schema":{"@context":"https:\/\/schema.org","@graph":[{"@type":"Article","@id":"https:\/\/psol50.org.br\/rs-psol-entrara-com-pedido-de-crime-de-responsabilidade-contra-yeda\/#article","isPartOf":{"@id":"https:\/\/psol50.org.br\/rs-psol-entrara-com-pedido-de-crime-de-responsabilidade-contra-yeda\/"},"author":{"name":"Comunica\u00e7\u00e3o PSOL","@id":"https:\/\/psol50.org.br\/#\/schema\/person\/475dfa57d0b815993c714c2e96491fcd"},"headline":"(RS) PSOL entrar\u00e1 com pedido de crime de responsabilidade contra Yeda","datePublished":"2008-06-10T00:00:00+00:00","mainEntityOfPage":{"@id":"https:\/\/psol50.org.br\/rs-psol-entrara-com-pedido-de-crime-de-responsabilidade-contra-yeda\/"},"wordCount":1088,"commentCount":0,"publisher":{"@id":"https:\/\/psol50.org.br\/#organization"},"articleSection":["Arquivo"],"inLanguage":"pt-BR","potentialAction":[{"@type":"CommentAction","name":"Comment","target":["https:\/\/psol50.org.br\/rs-psol-entrara-com-pedido-de-crime-de-responsabilidade-contra-yeda\/#respond"]}]},{"@type":"WebPage","@id":"https:\/\/psol50.org.br\/rs-psol-entrara-com-pedido-de-crime-de-responsabilidade-contra-yeda\/","url":"https:\/\/psol50.org.br\/rs-psol-entrara-com-pedido-de-crime-de-responsabilidade-contra-yeda\/","name":"(RS) PSOL entrar\u00e1 com pedido de crime de responsabilidade contra Yeda - PSOL 50","isPartOf":{"@id":"https:\/\/psol50.org.br\/#website"},"datePublished":"2008-06-10T00:00:00+00:00","breadcrumb":{"@id":"https:\/\/psol50.org.br\/rs-psol-entrara-com-pedido-de-crime-de-responsabilidade-contra-yeda\/#breadcrumb"},"inLanguage":"pt-BR","potentialAction":[{"@type":"ReadAction","target":["https:\/\/psol50.org.br\/rs-psol-entrara-com-pedido-de-crime-de-responsabilidade-contra-yeda\/"]}]},{"@type":"BreadcrumbList","@id":"https:\/\/psol50.org.br\/rs-psol-entrara-com-pedido-de-crime-de-responsabilidade-contra-yeda\/#breadcrumb","itemListElement":[{"@type":"ListItem","position":1,"name":"In\u00edcio","item":"https:\/\/psol50.org.br\/"},{"@type":"ListItem","position":2,"name":"(RS) PSOL entrar\u00e1 com pedido de crime de responsabilidade contra Yeda"}]},{"@type":"WebSite","@id":"https:\/\/psol50.org.br\/#website","url":"https:\/\/psol50.org.br\/","name":"PSOL 50","description":"Site oficial do Partido Socialismo e Liberdade","publisher":{"@id":"https:\/\/psol50.org.br\/#organization"},"alternateName":"PSOL50","potentialAction":[{"@type":"SearchAction","target":{"@type":"EntryPoint","urlTemplate":"https:\/\/psol50.org.br\/?s={search_term_string}"},"query-input":{"@type":"PropertyValueSpecification","valueRequired":true,"valueName":"search_term_string"}}],"inLanguage":"pt-BR"},{"@type":"Organization","@id":"https:\/\/psol50.org.br\/#organization","name":"PSOL 50","alternateName":"PSOL 50","url":"https:\/\/psol50.org.br\/","logo":{"@type":"ImageObject","inLanguage":"pt-BR","@id":"https:\/\/psol50.org.br\/#\/schema\/logo\/image\/","url":"https:\/\/psol50.org.br\/inc\/uploads\/2018\/07\/capa.png","contentUrl":"https:\/\/psol50.org.br\/inc\/uploads\/2018\/07\/capa.png","width":1350,"height":900,"caption":"PSOL 50"},"image":{"@id":"https:\/\/psol50.org.br\/#\/schema\/logo\/image\/"},"sameAs":["https:\/\/www.facebook.com\/psol50","https:\/\/x.com\/psol50","https:\/\/www.instagram.com\/psol50\/","https:\/\/www.youtube.com\/channel\/UC7SnJS5o1os7a6CaiNabzcg"]},{"@type":"Person","@id":"https:\/\/psol50.org.br\/#\/schema\/person\/475dfa57d0b815993c714c2e96491fcd","name":"Comunica\u00e7\u00e3o PSOL","image":{"@type":"ImageObject","inLanguage":"pt-BR","@id":"https:\/\/psol50.org.br\/#\/schema\/person\/image\/","url":"https:\/\/secure.gravatar.com\/avatar\/b34fc4f4e468a4e51785917065a3db57b841f5c95dba6ad8c73aaf8f66f8f9bf?s=96&d=mm&r=g","contentUrl":"https:\/\/secure.gravatar.com\/avatar\/b34fc4f4e468a4e51785917065a3db57b841f5c95dba6ad8c73aaf8f66f8f9bf?s=96&d=mm&r=g","caption":"Comunica\u00e7\u00e3o PSOL"}}]}},"_links":{"self":[{"href":"https:\/\/psol50.org.br\/rest\/wp\/v2\/posts\/1410","targetHints":{"allow":["GET"]}}],"collection":[{"href":"https:\/\/psol50.org.br\/rest\/wp\/v2\/posts"}],"about":[{"href":"https:\/\/psol50.org.br\/rest\/wp\/v2\/types\/post"}],"author":[{"embeddable":true,"href":"https:\/\/psol50.org.br\/rest\/wp\/v2\/users\/2"}],"replies":[{"embeddable":true,"href":"https:\/\/psol50.org.br\/rest\/wp\/v2\/comments?post=1410"}],"version-history":[{"count":0,"href":"https:\/\/psol50.org.br\/rest\/wp\/v2\/posts\/1410\/revisions"}],"wp:attachment":[{"href":"https:\/\/psol50.org.br\/rest\/wp\/v2\/media?parent=1410"}],"wp:term":[{"taxonomy":"category","embeddable":true,"href":"https:\/\/psol50.org.br\/rest\/wp\/v2\/categories?post=1410"},{"taxonomy":"post_tag","embeddable":true,"href":"https:\/\/psol50.org.br\/rest\/wp\/v2\/tags?post=1410"}],"curies":[{"name":"wp","href":"https:\/\/api.w.org\/{rel}","templated":true}]}}