{"id":1412,"date":"2008-07-04T00:00:00","date_gmt":"2008-07-04T00:00:00","guid":{"rendered":"http:\/\/psol50.org.br\/arquivo\/2008\/07\/04\/rj-debate-sobre-presenca-do-exercito-no-morro-da-providencia\/"},"modified":"2008-07-04T00:00:00","modified_gmt":"2008-07-04T00:00:00","slug":"rj-debate-sobre-presenca-do-exercito-no-morro-da-providencia","status":"publish","type":"post","link":"https:\/\/psol50.org.br\/rj-debate-sobre-presenca-do-exercito-no-morro-da-providencia\/","title":{"rendered":"(RJ) Debate sobre presen\u00e7a do Ex\u00e9rcito no Morro da Provid\u00eancia"},"content":{"rendered":"<p>Audi\u00eancia p\u00fablica na C\u00e2mara dos Deputados, no dia 3 de julho, tratou da atua\u00e7\u00e3o do Ex\u00e9rcito brasileiro no Morro da Provid\u00eancia, no Rio de Janeiro (RJ), e do envolvimento de militares na morte de tr\u00eas jovens por traficantes. O deputado Chico Alencar, um dos proponentes do debate, questionou ao ministro da Defesa, Nelson Jobim, a presen\u00e7a do Ex\u00e9rcito e indagou se as for\u00e7as brasileiras n\u00e3o estariam sendo usadas politicamente.<\/p>\n<p><!--more--><\/p>\n<p>Segundo Chico Alencar, o uso pol\u00edtico do Ex\u00e9rcito brasileiro \u00e9 um segundo ponto envolvendo o Morro da Provid\u00eancia. Para o deputado, o Ex\u00e9rcito est\u00e1 assumindo o projeto Cimento Social, que \u00e9 do governo federal, mas que est\u00e1 declaradamente sob a tutela do senador Marcelo Crivella, que apresentou emenda no valor R$ 12 milh\u00f5es em favor do projeto. Chico Alencar esclareceu que as obras s\u00e3o bem vindas, j\u00e1 que objetivam melhorar a qualidade de vida da popula\u00e7\u00e3o, mas a posi\u00e7\u00e3o que o Ex\u00e9rcito assume nesse cen\u00e1rio \u00e9 question\u00e1vel. O conv\u00eanio entre os Minist\u00e9rios da Defesa e das Cidades, que permitiu a presen\u00e7a do Ex\u00e9rcito no Morro, tamb\u00e9m foi questionado pelo deputado.<\/p>\n<p>Nelson Jobim afirmou que \u00e9 compet\u00eancia do Ex\u00e9rcito cooperar com \u00f3rg\u00e3os p\u00fablicos na execu\u00e7\u00e3o de obras de engenharia, o que torna a presen\u00e7a de militares no Morro da Provid\u00eancia leg\u00edtima. Jobim tamb\u00e9m disse que a primeira fase da obra ser\u00e1 retomada imediatamente, j\u00e1 que a Justi\u00e7a Eleitoral determinou a paralisa\u00e7\u00e3o das obras no \u00faltimo dia 24. A segunda fase s\u00f3 seria retomada ap\u00f3s as elei\u00e7\u00f5es de outubro. O ministro negou qualquer participa\u00e7\u00e3o pol\u00edtica ou eleitoral do Ex\u00e9rcito. &#8220;O Ex\u00e9rcito n\u00e3o tem nada ver com a explora\u00e7\u00e3o da obra para fins eleitorais&#8221;, ressaltou.<\/p>\n<p>O deputado Chico Alencar questionou tamb\u00e9m sobre a exist\u00eancia de registros relativos a entrada e sa\u00edda dos tr\u00eas jovens \u2013 Marcos Paulo da Silva (17 anos), Wellington Gonzaga da Costa (19 anos) e David Wilson Flor\u00eancio (24 anos) \u2013 do quartel do Ex\u00e9rcito. Os jovens, que teriam sido detidos por desacato, foram entregues por militares a traficantes do Morro da Mineira, grupo rival do Morro da Provid\u00eancia, onde moravam. Os corpos dos jovens foram encontrados em um lix\u00e3o, com sinais de tortura e perfura\u00e7\u00f5es de tiro.<\/p>\n<p>O ministro Nelson Jobim afirmou que a entrega dos jovens foi um ato irrespons\u00e1vel e que os culpados devem ser responsabilizados. Os onze militares envolvidos est\u00e3o presos e come\u00e7aram a ser ouvidos ontem pela Justi\u00e7a.<\/p>\n","protected":false},"excerpt":{"rendered":"<p>Audi\u00eancia p\u00fablica na C\u00e2mara dos Deputados, no dia 3 de julho, tratou da atua\u00e7\u00e3o do Ex\u00e9rcito brasileiro no Morro da Provid\u00eancia, no Rio de Janeiro (RJ), e do envolvimento de militares na morte de tr\u00eas jovens por traficantes. O deputado Chico Alencar, um dos proponentes do debate, questionou ao ministro da Defesa, Nelson Jobim, a [&hellip;]<\/p>\n","protected":false},"author":2,"featured_media":0,"comment_status":"open","ping_status":"open","sticky":false,"template":"","format":"standard","meta":{"_acf_changed":false,"footnotes":""},"categories":[4766],"tags":[],"class_list":{"0":"post-1412","1":"post","2":"type-post","3":"status-publish","4":"format-standard","6":"category-arquivo"},"acf":[],"yoast_head":"<!-- This site is optimized with the Yoast SEO plugin v26.5 - https:\/\/yoast.com\/wordpress\/plugins\/seo\/ -->\n<title>(RJ) Debate sobre presen\u00e7a do Ex\u00e9rcito no Morro da Provid\u00eancia - PSOL 50<\/title>\n<meta name=\"robots\" content=\"index, follow, max-snippet:-1, max-image-preview:large, max-video-preview:-1\" \/>\n<link rel=\"canonical\" href=\"https:\/\/psol50.org.br\/rj-debate-sobre-presenca-do-exercito-no-morro-da-providencia\/\" \/>\n<meta property=\"og:locale\" content=\"pt_BR\" \/>\n<meta property=\"og:type\" content=\"article\" \/>\n<meta property=\"og:title\" content=\"(RJ) Debate sobre presen\u00e7a do Ex\u00e9rcito no Morro da Provid\u00eancia - PSOL 50\" \/>\n<meta property=\"og:description\" content=\"Audi\u00eancia p\u00fablica na C\u00e2mara dos Deputados, no dia 3 de julho, tratou da atua\u00e7\u00e3o do Ex\u00e9rcito brasileiro no Morro da Provid\u00eancia, no Rio de Janeiro (RJ), e do envolvimento de militares na morte de tr\u00eas jovens por traficantes. O deputado Chico Alencar, um dos proponentes do debate, questionou ao ministro da Defesa, Nelson Jobim, a [&hellip;]\" \/>\n<meta property=\"og:url\" content=\"https:\/\/psol50.org.br\/rj-debate-sobre-presenca-do-exercito-no-morro-da-providencia\/\" \/>\n<meta property=\"og:site_name\" content=\"PSOL 50\" \/>\n<meta property=\"article:publisher\" content=\"https:\/\/www.facebook.com\/psol50\" \/>\n<meta property=\"article:published_time\" content=\"2008-07-04T00:00:00+00:00\" \/>\n<meta property=\"og:image\" content=\"https:\/\/psol50.org.br\/inc\/uploads\/2018\/07\/capa.png\" \/>\n\t<meta property=\"og:image:width\" content=\"1350\" \/>\n\t<meta property=\"og:image:height\" content=\"900\" \/>\n\t<meta property=\"og:image:type\" content=\"image\/png\" \/>\n<meta name=\"author\" content=\"Comunica\u00e7\u00e3o PSOL\" \/>\n<meta name=\"twitter:card\" content=\"summary_large_image\" \/>\n<meta name=\"twitter:creator\" content=\"@psol50\" \/>\n<meta name=\"twitter:site\" content=\"@psol50\" \/>\n<meta name=\"twitter:label1\" content=\"Escrito por\" \/>\n\t<meta name=\"twitter:data1\" content=\"Comunica\u00e7\u00e3o PSOL\" \/>\n\t<meta name=\"twitter:label2\" content=\"Est. tempo de leitura\" \/>\n\t<meta name=\"twitter:data2\" content=\"2 minutos\" \/>\n<script type=\"application\/ld+json\" class=\"yoast-schema-graph\">{\"@context\":\"https:\/\/schema.org\",\"@graph\":[{\"@type\":\"Article\",\"@id\":\"https:\/\/psol50.org.br\/rj-debate-sobre-presenca-do-exercito-no-morro-da-providencia\/#article\",\"isPartOf\":{\"@id\":\"https:\/\/psol50.org.br\/rj-debate-sobre-presenca-do-exercito-no-morro-da-providencia\/\"},\"author\":{\"name\":\"Comunica\u00e7\u00e3o PSOL\",\"@id\":\"https:\/\/psol50.org.br\/#\/schema\/person\/475dfa57d0b815993c714c2e96491fcd\"},\"headline\":\"(RJ) Debate sobre presen\u00e7a do Ex\u00e9rcito no Morro da Provid\u00eancia\",\"datePublished\":\"2008-07-04T00:00:00+00:00\",\"mainEntityOfPage\":{\"@id\":\"https:\/\/psol50.org.br\/rj-debate-sobre-presenca-do-exercito-no-morro-da-providencia\/\"},\"wordCount\":452,\"commentCount\":0,\"publisher\":{\"@id\":\"https:\/\/psol50.org.br\/#organization\"},\"articleSection\":[\"Arquivo\"],\"inLanguage\":\"pt-BR\",\"potentialAction\":[{\"@type\":\"CommentAction\",\"name\":\"Comment\",\"target\":[\"https:\/\/psol50.org.br\/rj-debate-sobre-presenca-do-exercito-no-morro-da-providencia\/#respond\"]}]},{\"@type\":\"WebPage\",\"@id\":\"https:\/\/psol50.org.br\/rj-debate-sobre-presenca-do-exercito-no-morro-da-providencia\/\",\"url\":\"https:\/\/psol50.org.br\/rj-debate-sobre-presenca-do-exercito-no-morro-da-providencia\/\",\"name\":\"(RJ) Debate sobre presen\u00e7a do Ex\u00e9rcito no Morro da Provid\u00eancia - PSOL 50\",\"isPartOf\":{\"@id\":\"https:\/\/psol50.org.br\/#website\"},\"datePublished\":\"2008-07-04T00:00:00+00:00\",\"breadcrumb\":{\"@id\":\"https:\/\/psol50.org.br\/rj-debate-sobre-presenca-do-exercito-no-morro-da-providencia\/#breadcrumb\"},\"inLanguage\":\"pt-BR\",\"potentialAction\":[{\"@type\":\"ReadAction\",\"target\":[\"https:\/\/psol50.org.br\/rj-debate-sobre-presenca-do-exercito-no-morro-da-providencia\/\"]}]},{\"@type\":\"BreadcrumbList\",\"@id\":\"https:\/\/psol50.org.br\/rj-debate-sobre-presenca-do-exercito-no-morro-da-providencia\/#breadcrumb\",\"itemListElement\":[{\"@type\":\"ListItem\",\"position\":1,\"name\":\"In\u00edcio\",\"item\":\"https:\/\/psol50.org.br\/\"},{\"@type\":\"ListItem\",\"position\":2,\"name\":\"(RJ) Debate sobre presen\u00e7a do Ex\u00e9rcito no Morro da Provid\u00eancia\"}]},{\"@type\":\"WebSite\",\"@id\":\"https:\/\/psol50.org.br\/#website\",\"url\":\"https:\/\/psol50.org.br\/\",\"name\":\"PSOL 50\",\"description\":\"Site oficial do Partido Socialismo e Liberdade\",\"publisher\":{\"@id\":\"https:\/\/psol50.org.br\/#organization\"},\"alternateName\":\"PSOL50\",\"potentialAction\":[{\"@type\":\"SearchAction\",\"target\":{\"@type\":\"EntryPoint\",\"urlTemplate\":\"https:\/\/psol50.org.br\/?s={search_term_string}\"},\"query-input\":{\"@type\":\"PropertyValueSpecification\",\"valueRequired\":true,\"valueName\":\"search_term_string\"}}],\"inLanguage\":\"pt-BR\"},{\"@type\":\"Organization\",\"@id\":\"https:\/\/psol50.org.br\/#organization\",\"name\":\"PSOL 50\",\"alternateName\":\"PSOL 50\",\"url\":\"https:\/\/psol50.org.br\/\",\"logo\":{\"@type\":\"ImageObject\",\"inLanguage\":\"pt-BR\",\"@id\":\"https:\/\/psol50.org.br\/#\/schema\/logo\/image\/\",\"url\":\"https:\/\/psol50.org.br\/inc\/uploads\/2018\/07\/capa.png\",\"contentUrl\":\"https:\/\/psol50.org.br\/inc\/uploads\/2018\/07\/capa.png\",\"width\":1350,\"height\":900,\"caption\":\"PSOL 50\"},\"image\":{\"@id\":\"https:\/\/psol50.org.br\/#\/schema\/logo\/image\/\"},\"sameAs\":[\"https:\/\/www.facebook.com\/psol50\",\"https:\/\/x.com\/psol50\",\"https:\/\/www.instagram.com\/psol50\/\",\"https:\/\/www.youtube.com\/channel\/UC7SnJS5o1os7a6CaiNabzcg\"]},{\"@type\":\"Person\",\"@id\":\"https:\/\/psol50.org.br\/#\/schema\/person\/475dfa57d0b815993c714c2e96491fcd\",\"name\":\"Comunica\u00e7\u00e3o PSOL\",\"image\":{\"@type\":\"ImageObject\",\"inLanguage\":\"pt-BR\",\"@id\":\"https:\/\/psol50.org.br\/#\/schema\/person\/image\/\",\"url\":\"https:\/\/secure.gravatar.com\/avatar\/b34fc4f4e468a4e51785917065a3db57b841f5c95dba6ad8c73aaf8f66f8f9bf?s=96&d=mm&r=g\",\"contentUrl\":\"https:\/\/secure.gravatar.com\/avatar\/b34fc4f4e468a4e51785917065a3db57b841f5c95dba6ad8c73aaf8f66f8f9bf?s=96&d=mm&r=g\",\"caption\":\"Comunica\u00e7\u00e3o PSOL\"}}]}<\/script>\n<!-- \/ Yoast SEO plugin. -->","yoast_head_json":{"title":"(RJ) Debate sobre presen\u00e7a do Ex\u00e9rcito no Morro da Provid\u00eancia - PSOL 50","robots":{"index":"index","follow":"follow","max-snippet":"max-snippet:-1","max-image-preview":"max-image-preview:large","max-video-preview":"max-video-preview:-1"},"canonical":"https:\/\/psol50.org.br\/rj-debate-sobre-presenca-do-exercito-no-morro-da-providencia\/","og_locale":"pt_BR","og_type":"article","og_title":"(RJ) Debate sobre presen\u00e7a do Ex\u00e9rcito no Morro da Provid\u00eancia - PSOL 50","og_description":"Audi\u00eancia p\u00fablica na C\u00e2mara dos Deputados, no dia 3 de julho, tratou da atua\u00e7\u00e3o do Ex\u00e9rcito brasileiro no Morro da Provid\u00eancia, no Rio de Janeiro (RJ), e do envolvimento de militares na morte de tr\u00eas jovens por traficantes. O deputado Chico Alencar, um dos proponentes do debate, questionou ao ministro da Defesa, Nelson Jobim, a [&hellip;]","og_url":"https:\/\/psol50.org.br\/rj-debate-sobre-presenca-do-exercito-no-morro-da-providencia\/","og_site_name":"PSOL 50","article_publisher":"https:\/\/www.facebook.com\/psol50","article_published_time":"2008-07-04T00:00:00+00:00","og_image":[{"width":1350,"height":900,"url":"https:\/\/psol50.org.br\/inc\/uploads\/2018\/07\/capa.png","type":"image\/png"}],"author":"Comunica\u00e7\u00e3o PSOL","twitter_card":"summary_large_image","twitter_creator":"@psol50","twitter_site":"@psol50","twitter_misc":{"Escrito por":"Comunica\u00e7\u00e3o PSOL","Est. tempo de leitura":"2 minutos"},"schema":{"@context":"https:\/\/schema.org","@graph":[{"@type":"Article","@id":"https:\/\/psol50.org.br\/rj-debate-sobre-presenca-do-exercito-no-morro-da-providencia\/#article","isPartOf":{"@id":"https:\/\/psol50.org.br\/rj-debate-sobre-presenca-do-exercito-no-morro-da-providencia\/"},"author":{"name":"Comunica\u00e7\u00e3o PSOL","@id":"https:\/\/psol50.org.br\/#\/schema\/person\/475dfa57d0b815993c714c2e96491fcd"},"headline":"(RJ) Debate sobre presen\u00e7a do Ex\u00e9rcito no Morro da Provid\u00eancia","datePublished":"2008-07-04T00:00:00+00:00","mainEntityOfPage":{"@id":"https:\/\/psol50.org.br\/rj-debate-sobre-presenca-do-exercito-no-morro-da-providencia\/"},"wordCount":452,"commentCount":0,"publisher":{"@id":"https:\/\/psol50.org.br\/#organization"},"articleSection":["Arquivo"],"inLanguage":"pt-BR","potentialAction":[{"@type":"CommentAction","name":"Comment","target":["https:\/\/psol50.org.br\/rj-debate-sobre-presenca-do-exercito-no-morro-da-providencia\/#respond"]}]},{"@type":"WebPage","@id":"https:\/\/psol50.org.br\/rj-debate-sobre-presenca-do-exercito-no-morro-da-providencia\/","url":"https:\/\/psol50.org.br\/rj-debate-sobre-presenca-do-exercito-no-morro-da-providencia\/","name":"(RJ) Debate sobre presen\u00e7a do Ex\u00e9rcito no Morro da Provid\u00eancia - PSOL 50","isPartOf":{"@id":"https:\/\/psol50.org.br\/#website"},"datePublished":"2008-07-04T00:00:00+00:00","breadcrumb":{"@id":"https:\/\/psol50.org.br\/rj-debate-sobre-presenca-do-exercito-no-morro-da-providencia\/#breadcrumb"},"inLanguage":"pt-BR","potentialAction":[{"@type":"ReadAction","target":["https:\/\/psol50.org.br\/rj-debate-sobre-presenca-do-exercito-no-morro-da-providencia\/"]}]},{"@type":"BreadcrumbList","@id":"https:\/\/psol50.org.br\/rj-debate-sobre-presenca-do-exercito-no-morro-da-providencia\/#breadcrumb","itemListElement":[{"@type":"ListItem","position":1,"name":"In\u00edcio","item":"https:\/\/psol50.org.br\/"},{"@type":"ListItem","position":2,"name":"(RJ) Debate sobre presen\u00e7a do Ex\u00e9rcito no Morro da Provid\u00eancia"}]},{"@type":"WebSite","@id":"https:\/\/psol50.org.br\/#website","url":"https:\/\/psol50.org.br\/","name":"PSOL 50","description":"Site oficial do Partido Socialismo e Liberdade","publisher":{"@id":"https:\/\/psol50.org.br\/#organization"},"alternateName":"PSOL50","potentialAction":[{"@type":"SearchAction","target":{"@type":"EntryPoint","urlTemplate":"https:\/\/psol50.org.br\/?s={search_term_string}"},"query-input":{"@type":"PropertyValueSpecification","valueRequired":true,"valueName":"search_term_string"}}],"inLanguage":"pt-BR"},{"@type":"Organization","@id":"https:\/\/psol50.org.br\/#organization","name":"PSOL 50","alternateName":"PSOL 50","url":"https:\/\/psol50.org.br\/","logo":{"@type":"ImageObject","inLanguage":"pt-BR","@id":"https:\/\/psol50.org.br\/#\/schema\/logo\/image\/","url":"https:\/\/psol50.org.br\/inc\/uploads\/2018\/07\/capa.png","contentUrl":"https:\/\/psol50.org.br\/inc\/uploads\/2018\/07\/capa.png","width":1350,"height":900,"caption":"PSOL 50"},"image":{"@id":"https:\/\/psol50.org.br\/#\/schema\/logo\/image\/"},"sameAs":["https:\/\/www.facebook.com\/psol50","https:\/\/x.com\/psol50","https:\/\/www.instagram.com\/psol50\/","https:\/\/www.youtube.com\/channel\/UC7SnJS5o1os7a6CaiNabzcg"]},{"@type":"Person","@id":"https:\/\/psol50.org.br\/#\/schema\/person\/475dfa57d0b815993c714c2e96491fcd","name":"Comunica\u00e7\u00e3o PSOL","image":{"@type":"ImageObject","inLanguage":"pt-BR","@id":"https:\/\/psol50.org.br\/#\/schema\/person\/image\/","url":"https:\/\/secure.gravatar.com\/avatar\/b34fc4f4e468a4e51785917065a3db57b841f5c95dba6ad8c73aaf8f66f8f9bf?s=96&d=mm&r=g","contentUrl":"https:\/\/secure.gravatar.com\/avatar\/b34fc4f4e468a4e51785917065a3db57b841f5c95dba6ad8c73aaf8f66f8f9bf?s=96&d=mm&r=g","caption":"Comunica\u00e7\u00e3o PSOL"}}]}},"_links":{"self":[{"href":"https:\/\/psol50.org.br\/rest\/wp\/v2\/posts\/1412","targetHints":{"allow":["GET"]}}],"collection":[{"href":"https:\/\/psol50.org.br\/rest\/wp\/v2\/posts"}],"about":[{"href":"https:\/\/psol50.org.br\/rest\/wp\/v2\/types\/post"}],"author":[{"embeddable":true,"href":"https:\/\/psol50.org.br\/rest\/wp\/v2\/users\/2"}],"replies":[{"embeddable":true,"href":"https:\/\/psol50.org.br\/rest\/wp\/v2\/comments?post=1412"}],"version-history":[{"count":0,"href":"https:\/\/psol50.org.br\/rest\/wp\/v2\/posts\/1412\/revisions"}],"wp:attachment":[{"href":"https:\/\/psol50.org.br\/rest\/wp\/v2\/media?parent=1412"}],"wp:term":[{"taxonomy":"category","embeddable":true,"href":"https:\/\/psol50.org.br\/rest\/wp\/v2\/categories?post=1412"},{"taxonomy":"post_tag","embeddable":true,"href":"https:\/\/psol50.org.br\/rest\/wp\/v2\/tags?post=1412"}],"curies":[{"name":"wp","href":"https:\/\/api.w.org\/{rel}","templated":true}]}}