{"id":14122,"date":"2016-10-06T00:49:56","date_gmt":"2016-10-06T00:49:56","guid":{"rendered":"http:\/\/www.psol50.org.br\/?p=14122"},"modified":"2016-10-06T00:49:56","modified_gmt":"2016-10-06T00:49:56","slug":"venda-do-pre-sal-e-aprovada-no-plenario-da-camara","status":"publish","type":"post","link":"https:\/\/psol50.org.br\/venda-do-pre-sal-e-aprovada-no-plenario-da-camara\/","title":{"rendered":"Venda do pr\u00e9-sal \u00e9 aprovada no plen\u00e1rio da C\u00e2mara"},"content":{"rendered":"<p style=\"text-align: justify\">Ap\u00f3s tr\u00eas dias seguidos de discuss\u00e3o, falta de qu\u00f3rum e tentativas de retirada de pauta, o projeto de lei que\u00a0permite a explora\u00e7\u00e3o do pr\u00e9-sal por empresas estrangeiras\u00a0foi aprovado no plen\u00e1rio da C\u00e2mara dos Deputados com 292 votos. O\u00a0PL\u00a04567\/2016,\u00a0proposto pelo senador Jos\u00e9 Serra (PSDB-SP) e com parecer favor\u00e1vel do relator Jos\u00e9 Carlos Aleluia (DEM-BA),\u00a0faculta a participa\u00e7\u00e3o da Petrobr\u00e1s na explora\u00e7\u00e3o do pr\u00e9-sal e garante \u00e0 estatal apenas a prioridade nas opera\u00e7\u00f5es.<\/p>\n<p style=\"text-align: justify\">O projeto cont\u00e9m destaques que podem amenizar o absurdo da proposta, como garantir a obrigatoriedade da Petrobr\u00e1s nos campos de petr\u00f3leo que forem considerados mais rent\u00e1veis e levar a quest\u00e3o \u00e0 consulta popular. Esses destaques devem ser votados na pr\u00f3xima semana.<\/p>\n<p><span style=\"font-weight: 400\">Para o PSOL, a altera\u00e7\u00e3o na Lei do Pr\u00e9-Sal representa a entrega do patrim\u00f4nio brasileiro ao capital privado, inclusive o privado estrangeiro. Durante a vota\u00e7\u00e3o na Comiss\u00e3o Especial que analisou o tema, o partido apresentou um <span style=\"color: #3366ff\"><a style=\"color: #3366ff\" href=\"http:\/\/www.psol50.org.br\/blog\/2016\/07\/08\/psol-vota-contra-fim-da-exclusividade-brasileira-na-exploracao-do-pre-sal\/\" target=\"_blank\" rel=\"noopener\">voto em separado argumentando contra<\/a><\/span> o projeto<\/span><span style=\"font-weight: 400\">. O PSOL tamb\u00e9m apresentou um requerimento\u00a0para que Patr\u00edcia Pradal, diretora de Desenvolvimento de Neg\u00f3cios e Rela\u00e7\u00f5es com o Governo da petroleira norte-americana Chevron, fosse ouvida na Comiss\u00e3o Especial. Na \u00e9poca dos vazamentos do WikiLeaks, foi publicizada uma\u00a0declara\u00e7\u00e3o em que Jos\u00e9 Serra prometia para Pradal\u00a0acabar com o protagonismo da Petrobr\u00e1s no pr\u00e9-sal,\u00a0como relembrou em plen\u00e1rio o deputado Glauber Braga (PSOL-RJ).<\/span><\/p>\n<p>O deputado Chico Alencar (PSOL-RJ) lembrou que a Petrobr\u00e1s \u00e9 uma empresa comprometida com o cuidado ambiental, al\u00e9m da venda ser uma afronta \u00e0 soberania nacional.\u00a0<span style=\"font-weight: 400\">&#8220;O pr\u00e9-sal \u00e9 uma riqueza estrat\u00e9gica do pa\u00eds, abrir para multinacionais como esse governo ileg\u00edtimo quer \u00e9 uma temeridade&#8221;.<\/span><\/p>\n<p>Durante a sess\u00e3o de ter\u00e7a-feira, o l\u00edder do PSOL na C\u00e2mara, Ivan Valente (PSOL-SP), relacionou o projeto a outras tentativas do governo de colocar a d\u00edvida na conta dos trabalhadores, como a <span style=\"color: #3366ff\"><a style=\"color: #3366ff\" href=\"http:\/\/www.psol50.org.br\/blog\/2016\/08\/10\/com-forte-empenho-do-governo-temer-teto-de-gastos-publicos-avanca-na-camara\/\" target=\"_blank\" rel=\"noopener\">PEC 241<\/a><\/span>.<span style=\"font-weight: 400\">\u00a0\u201cQuem vai pagar a conta da crise? \u00c9 o povo brasileiro. A reforma da previd\u00eancia faz parte disso, as privatiza\u00e7\u00f5es como a do pr\u00e9-sal fazem parte disso, a reforma trabalhista faz parte disso\u201d. <\/span><span style=\"font-weight: 400\"><br \/>\n<\/span><span style=\"font-weight: 400\"><br \/>\n<\/span><span style=\"font-weight: 400\">O argumento do relator do projeto era de que a estatal estava sucateada e n\u00e3o poderia arcar com os custos de participar de todas as a\u00e7\u00f5es. A Petrobr\u00e1s, por\u00e9m,\u00a0opera com um custo 39% mais baixo que o pre\u00e7o de mercado. Al\u00e9m disso, as empresas estrangeiras n\u00e3o conhecem as especificidades do pr\u00e9-sal e a\u00a0tecnologia de explora\u00e7\u00e3o foi\u00a0desenvolvida pela Petrobr\u00e1s. <\/span><span style=\"font-weight: 400\"><br \/>\n<\/span><\/p>\n","protected":false},"excerpt":{"rendered":"<p>Ap\u00f3s tr\u00eas dias seguidos de discuss\u00e3o, falta de qu\u00f3rum e tentativas de retirada de pauta, o projeto de lei que\u00a0permite a explora\u00e7\u00e3o do pr\u00e9-sal por empresas estrangeiras\u00a0foi aprovado no plen\u00e1rio da C\u00e2mara dos Deputados com 292 votos. O\u00a0PL\u00a04567\/2016,\u00a0proposto pelo senador Jos\u00e9 Serra (PSDB-SP) e com parecer favor\u00e1vel do relator Jos\u00e9 Carlos Aleluia (DEM-BA),\u00a0faculta a participa\u00e7\u00e3o [&hellip;]<\/p>\n","protected":false},"author":2,"featured_media":14143,"comment_status":"open","ping_status":"open","sticky":false,"template":"","format":"standard","meta":{"_acf_changed":false,"footnotes":""},"categories":[10,1882,6],"tags":[4594,552,4508,2828,202,3162,3550],"class_list":{"0":"post-14122","1":"post","2":"type-post","3":"status-publish","4":"format-standard","5":"has-post-thumbnail","7":"category-acao-parlamentares","8":"category-brasil","9":"category-noticias","10":"tag-capital-estrangeiro","11":"tag-ivan-valente","12":"tag-jose-carlos-aleluia","13":"tag-jose-serra","14":"tag-petrobras","15":"tag-pre-sal","16":"tag-privatizacoes"},"acf":[],"yoast_head":"<!-- This site is optimized with the Yoast SEO plugin v26.5 - https:\/\/yoast.com\/wordpress\/plugins\/seo\/ -->\n<title>Venda do pr\u00e9-sal \u00e9 aprovada no plen\u00e1rio da C\u00e2mara - PSOL 50<\/title>\n<meta name=\"robots\" content=\"index, follow, max-snippet:-1, max-image-preview:large, max-video-preview:-1\" \/>\n<link rel=\"canonical\" href=\"https:\/\/psol50.org.br\/venda-do-pre-sal-e-aprovada-no-plenario-da-camara\/\" \/>\n<meta property=\"og:locale\" content=\"pt_BR\" \/>\n<meta property=\"og:type\" content=\"article\" \/>\n<meta property=\"og:title\" content=\"Venda do pr\u00e9-sal \u00e9 aprovada no plen\u00e1rio da C\u00e2mara - PSOL 50\" \/>\n<meta property=\"og:description\" content=\"Ap\u00f3s tr\u00eas dias seguidos de discuss\u00e3o, falta de qu\u00f3rum e tentativas de retirada de pauta, o projeto de lei que\u00a0permite a explora\u00e7\u00e3o do pr\u00e9-sal por empresas estrangeiras\u00a0foi aprovado no plen\u00e1rio da C\u00e2mara dos Deputados com 292 votos. O\u00a0PL\u00a04567\/2016,\u00a0proposto pelo senador Jos\u00e9 Serra (PSDB-SP) e com parecer favor\u00e1vel do relator Jos\u00e9 Carlos Aleluia (DEM-BA),\u00a0faculta a participa\u00e7\u00e3o [&hellip;]\" \/>\n<meta property=\"og:url\" content=\"https:\/\/psol50.org.br\/venda-do-pre-sal-e-aprovada-no-plenario-da-camara\/\" \/>\n<meta property=\"og:site_name\" content=\"PSOL 50\" \/>\n<meta property=\"article:publisher\" content=\"https:\/\/www.facebook.com\/psol50\" \/>\n<meta property=\"article:published_time\" content=\"2016-10-06T00:49:56+00:00\" \/>\n<meta property=\"og:image\" content=\"https:\/\/psol50.org.br\/inc\/uploads\/2018\/07\/capa.png\" \/>\n\t<meta property=\"og:image:width\" content=\"1350\" \/>\n\t<meta property=\"og:image:height\" content=\"900\" \/>\n\t<meta property=\"og:image:type\" content=\"image\/png\" \/>\n<meta name=\"author\" content=\"Comunica\u00e7\u00e3o PSOL\" \/>\n<meta name=\"twitter:card\" content=\"summary_large_image\" \/>\n<meta name=\"twitter:creator\" content=\"@psol50\" \/>\n<meta name=\"twitter:site\" content=\"@psol50\" \/>\n<meta name=\"twitter:label1\" content=\"Escrito por\" \/>\n\t<meta name=\"twitter:data1\" content=\"Comunica\u00e7\u00e3o PSOL\" \/>\n\t<meta name=\"twitter:label2\" content=\"Est. tempo de leitura\" \/>\n\t<meta name=\"twitter:data2\" content=\"2 minutos\" \/>\n<script type=\"application\/ld+json\" class=\"yoast-schema-graph\">{\"@context\":\"https:\/\/schema.org\",\"@graph\":[{\"@type\":\"Article\",\"@id\":\"https:\/\/psol50.org.br\/venda-do-pre-sal-e-aprovada-no-plenario-da-camara\/#article\",\"isPartOf\":{\"@id\":\"https:\/\/psol50.org.br\/venda-do-pre-sal-e-aprovada-no-plenario-da-camara\/\"},\"author\":{\"name\":\"Comunica\u00e7\u00e3o PSOL\",\"@id\":\"https:\/\/psol50.org.br\/#\/schema\/person\/475dfa57d0b815993c714c2e96491fcd\"},\"headline\":\"Venda do pr\u00e9-sal \u00e9 aprovada no plen\u00e1rio da C\u00e2mara\",\"datePublished\":\"2016-10-06T00:49:56+00:00\",\"mainEntityOfPage\":{\"@id\":\"https:\/\/psol50.org.br\/venda-do-pre-sal-e-aprovada-no-plenario-da-camara\/\"},\"wordCount\":454,\"commentCount\":0,\"publisher\":{\"@id\":\"https:\/\/psol50.org.br\/#organization\"},\"image\":{\"@id\":\"https:\/\/psol50.org.br\/venda-do-pre-sal-e-aprovada-no-plenario-da-camara\/#primaryimage\"},\"thumbnailUrl\":\"\",\"keywords\":[\"capital estrangeiro\",\"Ivan Valente\",\"Jos\u00e9 Carlos Aleluia\",\"Jos\u00e9 Serra\",\"Petrobras\",\"pr\u00e9-sal\",\"privatiza\u00e7\u00f5es\"],\"articleSection\":[\"A\u00e7\u00e3o Parlamentar\",\"Brasil\",\"Not\u00edcias\"],\"inLanguage\":\"pt-BR\",\"potentialAction\":[{\"@type\":\"CommentAction\",\"name\":\"Comment\",\"target\":[\"https:\/\/psol50.org.br\/venda-do-pre-sal-e-aprovada-no-plenario-da-camara\/#respond\"]}]},{\"@type\":\"WebPage\",\"@id\":\"https:\/\/psol50.org.br\/venda-do-pre-sal-e-aprovada-no-plenario-da-camara\/\",\"url\":\"https:\/\/psol50.org.br\/venda-do-pre-sal-e-aprovada-no-plenario-da-camara\/\",\"name\":\"Venda do pr\u00e9-sal \u00e9 aprovada no plen\u00e1rio da C\u00e2mara - PSOL 50\",\"isPartOf\":{\"@id\":\"https:\/\/psol50.org.br\/#website\"},\"primaryImageOfPage\":{\"@id\":\"https:\/\/psol50.org.br\/venda-do-pre-sal-e-aprovada-no-plenario-da-camara\/#primaryimage\"},\"image\":{\"@id\":\"https:\/\/psol50.org.br\/venda-do-pre-sal-e-aprovada-no-plenario-da-camara\/#primaryimage\"},\"thumbnailUrl\":\"\",\"datePublished\":\"2016-10-06T00:49:56+00:00\",\"breadcrumb\":{\"@id\":\"https:\/\/psol50.org.br\/venda-do-pre-sal-e-aprovada-no-plenario-da-camara\/#breadcrumb\"},\"inLanguage\":\"pt-BR\",\"potentialAction\":[{\"@type\":\"ReadAction\",\"target\":[\"https:\/\/psol50.org.br\/venda-do-pre-sal-e-aprovada-no-plenario-da-camara\/\"]}]},{\"@type\":\"ImageObject\",\"inLanguage\":\"pt-BR\",\"@id\":\"https:\/\/psol50.org.br\/venda-do-pre-sal-e-aprovada-no-plenario-da-camara\/#primaryimage\",\"url\":\"\",\"contentUrl\":\"\"},{\"@type\":\"BreadcrumbList\",\"@id\":\"https:\/\/psol50.org.br\/venda-do-pre-sal-e-aprovada-no-plenario-da-camara\/#breadcrumb\",\"itemListElement\":[{\"@type\":\"ListItem\",\"position\":1,\"name\":\"In\u00edcio\",\"item\":\"https:\/\/psol50.org.br\/\"},{\"@type\":\"ListItem\",\"position\":2,\"name\":\"Venda do pr\u00e9-sal \u00e9 aprovada no plen\u00e1rio da C\u00e2mara\"}]},{\"@type\":\"WebSite\",\"@id\":\"https:\/\/psol50.org.br\/#website\",\"url\":\"https:\/\/psol50.org.br\/\",\"name\":\"PSOL 50\",\"description\":\"Site oficial do Partido Socialismo e Liberdade\",\"publisher\":{\"@id\":\"https:\/\/psol50.org.br\/#organization\"},\"alternateName\":\"PSOL50\",\"potentialAction\":[{\"@type\":\"SearchAction\",\"target\":{\"@type\":\"EntryPoint\",\"urlTemplate\":\"https:\/\/psol50.org.br\/?s={search_term_string}\"},\"query-input\":{\"@type\":\"PropertyValueSpecification\",\"valueRequired\":true,\"valueName\":\"search_term_string\"}}],\"inLanguage\":\"pt-BR\"},{\"@type\":\"Organization\",\"@id\":\"https:\/\/psol50.org.br\/#organization\",\"name\":\"PSOL 50\",\"alternateName\":\"PSOL 50\",\"url\":\"https:\/\/psol50.org.br\/\",\"logo\":{\"@type\":\"ImageObject\",\"inLanguage\":\"pt-BR\",\"@id\":\"https:\/\/psol50.org.br\/#\/schema\/logo\/image\/\",\"url\":\"https:\/\/psol50.org.br\/inc\/uploads\/2018\/07\/capa.png\",\"contentUrl\":\"https:\/\/psol50.org.br\/inc\/uploads\/2018\/07\/capa.png\",\"width\":1350,\"height\":900,\"caption\":\"PSOL 50\"},\"image\":{\"@id\":\"https:\/\/psol50.org.br\/#\/schema\/logo\/image\/\"},\"sameAs\":[\"https:\/\/www.facebook.com\/psol50\",\"https:\/\/x.com\/psol50\",\"https:\/\/www.instagram.com\/psol50\/\",\"https:\/\/www.youtube.com\/channel\/UC7SnJS5o1os7a6CaiNabzcg\"]},{\"@type\":\"Person\",\"@id\":\"https:\/\/psol50.org.br\/#\/schema\/person\/475dfa57d0b815993c714c2e96491fcd\",\"name\":\"Comunica\u00e7\u00e3o PSOL\",\"image\":{\"@type\":\"ImageObject\",\"inLanguage\":\"pt-BR\",\"@id\":\"https:\/\/psol50.org.br\/#\/schema\/person\/image\/\",\"url\":\"https:\/\/secure.gravatar.com\/avatar\/b34fc4f4e468a4e51785917065a3db57b841f5c95dba6ad8c73aaf8f66f8f9bf?s=96&d=mm&r=g\",\"contentUrl\":\"https:\/\/secure.gravatar.com\/avatar\/b34fc4f4e468a4e51785917065a3db57b841f5c95dba6ad8c73aaf8f66f8f9bf?s=96&d=mm&r=g\",\"caption\":\"Comunica\u00e7\u00e3o PSOL\"}}]}<\/script>\n<!-- \/ Yoast SEO plugin. -->","yoast_head_json":{"title":"Venda do pr\u00e9-sal \u00e9 aprovada no plen\u00e1rio da C\u00e2mara - PSOL 50","robots":{"index":"index","follow":"follow","max-snippet":"max-snippet:-1","max-image-preview":"max-image-preview:large","max-video-preview":"max-video-preview:-1"},"canonical":"https:\/\/psol50.org.br\/venda-do-pre-sal-e-aprovada-no-plenario-da-camara\/","og_locale":"pt_BR","og_type":"article","og_title":"Venda do pr\u00e9-sal \u00e9 aprovada no plen\u00e1rio da C\u00e2mara - PSOL 50","og_description":"Ap\u00f3s tr\u00eas dias seguidos de discuss\u00e3o, falta de qu\u00f3rum e tentativas de retirada de pauta, o projeto de lei que\u00a0permite a explora\u00e7\u00e3o do pr\u00e9-sal por empresas estrangeiras\u00a0foi aprovado no plen\u00e1rio da C\u00e2mara dos Deputados com 292 votos. O\u00a0PL\u00a04567\/2016,\u00a0proposto pelo senador Jos\u00e9 Serra (PSDB-SP) e com parecer favor\u00e1vel do relator Jos\u00e9 Carlos Aleluia (DEM-BA),\u00a0faculta a participa\u00e7\u00e3o [&hellip;]","og_url":"https:\/\/psol50.org.br\/venda-do-pre-sal-e-aprovada-no-plenario-da-camara\/","og_site_name":"PSOL 50","article_publisher":"https:\/\/www.facebook.com\/psol50","article_published_time":"2016-10-06T00:49:56+00:00","og_image":[{"width":1350,"height":900,"url":"https:\/\/psol50.org.br\/inc\/uploads\/2018\/07\/capa.png","type":"image\/png"}],"author":"Comunica\u00e7\u00e3o PSOL","twitter_card":"summary_large_image","twitter_creator":"@psol50","twitter_site":"@psol50","twitter_misc":{"Escrito por":"Comunica\u00e7\u00e3o PSOL","Est. tempo de leitura":"2 minutos"},"schema":{"@context":"https:\/\/schema.org","@graph":[{"@type":"Article","@id":"https:\/\/psol50.org.br\/venda-do-pre-sal-e-aprovada-no-plenario-da-camara\/#article","isPartOf":{"@id":"https:\/\/psol50.org.br\/venda-do-pre-sal-e-aprovada-no-plenario-da-camara\/"},"author":{"name":"Comunica\u00e7\u00e3o PSOL","@id":"https:\/\/psol50.org.br\/#\/schema\/person\/475dfa57d0b815993c714c2e96491fcd"},"headline":"Venda do pr\u00e9-sal \u00e9 aprovada no plen\u00e1rio da C\u00e2mara","datePublished":"2016-10-06T00:49:56+00:00","mainEntityOfPage":{"@id":"https:\/\/psol50.org.br\/venda-do-pre-sal-e-aprovada-no-plenario-da-camara\/"},"wordCount":454,"commentCount":0,"publisher":{"@id":"https:\/\/psol50.org.br\/#organization"},"image":{"@id":"https:\/\/psol50.org.br\/venda-do-pre-sal-e-aprovada-no-plenario-da-camara\/#primaryimage"},"thumbnailUrl":"","keywords":["capital estrangeiro","Ivan Valente","Jos\u00e9 Carlos Aleluia","Jos\u00e9 Serra","Petrobras","pr\u00e9-sal","privatiza\u00e7\u00f5es"],"articleSection":["A\u00e7\u00e3o Parlamentar","Brasil","Not\u00edcias"],"inLanguage":"pt-BR","potentialAction":[{"@type":"CommentAction","name":"Comment","target":["https:\/\/psol50.org.br\/venda-do-pre-sal-e-aprovada-no-plenario-da-camara\/#respond"]}]},{"@type":"WebPage","@id":"https:\/\/psol50.org.br\/venda-do-pre-sal-e-aprovada-no-plenario-da-camara\/","url":"https:\/\/psol50.org.br\/venda-do-pre-sal-e-aprovada-no-plenario-da-camara\/","name":"Venda do pr\u00e9-sal \u00e9 aprovada no plen\u00e1rio da C\u00e2mara - PSOL 50","isPartOf":{"@id":"https:\/\/psol50.org.br\/#website"},"primaryImageOfPage":{"@id":"https:\/\/psol50.org.br\/venda-do-pre-sal-e-aprovada-no-plenario-da-camara\/#primaryimage"},"image":{"@id":"https:\/\/psol50.org.br\/venda-do-pre-sal-e-aprovada-no-plenario-da-camara\/#primaryimage"},"thumbnailUrl":"","datePublished":"2016-10-06T00:49:56+00:00","breadcrumb":{"@id":"https:\/\/psol50.org.br\/venda-do-pre-sal-e-aprovada-no-plenario-da-camara\/#breadcrumb"},"inLanguage":"pt-BR","potentialAction":[{"@type":"ReadAction","target":["https:\/\/psol50.org.br\/venda-do-pre-sal-e-aprovada-no-plenario-da-camara\/"]}]},{"@type":"ImageObject","inLanguage":"pt-BR","@id":"https:\/\/psol50.org.br\/venda-do-pre-sal-e-aprovada-no-plenario-da-camara\/#primaryimage","url":"","contentUrl":""},{"@type":"BreadcrumbList","@id":"https:\/\/psol50.org.br\/venda-do-pre-sal-e-aprovada-no-plenario-da-camara\/#breadcrumb","itemListElement":[{"@type":"ListItem","position":1,"name":"In\u00edcio","item":"https:\/\/psol50.org.br\/"},{"@type":"ListItem","position":2,"name":"Venda do pr\u00e9-sal \u00e9 aprovada no plen\u00e1rio da C\u00e2mara"}]},{"@type":"WebSite","@id":"https:\/\/psol50.org.br\/#website","url":"https:\/\/psol50.org.br\/","name":"PSOL 50","description":"Site oficial do Partido Socialismo e Liberdade","publisher":{"@id":"https:\/\/psol50.org.br\/#organization"},"alternateName":"PSOL50","potentialAction":[{"@type":"SearchAction","target":{"@type":"EntryPoint","urlTemplate":"https:\/\/psol50.org.br\/?s={search_term_string}"},"query-input":{"@type":"PropertyValueSpecification","valueRequired":true,"valueName":"search_term_string"}}],"inLanguage":"pt-BR"},{"@type":"Organization","@id":"https:\/\/psol50.org.br\/#organization","name":"PSOL 50","alternateName":"PSOL 50","url":"https:\/\/psol50.org.br\/","logo":{"@type":"ImageObject","inLanguage":"pt-BR","@id":"https:\/\/psol50.org.br\/#\/schema\/logo\/image\/","url":"https:\/\/psol50.org.br\/inc\/uploads\/2018\/07\/capa.png","contentUrl":"https:\/\/psol50.org.br\/inc\/uploads\/2018\/07\/capa.png","width":1350,"height":900,"caption":"PSOL 50"},"image":{"@id":"https:\/\/psol50.org.br\/#\/schema\/logo\/image\/"},"sameAs":["https:\/\/www.facebook.com\/psol50","https:\/\/x.com\/psol50","https:\/\/www.instagram.com\/psol50\/","https:\/\/www.youtube.com\/channel\/UC7SnJS5o1os7a6CaiNabzcg"]},{"@type":"Person","@id":"https:\/\/psol50.org.br\/#\/schema\/person\/475dfa57d0b815993c714c2e96491fcd","name":"Comunica\u00e7\u00e3o PSOL","image":{"@type":"ImageObject","inLanguage":"pt-BR","@id":"https:\/\/psol50.org.br\/#\/schema\/person\/image\/","url":"https:\/\/secure.gravatar.com\/avatar\/b34fc4f4e468a4e51785917065a3db57b841f5c95dba6ad8c73aaf8f66f8f9bf?s=96&d=mm&r=g","contentUrl":"https:\/\/secure.gravatar.com\/avatar\/b34fc4f4e468a4e51785917065a3db57b841f5c95dba6ad8c73aaf8f66f8f9bf?s=96&d=mm&r=g","caption":"Comunica\u00e7\u00e3o PSOL"}}]}},"_links":{"self":[{"href":"https:\/\/psol50.org.br\/rest\/wp\/v2\/posts\/14122","targetHints":{"allow":["GET"]}}],"collection":[{"href":"https:\/\/psol50.org.br\/rest\/wp\/v2\/posts"}],"about":[{"href":"https:\/\/psol50.org.br\/rest\/wp\/v2\/types\/post"}],"author":[{"embeddable":true,"href":"https:\/\/psol50.org.br\/rest\/wp\/v2\/users\/2"}],"replies":[{"embeddable":true,"href":"https:\/\/psol50.org.br\/rest\/wp\/v2\/comments?post=14122"}],"version-history":[{"count":0,"href":"https:\/\/psol50.org.br\/rest\/wp\/v2\/posts\/14122\/revisions"}],"wp:featuredmedia":[{"embeddable":true,"href":"https:\/\/psol50.org.br\/rest\/"}],"wp:attachment":[{"href":"https:\/\/psol50.org.br\/rest\/wp\/v2\/media?parent=14122"}],"wp:term":[{"taxonomy":"category","embeddable":true,"href":"https:\/\/psol50.org.br\/rest\/wp\/v2\/categories?post=14122"},{"taxonomy":"post_tag","embeddable":true,"href":"https:\/\/psol50.org.br\/rest\/wp\/v2\/tags?post=14122"}],"curies":[{"name":"wp","href":"https:\/\/api.w.org\/{rel}","templated":true}]}}